{"id":1068,"date":"2014-12-28T12:53:42","date_gmt":"2014-12-28T11:53:42","guid":{"rendered":"https:\/\/www.trend4ward.de\/trendblog\/?p=1068"},"modified":"2018-07-23T16:48:55","modified_gmt":"2018-07-23T14:48:55","slug":"moebeltrends-2015-klotziges-zum-kuscheln","status":"publish","type":"post","link":"https:\/\/www.trend4ward.de\/trendblog\/moebeltrends-2015-klotziges-zum-kuscheln\/","title":{"rendered":"M\u00f6beltrends 2015: Klotziges zum Kuscheln"},"content":{"rendered":"<p><strong>Wohnen bewegt sich heute zunehmend au\u00dferhalb des 08\/15-Bereichs. Das spiegelt sich nicht nur in der Formgebung der M\u00f6bel und in der Verwendung au\u00dfergew\u00f6hnlicher Materialien wider, sondern auch in den Gr\u00f6\u00dfendimensionen. Das sind die M\u00f6beltrends f\u00fcr 2015.<\/strong><!--more--><\/p>\n<figure id=\"attachment_1967\" aria-describedby=\"caption-attachment-1967\" style=\"width: 300px\" class=\"wp-caption alignright\"><a href=\"https:\/\/www.trend4ward.de\/trendblog\/wp-content\/uploads\/2014\/12\/hocker__m\u00f6beltrends_2015_trend4ward.detrendblog.jpg\"><img loading=\"lazy\" decoding=\"async\" class=\"wp-image-1967 size-medium\" src=\"https:\/\/www.trend4ward.de\/trendblog\/wp-content\/uploads\/2014\/12\/hocker__m\u00f6beltrends_2015_trend4ward.detrendblog-300x200.jpg\" alt=\"Hocker M\u00f6beltrend 2015\" width=\"300\" height=\"200\" srcset=\"https:\/\/www.trend4ward.de\/trendblog\/wp-content\/uploads\/2014\/12\/hocker__m\u00f6beltrends_2015_trend4ward.detrendblog-300x200.jpg 300w, https:\/\/www.trend4ward.de\/trendblog\/wp-content\/uploads\/2014\/12\/hocker__m\u00f6beltrends_2015_trend4ward.detrendblog-1024x682.jpg 1024w, https:\/\/www.trend4ward.de\/trendblog\/wp-content\/uploads\/2014\/12\/hocker__m\u00f6beltrends_2015_trend4ward.detrendblog-90x60.jpg 90w, https:\/\/www.trend4ward.de\/trendblog\/wp-content\/uploads\/2014\/12\/hocker__m\u00f6beltrends_2015_trend4ward.detrendblog.jpg 2000w\" sizes=\"auto, (max-width: 300px) 100vw, 300px\" \/><\/a><figcaption id=\"caption-attachment-1967\" class=\"wp-caption-text\">Der &#8222;Rocking&#8220; Stuhl-Hocker von Kenneth Copunpue ist einem wachsendem Busch im Garten nachempfunden. Foto: Koelnmesse<\/figcaption><\/figure>\n<p>Der Trend zur XXL-Sofalandschaft mit extra-tiefem Sitzkomfort hat ja schon seit ein paar Jahren Platz gegriffen, doch nun kommen als Gegenpol zum Maxi-Format auch wieder vermehrt kleine Sofas und Cocktailsessel in Mode. Mal ganz modern, mal als Mini-Ausgabe der Sitzsack-\u00e4hnlichen Lounge-M\u00f6bel oder aber ganz bewusst im Retro-Design empfehlen sich die Kleinausgaben als Raumsparm\u00f6bel oder elegante Tupfer im Stilmix. Besonders die 50er und 60er dienen hier als Vorbild. Quasi in Erg\u00e4nzung hierzu bringen einzelne Marken auch extra breite oder tiefe Versionen der kleineren und niedrigeren Lounge-St\u00fchle und -Sessel heraus.<\/p>\n<p>&nbsp;<\/p>\n<figure id=\"attachment_1969\" aria-describedby=\"caption-attachment-1969\" style=\"width: 300px\" class=\"wp-caption alignleft\"><a href=\"https:\/\/www.trend4ward.de\/trendblog\/wp-content\/uploads\/2014\/12\/sessel_m\u00f6beltrends_2015_trend4ward.detrendblog.jpg\"><img loading=\"lazy\" decoding=\"async\" class=\"wp-image-1969 size-medium\" src=\"https:\/\/www.trend4ward.de\/trendblog\/wp-content\/uploads\/2014\/12\/sessel_m\u00f6beltrends_2015_trend4ward.detrendblog-300x200.jpg\" alt=\"Sessel M\u00f6beltrend 2015\" width=\"300\" height=\"200\" srcset=\"https:\/\/www.trend4ward.de\/trendblog\/wp-content\/uploads\/2014\/12\/sessel_m\u00f6beltrends_2015_trend4ward.detrendblog-300x200.jpg 300w, https:\/\/www.trend4ward.de\/trendblog\/wp-content\/uploads\/2014\/12\/sessel_m\u00f6beltrends_2015_trend4ward.detrendblog-1024x681.jpg 1024w, https:\/\/www.trend4ward.de\/trendblog\/wp-content\/uploads\/2014\/12\/sessel_m\u00f6beltrends_2015_trend4ward.detrendblog-90x60.jpg 90w, https:\/\/www.trend4ward.de\/trendblog\/wp-content\/uploads\/2014\/12\/sessel_m\u00f6beltrends_2015_trend4ward.detrendblog.jpg 2000w\" sizes=\"auto, (max-width: 300px) 100vw, 300px\" \/><\/a><figcaption id=\"caption-attachment-1969\" class=\"wp-caption-text\">Da setzt man sich doch gerne: Der Ledersessel Capri von Baxter bietet ein gem\u00fctliches Pl\u00e4tzchen zum Entspannen und Wohlf\u00fchlen. Foto: Koelnmesse<\/figcaption><\/figure>\n<figure id=\"attachment_1970\" aria-describedby=\"caption-attachment-1970\" style=\"width: 266px\" class=\"wp-caption alignright\"><a href=\"https:\/\/www.trend4ward.de\/trendblog\/wp-content\/uploads\/2014\/12\/Stuhl__m\u00f6beltrends_2015_trend4ward.detrendblog.png\"><img loading=\"lazy\" decoding=\"async\" class=\"wp-image-1970 size-medium\" src=\"https:\/\/www.trend4ward.de\/trendblog\/wp-content\/uploads\/2014\/12\/Stuhl__m\u00f6beltrends_2015_trend4ward.detrendblog-266x300.png\" alt=\"M\u00f6beltrends 2015\" width=\"266\" height=\"300\" srcset=\"https:\/\/www.trend4ward.de\/trendblog\/wp-content\/uploads\/2014\/12\/Stuhl__m\u00f6beltrends_2015_trend4ward.detrendblog-266x300.png 266w, https:\/\/www.trend4ward.de\/trendblog\/wp-content\/uploads\/2014\/12\/Stuhl__m\u00f6beltrends_2015_trend4ward.detrendblog-53x60.png 53w, https:\/\/www.trend4ward.de\/trendblog\/wp-content\/uploads\/2014\/12\/Stuhl__m\u00f6beltrends_2015_trend4ward.detrendblog.png 568w\" sizes=\"auto, (max-width: 266px) 100vw, 266px\" \/><\/a><figcaption id=\"caption-attachment-1970\" class=\"wp-caption-text\">Die skulpturale Erscheinung des Sessels Fifty von Ligne Roset verbindet auf reduziertes Design einer schwarzen Metallstruktur mit der handwerklichen Arbeit eines handverarbeiteten Geflechts aus 350 m Leine. Sichtlich inspiriert vom Flag Halyard Chair des d\u00e4nischen Designers Hans Wegner, bietet die hohe R\u00fcckenlehne eine gute Position zum Ausruhen oder Lesen. Foto: Koelnmesse<\/figcaption><\/figure>\n<figure id=\"attachment_1964\" aria-describedby=\"caption-attachment-1964\" style=\"width: 300px\" class=\"wp-caption alignright\"><a href=\"https:\/\/www.trend4ward.de\/trendblog\/wp-content\/uploads\/2014\/12\/sofa__m\u00f6beltrends_2015_trend4ward.detrendblog.png\"><img loading=\"lazy\" decoding=\"async\" class=\"wp-image-1964 size-medium\" src=\"https:\/\/www.trend4ward.de\/trendblog\/wp-content\/uploads\/2014\/12\/sofa__m\u00f6beltrends_2015_trend4ward.detrendblog-300x239.png\" alt=\"M\u00f6beltrend 2015\" width=\"300\" height=\"239\" srcset=\"https:\/\/www.trend4ward.de\/trendblog\/wp-content\/uploads\/2014\/12\/sofa__m\u00f6beltrends_2015_trend4ward.detrendblog-300x239.png 300w, https:\/\/www.trend4ward.de\/trendblog\/wp-content\/uploads\/2014\/12\/sofa__m\u00f6beltrends_2015_trend4ward.detrendblog-75x60.png 75w, https:\/\/www.trend4ward.de\/trendblog\/wp-content\/uploads\/2014\/12\/sofa__m\u00f6beltrends_2015_trend4ward.detrendblog.png 586w\" sizes=\"auto, (max-width: 300px) 100vw, 300px\" \/><\/a><figcaption id=\"caption-attachment-1964\" class=\"wp-caption-text\">Das Riesensofa Cloud 7 von Bretz l\u00e4sst seinen Besitzer superweich wie auf einer Wolke entspannen. Das in futuristischem Design gehaltene Sitzm\u00f6bel hat weder herk\u00f6mmliche Ma\u00dfe noch einen rechten Winkel. Sitz- und R\u00fcckenfl\u00e4chen sind ebenso wie die Armlehnen in spezielle Segmente unterteilt, die sich dem K\u00f6rper individuell anpassen. Foto: Koelnmesse<\/figcaption><\/figure>\n<h3><strong>Gro\u00dfe M\u00f6bel schaffen Raum im Raum<\/strong><\/h3>\n<p>Doch w\u00e4hrend kleine M\u00f6bel f\u00fcr kleine Wohnungen eine durchaus sinnvolle und zukunftsorientierte Alternative darstellen, laufen sie bei Trendsettern eher unter der Rubrik Kurioses. Formales Understatement ist gern gesehen, altbackene Bescheidenheit wird jedoch nicht geduldet. Daher gilt: Wer den Platz hat, w\u00e4hlt zumindest den Esstisch in einer Party-geeigneten Gr\u00f6\u00dfe, um jedes Dinner zum geselligen Ereignis machen zu k\u00f6nnen. Da d\u00fcrfen es auch schon mal zehn bis zw\u00f6lf Sitzpl\u00e4tze sein. Da die klassische Sitzecke bei Design-Fans nicht so hoch im Kurs steht, gibt es auch f\u00fcr diese exklusive Geschmacksrichtung erste gepolsterte Solisten in raumf\u00fcllendem Ma\u00dfstab. \u201eWenn schon, denn schon\u201c lautet hier das Motto, je gr\u00f6\u00dfer, desto besser.<\/p>\n\r<div class=\"GARD gard_basic_mode\" id=\"google-ads-tXWy\"><script >\radUnit = document.getElementById(\"google-ads-tXWy\");\radWidth = adUnit.offsetWidth;\r\rif ( adWidth >= 999999 ) {\r\/* GETTING THE FIRST IF OUT OF THE WAY *\/ \r} else {\rgoogle_ad_slot = \"0\";\radUnit.style.display = \"none\";\r}\radUnit.className = adUnit.className + \" ad_unit \" + tag;\rgoogle_ad_client = \"ca-pub-6170969419645551\";\radUnit.style.cssFloat  = \"left\";\radUnit.style.styleFloat  = \"left\";\radUnit.style.margin = \"0 10px 10px 0\";\radUnit.style.textAlign = \"initial\";\rgoogle_color_border = \"FFFFFF\";\rgoogle_color_bg = \"FFFFFF\";\rgoogle_color_link = \"999999\";\rgoogle_color_url = \"99cc33\";\rgoogle_color_text = \"666666\";\rgoogle_ui_features = \"rc:\";\r<\/script>\r<script  src=\"\/\/pagead2.googlesyndication.com\/pagead\/show_ads.js\"><\/script>\r<\/div>\n<p>Kurios erscheint dabei der Wunsch nach dem gro\u00dfen, fetten Ohrensessel von fr\u00fcher. Doch die formale Interpretation des Klassikers durch seine Nachfolger l\u00e4sst kein Gef\u00fchl von Muff aufkommen: In den angesagten (\u00dcber-)Gr\u00f6\u00dfen ersetzt er glatt ein Zweisitzer-Sofa und stellt f\u00fcr sich schon eine Kuschelh\u00f6hle dar. Verbreitert, vertieft, mit extra-gro\u00dfen Wangen oder in sonst wie verfremdeten Dimensionen erinnert eigentlich nur noch die Form an Omas Lieblingsst\u00fcck. Diese M\u00f6belkategorie stellt an sich schon einen R\u00fcckzugsort dar, der innerhalb der Wohnung zum Entspannen einl\u00e4dt. Und so wird das M\u00f6bel zum Raum im Raum.<\/p>\n<figure id=\"attachment_1965\" aria-describedby=\"caption-attachment-1965\" style=\"width: 300px\" class=\"wp-caption aligncenter\"><a href=\"https:\/\/www.trend4ward.de\/trendblog\/wp-content\/uploads\/2014\/12\/bank__m\u00f6beltrends_2015_trend4ward.detrendblog.png\"><img loading=\"lazy\" decoding=\"async\" class=\"wp-image-1965 size-medium\" src=\"https:\/\/www.trend4ward.de\/trendblog\/wp-content\/uploads\/2014\/12\/bank__m\u00f6beltrends_2015_trend4ward.detrendblog-300x212.png\" alt=\"M\u00f6beltrends 2015\" width=\"300\" height=\"212\" srcset=\"https:\/\/www.trend4ward.de\/trendblog\/wp-content\/uploads\/2014\/12\/bank__m\u00f6beltrends_2015_trend4ward.detrendblog-300x212.png 300w, https:\/\/www.trend4ward.de\/trendblog\/wp-content\/uploads\/2014\/12\/bank__m\u00f6beltrends_2015_trend4ward.detrendblog-85x60.png 85w, https:\/\/www.trend4ward.de\/trendblog\/wp-content\/uploads\/2014\/12\/bank__m\u00f6beltrends_2015_trend4ward.detrendblog.png 524w\" sizes=\"auto, (max-width: 300px) 100vw, 300px\" \/><\/a><figcaption id=\"caption-attachment-1965\" class=\"wp-caption-text\">Mit einer gro\u00dfen Gruppe von Leuten l\u00e4sst sich jetzt auch an einem Tisch gleichzeitig picknicken. Das M\u00f6bel von Extremis ist bis zu zw\u00f6lf Meter lang, so dass bis zu vierzig Leute daran Platz nehmen k\u00f6nnen. Grundlage f\u00fcr den puristischen Picknicktisch ist eine Form aus stranggezogenen Glasfaserprofilen. Dieser Verbundwerkstoff ist ein solides und dauerhaftes Material, das sich ebenso angenehm anf\u00fchlt wie Holz. Der Vorteil gegen\u00fcber dem Naturprodukt: Es ist wesentlich weniger anf\u00e4llig f\u00fcr Schwankungen von Temperatur und Luftfeuchtigkeit und eignet sich daher ideal f\u00fcr den Au\u00dfenbereich. Foto: Koelnmesse<\/figcaption><\/figure>\n<p>&nbsp;<\/p>\n<h3><strong>Disproportionalit\u00e4t wird zum Gestaltungsprinzip<\/strong><\/h3>\n<p>Wie um das Gr\u00f6\u00dfenwachstum zu betonen, werden Sitz- und R\u00fcckenh\u00f6he disproportional entwickelt: Je gr\u00f6\u00dfer der Sessel, desto niedriger die Sitzh\u00f6he. Outdoor-M\u00f6bel und M\u00f6beltypen wie etwa der von Designern wiederentdeckte Windsor-Stuhl zeigen besonders deutlich die neue Lust am Spiel mit den Proportionen.<\/p>\n\r<div class=\"GARD gard_basic_mode\" id=\"google-ads-NFzh\"><script >\radUnit = document.getElementById(\"google-ads-NFzh\");\radWidth = adUnit.offsetWidth;\r\rif ( adWidth >= 999999 ) {\r\/* GETTING THE FIRST IF OUT OF THE WAY *\/ \r} else {\rgoogle_ad_slot = \"0\";\radUnit.style.display = \"none\";\r}\radUnit.className = adUnit.className + \" ad_unit \" + tag;\rgoogle_ad_client = \"ca-pub-6170969419645551\";\radUnit.style.cssFloat  = \"left\";\radUnit.style.styleFloat  = \"left\";\radUnit.style.margin = \"0 10px 10px 0\";\radUnit.style.textAlign = \"initial\";\rgoogle_color_border = \"FFFFFF\";\rgoogle_color_bg = \"FFFFFF\";\rgoogle_color_link = \"999999\";\rgoogle_color_url = \"99cc33\";\rgoogle_color_text = \"666666\";\rgoogle_ui_features = \"rc:\";\r<\/script>\r<script  src=\"\/\/pagead2.googlesyndication.com\/pagead\/show_ads.js\"><\/script>\r<\/div>\n<p>Auch Accessoires und Leuchten unterst\u00fctzen immer \u00f6fter den Trend zur Disproportionalit\u00e4t: Riesige Bogenlampen schaffen W\u00e4rme-Inseln in Loft-\u00e4hnlichen R\u00e4umen, Kissen in XXL-Masche bedecken niedrige kleine Hocker, Tischlampen werden in vergr\u00f6\u00dferter Dimension zu Bodenlampen, zierliche kleine Couchtische \u2013 gerne auch als Gruppe \u2013 unterstreichen als Begleiter von massigen Mammut-Sofas deren urt\u00fcmliche Ausma\u00dfe. Oder bieten als niedrige, aber mit \u00fcbergro\u00dfem Durchmesser ausgestattete Fl\u00e4chen mehr Platz als n\u00f6tig f\u00fcr winzige Espresso-Tassen und Pokal-\u00e4hnliche 1-Liter-Weingl\u00e4ser.<\/p>\n<figure id=\"attachment_1968\" aria-describedby=\"caption-attachment-1968\" style=\"width: 197px\" class=\"wp-caption aligncenter\"><a href=\"https:\/\/www.trend4ward.de\/trendblog\/wp-content\/uploads\/2014\/12\/Riesenleuchte_m\u00f6beltrends_2015_trend4ward.detrendblog.png\"><img loading=\"lazy\" decoding=\"async\" class=\"wp-image-1968 size-medium\" src=\"https:\/\/www.trend4ward.de\/trendblog\/wp-content\/uploads\/2014\/12\/Riesenleuchte_m\u00f6beltrends_2015_trend4ward.detrendblog-197x300.png\" alt=\"Riesenleuchte M\u00f6beltrends 2015\" width=\"197\" height=\"300\" srcset=\"https:\/\/www.trend4ward.de\/trendblog\/wp-content\/uploads\/2014\/12\/Riesenleuchte_m\u00f6beltrends_2015_trend4ward.detrendblog-197x300.png 197w, https:\/\/www.trend4ward.de\/trendblog\/wp-content\/uploads\/2014\/12\/Riesenleuchte_m\u00f6beltrends_2015_trend4ward.detrendblog-39x60.png 39w, https:\/\/www.trend4ward.de\/trendblog\/wp-content\/uploads\/2014\/12\/Riesenleuchte_m\u00f6beltrends_2015_trend4ward.detrendblog.png 468w\" sizes=\"auto, (max-width: 197px) 100vw, 197px\" \/><\/a><figcaption id=\"caption-attachment-1968\" class=\"wp-caption-text\">Mit ihren 110 cm Durchmesser z\u00e4hlt die BuzziShade von BuzziSpace zu den Riesen unter den Stehlampen. Doch sie spendet nicht nur Licht. Sie bietet auch die n\u00f6tige Privatsph\u00e4re, wenn man in lauter Umgebung eine pers\u00f6nliche Unterhaltung f\u00fchren will. Foto: Koelnmesse<\/figcaption><\/figure>\n<p>&nbsp;<\/p>\n<h3><strong>So&nbsp;wie in \u201eAlice im Wunderland\u201c<\/strong><\/h3>\n<p>Dabei geht es nur zu einem Teil um das Finden einer neuen, au\u00dfergew\u00f6hnlichen \u00c4sthetik. Der Trend zum Gro\u00dfm\u00f6bel spiegelt sowohl den Wunsch nach einem offeneren, Loft\u00e4hnlichen Wohnstil wider als auch die Sehnsucht nach Geborgenheit. Gro\u00dfe Tische werden erst gebraucht, seitdem die Wohnung und die K\u00fcche zum geselligen Lebensmittelpunkt geworden sind. Und die Dominanz des gro\u00dfen Einzelsofas gegen\u00fcber der klassischen, um einen Mittelpunkt angeordneten Sitzecke ist ein Niederschlag des angestiegenen Medienkonsums und der technischen Aufr\u00fcstung im Home-Entertainment.<\/p>\n<p>Dieser Wandel in \u00c4sthetik und Wohnform wird auch in der Designszene diskutiert. So besch\u00e4ftigt sich Louise Campbell in ihrer auf der n\u00e4chsten imm cologne zu sehenden Ausgabe von \u201eDas Haus \u2013 Interiors on Stage\u201c mit der Bedeutung von Ma\u00dfen und Gr\u00f6\u00dfenverh\u00e4ltnissen in unserer Wohnkultur. Wie in \u201eAlice im Wunderland\u201c f\u00fchrt die d\u00e4nische M\u00f6bel- und Lichtdesignerin die Besucher in eine Wohnwelt, in der 40 Meter lange Betten und \u00fcberlange K\u00fcchen-\/Ess-\/Arbeits-Tische sowie gerasterte, offene R\u00e4ume neue Perspektiven auf die Gestaltungs- und Nutzungsm\u00f6glichkeiten des Wohnraums er\u00f6ffnen sollen.<\/p>\n<p>&nbsp;<\/p>\n\r<div class=\"GARD gard_basic_mode\" id=\"google-ads-8Bik\"><script >\radUnit = document.getElementById(\"google-ads-8Bik\");\radWidth = adUnit.offsetWidth;\r\rif ( adWidth >= 999999 ) {\r\/* GETTING THE FIRST IF OUT OF THE WAY *\/ \r} else {\rgoogle_ad_slot = \"0\";\radUnit.style.display = \"none\";\r}\radUnit.className = adUnit.className + \" ad_unit \" + tag;\rgoogle_ad_client = \"ca-pub-6170969419645551\";\radUnit.style.cssFloat  = \"left\";\radUnit.style.styleFloat  = \"left\";\radUnit.style.margin = \"0 10px 10px 0\";\radUnit.style.textAlign = \"initial\";\rgoogle_color_border = \"FFFFFF\";\rgoogle_color_bg = \"FFFFFF\";\rgoogle_color_link = \"999999\";\rgoogle_color_url = \"99cc33\";\rgoogle_color_text = \"666666\";\rgoogle_ui_features = \"rc:\";\r<\/script>\r<script  src=\"\/\/pagead2.googlesyndication.com\/pagead\/show_ads.js\"><\/script>\r<\/div>\n<p>&nbsp;<\/p>\n<p><script type=\"text\/javascript\">\nvar uri = 'https:\/\/impde.tradedoubler.com\/imp?type(img)g(23969822)a(2957434)' + new String (Math.random()).substring (2, 11);\ndocument.write('<a href=\"https:\/\/clkde.tradedoubler.com\/click?p=282723&#038;a=2957434&#038;g=23969822\" target=\"_BLANK\"><img decoding=\"async\" src=\"https:\/\/www.trend4ward.de\/trendblog\/moebeltrends-2015-klotziges-zum-kuscheln\" border=0><\/a>');\n<\/script><\/p>\n","protected":false},"excerpt":{"rendered":"<p>Wohnen bewegt sich heute zunehmend au\u00dferhalb des 08\/15-Bereichs. Das spiegelt sich nicht nur in der Formgebung der M\u00f6bel und in der Verwendung au\u00dfergew\u00f6hnlicher Materialien wider, sondern auch in den Gr\u00f6\u00dfendimensionen. Das sind die M\u00f6beltrends f\u00fcr 2015.<\/p>\n","protected":false},"author":1,"featured_media":1969,"comment_status":"open","ping_status":"open","sticky":false,"template":"","format":"standard","meta":{"om_disable_all_campaigns":false,"_monsterinsights_skip_tracking":false,"_monsterinsights_sitenote_active":false,"_monsterinsights_sitenote_note":"","_monsterinsights_sitenote_category":0,"_uf_show_specific_survey":0,"_uf_disable_surveys":false,"neve_meta_sidebar":"","neve_meta_container":"","neve_meta_enable_content_width":"","neve_meta_content_width":0,"neve_meta_title_alignment":"","neve_meta_author_avatar":"","neve_post_elements_order":"","neve_meta_disable_header":"","neve_meta_disable_footer":"","neve_meta_disable_title":"","ngg_post_thumbnail":0,"_jetpack_memberships_contains_paid_content":false,"footnotes":""},"categories":[15],"tags":[92,48,70],"class_list":["post-1068","post","type-post","status-publish","format-standard","has-post-thumbnail","hentry","category-wohnen","tag-homing","tag-moebel","tag-moebeltrends"],"yoast_head":"<!-- This site is optimized with the Yoast SEO plugin v27.4 - https:\/\/yoast.com\/product\/yoast-seo-wordpress\/ -->\n<title>M\u00f6beltrends 2015: Klotziges zum Kuscheln &#8226; trendBlog \u2013 Wohnen, Reisen, Leben und Kultur<\/title>\n<meta name=\"description\" content=\"Das sind die aktuellen M\u00f6beltrends f\u00fcr 2015.\" \/>\n<meta name=\"robots\" content=\"index, follow, max-snippet:-1, max-image-preview:large, max-video-preview:-1\" \/>\n<link rel=\"canonical\" href=\"https:\/\/www.trend4ward.de\/trendblog\/moebeltrends-2015-klotziges-zum-kuscheln\/\" \/>\n<meta property=\"og:locale\" content=\"de_DE\" \/>\n<meta property=\"og:type\" content=\"article\" \/>\n<meta property=\"og:title\" content=\"M\u00f6beltrends 2015: Klotziges zum Kuscheln &#8226; trendBlog \u2013 Wohnen, Reisen, Leben und Kultur\" \/>\n<meta property=\"og:description\" content=\"Das sind die aktuellen M\u00f6beltrends f\u00fcr 2015.\" \/>\n<meta property=\"og:url\" content=\"https:\/\/www.trend4ward.de\/trendblog\/moebeltrends-2015-klotziges-zum-kuscheln\/\" \/>\n<meta property=\"og:site_name\" content=\"trendBlog \u2013 Wohnen, Reisen, Leben und Kultur\" \/>\n<meta property=\"article:published_time\" content=\"2014-12-28T11:53:42+00:00\" \/>\n<meta property=\"article:modified_time\" content=\"2018-07-23T14:48:55+00:00\" \/>\n<meta property=\"og:image\" content=\"https:\/\/www.trend4ward.de\/trendblog\/wp-content\/uploads\/2014\/12\/sessel_m\u00f6beltrends_2015_trend4ward.detrendblog.jpg\" \/>\n\t<meta property=\"og:image:width\" content=\"2000\" \/>\n\t<meta property=\"og:image:height\" content=\"1331\" \/>\n\t<meta property=\"og:image:type\" content=\"image\/jpeg\" \/>\n<meta name=\"author\" content=\"Evelyn Steinbach\" \/>\n<meta name=\"twitter:label1\" content=\"Verfasst von\" \/>\n\t<meta name=\"twitter:data1\" content=\"Evelyn Steinbach\" \/>\n\t<meta name=\"twitter:label2\" content=\"Gesch\u00e4tzte Lesezeit\" \/>\n\t<meta name=\"twitter:data2\" content=\"5\u00a0Minuten\" \/>\n<script type=\"application\/ld+json\" class=\"yoast-schema-graph\">{\"@context\":\"https:\\\/\\\/schema.org\",\"@graph\":[{\"@type\":\"Article\",\"@id\":\"https:\\\/\\\/www.trend4ward.de\\\/trendblog\\\/moebeltrends-2015-klotziges-zum-kuscheln\\\/#article\",\"isPartOf\":{\"@id\":\"https:\\\/\\\/www.trend4ward.de\\\/trendblog\\\/moebeltrends-2015-klotziges-zum-kuscheln\\\/\"},\"author\":{\"name\":\"Evelyn Steinbach\",\"@id\":\"https:\\\/\\\/www.trend4ward.de\\\/trendblog\\\/#\\\/schema\\\/person\\\/c65dd8afd2fda04893d121f31b2a8ea4\"},\"headline\":\"M\u00f6beltrends 2015: Klotziges zum Kuscheln\",\"datePublished\":\"2014-12-28T11:53:42+00:00\",\"dateModified\":\"2018-07-23T14:48:55+00:00\",\"mainEntityOfPage\":{\"@id\":\"https:\\\/\\\/www.trend4ward.de\\\/trendblog\\\/moebeltrends-2015-klotziges-zum-kuscheln\\\/\"},\"wordCount\":1040,\"commentCount\":0,\"publisher\":{\"@id\":\"https:\\\/\\\/www.trend4ward.de\\\/trendblog\\\/#\\\/schema\\\/person\\\/c65dd8afd2fda04893d121f31b2a8ea4\"},\"image\":{\"@id\":\"https:\\\/\\\/www.trend4ward.de\\\/trendblog\\\/moebeltrends-2015-klotziges-zum-kuscheln\\\/#primaryimage\"},\"thumbnailUrl\":\"https:\\\/\\\/www.trend4ward.de\\\/trendblog\\\/wp-content\\\/uploads\\\/2014\\\/12\\\/sessel_m\u00f6beltrends_2015_trend4ward.detrendblog.jpg\",\"keywords\":[\"Homing\",\"M\u00f6bel\",\"M\u00f6beltrends\"],\"articleSection\":[\"Wohnen &amp; Einrichten\"],\"inLanguage\":\"de\",\"potentialAction\":[{\"@type\":\"CommentAction\",\"name\":\"Comment\",\"target\":[\"https:\\\/\\\/www.trend4ward.de\\\/trendblog\\\/moebeltrends-2015-klotziges-zum-kuscheln\\\/#respond\"]}]},{\"@type\":\"WebPage\",\"@id\":\"https:\\\/\\\/www.trend4ward.de\\\/trendblog\\\/moebeltrends-2015-klotziges-zum-kuscheln\\\/\",\"url\":\"https:\\\/\\\/www.trend4ward.de\\\/trendblog\\\/moebeltrends-2015-klotziges-zum-kuscheln\\\/\",\"name\":\"M\u00f6beltrends 2015: Klotziges zum Kuscheln &#8226; trendBlog \u2013 Wohnen, Reisen, Leben und Kultur\",\"isPartOf\":{\"@id\":\"https:\\\/\\\/www.trend4ward.de\\\/trendblog\\\/#website\"},\"primaryImageOfPage\":{\"@id\":\"https:\\\/\\\/www.trend4ward.de\\\/trendblog\\\/moebeltrends-2015-klotziges-zum-kuscheln\\\/#primaryimage\"},\"image\":{\"@id\":\"https:\\\/\\\/www.trend4ward.de\\\/trendblog\\\/moebeltrends-2015-klotziges-zum-kuscheln\\\/#primaryimage\"},\"thumbnailUrl\":\"https:\\\/\\\/www.trend4ward.de\\\/trendblog\\\/wp-content\\\/uploads\\\/2014\\\/12\\\/sessel_m\u00f6beltrends_2015_trend4ward.detrendblog.jpg\",\"datePublished\":\"2014-12-28T11:53:42+00:00\",\"dateModified\":\"2018-07-23T14:48:55+00:00\",\"description\":\"Das sind die aktuellen M\u00f6beltrends f\u00fcr 2015.\",\"breadcrumb\":{\"@id\":\"https:\\\/\\\/www.trend4ward.de\\\/trendblog\\\/moebeltrends-2015-klotziges-zum-kuscheln\\\/#breadcrumb\"},\"inLanguage\":\"de\",\"potentialAction\":[{\"@type\":\"ReadAction\",\"target\":[\"https:\\\/\\\/www.trend4ward.de\\\/trendblog\\\/moebeltrends-2015-klotziges-zum-kuscheln\\\/\"]}]},{\"@type\":\"ImageObject\",\"inLanguage\":\"de\",\"@id\":\"https:\\\/\\\/www.trend4ward.de\\\/trendblog\\\/moebeltrends-2015-klotziges-zum-kuscheln\\\/#primaryimage\",\"url\":\"https:\\\/\\\/www.trend4ward.de\\\/trendblog\\\/wp-content\\\/uploads\\\/2014\\\/12\\\/sessel_m\u00f6beltrends_2015_trend4ward.detrendblog.jpg\",\"contentUrl\":\"https:\\\/\\\/www.trend4ward.de\\\/trendblog\\\/wp-content\\\/uploads\\\/2014\\\/12\\\/sessel_m\u00f6beltrends_2015_trend4ward.detrendblog.jpg\",\"width\":2000,\"height\":1331,\"caption\":\"Da setzt man sich doch gerne: Der Ledersessel Capri von Baxter bietet ein gem\u00fctliches Pl\u00e4tzchen zum Entspannen und Wohlf\u00fchlen. Foto: Koelnmesse\"},{\"@type\":\"BreadcrumbList\",\"@id\":\"https:\\\/\\\/www.trend4ward.de\\\/trendblog\\\/moebeltrends-2015-klotziges-zum-kuscheln\\\/#breadcrumb\",\"itemListElement\":[{\"@type\":\"ListItem\",\"position\":1,\"name\":\"Home\",\"item\":\"https:\\\/\\\/www.trend4ward.de\\\/trendblog\\\/\"},{\"@type\":\"ListItem\",\"position\":2,\"name\":\"M\u00f6beltrends 2015: Klotziges zum Kuscheln\"}]},{\"@type\":\"WebSite\",\"@id\":\"https:\\\/\\\/www.trend4ward.de\\\/trendblog\\\/#website\",\"url\":\"https:\\\/\\\/www.trend4ward.de\\\/trendblog\\\/\",\"name\":\"trendBlog \u2013 Wohnen, Reisen, Leben und Kultur\",\"description\":\"Portr\u00e4ts, Reportagen, Ratgeber. Seit 2009. Von Evelyn Steinbach.\",\"publisher\":{\"@id\":\"https:\\\/\\\/www.trend4ward.de\\\/trendblog\\\/#\\\/schema\\\/person\\\/c65dd8afd2fda04893d121f31b2a8ea4\"},\"potentialAction\":[{\"@type\":\"SearchAction\",\"target\":{\"@type\":\"EntryPoint\",\"urlTemplate\":\"https:\\\/\\\/www.trend4ward.de\\\/trendblog\\\/?s={search_term_string}\"},\"query-input\":{\"@type\":\"PropertyValueSpecification\",\"valueRequired\":true,\"valueName\":\"search_term_string\"}}],\"inLanguage\":\"de\"},{\"@type\":[\"Person\",\"Organization\"],\"@id\":\"https:\\\/\\\/www.trend4ward.de\\\/trendblog\\\/#\\\/schema\\\/person\\\/c65dd8afd2fda04893d121f31b2a8ea4\",\"name\":\"Evelyn Steinbach\",\"image\":{\"@type\":\"ImageObject\",\"inLanguage\":\"de\",\"@id\":\"https:\\\/\\\/www.trend4ward.de\\\/trendblog\\\/wp-content\\\/uploads\\\/2020\\\/11\\\/cropped-cropped-IMG_6744-e1692617617527.png\",\"url\":\"https:\\\/\\\/www.trend4ward.de\\\/trendblog\\\/wp-content\\\/uploads\\\/2020\\\/11\\\/cropped-cropped-IMG_6744-e1692617617527.png\",\"contentUrl\":\"https:\\\/\\\/www.trend4ward.de\\\/trendblog\\\/wp-content\\\/uploads\\\/2020\\\/11\\\/cropped-cropped-IMG_6744-e1692617617527.png\",\"width\":200,\"height\":183,\"caption\":\"Evelyn Steinbach\"},\"logo\":{\"@id\":\"https:\\\/\\\/www.trend4ward.de\\\/trendblog\\\/wp-content\\\/uploads\\\/2020\\\/11\\\/cropped-cropped-IMG_6744-e1692617617527.png\"},\"sameAs\":[\"http:\\\/\\\/www.trend4ward.de\"],\"url\":\"https:\\\/\\\/www.trend4ward.de\\\/trendblog\\\/author\\\/eve\\\/\"}]}<\/script>\n<!-- \/ Yoast SEO plugin. -->","yoast_head_json":{"title":"M\u00f6beltrends 2015: Klotziges zum Kuscheln &#8226; trendBlog \u2013 Wohnen, Reisen, Leben und Kultur","description":"Das sind die aktuellen M\u00f6beltrends f\u00fcr 2015.","robots":{"index":"index","follow":"follow","max-snippet":"max-snippet:-1","max-image-preview":"max-image-preview:large","max-video-preview":"max-video-preview:-1"},"canonical":"https:\/\/www.trend4ward.de\/trendblog\/moebeltrends-2015-klotziges-zum-kuscheln\/","og_locale":"de_DE","og_type":"article","og_title":"M\u00f6beltrends 2015: Klotziges zum Kuscheln &#8226; trendBlog \u2013 Wohnen, Reisen, Leben und Kultur","og_description":"Das sind die aktuellen M\u00f6beltrends f\u00fcr 2015.","og_url":"https:\/\/www.trend4ward.de\/trendblog\/moebeltrends-2015-klotziges-zum-kuscheln\/","og_site_name":"trendBlog \u2013 Wohnen, Reisen, Leben und Kultur","article_published_time":"2014-12-28T11:53:42+00:00","article_modified_time":"2018-07-23T14:48:55+00:00","og_image":[{"width":2000,"height":1331,"url":"https:\/\/www.trend4ward.de\/trendblog\/wp-content\/uploads\/2014\/12\/sessel_m\u00f6beltrends_2015_trend4ward.detrendblog.jpg","type":"image\/jpeg"}],"author":"Evelyn Steinbach","twitter_misc":{"Verfasst von":"Evelyn Steinbach","Gesch\u00e4tzte Lesezeit":"5\u00a0Minuten"},"schema":{"@context":"https:\/\/schema.org","@graph":[{"@type":"Article","@id":"https:\/\/www.trend4ward.de\/trendblog\/moebeltrends-2015-klotziges-zum-kuscheln\/#article","isPartOf":{"@id":"https:\/\/www.trend4ward.de\/trendblog\/moebeltrends-2015-klotziges-zum-kuscheln\/"},"author":{"name":"Evelyn Steinbach","@id":"https:\/\/www.trend4ward.de\/trendblog\/#\/schema\/person\/c65dd8afd2fda04893d121f31b2a8ea4"},"headline":"M\u00f6beltrends 2015: Klotziges zum Kuscheln","datePublished":"2014-12-28T11:53:42+00:00","dateModified":"2018-07-23T14:48:55+00:00","mainEntityOfPage":{"@id":"https:\/\/www.trend4ward.de\/trendblog\/moebeltrends-2015-klotziges-zum-kuscheln\/"},"wordCount":1040,"commentCount":0,"publisher":{"@id":"https:\/\/www.trend4ward.de\/trendblog\/#\/schema\/person\/c65dd8afd2fda04893d121f31b2a8ea4"},"image":{"@id":"https:\/\/www.trend4ward.de\/trendblog\/moebeltrends-2015-klotziges-zum-kuscheln\/#primaryimage"},"thumbnailUrl":"https:\/\/www.trend4ward.de\/trendblog\/wp-content\/uploads\/2014\/12\/sessel_m\u00f6beltrends_2015_trend4ward.detrendblog.jpg","keywords":["Homing","M\u00f6bel","M\u00f6beltrends"],"articleSection":["Wohnen &amp; Einrichten"],"inLanguage":"de","potentialAction":[{"@type":"CommentAction","name":"Comment","target":["https:\/\/www.trend4ward.de\/trendblog\/moebeltrends-2015-klotziges-zum-kuscheln\/#respond"]}]},{"@type":"WebPage","@id":"https:\/\/www.trend4ward.de\/trendblog\/moebeltrends-2015-klotziges-zum-kuscheln\/","url":"https:\/\/www.trend4ward.de\/trendblog\/moebeltrends-2015-klotziges-zum-kuscheln\/","name":"M\u00f6beltrends 2015: Klotziges zum Kuscheln &#8226; trendBlog \u2013 Wohnen, Reisen, Leben und Kultur","isPartOf":{"@id":"https:\/\/www.trend4ward.de\/trendblog\/#website"},"primaryImageOfPage":{"@id":"https:\/\/www.trend4ward.de\/trendblog\/moebeltrends-2015-klotziges-zum-kuscheln\/#primaryimage"},"image":{"@id":"https:\/\/www.trend4ward.de\/trendblog\/moebeltrends-2015-klotziges-zum-kuscheln\/#primaryimage"},"thumbnailUrl":"https:\/\/www.trend4ward.de\/trendblog\/wp-content\/uploads\/2014\/12\/sessel_m\u00f6beltrends_2015_trend4ward.detrendblog.jpg","datePublished":"2014-12-28T11:53:42+00:00","dateModified":"2018-07-23T14:48:55+00:00","description":"Das sind die aktuellen M\u00f6beltrends f\u00fcr 2015.","breadcrumb":{"@id":"https:\/\/www.trend4ward.de\/trendblog\/moebeltrends-2015-klotziges-zum-kuscheln\/#breadcrumb"},"inLanguage":"de","potentialAction":[{"@type":"ReadAction","target":["https:\/\/www.trend4ward.de\/trendblog\/moebeltrends-2015-klotziges-zum-kuscheln\/"]}]},{"@type":"ImageObject","inLanguage":"de","@id":"https:\/\/www.trend4ward.de\/trendblog\/moebeltrends-2015-klotziges-zum-kuscheln\/#primaryimage","url":"https:\/\/www.trend4ward.de\/trendblog\/wp-content\/uploads\/2014\/12\/sessel_m\u00f6beltrends_2015_trend4ward.detrendblog.jpg","contentUrl":"https:\/\/www.trend4ward.de\/trendblog\/wp-content\/uploads\/2014\/12\/sessel_m\u00f6beltrends_2015_trend4ward.detrendblog.jpg","width":2000,"height":1331,"caption":"Da setzt man sich doch gerne: Der Ledersessel Capri von Baxter bietet ein gem\u00fctliches Pl\u00e4tzchen zum Entspannen und Wohlf\u00fchlen. Foto: Koelnmesse"},{"@type":"BreadcrumbList","@id":"https:\/\/www.trend4ward.de\/trendblog\/moebeltrends-2015-klotziges-zum-kuscheln\/#breadcrumb","itemListElement":[{"@type":"ListItem","position":1,"name":"Home","item":"https:\/\/www.trend4ward.de\/trendblog\/"},{"@type":"ListItem","position":2,"name":"M\u00f6beltrends 2015: Klotziges zum Kuscheln"}]},{"@type":"WebSite","@id":"https:\/\/www.trend4ward.de\/trendblog\/#website","url":"https:\/\/www.trend4ward.de\/trendblog\/","name":"trendBlog \u2013 Wohnen, Reisen, Leben und Kultur","description":"Portr\u00e4ts, Reportagen, Ratgeber. Seit 2009. Von Evelyn Steinbach.","publisher":{"@id":"https:\/\/www.trend4ward.de\/trendblog\/#\/schema\/person\/c65dd8afd2fda04893d121f31b2a8ea4"},"potentialAction":[{"@type":"SearchAction","target":{"@type":"EntryPoint","urlTemplate":"https:\/\/www.trend4ward.de\/trendblog\/?s={search_term_string}"},"query-input":{"@type":"PropertyValueSpecification","valueRequired":true,"valueName":"search_term_string"}}],"inLanguage":"de"},{"@type":["Person","Organization"],"@id":"https:\/\/www.trend4ward.de\/trendblog\/#\/schema\/person\/c65dd8afd2fda04893d121f31b2a8ea4","name":"Evelyn Steinbach","image":{"@type":"ImageObject","inLanguage":"de","@id":"https:\/\/www.trend4ward.de\/trendblog\/wp-content\/uploads\/2020\/11\/cropped-cropped-IMG_6744-e1692617617527.png","url":"https:\/\/www.trend4ward.de\/trendblog\/wp-content\/uploads\/2020\/11\/cropped-cropped-IMG_6744-e1692617617527.png","contentUrl":"https:\/\/www.trend4ward.de\/trendblog\/wp-content\/uploads\/2020\/11\/cropped-cropped-IMG_6744-e1692617617527.png","width":200,"height":183,"caption":"Evelyn Steinbach"},"logo":{"@id":"https:\/\/www.trend4ward.de\/trendblog\/wp-content\/uploads\/2020\/11\/cropped-cropped-IMG_6744-e1692617617527.png"},"sameAs":["http:\/\/www.trend4ward.de"],"url":"https:\/\/www.trend4ward.de\/trendblog\/author\/eve\/"}]}},"jetpack_featured_media_url":"https:\/\/www.trend4ward.de\/trendblog\/wp-content\/uploads\/2014\/12\/sessel_m\u00f6beltrends_2015_trend4ward.detrendblog.jpg","jetpack_sharing_enabled":true,"_links":{"self":[{"href":"https:\/\/www.trend4ward.de\/trendblog\/wp-json\/wp\/v2\/posts\/1068","targetHints":{"allow":["GET"]}}],"collection":[{"href":"https:\/\/www.trend4ward.de\/trendblog\/wp-json\/wp\/v2\/posts"}],"about":[{"href":"https:\/\/www.trend4ward.de\/trendblog\/wp-json\/wp\/v2\/types\/post"}],"author":[{"embeddable":true,"href":"https:\/\/www.trend4ward.de\/trendblog\/wp-json\/wp\/v2\/users\/1"}],"replies":[{"embeddable":true,"href":"https:\/\/www.trend4ward.de\/trendblog\/wp-json\/wp\/v2\/comments?post=1068"}],"version-history":[{"count":16,"href":"https:\/\/www.trend4ward.de\/trendblog\/wp-json\/wp\/v2\/posts\/1068\/revisions"}],"predecessor-version":[{"id":4513,"href":"https:\/\/www.trend4ward.de\/trendblog\/wp-json\/wp\/v2\/posts\/1068\/revisions\/4513"}],"wp:featuredmedia":[{"embeddable":true,"href":"https:\/\/www.trend4ward.de\/trendblog\/wp-json\/wp\/v2\/media\/1969"}],"wp:attachment":[{"href":"https:\/\/www.trend4ward.de\/trendblog\/wp-json\/wp\/v2\/media?parent=1068"}],"wp:term":[{"taxonomy":"category","embeddable":true,"href":"https:\/\/www.trend4ward.de\/trendblog\/wp-json\/wp\/v2\/categories?post=1068"},{"taxonomy":"post_tag","embeddable":true,"href":"https:\/\/www.trend4ward.de\/trendblog\/wp-json\/wp\/v2\/tags?post=1068"}],"curies":[{"name":"wp","href":"https:\/\/api.w.org\/{rel}","templated":true}]}}