{"id":1374,"date":"2026-02-20T07:00:46","date_gmt":"2026-02-20T06:00:46","guid":{"rendered":"https:\/\/www.trend4ward.de\/trendblog\/?p=1374"},"modified":"2026-03-17T12:09:58","modified_gmt":"2026-03-17T11:09:58","slug":"der-garten-ruft-jetzt-gehts-wieder-los","status":"publish","type":"post","link":"https:\/\/www.trend4ward.de\/trendblog\/der-garten-ruft-jetzt-gehts-wieder-los\/","title":{"rendered":"Der Garten ruft: Jetzt geht\u2019s wieder los!"},"content":{"rendered":"<p><strong>Wer in diesen Tagen aufmerksam durch Parks und G\u00e4rten spaziert, kann die ersten Fr\u00fchlingsboten schon entdecken. Fr\u00fchling liegt in der Luft und der Garten lockt seine Besitzer wieder ins Freie. Wer sich jetzt um Schnitt, Pflege und Pflanzung k\u00fcmmert, dessen Gr\u00fcn wird sich im Sommer von seiner besten Seite zeigen.<\/strong><\/p>\n<p><!--more--><\/p>\n<figure id=\"attachment_1377\" aria-describedby=\"caption-attachment-1377\" style=\"width: 151px\" class=\"wp-caption alignleft\"><a href=\"https:\/\/www.trend4ward.de\/trendblog\/wp-content\/uploads\/2015\/03\/bdb_schnitt.jpg\"><img loading=\"lazy\" decoding=\"async\" class=\" wp-image-1377\" src=\"https:\/\/www.trend4ward.de\/trendblog\/wp-content\/uploads\/2015\/03\/bdb_schnitt-200x300.jpg\" alt=\"bdb_schnitt\" width=\"151\" height=\"227\" srcset=\"https:\/\/www.trend4ward.de\/trendblog\/wp-content\/uploads\/2015\/03\/bdb_schnitt-200x300.jpg 200w, https:\/\/www.trend4ward.de\/trendblog\/wp-content\/uploads\/2015\/03\/bdb_schnitt-681x1024.jpg 681w, https:\/\/www.trend4ward.de\/trendblog\/wp-content\/uploads\/2015\/03\/bdb_schnitt-40x60.jpg 40w, https:\/\/www.trend4ward.de\/trendblog\/wp-content\/uploads\/2015\/03\/bdb_schnitt.jpg 1000w\" sizes=\"auto, (max-width: 151px) 100vw, 151px\" \/><\/a><figcaption id=\"caption-attachment-1377\" class=\"wp-caption-text\">Fotos: BdB<\/figcaption><\/figure>\n<h2><strong>Geh\u00f6lze schneiden<\/strong><\/h2>\n<p>Zu den ersten Gartenarbeiten des Jahres geh\u00f6rt der Fr\u00fchjahrsschnitt von B\u00e4umen und Str\u00e4uchern. Wichtig ist jedoch, Fr\u00fchjahrsbl\u00fcher wie Forsythien, Magnolien oder Obstb\u00e4ume nicht jetzt, sondern erst nach der Bl\u00fcte zu schneiden. Sommerbl\u00fchern, wie Weigelie, Sommerflieder oder Hortensie, tut der Schnitt im Fr\u00fchjahr hingegen gut, da er das Wachstum anregt. Hinzu kommt, dass bei den meisten Geh\u00f6lzen Jungtriebe mehr Bl\u00fcten ausbilden als alte Zweige. Der Schnitt wirkt also wie eine verj\u00fcngende Sch\u00f6nheitskur. Er verhilft B\u00e4umen und Str\u00e4uchern zu einem gleichm\u00e4\u00dfigen Wuchs und regelm\u00e4\u00dfiger Bl\u00fcte.<\/p>\n<h2><strong>Gro\u00dfz\u00fcgig auslichten<\/strong><\/h2>\n<p>Ein h\u00e4ufiger Fehler ist, zu zaghaft auszulichten. Dabei ist die Sorge, der Pflanze durch einen starken R\u00fcckschnitt zu schaden, unberechtigt. \u201eIdeal ist das fr\u00fche Fr\u00fchjahr. Dann haben die Pflanzen vor dem Austrieb noch ausreichend Zeit, die Wunde zu schlie\u00dfen\u201c, r\u00e4t Dipl.-Ing. J\u00f6rg Schneider, Landesverbandsvorsitzender Brandenburg-Berlin im Bund deutscher Baumschulen (BdB) e.V. \u201eGr\u00f6\u00dfere Schnittwunden sollten aber mit einem Wundverschlussmittel aus dem Fachhandel bestrichen werden.\u201c Er empfiehlt, Geh\u00f6lze zun\u00e4chst von besch\u00e4digten, kranken und abgestorbenen Triebe zu befreien. Auch \u00c4ste und Zweige, die \u00fcberkreuz oder zu dicht wachsen, und alles, was insgesamt die Wuchsform beeintr\u00e4chtigt, sollte entfernt werden. Im zweiten Schritt k\u00f6nne man mit ein wenig Erfahrung gut erkennen, welche \u00c4ste noch abgeschnitten oder gek\u00fcrzt werden m\u00fcssen, so sein Tipp.<\/p>\n<h2><strong>Neupflanzungen<\/strong><\/h2>\n<p>Der Fr\u00fchling ist auch eine klassische Zeit f\u00fcr die Neupflanzung. Schlie\u00dflich steht noch der gesamte Jahreszyklus bevor: Wer jetzt pflanzt, frischt seinen Garten rechtzeitig auf, um ihn im Fr\u00fchling, Sommer, Herbst und Winter in neuem Glanz genie\u00dfen zu k\u00f6nnen. Ob ein fr\u00fchbl\u00fchender Ranunkelstrauch oder ein sommerliches Rosenbeet, ob eine immergr\u00fcne Hecke aus Zwergliguster oder ein Amberbaum mit intensiver Herbstf\u00e4rbung \u2013 die Baumschulen und Gartencenter bieten ein breites Sortiment und beraten, welche Pflanzen f\u00fcr den Garten geeignet sind. Au\u00dferdem erf\u00e4hrt man hier, wie einzelne Geh\u00f6lze gepflanzt, geschnitten und gepflegt werden. Generell ist bei der Pflanzung im Fr\u00fchling gro\u00dfz\u00fcgiges Angie\u00dfen zu empfehlen. Eine Extra-Portion Wasser tut den neuen Pflanzen zum bevorstehenden Austrieb sehr gut.<\/p>\n<h2><strong>Kletterpflanzen<\/strong><\/h2>\n<p>Pflanzen, die an W\u00e4nden wachsen, bieten die M\u00f6glichkeit, den Garten optisch zu vergr\u00f6\u00dfern und ihm eine besondere Atmosph\u00e4re zu geben. Un\u00fcbertroffen sind hierbei Kletterpflanzen wie Wisterien. Ihre hellvioletten Bl\u00fctentrauben duften herrlich und sind ein echter Blickfang im Fr\u00fchlingsgarten. Die Farbe Lila wirkt romantisch, passt jedoch nicht nur in einen vertr\u00e4umten Bauerngarten, sondern kann auch in einem minimalistischen Garten als Kontrast eingesetzt werden. Mit kletternden Waldreben (Clematis) werden sommerliche Bl\u00fctentr\u00e4ume wahr. Hier stehen unz\u00e4hlige Farbvarianten zur Auswahl: von leuchtendem Rot, Orange und Pink bis zu zartem Rosa, Blau-Violett und strahlendem Wei\u00df. Wer hingegen einen Farbakzent f\u00fcr den Herbst sucht, sollte zu Wildem Wein greifen. An einer Mauer oder einem Zaun empor klimmend, bietet er den Sommer \u00fcber einen sch\u00f6nen Anblick, wenn sich dann aber seine Bl\u00e4tter intensiv rot verf\u00e4rben, entwickelt sich ein v\u00f6llig neues Bild.<\/p>\n","protected":false},"excerpt":{"rendered":"<p>Schneiden, Neupflanzungen und mehr im Fr\u00fchjahr.<\/p>\n","protected":false},"author":1,"featured_media":1376,"comment_status":"open","ping_status":"open","sticky":true,"template":"","format":"standard","meta":{"om_disable_all_campaigns":false,"_monsterinsights_skip_tracking":false,"_monsterinsights_sitenote_active":false,"_monsterinsights_sitenote_note":"","_monsterinsights_sitenote_category":0,"_uf_show_specific_survey":0,"_uf_disable_surveys":false,"neve_meta_sidebar":"right","neve_meta_container":"","neve_meta_enable_content_width":"off","neve_meta_content_width":70,"neve_meta_title_alignment":"","neve_meta_author_avatar":"","neve_post_elements_order":"","neve_meta_disable_header":"","neve_meta_disable_footer":"","neve_meta_disable_title":"","ngg_post_thumbnail":0,"_jetpack_memberships_contains_paid_content":false,"footnotes":""},"categories":[68],"tags":[190,39,128],"class_list":["post-1374","post","type-post","status-publish","format-standard","has-post-thumbnail","hentry","category-garten","tag-gartenpflanzen","tag-haus","tag-selbermachen"],"yoast_head":"<!-- This site is optimized with the Yoast SEO plugin v27.4 - https:\/\/yoast.com\/product\/yoast-seo-wordpress\/ -->\n<title>Der Garten ruft: Jetzt geht\u2019s wieder los! &#8226; trendBlog \u2013 Wohnen, Reisen, Leben und Kultur<\/title>\n<meta name=\"description\" content=\"Der Garten im Fr\u00fchjahr: Was jetzt zu tun ist, erfahren Sie hier.\" \/>\n<meta name=\"robots\" content=\"index, follow, max-snippet:-1, max-image-preview:large, max-video-preview:-1\" \/>\n<link rel=\"canonical\" href=\"https:\/\/www.trend4ward.de\/trendblog\/der-garten-ruft-jetzt-gehts-wieder-los\/\" \/>\n<meta property=\"og:locale\" content=\"de_DE\" \/>\n<meta property=\"og:type\" content=\"article\" \/>\n<meta property=\"og:title\" content=\"Der Garten ruft: Jetzt geht\u2019s wieder los! &#8226; trendBlog \u2013 Wohnen, Reisen, Leben und Kultur\" \/>\n<meta property=\"og:description\" content=\"Der Garten im Fr\u00fchjahr: Was jetzt zu tun ist, erfahren Sie hier.\" \/>\n<meta property=\"og:url\" content=\"https:\/\/www.trend4ward.de\/trendblog\/der-garten-ruft-jetzt-gehts-wieder-los\/\" \/>\n<meta property=\"og:site_name\" content=\"trendBlog \u2013 Wohnen, Reisen, Leben und Kultur\" \/>\n<meta property=\"article:published_time\" content=\"2026-02-20T06:00:46+00:00\" \/>\n<meta property=\"article:modified_time\" content=\"2026-03-17T11:09:58+00:00\" \/>\n<meta property=\"og:image\" content=\"https:\/\/www.trend4ward.de\/trendblog\/wp-content\/uploads\/2015\/03\/bdb_tulpen2.jpg\" \/>\n\t<meta property=\"og:image:width\" content=\"1498\" \/>\n\t<meta property=\"og:image:height\" content=\"746\" \/>\n\t<meta property=\"og:image:type\" content=\"image\/jpeg\" \/>\n<meta name=\"author\" content=\"Evelyn Steinbach\" \/>\n<meta name=\"twitter:label1\" content=\"Verfasst von\" \/>\n\t<meta name=\"twitter:data1\" content=\"Evelyn Steinbach\" \/>\n\t<meta name=\"twitter:label2\" content=\"Gesch\u00e4tzte Lesezeit\" \/>\n\t<meta name=\"twitter:data2\" content=\"4\u00a0Minuten\" \/>\n<script type=\"application\/ld+json\" class=\"yoast-schema-graph\">{\"@context\":\"https:\\\/\\\/schema.org\",\"@graph\":[{\"@type\":\"Article\",\"@id\":\"https:\\\/\\\/www.trend4ward.de\\\/trendblog\\\/der-garten-ruft-jetzt-gehts-wieder-los\\\/#article\",\"isPartOf\":{\"@id\":\"https:\\\/\\\/www.trend4ward.de\\\/trendblog\\\/der-garten-ruft-jetzt-gehts-wieder-los\\\/\"},\"author\":{\"name\":\"Evelyn Steinbach\",\"@id\":\"https:\\\/\\\/www.trend4ward.de\\\/trendblog\\\/#\\\/schema\\\/person\\\/c65dd8afd2fda04893d121f31b2a8ea4\"},\"headline\":\"Der Garten ruft: Jetzt geht\u2019s wieder los!\",\"datePublished\":\"2026-02-20T06:00:46+00:00\",\"dateModified\":\"2026-03-17T11:09:58+00:00\",\"mainEntityOfPage\":{\"@id\":\"https:\\\/\\\/www.trend4ward.de\\\/trendblog\\\/der-garten-ruft-jetzt-gehts-wieder-los\\\/\"},\"wordCount\":596,\"commentCount\":0,\"publisher\":{\"@id\":\"https:\\\/\\\/www.trend4ward.de\\\/trendblog\\\/#\\\/schema\\\/person\\\/c65dd8afd2fda04893d121f31b2a8ea4\"},\"image\":{\"@id\":\"https:\\\/\\\/www.trend4ward.de\\\/trendblog\\\/der-garten-ruft-jetzt-gehts-wieder-los\\\/#primaryimage\"},\"thumbnailUrl\":\"https:\\\/\\\/www.trend4ward.de\\\/trendblog\\\/wp-content\\\/uploads\\\/2015\\\/03\\\/bdb_tulpen2.jpg\",\"keywords\":[\"G\u00e4rtnern &amp; Gartenpflanzen\",\"Haus &amp; Immobilien\",\"Selbermachen\"],\"articleSection\":[\"Balkon &amp; Garten\"],\"inLanguage\":\"de\",\"potentialAction\":[{\"@type\":\"CommentAction\",\"name\":\"Comment\",\"target\":[\"https:\\\/\\\/www.trend4ward.de\\\/trendblog\\\/der-garten-ruft-jetzt-gehts-wieder-los\\\/#respond\"]}]},{\"@type\":\"WebPage\",\"@id\":\"https:\\\/\\\/www.trend4ward.de\\\/trendblog\\\/der-garten-ruft-jetzt-gehts-wieder-los\\\/\",\"url\":\"https:\\\/\\\/www.trend4ward.de\\\/trendblog\\\/der-garten-ruft-jetzt-gehts-wieder-los\\\/\",\"name\":\"Der Garten ruft: Jetzt geht\u2019s wieder los! &#8226; trendBlog \u2013 Wohnen, Reisen, Leben und Kultur\",\"isPartOf\":{\"@id\":\"https:\\\/\\\/www.trend4ward.de\\\/trendblog\\\/#website\"},\"primaryImageOfPage\":{\"@id\":\"https:\\\/\\\/www.trend4ward.de\\\/trendblog\\\/der-garten-ruft-jetzt-gehts-wieder-los\\\/#primaryimage\"},\"image\":{\"@id\":\"https:\\\/\\\/www.trend4ward.de\\\/trendblog\\\/der-garten-ruft-jetzt-gehts-wieder-los\\\/#primaryimage\"},\"thumbnailUrl\":\"https:\\\/\\\/www.trend4ward.de\\\/trendblog\\\/wp-content\\\/uploads\\\/2015\\\/03\\\/bdb_tulpen2.jpg\",\"datePublished\":\"2026-02-20T06:00:46+00:00\",\"dateModified\":\"2026-03-17T11:09:58+00:00\",\"description\":\"Der Garten im Fr\u00fchjahr: Was jetzt zu tun ist, erfahren Sie hier.\",\"breadcrumb\":{\"@id\":\"https:\\\/\\\/www.trend4ward.de\\\/trendblog\\\/der-garten-ruft-jetzt-gehts-wieder-los\\\/#breadcrumb\"},\"inLanguage\":\"de\",\"potentialAction\":[{\"@type\":\"ReadAction\",\"target\":[\"https:\\\/\\\/www.trend4ward.de\\\/trendblog\\\/der-garten-ruft-jetzt-gehts-wieder-los\\\/\"]}]},{\"@type\":\"ImageObject\",\"inLanguage\":\"de\",\"@id\":\"https:\\\/\\\/www.trend4ward.de\\\/trendblog\\\/der-garten-ruft-jetzt-gehts-wieder-los\\\/#primaryimage\",\"url\":\"https:\\\/\\\/www.trend4ward.de\\\/trendblog\\\/wp-content\\\/uploads\\\/2015\\\/03\\\/bdb_tulpen2.jpg\",\"contentUrl\":\"https:\\\/\\\/www.trend4ward.de\\\/trendblog\\\/wp-content\\\/uploads\\\/2015\\\/03\\\/bdb_tulpen2.jpg\",\"width\":1498,\"height\":746},{\"@type\":\"BreadcrumbList\",\"@id\":\"https:\\\/\\\/www.trend4ward.de\\\/trendblog\\\/der-garten-ruft-jetzt-gehts-wieder-los\\\/#breadcrumb\",\"itemListElement\":[{\"@type\":\"ListItem\",\"position\":1,\"name\":\"Home\",\"item\":\"https:\\\/\\\/www.trend4ward.de\\\/trendblog\\\/\"},{\"@type\":\"ListItem\",\"position\":2,\"name\":\"Der Garten ruft: Jetzt geht\u2019s wieder los!\"}]},{\"@type\":\"WebSite\",\"@id\":\"https:\\\/\\\/www.trend4ward.de\\\/trendblog\\\/#website\",\"url\":\"https:\\\/\\\/www.trend4ward.de\\\/trendblog\\\/\",\"name\":\"trendBlog \u2013 Wohnen, Reisen, Leben und Kultur\",\"description\":\"Portr\u00e4ts, Reportagen, Ratgeber. Seit 2009. Von Evelyn Steinbach.\",\"publisher\":{\"@id\":\"https:\\\/\\\/www.trend4ward.de\\\/trendblog\\\/#\\\/schema\\\/person\\\/c65dd8afd2fda04893d121f31b2a8ea4\"},\"potentialAction\":[{\"@type\":\"SearchAction\",\"target\":{\"@type\":\"EntryPoint\",\"urlTemplate\":\"https:\\\/\\\/www.trend4ward.de\\\/trendblog\\\/?s={search_term_string}\"},\"query-input\":{\"@type\":\"PropertyValueSpecification\",\"valueRequired\":true,\"valueName\":\"search_term_string\"}}],\"inLanguage\":\"de\"},{\"@type\":[\"Person\",\"Organization\"],\"@id\":\"https:\\\/\\\/www.trend4ward.de\\\/trendblog\\\/#\\\/schema\\\/person\\\/c65dd8afd2fda04893d121f31b2a8ea4\",\"name\":\"Evelyn Steinbach\",\"image\":{\"@type\":\"ImageObject\",\"inLanguage\":\"de\",\"@id\":\"https:\\\/\\\/www.trend4ward.de\\\/trendblog\\\/wp-content\\\/uploads\\\/2020\\\/11\\\/cropped-cropped-IMG_6744-e1692617617527.png\",\"url\":\"https:\\\/\\\/www.trend4ward.de\\\/trendblog\\\/wp-content\\\/uploads\\\/2020\\\/11\\\/cropped-cropped-IMG_6744-e1692617617527.png\",\"contentUrl\":\"https:\\\/\\\/www.trend4ward.de\\\/trendblog\\\/wp-content\\\/uploads\\\/2020\\\/11\\\/cropped-cropped-IMG_6744-e1692617617527.png\",\"width\":200,\"height\":183,\"caption\":\"Evelyn Steinbach\"},\"logo\":{\"@id\":\"https:\\\/\\\/www.trend4ward.de\\\/trendblog\\\/wp-content\\\/uploads\\\/2020\\\/11\\\/cropped-cropped-IMG_6744-e1692617617527.png\"},\"sameAs\":[\"http:\\\/\\\/www.trend4ward.de\"],\"url\":\"https:\\\/\\\/www.trend4ward.de\\\/trendblog\\\/author\\\/eve\\\/\"}]}<\/script>\n<!-- \/ Yoast SEO plugin. -->","yoast_head_json":{"title":"Der Garten ruft: Jetzt geht\u2019s wieder los! &#8226; trendBlog \u2013 Wohnen, Reisen, Leben und Kultur","description":"Der Garten im Fr\u00fchjahr: Was jetzt zu tun ist, erfahren Sie hier.","robots":{"index":"index","follow":"follow","max-snippet":"max-snippet:-1","max-image-preview":"max-image-preview:large","max-video-preview":"max-video-preview:-1"},"canonical":"https:\/\/www.trend4ward.de\/trendblog\/der-garten-ruft-jetzt-gehts-wieder-los\/","og_locale":"de_DE","og_type":"article","og_title":"Der Garten ruft: Jetzt geht\u2019s wieder los! &#8226; trendBlog \u2013 Wohnen, Reisen, Leben und Kultur","og_description":"Der Garten im Fr\u00fchjahr: Was jetzt zu tun ist, erfahren Sie hier.","og_url":"https:\/\/www.trend4ward.de\/trendblog\/der-garten-ruft-jetzt-gehts-wieder-los\/","og_site_name":"trendBlog \u2013 Wohnen, Reisen, Leben und Kultur","article_published_time":"2026-02-20T06:00:46+00:00","article_modified_time":"2026-03-17T11:09:58+00:00","og_image":[{"width":1498,"height":746,"url":"https:\/\/www.trend4ward.de\/trendblog\/wp-content\/uploads\/2015\/03\/bdb_tulpen2.jpg","type":"image\/jpeg"}],"author":"Evelyn Steinbach","twitter_misc":{"Verfasst von":"Evelyn Steinbach","Gesch\u00e4tzte Lesezeit":"4\u00a0Minuten"},"schema":{"@context":"https:\/\/schema.org","@graph":[{"@type":"Article","@id":"https:\/\/www.trend4ward.de\/trendblog\/der-garten-ruft-jetzt-gehts-wieder-los\/#article","isPartOf":{"@id":"https:\/\/www.trend4ward.de\/trendblog\/der-garten-ruft-jetzt-gehts-wieder-los\/"},"author":{"name":"Evelyn Steinbach","@id":"https:\/\/www.trend4ward.de\/trendblog\/#\/schema\/person\/c65dd8afd2fda04893d121f31b2a8ea4"},"headline":"Der Garten ruft: Jetzt geht\u2019s wieder los!","datePublished":"2026-02-20T06:00:46+00:00","dateModified":"2026-03-17T11:09:58+00:00","mainEntityOfPage":{"@id":"https:\/\/www.trend4ward.de\/trendblog\/der-garten-ruft-jetzt-gehts-wieder-los\/"},"wordCount":596,"commentCount":0,"publisher":{"@id":"https:\/\/www.trend4ward.de\/trendblog\/#\/schema\/person\/c65dd8afd2fda04893d121f31b2a8ea4"},"image":{"@id":"https:\/\/www.trend4ward.de\/trendblog\/der-garten-ruft-jetzt-gehts-wieder-los\/#primaryimage"},"thumbnailUrl":"https:\/\/www.trend4ward.de\/trendblog\/wp-content\/uploads\/2015\/03\/bdb_tulpen2.jpg","keywords":["G\u00e4rtnern &amp; Gartenpflanzen","Haus &amp; Immobilien","Selbermachen"],"articleSection":["Balkon &amp; Garten"],"inLanguage":"de","potentialAction":[{"@type":"CommentAction","name":"Comment","target":["https:\/\/www.trend4ward.de\/trendblog\/der-garten-ruft-jetzt-gehts-wieder-los\/#respond"]}]},{"@type":"WebPage","@id":"https:\/\/www.trend4ward.de\/trendblog\/der-garten-ruft-jetzt-gehts-wieder-los\/","url":"https:\/\/www.trend4ward.de\/trendblog\/der-garten-ruft-jetzt-gehts-wieder-los\/","name":"Der Garten ruft: Jetzt geht\u2019s wieder los! &#8226; trendBlog \u2013 Wohnen, Reisen, Leben und Kultur","isPartOf":{"@id":"https:\/\/www.trend4ward.de\/trendblog\/#website"},"primaryImageOfPage":{"@id":"https:\/\/www.trend4ward.de\/trendblog\/der-garten-ruft-jetzt-gehts-wieder-los\/#primaryimage"},"image":{"@id":"https:\/\/www.trend4ward.de\/trendblog\/der-garten-ruft-jetzt-gehts-wieder-los\/#primaryimage"},"thumbnailUrl":"https:\/\/www.trend4ward.de\/trendblog\/wp-content\/uploads\/2015\/03\/bdb_tulpen2.jpg","datePublished":"2026-02-20T06:00:46+00:00","dateModified":"2026-03-17T11:09:58+00:00","description":"Der Garten im Fr\u00fchjahr: Was jetzt zu tun ist, erfahren Sie hier.","breadcrumb":{"@id":"https:\/\/www.trend4ward.de\/trendblog\/der-garten-ruft-jetzt-gehts-wieder-los\/#breadcrumb"},"inLanguage":"de","potentialAction":[{"@type":"ReadAction","target":["https:\/\/www.trend4ward.de\/trendblog\/der-garten-ruft-jetzt-gehts-wieder-los\/"]}]},{"@type":"ImageObject","inLanguage":"de","@id":"https:\/\/www.trend4ward.de\/trendblog\/der-garten-ruft-jetzt-gehts-wieder-los\/#primaryimage","url":"https:\/\/www.trend4ward.de\/trendblog\/wp-content\/uploads\/2015\/03\/bdb_tulpen2.jpg","contentUrl":"https:\/\/www.trend4ward.de\/trendblog\/wp-content\/uploads\/2015\/03\/bdb_tulpen2.jpg","width":1498,"height":746},{"@type":"BreadcrumbList","@id":"https:\/\/www.trend4ward.de\/trendblog\/der-garten-ruft-jetzt-gehts-wieder-los\/#breadcrumb","itemListElement":[{"@type":"ListItem","position":1,"name":"Home","item":"https:\/\/www.trend4ward.de\/trendblog\/"},{"@type":"ListItem","position":2,"name":"Der Garten ruft: Jetzt geht\u2019s wieder los!"}]},{"@type":"WebSite","@id":"https:\/\/www.trend4ward.de\/trendblog\/#website","url":"https:\/\/www.trend4ward.de\/trendblog\/","name":"trendBlog \u2013 Wohnen, Reisen, Leben und Kultur","description":"Portr\u00e4ts, Reportagen, Ratgeber. Seit 2009. Von Evelyn Steinbach.","publisher":{"@id":"https:\/\/www.trend4ward.de\/trendblog\/#\/schema\/person\/c65dd8afd2fda04893d121f31b2a8ea4"},"potentialAction":[{"@type":"SearchAction","target":{"@type":"EntryPoint","urlTemplate":"https:\/\/www.trend4ward.de\/trendblog\/?s={search_term_string}"},"query-input":{"@type":"PropertyValueSpecification","valueRequired":true,"valueName":"search_term_string"}}],"inLanguage":"de"},{"@type":["Person","Organization"],"@id":"https:\/\/www.trend4ward.de\/trendblog\/#\/schema\/person\/c65dd8afd2fda04893d121f31b2a8ea4","name":"Evelyn Steinbach","image":{"@type":"ImageObject","inLanguage":"de","@id":"https:\/\/www.trend4ward.de\/trendblog\/wp-content\/uploads\/2020\/11\/cropped-cropped-IMG_6744-e1692617617527.png","url":"https:\/\/www.trend4ward.de\/trendblog\/wp-content\/uploads\/2020\/11\/cropped-cropped-IMG_6744-e1692617617527.png","contentUrl":"https:\/\/www.trend4ward.de\/trendblog\/wp-content\/uploads\/2020\/11\/cropped-cropped-IMG_6744-e1692617617527.png","width":200,"height":183,"caption":"Evelyn Steinbach"},"logo":{"@id":"https:\/\/www.trend4ward.de\/trendblog\/wp-content\/uploads\/2020\/11\/cropped-cropped-IMG_6744-e1692617617527.png"},"sameAs":["http:\/\/www.trend4ward.de"],"url":"https:\/\/www.trend4ward.de\/trendblog\/author\/eve\/"}]}},"jetpack_featured_media_url":"https:\/\/www.trend4ward.de\/trendblog\/wp-content\/uploads\/2015\/03\/bdb_tulpen2.jpg","jetpack_sharing_enabled":true,"_links":{"self":[{"href":"https:\/\/www.trend4ward.de\/trendblog\/wp-json\/wp\/v2\/posts\/1374","targetHints":{"allow":["GET"]}}],"collection":[{"href":"https:\/\/www.trend4ward.de\/trendblog\/wp-json\/wp\/v2\/posts"}],"about":[{"href":"https:\/\/www.trend4ward.de\/trendblog\/wp-json\/wp\/v2\/types\/post"}],"author":[{"embeddable":true,"href":"https:\/\/www.trend4ward.de\/trendblog\/wp-json\/wp\/v2\/users\/1"}],"replies":[{"embeddable":true,"href":"https:\/\/www.trend4ward.de\/trendblog\/wp-json\/wp\/v2\/comments?post=1374"}],"version-history":[{"count":10,"href":"https:\/\/www.trend4ward.de\/trendblog\/wp-json\/wp\/v2\/posts\/1374\/revisions"}],"predecessor-version":[{"id":5982,"href":"https:\/\/www.trend4ward.de\/trendblog\/wp-json\/wp\/v2\/posts\/1374\/revisions\/5982"}],"wp:featuredmedia":[{"embeddable":true,"href":"https:\/\/www.trend4ward.de\/trendblog\/wp-json\/wp\/v2\/media\/1376"}],"wp:attachment":[{"href":"https:\/\/www.trend4ward.de\/trendblog\/wp-json\/wp\/v2\/media?parent=1374"}],"wp:term":[{"taxonomy":"category","embeddable":true,"href":"https:\/\/www.trend4ward.de\/trendblog\/wp-json\/wp\/v2\/categories?post=1374"},{"taxonomy":"post_tag","embeddable":true,"href":"https:\/\/www.trend4ward.de\/trendblog\/wp-json\/wp\/v2\/tags?post=1374"}],"curies":[{"name":"wp","href":"https:\/\/api.w.org\/{rel}","templated":true}]}}