{"id":1469,"date":"2015-05-07T11:00:54","date_gmt":"2015-05-07T09:00:54","guid":{"rendered":"https:\/\/www.trend4ward.de\/trendblog\/?p=1469"},"modified":"2019-05-06T16:57:28","modified_gmt":"2019-05-06T14:57:28","slug":"portugals-algarve-85-straende-an-der-algarve-mit-blauer-flagge-ausgezeichnet","status":"publish","type":"post","link":"https:\/\/www.trend4ward.de\/trendblog\/portugals-algarve-85-straende-an-der-algarve-mit-blauer-flagge-ausgezeichnet\/","title":{"rendered":"Portugals Algarve: 85 Str\u00e4nde mit Blauer Flagge"},"content":{"rendered":"<p><strong>Diese Saison wird an den Str\u00e4nden der Algarve wieder die Blaue Flagge gehisst. Insgesamt 85 Str\u00e4nde haben aktuell die Auszeichnung erhalten, drei mehr als im Vorjahr. Das internationale Umweltsiegel steht f\u00fcr die hohe Qualit\u00e4t und Sicherheit der Badezonen. Insgesamt 299 Str\u00e4nde in Portugal tragen die Blaue Flagge. Die Algarve, als pr\u00e4destiniertes Badeurlaubsziel, h\u00e4lt anteilig die meisten der ausgezeichneten Str\u00e4nde im Land.<\/strong><!--more--><\/p>\n<figure id=\"attachment_1471\" aria-describedby=\"caption-attachment-1471\" style=\"width: 320px\" class=\"wp-caption alignleft\"><a href=\"https:\/\/www.trend4ward.de\/trendblog\/wp-content\/uploads\/2015\/05\/BEliche.png\"><img loading=\"lazy\" decoding=\"async\" class=\"wp-image-1471\" src=\"https:\/\/www.trend4ward.de\/trendblog\/wp-content\/uploads\/2015\/05\/BEliche-300x223.png\" alt=\"Beliche\" width=\"320\" height=\"238\" srcset=\"https:\/\/www.trend4ward.de\/trendblog\/wp-content\/uploads\/2015\/05\/BEliche-300x223.png 300w, https:\/\/www.trend4ward.de\/trendblog\/wp-content\/uploads\/2015\/05\/BEliche-81x60.png 81w, https:\/\/www.trend4ward.de\/trendblog\/wp-content\/uploads\/2015\/05\/BEliche.png 571w\" sizes=\"auto, (max-width: 320px) 100vw, 320px\" \/><\/a><figcaption id=\"caption-attachment-1471\" class=\"wp-caption-text\">Praia do Beliche: in diesem Jahr erstmals mit der Blauen Flagge ausgezeichnet \u2013 Fotos: Algarve Tourism<\/figcaption><\/figure>\n<p>Die Region um Albufeira f\u00fchrt mit 24 Str\u00e4nden, gefolgt von Vila do Bispo an der Westalgarve, die elf Str\u00e4nde mit Blauer Flagge z\u00e4hlt. Das Siegel wird von der ABAE (Associa\u00e7\u00e3o Bandeira Azul da Europa), der portugiesischen Umweltorganisation und der internationalen FEE (Foundation for Environmental Education) vergeben. Neu hinzugekommen ist in diesem Jahr der Strand <strong>Beliche<\/strong> in Sagres (Region Vila do Bispo), den man auf dem Weg zum s\u00fcdwestlichsten Punkt des Festlandes, Cabo de S\u00e3o Vicente, passiert. Die Bucht, eingerahmt in eine malerische Felskulisse, l\u00e4sst sich nur zu Fu\u00df \u00fcber einige Stufen bergab erreichen. Daf\u00fcr \u00fcberzeugt sie mit herrlich klarem Wasser und sauberen Sandstrand. Nach einer Pause wieder mit auf der Liste ist auch der nicht weit von Beliche entfernte Strand <strong>Tonel<\/strong>, der besonders bei Surfern beliebt ist. Erneut dabei sind auch die h\u00fcbsch gelegenen Str\u00e4nde von <strong>Ferragudo<\/strong> in der Region Lagoa sowie <strong>Alem\u00e3es<\/strong> in Albufeira.<\/p>\n<figure id=\"attachment_1476\" aria-describedby=\"caption-attachment-1476\" style=\"width: 300px\" class=\"wp-caption alignright\"><a href=\"https:\/\/www.trend4ward.de\/trendblog\/wp-content\/uploads\/2015\/05\/Blue_Flag.png\"><img loading=\"lazy\" decoding=\"async\" class=\"wp-image-1476 size-medium\" src=\"https:\/\/www.trend4ward.de\/trendblog\/wp-content\/uploads\/2015\/05\/Blue_Flag-300x214.png\" alt=\"Blaue Flagge Algarve Str\u00e4nde\" width=\"300\" height=\"214\" srcset=\"https:\/\/www.trend4ward.de\/trendblog\/wp-content\/uploads\/2015\/05\/Blue_Flag-300x214.png 300w, https:\/\/www.trend4ward.de\/trendblog\/wp-content\/uploads\/2015\/05\/Blue_Flag-84x60.png 84w, https:\/\/www.trend4ward.de\/trendblog\/wp-content\/uploads\/2015\/05\/Blue_Flag.png 420w\" sizes=\"auto, (max-width: 300px) 100vw, 300px\" \/><\/a><figcaption id=\"caption-attachment-1476\" class=\"wp-caption-text\">Blaue Flagge f\u00fcr die Algarve<\/figcaption><\/figure>\n<p>Badeorte, die sich f\u00fcr die Blaue Flagge bewerben, m\u00fcssen einige Auflagen erf\u00fcllen: beispielsweise gute Wasserqualit\u00e4t vorweisen, Rettungskr\u00e4fte einsetzen und auf Sauberkeit an den Str\u00e4nden achten. Abfalleimer, Toiletten und Duschen geh\u00f6ren dazu sowie Besucherinformationen \u00fcber Strand, Wasser und K\u00fcstenschutz. Bereits seit 1987 werden die Str\u00e4nde an der Algarve mit der Blauen Flagge ausgezeichnet. Die Auszeichnung wurde zudem an vier Yachth\u00e4fen vergeben: Albufeira, Lagos, Portim\u00e3o und Vilamoura. Die H\u00e4fen m\u00fcssen zus\u00e4tzlich verschiedene Kriterien in der Verwaltung, Informationspflicht und Umwelterziehung erf\u00fcllen.<\/p>\n<p>&nbsp;<\/p>\n<p>&nbsp;<\/p>\n","protected":false},"excerpt":{"rendered":"<p>Diese Saison wird an den Str\u00e4nden der Algarve wieder die Blaue Flagge gehisst. Insgesamt 85 Str\u00e4nde haben aktuell die Auszeichnung erhalten, drei mehr als im Vorjahr. Das internationale Umweltsiegel steht f\u00fcr die hohe Qualit\u00e4t und Sicherheit der Badezonen. Insgesamt 299 Str\u00e4nde in Portugal tragen die Blaue Flagge. Die Algarve, als pr\u00e4destiniertes Badeurlaubsziel, h\u00e4lt anteilig die&hellip;&nbsp;<a href=\"https:\/\/www.trend4ward.de\/trendblog\/portugals-algarve-85-straende-an-der-algarve-mit-blauer-flagge-ausgezeichnet\/\" rel=\"bookmark\">Weiterlesen &raquo;<span class=\"screen-reader-text\">Portugals Algarve: 85 Str\u00e4nde mit Blauer Flagge<\/span><\/a><\/p>\n","protected":false},"author":1,"featured_media":1023,"comment_status":"open","ping_status":"open","sticky":false,"template":"","format":"standard","meta":{"om_disable_all_campaigns":false,"_monsterinsights_skip_tracking":false,"_monsterinsights_sitenote_active":false,"_monsterinsights_sitenote_note":"","_monsterinsights_sitenote_category":0,"_uf_show_specific_survey":0,"_uf_disable_surveys":false,"neve_meta_sidebar":"","neve_meta_container":"","neve_meta_enable_content_width":"","neve_meta_content_width":0,"neve_meta_title_alignment":"","neve_meta_author_avatar":"","neve_post_elements_order":"","neve_meta_disable_header":"","neve_meta_disable_footer":"","neve_meta_disable_title":"","ngg_post_thumbnail":0,"_jetpack_memberships_contains_paid_content":false,"footnotes":""},"categories":[204],"tags":[109,53,54],"class_list":["post-1469","post","type-post","status-publish","format-standard","has-post-thumbnail","hentry","category-urlaub-verreisen","tag-portugal","tag-strand","tag-urlaub"],"yoast_head":"<!-- This site is optimized with the Yoast SEO plugin v27.4 - https:\/\/yoast.com\/product\/yoast-seo-wordpress\/ -->\n<title>Algarve Str\u00e4nde mit Blauer Flagge 2015<\/title>\n<meta name=\"description\" content=\"Str\u00e4nde der Algarve mit Blauer Flagge. Insgesamt 85 Str\u00e4nde haben 2015 die Auszeichnung erhalten, drei mehr als im Vorjahr.\" \/>\n<meta name=\"robots\" content=\"index, follow, max-snippet:-1, max-image-preview:large, max-video-preview:-1\" \/>\n<link rel=\"canonical\" href=\"https:\/\/www.trend4ward.de\/trendblog\/portugals-algarve-85-straende-an-der-algarve-mit-blauer-flagge-ausgezeichnet\/\" \/>\n<meta property=\"og:locale\" content=\"de_DE\" \/>\n<meta property=\"og:type\" content=\"article\" \/>\n<meta property=\"og:title\" content=\"Algarve Str\u00e4nde mit Blauer Flagge 2015\" \/>\n<meta property=\"og:description\" content=\"Str\u00e4nde der Algarve mit Blauer Flagge. Insgesamt 85 Str\u00e4nde haben 2015 die Auszeichnung erhalten, drei mehr als im Vorjahr.\" \/>\n<meta property=\"og:url\" content=\"https:\/\/www.trend4ward.de\/trendblog\/portugals-algarve-85-straende-an-der-algarve-mit-blauer-flagge-ausgezeichnet\/\" \/>\n<meta property=\"og:site_name\" content=\"trendBlog \u2013 Wohnen, Reisen, Leben und Kultur\" \/>\n<meta property=\"article:published_time\" content=\"2015-05-07T09:00:54+00:00\" \/>\n<meta property=\"article:modified_time\" content=\"2019-05-06T14:57:28+00:00\" \/>\n<meta property=\"og:image\" content=\"https:\/\/www.trend4ward.de\/trendblog\/wp-content\/uploads\/2014\/12\/PT-Algarve-Lagos-Kueste-kl.jpg\" \/>\n\t<meta property=\"og:image:width\" content=\"1000\" \/>\n\t<meta property=\"og:image:height\" content=\"781\" \/>\n\t<meta property=\"og:image:type\" content=\"image\/jpeg\" \/>\n<meta name=\"author\" content=\"Evelyn Steinbach\" \/>\n<meta name=\"twitter:label1\" content=\"Verfasst von\" \/>\n\t<meta name=\"twitter:data1\" content=\"Evelyn Steinbach\" \/>\n\t<meta name=\"twitter:label2\" content=\"Gesch\u00e4tzte Lesezeit\" \/>\n\t<meta name=\"twitter:data2\" content=\"2\u00a0Minuten\" \/>\n<script type=\"application\/ld+json\" class=\"yoast-schema-graph\">{\"@context\":\"https:\\\/\\\/schema.org\",\"@graph\":[{\"@type\":\"Article\",\"@id\":\"https:\\\/\\\/www.trend4ward.de\\\/trendblog\\\/portugals-algarve-85-straende-an-der-algarve-mit-blauer-flagge-ausgezeichnet\\\/#article\",\"isPartOf\":{\"@id\":\"https:\\\/\\\/www.trend4ward.de\\\/trendblog\\\/portugals-algarve-85-straende-an-der-algarve-mit-blauer-flagge-ausgezeichnet\\\/\"},\"author\":{\"name\":\"Evelyn Steinbach\",\"@id\":\"https:\\\/\\\/www.trend4ward.de\\\/trendblog\\\/#\\\/schema\\\/person\\\/c65dd8afd2fda04893d121f31b2a8ea4\"},\"headline\":\"Portugals Algarve: 85 Str\u00e4nde mit Blauer Flagge\",\"datePublished\":\"2015-05-07T09:00:54+00:00\",\"dateModified\":\"2019-05-06T14:57:28+00:00\",\"mainEntityOfPage\":{\"@id\":\"https:\\\/\\\/www.trend4ward.de\\\/trendblog\\\/portugals-algarve-85-straende-an-der-algarve-mit-blauer-flagge-ausgezeichnet\\\/\"},\"wordCount\":359,\"commentCount\":0,\"publisher\":{\"@id\":\"https:\\\/\\\/www.trend4ward.de\\\/trendblog\\\/#\\\/schema\\\/person\\\/c65dd8afd2fda04893d121f31b2a8ea4\"},\"image\":{\"@id\":\"https:\\\/\\\/www.trend4ward.de\\\/trendblog\\\/portugals-algarve-85-straende-an-der-algarve-mit-blauer-flagge-ausgezeichnet\\\/#primaryimage\"},\"thumbnailUrl\":\"https:\\\/\\\/www.trend4ward.de\\\/trendblog\\\/wp-content\\\/uploads\\\/2014\\\/12\\\/PT-Algarve-Lagos-Kueste-kl.jpg\",\"keywords\":[\"Portugal\",\"Strand\",\"Urlaub\"],\"articleSection\":[\"Urlaub &amp; Verreisen\"],\"inLanguage\":\"de\",\"potentialAction\":[{\"@type\":\"CommentAction\",\"name\":\"Comment\",\"target\":[\"https:\\\/\\\/www.trend4ward.de\\\/trendblog\\\/portugals-algarve-85-straende-an-der-algarve-mit-blauer-flagge-ausgezeichnet\\\/#respond\"]}]},{\"@type\":\"WebPage\",\"@id\":\"https:\\\/\\\/www.trend4ward.de\\\/trendblog\\\/portugals-algarve-85-straende-an-der-algarve-mit-blauer-flagge-ausgezeichnet\\\/\",\"url\":\"https:\\\/\\\/www.trend4ward.de\\\/trendblog\\\/portugals-algarve-85-straende-an-der-algarve-mit-blauer-flagge-ausgezeichnet\\\/\",\"name\":\"Algarve Str\u00e4nde mit Blauer Flagge 2015\",\"isPartOf\":{\"@id\":\"https:\\\/\\\/www.trend4ward.de\\\/trendblog\\\/#website\"},\"primaryImageOfPage\":{\"@id\":\"https:\\\/\\\/www.trend4ward.de\\\/trendblog\\\/portugals-algarve-85-straende-an-der-algarve-mit-blauer-flagge-ausgezeichnet\\\/#primaryimage\"},\"image\":{\"@id\":\"https:\\\/\\\/www.trend4ward.de\\\/trendblog\\\/portugals-algarve-85-straende-an-der-algarve-mit-blauer-flagge-ausgezeichnet\\\/#primaryimage\"},\"thumbnailUrl\":\"https:\\\/\\\/www.trend4ward.de\\\/trendblog\\\/wp-content\\\/uploads\\\/2014\\\/12\\\/PT-Algarve-Lagos-Kueste-kl.jpg\",\"datePublished\":\"2015-05-07T09:00:54+00:00\",\"dateModified\":\"2019-05-06T14:57:28+00:00\",\"description\":\"Str\u00e4nde der Algarve mit Blauer Flagge. Insgesamt 85 Str\u00e4nde haben 2015 die Auszeichnung erhalten, drei mehr als im Vorjahr.\",\"breadcrumb\":{\"@id\":\"https:\\\/\\\/www.trend4ward.de\\\/trendblog\\\/portugals-algarve-85-straende-an-der-algarve-mit-blauer-flagge-ausgezeichnet\\\/#breadcrumb\"},\"inLanguage\":\"de\",\"potentialAction\":[{\"@type\":\"ReadAction\",\"target\":[\"https:\\\/\\\/www.trend4ward.de\\\/trendblog\\\/portugals-algarve-85-straende-an-der-algarve-mit-blauer-flagge-ausgezeichnet\\\/\"]}]},{\"@type\":\"ImageObject\",\"inLanguage\":\"de\",\"@id\":\"https:\\\/\\\/www.trend4ward.de\\\/trendblog\\\/portugals-algarve-85-straende-an-der-algarve-mit-blauer-flagge-ausgezeichnet\\\/#primaryimage\",\"url\":\"https:\\\/\\\/www.trend4ward.de\\\/trendblog\\\/wp-content\\\/uploads\\\/2014\\\/12\\\/PT-Algarve-Lagos-Kueste-kl.jpg\",\"contentUrl\":\"https:\\\/\\\/www.trend4ward.de\\\/trendblog\\\/wp-content\\\/uploads\\\/2014\\\/12\\\/PT-Algarve-Lagos-Kueste-kl.jpg\",\"width\":1000,\"height\":781},{\"@type\":\"BreadcrumbList\",\"@id\":\"https:\\\/\\\/www.trend4ward.de\\\/trendblog\\\/portugals-algarve-85-straende-an-der-algarve-mit-blauer-flagge-ausgezeichnet\\\/#breadcrumb\",\"itemListElement\":[{\"@type\":\"ListItem\",\"position\":1,\"name\":\"Home\",\"item\":\"https:\\\/\\\/www.trend4ward.de\\\/trendblog\\\/\"},{\"@type\":\"ListItem\",\"position\":2,\"name\":\"Portugals Algarve: 85 Str\u00e4nde mit Blauer Flagge\"}]},{\"@type\":\"WebSite\",\"@id\":\"https:\\\/\\\/www.trend4ward.de\\\/trendblog\\\/#website\",\"url\":\"https:\\\/\\\/www.trend4ward.de\\\/trendblog\\\/\",\"name\":\"trendBlog \u2013 Wohnen, Reisen, Leben und Kultur\",\"description\":\"Portr\u00e4ts, Reportagen, Ratgeber. Seit 2009. Von Evelyn Steinbach.\",\"publisher\":{\"@id\":\"https:\\\/\\\/www.trend4ward.de\\\/trendblog\\\/#\\\/schema\\\/person\\\/c65dd8afd2fda04893d121f31b2a8ea4\"},\"potentialAction\":[{\"@type\":\"SearchAction\",\"target\":{\"@type\":\"EntryPoint\",\"urlTemplate\":\"https:\\\/\\\/www.trend4ward.de\\\/trendblog\\\/?s={search_term_string}\"},\"query-input\":{\"@type\":\"PropertyValueSpecification\",\"valueRequired\":true,\"valueName\":\"search_term_string\"}}],\"inLanguage\":\"de\"},{\"@type\":[\"Person\",\"Organization\"],\"@id\":\"https:\\\/\\\/www.trend4ward.de\\\/trendblog\\\/#\\\/schema\\\/person\\\/c65dd8afd2fda04893d121f31b2a8ea4\",\"name\":\"Evelyn Steinbach\",\"image\":{\"@type\":\"ImageObject\",\"inLanguage\":\"de\",\"@id\":\"https:\\\/\\\/www.trend4ward.de\\\/trendblog\\\/wp-content\\\/uploads\\\/2020\\\/11\\\/cropped-cropped-IMG_6744-e1692617617527.png\",\"url\":\"https:\\\/\\\/www.trend4ward.de\\\/trendblog\\\/wp-content\\\/uploads\\\/2020\\\/11\\\/cropped-cropped-IMG_6744-e1692617617527.png\",\"contentUrl\":\"https:\\\/\\\/www.trend4ward.de\\\/trendblog\\\/wp-content\\\/uploads\\\/2020\\\/11\\\/cropped-cropped-IMG_6744-e1692617617527.png\",\"width\":200,\"height\":183,\"caption\":\"Evelyn Steinbach\"},\"logo\":{\"@id\":\"https:\\\/\\\/www.trend4ward.de\\\/trendblog\\\/wp-content\\\/uploads\\\/2020\\\/11\\\/cropped-cropped-IMG_6744-e1692617617527.png\"},\"sameAs\":[\"http:\\\/\\\/www.trend4ward.de\"],\"url\":\"https:\\\/\\\/www.trend4ward.de\\\/trendblog\\\/author\\\/eve\\\/\"}]}<\/script>\n<!-- \/ Yoast SEO plugin. -->","yoast_head_json":{"title":"Algarve Str\u00e4nde mit Blauer Flagge 2015","description":"Str\u00e4nde der Algarve mit Blauer Flagge. Insgesamt 85 Str\u00e4nde haben 2015 die Auszeichnung erhalten, drei mehr als im Vorjahr.","robots":{"index":"index","follow":"follow","max-snippet":"max-snippet:-1","max-image-preview":"max-image-preview:large","max-video-preview":"max-video-preview:-1"},"canonical":"https:\/\/www.trend4ward.de\/trendblog\/portugals-algarve-85-straende-an-der-algarve-mit-blauer-flagge-ausgezeichnet\/","og_locale":"de_DE","og_type":"article","og_title":"Algarve Str\u00e4nde mit Blauer Flagge 2015","og_description":"Str\u00e4nde der Algarve mit Blauer Flagge. Insgesamt 85 Str\u00e4nde haben 2015 die Auszeichnung erhalten, drei mehr als im Vorjahr.","og_url":"https:\/\/www.trend4ward.de\/trendblog\/portugals-algarve-85-straende-an-der-algarve-mit-blauer-flagge-ausgezeichnet\/","og_site_name":"trendBlog \u2013 Wohnen, Reisen, Leben und Kultur","article_published_time":"2015-05-07T09:00:54+00:00","article_modified_time":"2019-05-06T14:57:28+00:00","og_image":[{"width":1000,"height":781,"url":"https:\/\/www.trend4ward.de\/trendblog\/wp-content\/uploads\/2014\/12\/PT-Algarve-Lagos-Kueste-kl.jpg","type":"image\/jpeg"}],"author":"Evelyn Steinbach","twitter_misc":{"Verfasst von":"Evelyn Steinbach","Gesch\u00e4tzte Lesezeit":"2\u00a0Minuten"},"schema":{"@context":"https:\/\/schema.org","@graph":[{"@type":"Article","@id":"https:\/\/www.trend4ward.de\/trendblog\/portugals-algarve-85-straende-an-der-algarve-mit-blauer-flagge-ausgezeichnet\/#article","isPartOf":{"@id":"https:\/\/www.trend4ward.de\/trendblog\/portugals-algarve-85-straende-an-der-algarve-mit-blauer-flagge-ausgezeichnet\/"},"author":{"name":"Evelyn Steinbach","@id":"https:\/\/www.trend4ward.de\/trendblog\/#\/schema\/person\/c65dd8afd2fda04893d121f31b2a8ea4"},"headline":"Portugals Algarve: 85 Str\u00e4nde mit Blauer Flagge","datePublished":"2015-05-07T09:00:54+00:00","dateModified":"2019-05-06T14:57:28+00:00","mainEntityOfPage":{"@id":"https:\/\/www.trend4ward.de\/trendblog\/portugals-algarve-85-straende-an-der-algarve-mit-blauer-flagge-ausgezeichnet\/"},"wordCount":359,"commentCount":0,"publisher":{"@id":"https:\/\/www.trend4ward.de\/trendblog\/#\/schema\/person\/c65dd8afd2fda04893d121f31b2a8ea4"},"image":{"@id":"https:\/\/www.trend4ward.de\/trendblog\/portugals-algarve-85-straende-an-der-algarve-mit-blauer-flagge-ausgezeichnet\/#primaryimage"},"thumbnailUrl":"https:\/\/www.trend4ward.de\/trendblog\/wp-content\/uploads\/2014\/12\/PT-Algarve-Lagos-Kueste-kl.jpg","keywords":["Portugal","Strand","Urlaub"],"articleSection":["Urlaub &amp; Verreisen"],"inLanguage":"de","potentialAction":[{"@type":"CommentAction","name":"Comment","target":["https:\/\/www.trend4ward.de\/trendblog\/portugals-algarve-85-straende-an-der-algarve-mit-blauer-flagge-ausgezeichnet\/#respond"]}]},{"@type":"WebPage","@id":"https:\/\/www.trend4ward.de\/trendblog\/portugals-algarve-85-straende-an-der-algarve-mit-blauer-flagge-ausgezeichnet\/","url":"https:\/\/www.trend4ward.de\/trendblog\/portugals-algarve-85-straende-an-der-algarve-mit-blauer-flagge-ausgezeichnet\/","name":"Algarve Str\u00e4nde mit Blauer Flagge 2015","isPartOf":{"@id":"https:\/\/www.trend4ward.de\/trendblog\/#website"},"primaryImageOfPage":{"@id":"https:\/\/www.trend4ward.de\/trendblog\/portugals-algarve-85-straende-an-der-algarve-mit-blauer-flagge-ausgezeichnet\/#primaryimage"},"image":{"@id":"https:\/\/www.trend4ward.de\/trendblog\/portugals-algarve-85-straende-an-der-algarve-mit-blauer-flagge-ausgezeichnet\/#primaryimage"},"thumbnailUrl":"https:\/\/www.trend4ward.de\/trendblog\/wp-content\/uploads\/2014\/12\/PT-Algarve-Lagos-Kueste-kl.jpg","datePublished":"2015-05-07T09:00:54+00:00","dateModified":"2019-05-06T14:57:28+00:00","description":"Str\u00e4nde der Algarve mit Blauer Flagge. Insgesamt 85 Str\u00e4nde haben 2015 die Auszeichnung erhalten, drei mehr als im Vorjahr.","breadcrumb":{"@id":"https:\/\/www.trend4ward.de\/trendblog\/portugals-algarve-85-straende-an-der-algarve-mit-blauer-flagge-ausgezeichnet\/#breadcrumb"},"inLanguage":"de","potentialAction":[{"@type":"ReadAction","target":["https:\/\/www.trend4ward.de\/trendblog\/portugals-algarve-85-straende-an-der-algarve-mit-blauer-flagge-ausgezeichnet\/"]}]},{"@type":"ImageObject","inLanguage":"de","@id":"https:\/\/www.trend4ward.de\/trendblog\/portugals-algarve-85-straende-an-der-algarve-mit-blauer-flagge-ausgezeichnet\/#primaryimage","url":"https:\/\/www.trend4ward.de\/trendblog\/wp-content\/uploads\/2014\/12\/PT-Algarve-Lagos-Kueste-kl.jpg","contentUrl":"https:\/\/www.trend4ward.de\/trendblog\/wp-content\/uploads\/2014\/12\/PT-Algarve-Lagos-Kueste-kl.jpg","width":1000,"height":781},{"@type":"BreadcrumbList","@id":"https:\/\/www.trend4ward.de\/trendblog\/portugals-algarve-85-straende-an-der-algarve-mit-blauer-flagge-ausgezeichnet\/#breadcrumb","itemListElement":[{"@type":"ListItem","position":1,"name":"Home","item":"https:\/\/www.trend4ward.de\/trendblog\/"},{"@type":"ListItem","position":2,"name":"Portugals Algarve: 85 Str\u00e4nde mit Blauer Flagge"}]},{"@type":"WebSite","@id":"https:\/\/www.trend4ward.de\/trendblog\/#website","url":"https:\/\/www.trend4ward.de\/trendblog\/","name":"trendBlog \u2013 Wohnen, Reisen, Leben und Kultur","description":"Portr\u00e4ts, Reportagen, Ratgeber. Seit 2009. Von Evelyn Steinbach.","publisher":{"@id":"https:\/\/www.trend4ward.de\/trendblog\/#\/schema\/person\/c65dd8afd2fda04893d121f31b2a8ea4"},"potentialAction":[{"@type":"SearchAction","target":{"@type":"EntryPoint","urlTemplate":"https:\/\/www.trend4ward.de\/trendblog\/?s={search_term_string}"},"query-input":{"@type":"PropertyValueSpecification","valueRequired":true,"valueName":"search_term_string"}}],"inLanguage":"de"},{"@type":["Person","Organization"],"@id":"https:\/\/www.trend4ward.de\/trendblog\/#\/schema\/person\/c65dd8afd2fda04893d121f31b2a8ea4","name":"Evelyn Steinbach","image":{"@type":"ImageObject","inLanguage":"de","@id":"https:\/\/www.trend4ward.de\/trendblog\/wp-content\/uploads\/2020\/11\/cropped-cropped-IMG_6744-e1692617617527.png","url":"https:\/\/www.trend4ward.de\/trendblog\/wp-content\/uploads\/2020\/11\/cropped-cropped-IMG_6744-e1692617617527.png","contentUrl":"https:\/\/www.trend4ward.de\/trendblog\/wp-content\/uploads\/2020\/11\/cropped-cropped-IMG_6744-e1692617617527.png","width":200,"height":183,"caption":"Evelyn Steinbach"},"logo":{"@id":"https:\/\/www.trend4ward.de\/trendblog\/wp-content\/uploads\/2020\/11\/cropped-cropped-IMG_6744-e1692617617527.png"},"sameAs":["http:\/\/www.trend4ward.de"],"url":"https:\/\/www.trend4ward.de\/trendblog\/author\/eve\/"}]}},"jetpack_featured_media_url":"https:\/\/www.trend4ward.de\/trendblog\/wp-content\/uploads\/2014\/12\/PT-Algarve-Lagos-Kueste-kl.jpg","jetpack_sharing_enabled":true,"_links":{"self":[{"href":"https:\/\/www.trend4ward.de\/trendblog\/wp-json\/wp\/v2\/posts\/1469","targetHints":{"allow":["GET"]}}],"collection":[{"href":"https:\/\/www.trend4ward.de\/trendblog\/wp-json\/wp\/v2\/posts"}],"about":[{"href":"https:\/\/www.trend4ward.de\/trendblog\/wp-json\/wp\/v2\/types\/post"}],"author":[{"embeddable":true,"href":"https:\/\/www.trend4ward.de\/trendblog\/wp-json\/wp\/v2\/users\/1"}],"replies":[{"embeddable":true,"href":"https:\/\/www.trend4ward.de\/trendblog\/wp-json\/wp\/v2\/comments?post=1469"}],"version-history":[{"count":11,"href":"https:\/\/www.trend4ward.de\/trendblog\/wp-json\/wp\/v2\/posts\/1469\/revisions"}],"predecessor-version":[{"id":3567,"href":"https:\/\/www.trend4ward.de\/trendblog\/wp-json\/wp\/v2\/posts\/1469\/revisions\/3567"}],"wp:featuredmedia":[{"embeddable":true,"href":"https:\/\/www.trend4ward.de\/trendblog\/wp-json\/wp\/v2\/media\/1023"}],"wp:attachment":[{"href":"https:\/\/www.trend4ward.de\/trendblog\/wp-json\/wp\/v2\/media?parent=1469"}],"wp:term":[{"taxonomy":"category","embeddable":true,"href":"https:\/\/www.trend4ward.de\/trendblog\/wp-json\/wp\/v2\/categories?post=1469"},{"taxonomy":"post_tag","embeddable":true,"href":"https:\/\/www.trend4ward.de\/trendblog\/wp-json\/wp\/v2\/tags?post=1469"}],"curies":[{"name":"wp","href":"https:\/\/api.w.org\/{rel}","templated":true}]}}