{"id":150,"date":"2018-03-30T21:52:08","date_gmt":"2018-03-30T19:52:08","guid":{"rendered":"https:\/\/www.trend4ward.de\/trendblog\/?p=150"},"modified":"2022-02-23T12:17:41","modified_gmt":"2022-02-23T11:17:41","slug":"mini-buero-zuhause","status":"publish","type":"post","link":"https:\/\/www.trend4ward.de\/trendblog\/mini-buero-zuhause\/","title":{"rendered":"Mini-B\u00fcro f\u00fcr Zuhause: Tipps f\u00fcr die Nische"},"content":{"rendered":"<p><strong>Briefe schreiben, Akten sortieren oder im Internet surfen: Diese Arbeiten lassen sich am besten am Schreibtisch erledigen. Da in der Mietwohnung oft kein Platz f\u00fcr ein extra Arbeitszimmer ist, wird das Mini-B\u00fcro dezent in den Wohnraum integriert. Wie das genau funktioniert, erfahren Sie hier.<\/strong><!--more--><\/p>\n<p>Wer daheim den Briefverkehr erledigt, die Steuererkl\u00e4rung erstellt oder hin und wieder am Computer sitzt, ben\u00f6tigt einen kleinen Arbeitsplatz. Moderne Schreibtische sind flach und flexibel und lassen sich an verschiedenen Orten in der Wohnung aufstellen. Ein paar platzsparende B\u00fcrol\u00f6sungen f\u00fcr Zuhause.<\/p>\n<h2><strong>Arbeiten und Wohnen optisch trennen<\/strong><\/h2>\n<p>Einen h\u00e4uslichen Arbeitsplatz richtet man am besten so ein, dass Wohn- und Arbeitsbereiche optisch voneinander getrennt sind. Wer will schon abends auf der Couch die Aktenordner sehen und an Arbeit denken? Ben\u00f6tigt werden ein Sichtschutz sowie eine ungest\u00f6rte Ecke in der Wohnung, wo man Schreibtisch, Stuhl und noch ein Regal oder einen Rollcontainer aufstellen kann. Steckdosen und ein Zugang zum Internetanschluss sollten vom neuen B\u00fcro leicht zu erreichen sein.<\/p>\n<h2><strong>Raumteiler: Zimmer doppelt nutzen<\/strong><\/h2>\n<p>In etwas gr\u00f6\u00dferen Wohnr\u00e4umen wie dem Wohn- oder Esszimmer l\u00e4sst sich ein kleines B\u00fcro gut mit einem Raumteiler abtrennen. M\u00f6glich sind fest installierte Ausbauw\u00e4nde aus Gipskartonplatten, die nach Belieben mit Farbe, Tapete oder Putz gestaltet werden k\u00f6nnen. Auch Regalelemente, Leuchten oder Bilder kann man an dem beplankten St\u00e4nderwerk befestigen. Die freie Sicht auf den Arbeitsplatz kann man nat\u00fcrlich auch mit mobilen Raumteilern wie Paravents oder B\u00fccherregale eingrenzen. Selbst hohe Zimmerpflanzen k\u00f6nnen eine wirkungsvolle Trennung f\u00fcr den Arbeitsbereich sein.<\/p>\n<h2><strong>Treppe und Flur: Nischenl\u00f6sung&nbsp;<\/strong><\/h2>\n<p>Neben dem Wohnzimmer eignen sich freie Pl\u00e4tze unter der Treppe oder auf einem breiten Flur, um einen kleinen Arbeitsplatz einzurichten. Hierbei ist zu beachten, das gen\u00fcgend Licht auf den Schreibtisch f\u00e4llt. Der Arbeitsbereich sollte stets heller als seine Umgebung sein. Bei l\u00e4ngerem Arbeiten sollte zumindest ein Fenster in Reichweite sein, damit Tageslicht und frische Luft eindringen kann. Es empfiehlt sich, eine m\u00f6glichst ungest\u00f6rte Nische in der Wohnung zu suchen. Wird der Durchgang st\u00e4ndig von den Mitbewohnern genutzt, findet man kaum Ruhe zum Arbeiten.<\/p>\n<h2><strong>Flexibel: Sekret\u00e4re und ausziehbare Tische<\/strong><\/h2>\n<p>Moderne Sekret\u00e4re sind so flach und schmal, dass sie in der Wohnung kaum auffallen. Durch das Hochklappen des Deckels \u00f6ffnet sich die Arbeitsfl\u00e4che. Hier findet sich meist Platz f\u00fcr einen Laptop und mindestens zwei Aktenordner. Wer oft am Schreibtisch sitzt, sollte ein Modell w\u00e4hlen, das 80 Zentimeter tief und 160 Zentimeter breit ist. Oder einen Tisch mit herausziehbaren Ablagefl\u00e4chen. So l\u00e4sst sich der Arbeitsplatz je nach Bedarf vergr\u00f6\u00dfern und wieder zusammen schieben.<\/p>\n<h2><strong>Platzsparend: Wandklapptische&nbsp;<\/strong><\/h2>\n<p>Noch etwas individueller und oft auch preiswerter ist ein selbstgebauter Tisch, den man zum Beispiel als Klapptisch oder Tablar an der Wand oder als Arbeitsplatte am B\u00fccherregal befestigt.<\/p>\n\r<div class=\"GARD gard_basic_mode\" id=\"google-ads-JLOS\"><script >\radUnit = document.getElementById(\"google-ads-JLOS\");\radWidth = adUnit.offsetWidth;\r\rif ( adWidth >= 999999 ) {\r\/* GETTING THE FIRST IF OUT OF THE WAY *\/ \r} else {\rgoogle_ad_slot = \"0\";\radUnit.style.display = \"none\";\r}\radUnit.className = adUnit.className + \" ad_unit \" + tag;\rgoogle_ad_client = \"ca-pub-6170969419645551\";\radUnit.style.cssFloat  = \"left\";\radUnit.style.styleFloat  = \"left\";\radUnit.style.margin = \"0 10px 10px 0\";\radUnit.style.textAlign = \"initial\";\rgoogle_color_border = \"FFFFFF\";\rgoogle_color_bg = \"FFFFFF\";\rgoogle_color_link = \"999999\";\rgoogle_color_url = \"99cc33\";\rgoogle_color_text = \"666666\";\rgoogle_ui_features = \"rc:\";\r<\/script>\r<script  src=\"\/\/pagead2.googlesyndication.com\/pagead\/show_ads.js\"><\/script>\r<\/div>\n<p>&nbsp;<\/p>\n<p>&nbsp;<\/p>\n","protected":false},"excerpt":{"rendered":"<p>Briefe schreiben, Akten sortieren oder im Internet surfen: Diese Arbeiten lassen sich am besten am Schreibtisch erledigen. Da in der Mietwohnung oft kein Platz f\u00fcr ein extra Arbeitszimmer ist, wird das Mini-B\u00fcro dezent in den Wohnraum integriert. Wie das genau funktioniert, erfahren Sie hier.<\/p>\n","protected":false},"author":1,"featured_media":5820,"comment_status":"open","ping_status":"open","sticky":false,"template":"","format":"standard","meta":{"om_disable_all_campaigns":false,"_monsterinsights_skip_tracking":false,"_monsterinsights_sitenote_active":false,"_monsterinsights_sitenote_note":"","_monsterinsights_sitenote_category":0,"_uf_show_specific_survey":0,"_uf_disable_surveys":false,"neve_meta_sidebar":"","neve_meta_container":"","neve_meta_enable_content_width":"","neve_meta_content_width":0,"neve_meta_title_alignment":"","neve_meta_author_avatar":"","neve_post_elements_order":"","neve_meta_disable_header":"","neve_meta_disable_footer":"","neve_meta_disable_title":"","ngg_post_thumbnail":0,"_jetpack_memberships_contains_paid_content":false,"footnotes":""},"categories":[15],"tags":[290,48,70],"class_list":["post-150","post","type-post","status-publish","format-standard","has-post-thumbnail","hentry","category-wohnen","tag-homeoffice","tag-moebel","tag-moebeltrends"],"yoast_head":"<!-- This site is optimized with the Yoast SEO plugin v27.4 - https:\/\/yoast.com\/product\/yoast-seo-wordpress\/ -->\n<title>Mini-B\u00fcro f\u00fcr Zuhause: Tipps f\u00fcr die Nische &#8226; trendBlog \u2013 Wohnen, Reisen, Leben und Kultur<\/title>\n<meta name=\"description\" content=\"Briefe schreiben, Akten sortieren oder im Internet surfen: Diese Arbeiten lassen sich am besten am Schreibtisch erledigen. Das Mini-B\u00fcro wird dezent in den Wohnraum integriert.\" \/>\n<meta name=\"robots\" content=\"index, follow, max-snippet:-1, max-image-preview:large, max-video-preview:-1\" \/>\n<link rel=\"canonical\" href=\"https:\/\/www.trend4ward.de\/trendblog\/mini-buero-zuhause\/\" \/>\n<meta property=\"og:locale\" content=\"de_DE\" \/>\n<meta property=\"og:type\" content=\"article\" \/>\n<meta property=\"og:title\" content=\"Mini-B\u00fcro f\u00fcr Zuhause: Tipps f\u00fcr die Nische &#8226; trendBlog \u2013 Wohnen, Reisen, Leben und Kultur\" \/>\n<meta property=\"og:description\" content=\"Briefe schreiben, Akten sortieren oder im Internet surfen: Diese Arbeiten lassen sich am besten am Schreibtisch erledigen. Das Mini-B\u00fcro wird dezent in den Wohnraum integriert.\" \/>\n<meta property=\"og:url\" content=\"https:\/\/www.trend4ward.de\/trendblog\/mini-buero-zuhause\/\" \/>\n<meta property=\"og:site_name\" content=\"trendBlog \u2013 Wohnen, Reisen, Leben und Kultur\" \/>\n<meta property=\"article:published_time\" content=\"2018-03-30T19:52:08+00:00\" \/>\n<meta property=\"article:modified_time\" content=\"2022-02-23T11:17:41+00:00\" \/>\n<meta property=\"og:image\" content=\"https:\/\/www.trend4ward.de\/trendblog\/wp-content\/uploads\/2013\/03\/Interliving-Mo\u0308bel-Sekreta\u0308r-Wildeiche-massiv-scaled.jpg\" \/>\n\t<meta property=\"og:image:width\" content=\"2560\" \/>\n\t<meta property=\"og:image:height\" content=\"1440\" \/>\n\t<meta property=\"og:image:type\" content=\"image\/jpeg\" \/>\n<meta name=\"author\" content=\"Evelyn Steinbach\" \/>\n<meta name=\"twitter:label1\" content=\"Verfasst von\" \/>\n\t<meta name=\"twitter:data1\" content=\"Evelyn Steinbach\" \/>\n\t<meta name=\"twitter:label2\" content=\"Gesch\u00e4tzte Lesezeit\" \/>\n\t<meta name=\"twitter:data2\" content=\"2\u00a0Minuten\" \/>\n<script type=\"application\/ld+json\" class=\"yoast-schema-graph\">{\"@context\":\"https:\\\/\\\/schema.org\",\"@graph\":[{\"@type\":\"Article\",\"@id\":\"https:\\\/\\\/www.trend4ward.de\\\/trendblog\\\/mini-buero-zuhause\\\/#article\",\"isPartOf\":{\"@id\":\"https:\\\/\\\/www.trend4ward.de\\\/trendblog\\\/mini-buero-zuhause\\\/\"},\"author\":{\"name\":\"Evelyn Steinbach\",\"@id\":\"https:\\\/\\\/www.trend4ward.de\\\/trendblog\\\/#\\\/schema\\\/person\\\/c65dd8afd2fda04893d121f31b2a8ea4\"},\"headline\":\"Mini-B\u00fcro f\u00fcr Zuhause: Tipps f\u00fcr die Nische\",\"datePublished\":\"2018-03-30T19:52:08+00:00\",\"dateModified\":\"2022-02-23T11:17:41+00:00\",\"mainEntityOfPage\":{\"@id\":\"https:\\\/\\\/www.trend4ward.de\\\/trendblog\\\/mini-buero-zuhause\\\/\"},\"wordCount\":491,\"commentCount\":0,\"publisher\":{\"@id\":\"https:\\\/\\\/www.trend4ward.de\\\/trendblog\\\/#\\\/schema\\\/person\\\/c65dd8afd2fda04893d121f31b2a8ea4\"},\"image\":{\"@id\":\"https:\\\/\\\/www.trend4ward.de\\\/trendblog\\\/mini-buero-zuhause\\\/#primaryimage\"},\"thumbnailUrl\":\"https:\\\/\\\/www.trend4ward.de\\\/trendblog\\\/wp-content\\\/uploads\\\/2013\\\/03\\\/Interliving-Mo\u0308bel-Sekreta\u0308r-Wildeiche-massiv-scaled.jpg\",\"keywords\":[\"Homeoffice\",\"M\u00f6bel\",\"M\u00f6beltrends\"],\"articleSection\":[\"Wohnen &amp; Einrichten\"],\"inLanguage\":\"de\",\"potentialAction\":[{\"@type\":\"CommentAction\",\"name\":\"Comment\",\"target\":[\"https:\\\/\\\/www.trend4ward.de\\\/trendblog\\\/mini-buero-zuhause\\\/#respond\"]}]},{\"@type\":\"WebPage\",\"@id\":\"https:\\\/\\\/www.trend4ward.de\\\/trendblog\\\/mini-buero-zuhause\\\/\",\"url\":\"https:\\\/\\\/www.trend4ward.de\\\/trendblog\\\/mini-buero-zuhause\\\/\",\"name\":\"Mini-B\u00fcro f\u00fcr Zuhause: Tipps f\u00fcr die Nische &#8226; trendBlog \u2013 Wohnen, Reisen, Leben und Kultur\",\"isPartOf\":{\"@id\":\"https:\\\/\\\/www.trend4ward.de\\\/trendblog\\\/#website\"},\"primaryImageOfPage\":{\"@id\":\"https:\\\/\\\/www.trend4ward.de\\\/trendblog\\\/mini-buero-zuhause\\\/#primaryimage\"},\"image\":{\"@id\":\"https:\\\/\\\/www.trend4ward.de\\\/trendblog\\\/mini-buero-zuhause\\\/#primaryimage\"},\"thumbnailUrl\":\"https:\\\/\\\/www.trend4ward.de\\\/trendblog\\\/wp-content\\\/uploads\\\/2013\\\/03\\\/Interliving-Mo\u0308bel-Sekreta\u0308r-Wildeiche-massiv-scaled.jpg\",\"datePublished\":\"2018-03-30T19:52:08+00:00\",\"dateModified\":\"2022-02-23T11:17:41+00:00\",\"description\":\"Briefe schreiben, Akten sortieren oder im Internet surfen: Diese Arbeiten lassen sich am besten am Schreibtisch erledigen. Das Mini-B\u00fcro wird dezent in den Wohnraum integriert.\",\"breadcrumb\":{\"@id\":\"https:\\\/\\\/www.trend4ward.de\\\/trendblog\\\/mini-buero-zuhause\\\/#breadcrumb\"},\"inLanguage\":\"de\",\"potentialAction\":[{\"@type\":\"ReadAction\",\"target\":[\"https:\\\/\\\/www.trend4ward.de\\\/trendblog\\\/mini-buero-zuhause\\\/\"]}]},{\"@type\":\"ImageObject\",\"inLanguage\":\"de\",\"@id\":\"https:\\\/\\\/www.trend4ward.de\\\/trendblog\\\/mini-buero-zuhause\\\/#primaryimage\",\"url\":\"https:\\\/\\\/www.trend4ward.de\\\/trendblog\\\/wp-content\\\/uploads\\\/2013\\\/03\\\/Interliving-Mo\u0308bel-Sekreta\u0308r-Wildeiche-massiv-scaled.jpg\",\"contentUrl\":\"https:\\\/\\\/www.trend4ward.de\\\/trendblog\\\/wp-content\\\/uploads\\\/2013\\\/03\\\/Interliving-Mo\u0308bel-Sekreta\u0308r-Wildeiche-massiv-scaled.jpg\",\"width\":2560,\"height\":1440,\"caption\":\"Foto: Interliving M\u00f6bel\"},{\"@type\":\"BreadcrumbList\",\"@id\":\"https:\\\/\\\/www.trend4ward.de\\\/trendblog\\\/mini-buero-zuhause\\\/#breadcrumb\",\"itemListElement\":[{\"@type\":\"ListItem\",\"position\":1,\"name\":\"Home\",\"item\":\"https:\\\/\\\/www.trend4ward.de\\\/trendblog\\\/\"},{\"@type\":\"ListItem\",\"position\":2,\"name\":\"Mini-B\u00fcro f\u00fcr Zuhause: Tipps f\u00fcr die Nische\"}]},{\"@type\":\"WebSite\",\"@id\":\"https:\\\/\\\/www.trend4ward.de\\\/trendblog\\\/#website\",\"url\":\"https:\\\/\\\/www.trend4ward.de\\\/trendblog\\\/\",\"name\":\"trendBlog \u2013 Wohnen, Reisen, Leben und Kultur\",\"description\":\"Portr\u00e4ts, Reportagen, Ratgeber. Seit 2009. Von Evelyn Steinbach.\",\"publisher\":{\"@id\":\"https:\\\/\\\/www.trend4ward.de\\\/trendblog\\\/#\\\/schema\\\/person\\\/c65dd8afd2fda04893d121f31b2a8ea4\"},\"potentialAction\":[{\"@type\":\"SearchAction\",\"target\":{\"@type\":\"EntryPoint\",\"urlTemplate\":\"https:\\\/\\\/www.trend4ward.de\\\/trendblog\\\/?s={search_term_string}\"},\"query-input\":{\"@type\":\"PropertyValueSpecification\",\"valueRequired\":true,\"valueName\":\"search_term_string\"}}],\"inLanguage\":\"de\"},{\"@type\":[\"Person\",\"Organization\"],\"@id\":\"https:\\\/\\\/www.trend4ward.de\\\/trendblog\\\/#\\\/schema\\\/person\\\/c65dd8afd2fda04893d121f31b2a8ea4\",\"name\":\"Evelyn Steinbach\",\"image\":{\"@type\":\"ImageObject\",\"inLanguage\":\"de\",\"@id\":\"https:\\\/\\\/www.trend4ward.de\\\/trendblog\\\/wp-content\\\/uploads\\\/2020\\\/11\\\/cropped-cropped-IMG_6744-e1692617617527.png\",\"url\":\"https:\\\/\\\/www.trend4ward.de\\\/trendblog\\\/wp-content\\\/uploads\\\/2020\\\/11\\\/cropped-cropped-IMG_6744-e1692617617527.png\",\"contentUrl\":\"https:\\\/\\\/www.trend4ward.de\\\/trendblog\\\/wp-content\\\/uploads\\\/2020\\\/11\\\/cropped-cropped-IMG_6744-e1692617617527.png\",\"width\":200,\"height\":183,\"caption\":\"Evelyn Steinbach\"},\"logo\":{\"@id\":\"https:\\\/\\\/www.trend4ward.de\\\/trendblog\\\/wp-content\\\/uploads\\\/2020\\\/11\\\/cropped-cropped-IMG_6744-e1692617617527.png\"},\"sameAs\":[\"http:\\\/\\\/www.trend4ward.de\"],\"url\":\"https:\\\/\\\/www.trend4ward.de\\\/trendblog\\\/author\\\/eve\\\/\"}]}<\/script>\n<!-- \/ Yoast SEO plugin. -->","yoast_head_json":{"title":"Mini-B\u00fcro f\u00fcr Zuhause: Tipps f\u00fcr die Nische &#8226; trendBlog \u2013 Wohnen, Reisen, Leben und Kultur","description":"Briefe schreiben, Akten sortieren oder im Internet surfen: Diese Arbeiten lassen sich am besten am Schreibtisch erledigen. Das Mini-B\u00fcro wird dezent in den Wohnraum integriert.","robots":{"index":"index","follow":"follow","max-snippet":"max-snippet:-1","max-image-preview":"max-image-preview:large","max-video-preview":"max-video-preview:-1"},"canonical":"https:\/\/www.trend4ward.de\/trendblog\/mini-buero-zuhause\/","og_locale":"de_DE","og_type":"article","og_title":"Mini-B\u00fcro f\u00fcr Zuhause: Tipps f\u00fcr die Nische &#8226; trendBlog \u2013 Wohnen, Reisen, Leben und Kultur","og_description":"Briefe schreiben, Akten sortieren oder im Internet surfen: Diese Arbeiten lassen sich am besten am Schreibtisch erledigen. Das Mini-B\u00fcro wird dezent in den Wohnraum integriert.","og_url":"https:\/\/www.trend4ward.de\/trendblog\/mini-buero-zuhause\/","og_site_name":"trendBlog \u2013 Wohnen, Reisen, Leben und Kultur","article_published_time":"2018-03-30T19:52:08+00:00","article_modified_time":"2022-02-23T11:17:41+00:00","og_image":[{"width":2560,"height":1440,"url":"https:\/\/www.trend4ward.de\/trendblog\/wp-content\/uploads\/2013\/03\/Interliving-Mo\u0308bel-Sekreta\u0308r-Wildeiche-massiv-scaled.jpg","type":"image\/jpeg"}],"author":"Evelyn Steinbach","twitter_misc":{"Verfasst von":"Evelyn Steinbach","Gesch\u00e4tzte Lesezeit":"2\u00a0Minuten"},"schema":{"@context":"https:\/\/schema.org","@graph":[{"@type":"Article","@id":"https:\/\/www.trend4ward.de\/trendblog\/mini-buero-zuhause\/#article","isPartOf":{"@id":"https:\/\/www.trend4ward.de\/trendblog\/mini-buero-zuhause\/"},"author":{"name":"Evelyn Steinbach","@id":"https:\/\/www.trend4ward.de\/trendblog\/#\/schema\/person\/c65dd8afd2fda04893d121f31b2a8ea4"},"headline":"Mini-B\u00fcro f\u00fcr Zuhause: Tipps f\u00fcr die Nische","datePublished":"2018-03-30T19:52:08+00:00","dateModified":"2022-02-23T11:17:41+00:00","mainEntityOfPage":{"@id":"https:\/\/www.trend4ward.de\/trendblog\/mini-buero-zuhause\/"},"wordCount":491,"commentCount":0,"publisher":{"@id":"https:\/\/www.trend4ward.de\/trendblog\/#\/schema\/person\/c65dd8afd2fda04893d121f31b2a8ea4"},"image":{"@id":"https:\/\/www.trend4ward.de\/trendblog\/mini-buero-zuhause\/#primaryimage"},"thumbnailUrl":"https:\/\/www.trend4ward.de\/trendblog\/wp-content\/uploads\/2013\/03\/Interliving-Mo\u0308bel-Sekreta\u0308r-Wildeiche-massiv-scaled.jpg","keywords":["Homeoffice","M\u00f6bel","M\u00f6beltrends"],"articleSection":["Wohnen &amp; Einrichten"],"inLanguage":"de","potentialAction":[{"@type":"CommentAction","name":"Comment","target":["https:\/\/www.trend4ward.de\/trendblog\/mini-buero-zuhause\/#respond"]}]},{"@type":"WebPage","@id":"https:\/\/www.trend4ward.de\/trendblog\/mini-buero-zuhause\/","url":"https:\/\/www.trend4ward.de\/trendblog\/mini-buero-zuhause\/","name":"Mini-B\u00fcro f\u00fcr Zuhause: Tipps f\u00fcr die Nische &#8226; trendBlog \u2013 Wohnen, Reisen, Leben und Kultur","isPartOf":{"@id":"https:\/\/www.trend4ward.de\/trendblog\/#website"},"primaryImageOfPage":{"@id":"https:\/\/www.trend4ward.de\/trendblog\/mini-buero-zuhause\/#primaryimage"},"image":{"@id":"https:\/\/www.trend4ward.de\/trendblog\/mini-buero-zuhause\/#primaryimage"},"thumbnailUrl":"https:\/\/www.trend4ward.de\/trendblog\/wp-content\/uploads\/2013\/03\/Interliving-Mo\u0308bel-Sekreta\u0308r-Wildeiche-massiv-scaled.jpg","datePublished":"2018-03-30T19:52:08+00:00","dateModified":"2022-02-23T11:17:41+00:00","description":"Briefe schreiben, Akten sortieren oder im Internet surfen: Diese Arbeiten lassen sich am besten am Schreibtisch erledigen. Das Mini-B\u00fcro wird dezent in den Wohnraum integriert.","breadcrumb":{"@id":"https:\/\/www.trend4ward.de\/trendblog\/mini-buero-zuhause\/#breadcrumb"},"inLanguage":"de","potentialAction":[{"@type":"ReadAction","target":["https:\/\/www.trend4ward.de\/trendblog\/mini-buero-zuhause\/"]}]},{"@type":"ImageObject","inLanguage":"de","@id":"https:\/\/www.trend4ward.de\/trendblog\/mini-buero-zuhause\/#primaryimage","url":"https:\/\/www.trend4ward.de\/trendblog\/wp-content\/uploads\/2013\/03\/Interliving-Mo\u0308bel-Sekreta\u0308r-Wildeiche-massiv-scaled.jpg","contentUrl":"https:\/\/www.trend4ward.de\/trendblog\/wp-content\/uploads\/2013\/03\/Interliving-Mo\u0308bel-Sekreta\u0308r-Wildeiche-massiv-scaled.jpg","width":2560,"height":1440,"caption":"Foto: Interliving M\u00f6bel"},{"@type":"BreadcrumbList","@id":"https:\/\/www.trend4ward.de\/trendblog\/mini-buero-zuhause\/#breadcrumb","itemListElement":[{"@type":"ListItem","position":1,"name":"Home","item":"https:\/\/www.trend4ward.de\/trendblog\/"},{"@type":"ListItem","position":2,"name":"Mini-B\u00fcro f\u00fcr Zuhause: Tipps f\u00fcr die Nische"}]},{"@type":"WebSite","@id":"https:\/\/www.trend4ward.de\/trendblog\/#website","url":"https:\/\/www.trend4ward.de\/trendblog\/","name":"trendBlog \u2013 Wohnen, Reisen, Leben und Kultur","description":"Portr\u00e4ts, Reportagen, Ratgeber. Seit 2009. Von Evelyn Steinbach.","publisher":{"@id":"https:\/\/www.trend4ward.de\/trendblog\/#\/schema\/person\/c65dd8afd2fda04893d121f31b2a8ea4"},"potentialAction":[{"@type":"SearchAction","target":{"@type":"EntryPoint","urlTemplate":"https:\/\/www.trend4ward.de\/trendblog\/?s={search_term_string}"},"query-input":{"@type":"PropertyValueSpecification","valueRequired":true,"valueName":"search_term_string"}}],"inLanguage":"de"},{"@type":["Person","Organization"],"@id":"https:\/\/www.trend4ward.de\/trendblog\/#\/schema\/person\/c65dd8afd2fda04893d121f31b2a8ea4","name":"Evelyn Steinbach","image":{"@type":"ImageObject","inLanguage":"de","@id":"https:\/\/www.trend4ward.de\/trendblog\/wp-content\/uploads\/2020\/11\/cropped-cropped-IMG_6744-e1692617617527.png","url":"https:\/\/www.trend4ward.de\/trendblog\/wp-content\/uploads\/2020\/11\/cropped-cropped-IMG_6744-e1692617617527.png","contentUrl":"https:\/\/www.trend4ward.de\/trendblog\/wp-content\/uploads\/2020\/11\/cropped-cropped-IMG_6744-e1692617617527.png","width":200,"height":183,"caption":"Evelyn Steinbach"},"logo":{"@id":"https:\/\/www.trend4ward.de\/trendblog\/wp-content\/uploads\/2020\/11\/cropped-cropped-IMG_6744-e1692617617527.png"},"sameAs":["http:\/\/www.trend4ward.de"],"url":"https:\/\/www.trend4ward.de\/trendblog\/author\/eve\/"}]}},"jetpack_featured_media_url":"https:\/\/www.trend4ward.de\/trendblog\/wp-content\/uploads\/2013\/03\/Interliving-Mo\u0308bel-Sekreta\u0308r-Wildeiche-massiv-scaled.jpg","jetpack_sharing_enabled":true,"_links":{"self":[{"href":"https:\/\/www.trend4ward.de\/trendblog\/wp-json\/wp\/v2\/posts\/150","targetHints":{"allow":["GET"]}}],"collection":[{"href":"https:\/\/www.trend4ward.de\/trendblog\/wp-json\/wp\/v2\/posts"}],"about":[{"href":"https:\/\/www.trend4ward.de\/trendblog\/wp-json\/wp\/v2\/types\/post"}],"author":[{"embeddable":true,"href":"https:\/\/www.trend4ward.de\/trendblog\/wp-json\/wp\/v2\/users\/1"}],"replies":[{"embeddable":true,"href":"https:\/\/www.trend4ward.de\/trendblog\/wp-json\/wp\/v2\/comments?post=150"}],"version-history":[{"count":13,"href":"https:\/\/www.trend4ward.de\/trendblog\/wp-json\/wp\/v2\/posts\/150\/revisions"}],"predecessor-version":[{"id":5821,"href":"https:\/\/www.trend4ward.de\/trendblog\/wp-json\/wp\/v2\/posts\/150\/revisions\/5821"}],"wp:featuredmedia":[{"embeddable":true,"href":"https:\/\/www.trend4ward.de\/trendblog\/wp-json\/wp\/v2\/media\/5820"}],"wp:attachment":[{"href":"https:\/\/www.trend4ward.de\/trendblog\/wp-json\/wp\/v2\/media?parent=150"}],"wp:term":[{"taxonomy":"category","embeddable":true,"href":"https:\/\/www.trend4ward.de\/trendblog\/wp-json\/wp\/v2\/categories?post=150"},{"taxonomy":"post_tag","embeddable":true,"href":"https:\/\/www.trend4ward.de\/trendblog\/wp-json\/wp\/v2\/tags?post=150"}],"curies":[{"name":"wp","href":"https:\/\/api.w.org\/{rel}","templated":true}]}}