{"id":170,"date":"2014-04-01T22:55:28","date_gmt":"2014-04-01T20:55:28","guid":{"rendered":"https:\/\/www.trend4ward.de\/trendblog\/?p=170"},"modified":"2017-05-20T19:33:00","modified_gmt":"2017-05-20T17:33:00","slug":"trends-zur-gartensaison-neue-gartenmoebel","status":"publish","type":"post","link":"https:\/\/www.trend4ward.de\/trendblog\/trends-zur-gartensaison-neue-gartenmoebel\/","title":{"rendered":"Neue Gartenm\u00f6bel: Wohnen im Freien"},"content":{"rendered":"<p><strong>Ein Kurzurlaub im Garten gef\u00e4llig? Dies wird diesen Sommer leichter denn je. Denn die neuen Gartenm\u00f6bel versprechen Gro\u00dfartiges: Sie sind so gem\u00fctlich wie das Sofa im Wohnzimmer und bieten viel mehr Platz f\u00fcr die Erholung zu zweit.<\/strong><\/p>\n<p><!--more--><\/p>\n<p>Ob einsame Ruheinsel oder geselliger Treffpunkt mit Freunden: Im Sommer wird der Garten zum zweiten Wohnzimmer. Die neuen Gartenm\u00f6bel machen es vor: Statt klassischer Klappm\u00f6bel sind Sessel, Sofas und Betten angesagt, die sich in Sachen Gem\u00fctlichkeit und Design kaum noch von der Wohnungseinrichtung unterscheiden.<\/p>\n<p><strong>M\u00f6bel im Garten \u2014 so bequem wie in der Wohnung<\/strong><\/p>\n<figure id=\"attachment_219\" aria-describedby=\"caption-attachment-219\" style=\"width: 300px\" class=\"wp-caption aligncenter\"><a href=\"https:\/\/www.trend4ward.de\/trendblog\/wp-content\/uploads\/2014\/04\/Loom_Living_Hollywood_31.jpg\" rel=\"attachment wp-att-219\"><img loading=\"lazy\" decoding=\"async\" class=\"wp-image-219 size-full\" src=\"https:\/\/www.trend4ward.de\/trendblog\/wp-content\/uploads\/2014\/04\/Loom_Living_Hollywood_31.jpg\" alt=\"Gartenm\u00f6bel Loom Living Hollywood\" width=\"300\" height=\"200\"><\/a><figcaption id=\"caption-attachment-219\" class=\"wp-caption-text\">Gem\u00fctliche Gartenschaukel Foto: Loom Living<\/figcaption><\/figure>\n<p>&nbsp;<\/p>\n<p>Im Freien wird diesen Sommer genauso gelebt wie drinnen. Zwischen Wohnung und Garten besteht ein flie\u00dfender \u00dcbergang. Und das zeigt sich besonders an den aktuellen Gartenm\u00f6beln: Die neuen Liegen werden zunehmend komfortabler und entpuppen sich als ebenso gem\u00fctlich wie das eigene Bett. So genannte \u201eDaybeds\u201c oder \u201eLounge-Inseln\u201c bieten sogar gen\u00fcgend Platz zum gemeinsamen Entspannen. Mindestens zwei Personen k\u00f6nnen es sich in so einem \u201eOutdoor-Nest\u201c gem\u00fctlich machen. Einige der neuen Hollywood-Schaukeln k\u00f6nnen auch das Sofa im Wohnzimmer ersetzen. Denn ihr multifunktionales Design ist nicht mehr nur f\u00fcr den Garten bestimmt, sondern auch f\u00fcr den Innenbereich. Ob als Bank, Bett oder Schaukel genutzt, das M\u00f6bel passt nun in jegliche Wohnumgebung. Allen Outdoor-M\u00f6beln gemeinsam ist die einzigartige Panorama-Aussicht gen Himmel, die man selbst bei bester Fensteraussicht nicht so sch\u00f6n wie in der freien Natur genie\u00dfen kann.<\/p>\n<p><strong>Materialmix aus Holz, Aluminium und Stoff<\/strong><\/p>\n<figure id=\"attachment_3348\" aria-describedby=\"caption-attachment-3348\" style=\"width: 300px\" class=\"wp-caption aligncenter\"><a href=\"https:\/\/www.trend4ward.de\/trendblog\/wp-content\/uploads\/2017\/05\/Sitzgruppe_Kama.png\"><img loading=\"lazy\" decoding=\"async\" class=\"wp-image-3348 size-medium\" src=\"https:\/\/www.trend4ward.de\/trendblog\/wp-content\/uploads\/2017\/05\/Sitzgruppe_Kama-300x187.png\" alt=\"\" width=\"300\" height=\"187\" srcset=\"https:\/\/www.trend4ward.de\/trendblog\/wp-content\/uploads\/2017\/05\/Sitzgruppe_Kama-300x187.png 300w, https:\/\/www.trend4ward.de\/trendblog\/wp-content\/uploads\/2017\/05\/Sitzgruppe_Kama-768x478.png 768w, https:\/\/www.trend4ward.de\/trendblog\/wp-content\/uploads\/2017\/05\/Sitzgruppe_Kama-90x56.png 90w, https:\/\/www.trend4ward.de\/trendblog\/wp-content\/uploads\/2017\/05\/Sitzgruppe_Kama.png 885w\" sizes=\"auto, (max-width: 300px) 100vw, 300px\" \/><\/a><figcaption id=\"caption-attachment-3348\" class=\"wp-caption-text\">Foto: Kama<\/figcaption><\/figure>\n<p>&nbsp;<\/p>\n<p>Gartenm\u00f6bel verlieren auch immer mehr ihr klassisches Aussehen. Statt sperrigen Kunststoffm\u00f6beln und Klappst\u00fchlen kommen verst\u00e4rkt leichte, stapelbare St\u00fchle aus Aluminium, Holz und Stoff zum Vorschein. Als neuer Trend scheint sich der Mix dieser Materialien durchzusetzen. Was bleibt, sind Flechtwerkm\u00f6bel aus Kunststofffasern, die oft mit dicken Auflagen versehen werden. Ob als Lounge-Sessel oder als ausgedehnte Couch-Landschaft: Die geflochtenen M\u00f6bel laden zu einem gem\u00fctlichen Abend im Freien ein.<\/p>\n<p><strong>Nordisch-maritimes Flair<\/strong><\/p>\n<p>Klar, gem\u00fctlich und erfrischend leicht ist auch das Motto des wiederkehrenden Ostsee- und Skandinavien-Stils. Neben dem klassischen Strandkorb kommen Tische und St\u00fchle vor, die etwas abgenutzt aussehen. Schlie\u00dflich bringen Gebrauchsspuren und rustikale Elemente einen Hauch des oftmals rauen K\u00fcstenklimas in den Garten. Die Grundfarben der M\u00f6bel stammen aus der Natur und reichen von reinem Wei\u00df und strahlendem Blau \u00fcber warme Sand- und Braunt\u00f6ne bis hin zu k\u00fchlem Anthrazit.<\/p>\n<p>Hier gibt es weitere Informationen f\u00fcr <a title=\"Gartenm\u00f6bel\" href=\"http:\/\/clkde.tradedoubler.com\/click?p(268222)a(2957434)g(22992166)url(http:\/\/www.dyh.com\/de\/rooms\/outdoor.html)\" target=\"_blank\" rel=\"noopener noreferrer\">Gartenm\u00f6bel<\/a><img decoding=\"async\" src=\"http:\/\/impde.tradedoubler.com\/imp?type(inv)g(22992166)a(2957434)\">.<\/p>\n<p>&nbsp;<\/p>\n","protected":false},"excerpt":{"rendered":"<p>Ein Kurzurlaub im Garten gef\u00e4llig? Dies wird diesen Sommer leichter denn je. Denn die neuen Gartenm\u00f6bel versprechen Gro\u00dfartiges: Sie sind so gem\u00fctlich wie das Sofa im Wohnzimmer und bieten viel mehr Platz f\u00fcr die Erholung zu zweit.<\/p>\n","protected":false},"author":1,"featured_media":211,"comment_status":"open","ping_status":"open","sticky":false,"template":"","format":"standard","meta":{"om_disable_all_campaigns":false,"_monsterinsights_skip_tracking":false,"_monsterinsights_sitenote_active":false,"_monsterinsights_sitenote_note":"","_monsterinsights_sitenote_category":0,"_uf_show_specific_survey":0,"_uf_disable_surveys":false,"neve_meta_sidebar":"","neve_meta_container":"","neve_meta_enable_content_width":"","neve_meta_content_width":0,"neve_meta_title_alignment":"","neve_meta_author_avatar":"","neve_post_elements_order":"","neve_meta_disable_header":"","neve_meta_disable_footer":"","neve_meta_disable_title":"","ngg_post_thumbnail":0,"_jetpack_memberships_contains_paid_content":false,"footnotes":""},"categories":[68,3],"tags":[51,70],"class_list":["post-170","post","type-post","status-publish","format-standard","has-post-thumbnail","hentry","category-garten","category-trendbarometer","tag-balkon","tag-moebeltrends"],"yoast_head":"<!-- This site is optimized with the Yoast SEO plugin v27.4 - https:\/\/yoast.com\/product\/yoast-seo-wordpress\/ -->\n<title>Neue Gartenm\u00f6bel: Wohnen im Freien &#8226; trendBlog \u2013 Wohnen, Reisen, Leben und Kultur<\/title>\n<meta name=\"description\" content=\"Die neuen Gartenm\u00f6bel sind so gem\u00fctlich wie das Sofa im Wohnzimmer und bieten viel mehr Platz f\u00fcr die Erholung zu zweit.\" \/>\n<meta name=\"robots\" content=\"index, follow, max-snippet:-1, max-image-preview:large, max-video-preview:-1\" \/>\n<link rel=\"canonical\" href=\"https:\/\/www.trend4ward.de\/trendblog\/trends-zur-gartensaison-neue-gartenmoebel\/\" \/>\n<meta property=\"og:locale\" content=\"de_DE\" \/>\n<meta property=\"og:type\" content=\"article\" \/>\n<meta property=\"og:title\" content=\"Neue Gartenm\u00f6bel: Wohnen im Freien &#8226; trendBlog \u2013 Wohnen, Reisen, Leben und Kultur\" \/>\n<meta property=\"og:description\" content=\"Die neuen Gartenm\u00f6bel sind so gem\u00fctlich wie das Sofa im Wohnzimmer und bieten viel mehr Platz f\u00fcr die Erholung zu zweit.\" \/>\n<meta property=\"og:url\" content=\"https:\/\/www.trend4ward.de\/trendblog\/trends-zur-gartensaison-neue-gartenmoebel\/\" \/>\n<meta property=\"og:site_name\" content=\"trendBlog \u2013 Wohnen, Reisen, Leben und Kultur\" \/>\n<meta property=\"article:published_time\" content=\"2014-04-01T20:55:28+00:00\" \/>\n<meta property=\"article:modified_time\" content=\"2017-05-20T17:33:00+00:00\" \/>\n<meta property=\"og:image\" content=\"https:\/\/www.trend4ward.de\/trendblog\/wp-content\/uploads\/2014\/04\/Loom_Living_Hollywood_3.jpg\" \/>\n\t<meta property=\"og:image:width\" content=\"300\" \/>\n\t<meta property=\"og:image:height\" content=\"200\" \/>\n\t<meta property=\"og:image:type\" content=\"image\/jpeg\" \/>\n<meta name=\"author\" content=\"Evelyn Steinbach\" \/>\n<meta name=\"twitter:label1\" content=\"Verfasst von\" \/>\n\t<meta name=\"twitter:data1\" content=\"Evelyn Steinbach\" \/>\n\t<meta name=\"twitter:label2\" content=\"Gesch\u00e4tzte Lesezeit\" \/>\n\t<meta name=\"twitter:data2\" content=\"2\u00a0Minuten\" \/>\n<script type=\"application\/ld+json\" class=\"yoast-schema-graph\">{\"@context\":\"https:\\\/\\\/schema.org\",\"@graph\":[{\"@type\":\"Article\",\"@id\":\"https:\\\/\\\/www.trend4ward.de\\\/trendblog\\\/trends-zur-gartensaison-neue-gartenmoebel\\\/#article\",\"isPartOf\":{\"@id\":\"https:\\\/\\\/www.trend4ward.de\\\/trendblog\\\/trends-zur-gartensaison-neue-gartenmoebel\\\/\"},\"author\":{\"name\":\"Evelyn Steinbach\",\"@id\":\"https:\\\/\\\/www.trend4ward.de\\\/trendblog\\\/#\\\/schema\\\/person\\\/c65dd8afd2fda04893d121f31b2a8ea4\"},\"headline\":\"Neue Gartenm\u00f6bel: Wohnen im Freien\",\"datePublished\":\"2014-04-01T20:55:28+00:00\",\"dateModified\":\"2017-05-20T17:33:00+00:00\",\"mainEntityOfPage\":{\"@id\":\"https:\\\/\\\/www.trend4ward.de\\\/trendblog\\\/trends-zur-gartensaison-neue-gartenmoebel\\\/\"},\"wordCount\":442,\"commentCount\":1,\"publisher\":{\"@id\":\"https:\\\/\\\/www.trend4ward.de\\\/trendblog\\\/#\\\/schema\\\/person\\\/c65dd8afd2fda04893d121f31b2a8ea4\"},\"image\":{\"@id\":\"https:\\\/\\\/www.trend4ward.de\\\/trendblog\\\/trends-zur-gartensaison-neue-gartenmoebel\\\/#primaryimage\"},\"thumbnailUrl\":\"https:\\\/\\\/www.trend4ward.de\\\/trendblog\\\/wp-content\\\/uploads\\\/2014\\\/04\\\/Loom_Living_Hollywood_3.jpg\",\"keywords\":[\"Balkon\",\"M\u00f6beltrends\"],\"articleSection\":[\"Balkon &amp; Garten\",\"trendBarometer\"],\"inLanguage\":\"de\",\"potentialAction\":[{\"@type\":\"CommentAction\",\"name\":\"Comment\",\"target\":[\"https:\\\/\\\/www.trend4ward.de\\\/trendblog\\\/trends-zur-gartensaison-neue-gartenmoebel\\\/#respond\"]}]},{\"@type\":\"WebPage\",\"@id\":\"https:\\\/\\\/www.trend4ward.de\\\/trendblog\\\/trends-zur-gartensaison-neue-gartenmoebel\\\/\",\"url\":\"https:\\\/\\\/www.trend4ward.de\\\/trendblog\\\/trends-zur-gartensaison-neue-gartenmoebel\\\/\",\"name\":\"Neue Gartenm\u00f6bel: Wohnen im Freien &#8226; trendBlog \u2013 Wohnen, Reisen, Leben und Kultur\",\"isPartOf\":{\"@id\":\"https:\\\/\\\/www.trend4ward.de\\\/trendblog\\\/#website\"},\"primaryImageOfPage\":{\"@id\":\"https:\\\/\\\/www.trend4ward.de\\\/trendblog\\\/trends-zur-gartensaison-neue-gartenmoebel\\\/#primaryimage\"},\"image\":{\"@id\":\"https:\\\/\\\/www.trend4ward.de\\\/trendblog\\\/trends-zur-gartensaison-neue-gartenmoebel\\\/#primaryimage\"},\"thumbnailUrl\":\"https:\\\/\\\/www.trend4ward.de\\\/trendblog\\\/wp-content\\\/uploads\\\/2014\\\/04\\\/Loom_Living_Hollywood_3.jpg\",\"datePublished\":\"2014-04-01T20:55:28+00:00\",\"dateModified\":\"2017-05-20T17:33:00+00:00\",\"description\":\"Die neuen Gartenm\u00f6bel sind so gem\u00fctlich wie das Sofa im Wohnzimmer und bieten viel mehr Platz f\u00fcr die Erholung zu zweit.\",\"breadcrumb\":{\"@id\":\"https:\\\/\\\/www.trend4ward.de\\\/trendblog\\\/trends-zur-gartensaison-neue-gartenmoebel\\\/#breadcrumb\"},\"inLanguage\":\"de\",\"potentialAction\":[{\"@type\":\"ReadAction\",\"target\":[\"https:\\\/\\\/www.trend4ward.de\\\/trendblog\\\/trends-zur-gartensaison-neue-gartenmoebel\\\/\"]}]},{\"@type\":\"ImageObject\",\"inLanguage\":\"de\",\"@id\":\"https:\\\/\\\/www.trend4ward.de\\\/trendblog\\\/trends-zur-gartensaison-neue-gartenmoebel\\\/#primaryimage\",\"url\":\"https:\\\/\\\/www.trend4ward.de\\\/trendblog\\\/wp-content\\\/uploads\\\/2014\\\/04\\\/Loom_Living_Hollywood_3.jpg\",\"contentUrl\":\"https:\\\/\\\/www.trend4ward.de\\\/trendblog\\\/wp-content\\\/uploads\\\/2014\\\/04\\\/Loom_Living_Hollywood_3.jpg\",\"width\":300,\"height\":200,\"caption\":\"Statt Klappst\u00fchlen sind Outdoor-M\u00f6bel angesagt, die genauso gem\u00fctlich sind wie die Couch im Wohnzimmer.\"},{\"@type\":\"BreadcrumbList\",\"@id\":\"https:\\\/\\\/www.trend4ward.de\\\/trendblog\\\/trends-zur-gartensaison-neue-gartenmoebel\\\/#breadcrumb\",\"itemListElement\":[{\"@type\":\"ListItem\",\"position\":1,\"name\":\"Home\",\"item\":\"https:\\\/\\\/www.trend4ward.de\\\/trendblog\\\/\"},{\"@type\":\"ListItem\",\"position\":2,\"name\":\"Neue Gartenm\u00f6bel: Wohnen im Freien\"}]},{\"@type\":\"WebSite\",\"@id\":\"https:\\\/\\\/www.trend4ward.de\\\/trendblog\\\/#website\",\"url\":\"https:\\\/\\\/www.trend4ward.de\\\/trendblog\\\/\",\"name\":\"trendBlog \u2013 Wohnen, Reisen, Leben und Kultur\",\"description\":\"Portr\u00e4ts, Reportagen, Ratgeber. Seit 2009. Von Evelyn Steinbach.\",\"publisher\":{\"@id\":\"https:\\\/\\\/www.trend4ward.de\\\/trendblog\\\/#\\\/schema\\\/person\\\/c65dd8afd2fda04893d121f31b2a8ea4\"},\"potentialAction\":[{\"@type\":\"SearchAction\",\"target\":{\"@type\":\"EntryPoint\",\"urlTemplate\":\"https:\\\/\\\/www.trend4ward.de\\\/trendblog\\\/?s={search_term_string}\"},\"query-input\":{\"@type\":\"PropertyValueSpecification\",\"valueRequired\":true,\"valueName\":\"search_term_string\"}}],\"inLanguage\":\"de\"},{\"@type\":[\"Person\",\"Organization\"],\"@id\":\"https:\\\/\\\/www.trend4ward.de\\\/trendblog\\\/#\\\/schema\\\/person\\\/c65dd8afd2fda04893d121f31b2a8ea4\",\"name\":\"Evelyn Steinbach\",\"image\":{\"@type\":\"ImageObject\",\"inLanguage\":\"de\",\"@id\":\"https:\\\/\\\/www.trend4ward.de\\\/trendblog\\\/wp-content\\\/uploads\\\/2020\\\/11\\\/cropped-cropped-IMG_6744-e1692617617527.png\",\"url\":\"https:\\\/\\\/www.trend4ward.de\\\/trendblog\\\/wp-content\\\/uploads\\\/2020\\\/11\\\/cropped-cropped-IMG_6744-e1692617617527.png\",\"contentUrl\":\"https:\\\/\\\/www.trend4ward.de\\\/trendblog\\\/wp-content\\\/uploads\\\/2020\\\/11\\\/cropped-cropped-IMG_6744-e1692617617527.png\",\"width\":200,\"height\":183,\"caption\":\"Evelyn Steinbach\"},\"logo\":{\"@id\":\"https:\\\/\\\/www.trend4ward.de\\\/trendblog\\\/wp-content\\\/uploads\\\/2020\\\/11\\\/cropped-cropped-IMG_6744-e1692617617527.png\"},\"sameAs\":[\"http:\\\/\\\/www.trend4ward.de\"],\"url\":\"https:\\\/\\\/www.trend4ward.de\\\/trendblog\\\/author\\\/eve\\\/\"}]}<\/script>\n<!-- \/ Yoast SEO plugin. -->","yoast_head_json":{"title":"Neue Gartenm\u00f6bel: Wohnen im Freien &#8226; trendBlog \u2013 Wohnen, Reisen, Leben und Kultur","description":"Die neuen Gartenm\u00f6bel sind so gem\u00fctlich wie das Sofa im Wohnzimmer und bieten viel mehr Platz f\u00fcr die Erholung zu zweit.","robots":{"index":"index","follow":"follow","max-snippet":"max-snippet:-1","max-image-preview":"max-image-preview:large","max-video-preview":"max-video-preview:-1"},"canonical":"https:\/\/www.trend4ward.de\/trendblog\/trends-zur-gartensaison-neue-gartenmoebel\/","og_locale":"de_DE","og_type":"article","og_title":"Neue Gartenm\u00f6bel: Wohnen im Freien &#8226; trendBlog \u2013 Wohnen, Reisen, Leben und Kultur","og_description":"Die neuen Gartenm\u00f6bel sind so gem\u00fctlich wie das Sofa im Wohnzimmer und bieten viel mehr Platz f\u00fcr die Erholung zu zweit.","og_url":"https:\/\/www.trend4ward.de\/trendblog\/trends-zur-gartensaison-neue-gartenmoebel\/","og_site_name":"trendBlog \u2013 Wohnen, Reisen, Leben und Kultur","article_published_time":"2014-04-01T20:55:28+00:00","article_modified_time":"2017-05-20T17:33:00+00:00","og_image":[{"width":300,"height":200,"url":"https:\/\/www.trend4ward.de\/trendblog\/wp-content\/uploads\/2014\/04\/Loom_Living_Hollywood_3.jpg","type":"image\/jpeg"}],"author":"Evelyn Steinbach","twitter_misc":{"Verfasst von":"Evelyn Steinbach","Gesch\u00e4tzte Lesezeit":"2\u00a0Minuten"},"schema":{"@context":"https:\/\/schema.org","@graph":[{"@type":"Article","@id":"https:\/\/www.trend4ward.de\/trendblog\/trends-zur-gartensaison-neue-gartenmoebel\/#article","isPartOf":{"@id":"https:\/\/www.trend4ward.de\/trendblog\/trends-zur-gartensaison-neue-gartenmoebel\/"},"author":{"name":"Evelyn Steinbach","@id":"https:\/\/www.trend4ward.de\/trendblog\/#\/schema\/person\/c65dd8afd2fda04893d121f31b2a8ea4"},"headline":"Neue Gartenm\u00f6bel: Wohnen im Freien","datePublished":"2014-04-01T20:55:28+00:00","dateModified":"2017-05-20T17:33:00+00:00","mainEntityOfPage":{"@id":"https:\/\/www.trend4ward.de\/trendblog\/trends-zur-gartensaison-neue-gartenmoebel\/"},"wordCount":442,"commentCount":1,"publisher":{"@id":"https:\/\/www.trend4ward.de\/trendblog\/#\/schema\/person\/c65dd8afd2fda04893d121f31b2a8ea4"},"image":{"@id":"https:\/\/www.trend4ward.de\/trendblog\/trends-zur-gartensaison-neue-gartenmoebel\/#primaryimage"},"thumbnailUrl":"https:\/\/www.trend4ward.de\/trendblog\/wp-content\/uploads\/2014\/04\/Loom_Living_Hollywood_3.jpg","keywords":["Balkon","M\u00f6beltrends"],"articleSection":["Balkon &amp; Garten","trendBarometer"],"inLanguage":"de","potentialAction":[{"@type":"CommentAction","name":"Comment","target":["https:\/\/www.trend4ward.de\/trendblog\/trends-zur-gartensaison-neue-gartenmoebel\/#respond"]}]},{"@type":"WebPage","@id":"https:\/\/www.trend4ward.de\/trendblog\/trends-zur-gartensaison-neue-gartenmoebel\/","url":"https:\/\/www.trend4ward.de\/trendblog\/trends-zur-gartensaison-neue-gartenmoebel\/","name":"Neue Gartenm\u00f6bel: Wohnen im Freien &#8226; trendBlog \u2013 Wohnen, Reisen, Leben und Kultur","isPartOf":{"@id":"https:\/\/www.trend4ward.de\/trendblog\/#website"},"primaryImageOfPage":{"@id":"https:\/\/www.trend4ward.de\/trendblog\/trends-zur-gartensaison-neue-gartenmoebel\/#primaryimage"},"image":{"@id":"https:\/\/www.trend4ward.de\/trendblog\/trends-zur-gartensaison-neue-gartenmoebel\/#primaryimage"},"thumbnailUrl":"https:\/\/www.trend4ward.de\/trendblog\/wp-content\/uploads\/2014\/04\/Loom_Living_Hollywood_3.jpg","datePublished":"2014-04-01T20:55:28+00:00","dateModified":"2017-05-20T17:33:00+00:00","description":"Die neuen Gartenm\u00f6bel sind so gem\u00fctlich wie das Sofa im Wohnzimmer und bieten viel mehr Platz f\u00fcr die Erholung zu zweit.","breadcrumb":{"@id":"https:\/\/www.trend4ward.de\/trendblog\/trends-zur-gartensaison-neue-gartenmoebel\/#breadcrumb"},"inLanguage":"de","potentialAction":[{"@type":"ReadAction","target":["https:\/\/www.trend4ward.de\/trendblog\/trends-zur-gartensaison-neue-gartenmoebel\/"]}]},{"@type":"ImageObject","inLanguage":"de","@id":"https:\/\/www.trend4ward.de\/trendblog\/trends-zur-gartensaison-neue-gartenmoebel\/#primaryimage","url":"https:\/\/www.trend4ward.de\/trendblog\/wp-content\/uploads\/2014\/04\/Loom_Living_Hollywood_3.jpg","contentUrl":"https:\/\/www.trend4ward.de\/trendblog\/wp-content\/uploads\/2014\/04\/Loom_Living_Hollywood_3.jpg","width":300,"height":200,"caption":"Statt Klappst\u00fchlen sind Outdoor-M\u00f6bel angesagt, die genauso gem\u00fctlich sind wie die Couch im Wohnzimmer."},{"@type":"BreadcrumbList","@id":"https:\/\/www.trend4ward.de\/trendblog\/trends-zur-gartensaison-neue-gartenmoebel\/#breadcrumb","itemListElement":[{"@type":"ListItem","position":1,"name":"Home","item":"https:\/\/www.trend4ward.de\/trendblog\/"},{"@type":"ListItem","position":2,"name":"Neue Gartenm\u00f6bel: Wohnen im Freien"}]},{"@type":"WebSite","@id":"https:\/\/www.trend4ward.de\/trendblog\/#website","url":"https:\/\/www.trend4ward.de\/trendblog\/","name":"trendBlog \u2013 Wohnen, Reisen, Leben und Kultur","description":"Portr\u00e4ts, Reportagen, Ratgeber. Seit 2009. Von Evelyn Steinbach.","publisher":{"@id":"https:\/\/www.trend4ward.de\/trendblog\/#\/schema\/person\/c65dd8afd2fda04893d121f31b2a8ea4"},"potentialAction":[{"@type":"SearchAction","target":{"@type":"EntryPoint","urlTemplate":"https:\/\/www.trend4ward.de\/trendblog\/?s={search_term_string}"},"query-input":{"@type":"PropertyValueSpecification","valueRequired":true,"valueName":"search_term_string"}}],"inLanguage":"de"},{"@type":["Person","Organization"],"@id":"https:\/\/www.trend4ward.de\/trendblog\/#\/schema\/person\/c65dd8afd2fda04893d121f31b2a8ea4","name":"Evelyn Steinbach","image":{"@type":"ImageObject","inLanguage":"de","@id":"https:\/\/www.trend4ward.de\/trendblog\/wp-content\/uploads\/2020\/11\/cropped-cropped-IMG_6744-e1692617617527.png","url":"https:\/\/www.trend4ward.de\/trendblog\/wp-content\/uploads\/2020\/11\/cropped-cropped-IMG_6744-e1692617617527.png","contentUrl":"https:\/\/www.trend4ward.de\/trendblog\/wp-content\/uploads\/2020\/11\/cropped-cropped-IMG_6744-e1692617617527.png","width":200,"height":183,"caption":"Evelyn Steinbach"},"logo":{"@id":"https:\/\/www.trend4ward.de\/trendblog\/wp-content\/uploads\/2020\/11\/cropped-cropped-IMG_6744-e1692617617527.png"},"sameAs":["http:\/\/www.trend4ward.de"],"url":"https:\/\/www.trend4ward.de\/trendblog\/author\/eve\/"}]}},"jetpack_featured_media_url":"https:\/\/www.trend4ward.de\/trendblog\/wp-content\/uploads\/2014\/04\/Loom_Living_Hollywood_3.jpg","jetpack_sharing_enabled":true,"_links":{"self":[{"href":"https:\/\/www.trend4ward.de\/trendblog\/wp-json\/wp\/v2\/posts\/170","targetHints":{"allow":["GET"]}}],"collection":[{"href":"https:\/\/www.trend4ward.de\/trendblog\/wp-json\/wp\/v2\/posts"}],"about":[{"href":"https:\/\/www.trend4ward.de\/trendblog\/wp-json\/wp\/v2\/types\/post"}],"author":[{"embeddable":true,"href":"https:\/\/www.trend4ward.de\/trendblog\/wp-json\/wp\/v2\/users\/1"}],"replies":[{"embeddable":true,"href":"https:\/\/www.trend4ward.de\/trendblog\/wp-json\/wp\/v2\/comments?post=170"}],"version-history":[{"count":17,"href":"https:\/\/www.trend4ward.de\/trendblog\/wp-json\/wp\/v2\/posts\/170\/revisions"}],"predecessor-version":[{"id":3483,"href":"https:\/\/www.trend4ward.de\/trendblog\/wp-json\/wp\/v2\/posts\/170\/revisions\/3483"}],"wp:featuredmedia":[{"embeddable":true,"href":"https:\/\/www.trend4ward.de\/trendblog\/wp-json\/wp\/v2\/media\/211"}],"wp:attachment":[{"href":"https:\/\/www.trend4ward.de\/trendblog\/wp-json\/wp\/v2\/media?parent=170"}],"wp:term":[{"taxonomy":"category","embeddable":true,"href":"https:\/\/www.trend4ward.de\/trendblog\/wp-json\/wp\/v2\/categories?post=170"},{"taxonomy":"post_tag","embeddable":true,"href":"https:\/\/www.trend4ward.de\/trendblog\/wp-json\/wp\/v2\/tags?post=170"}],"curies":[{"name":"wp","href":"https:\/\/api.w.org\/{rel}","templated":true}]}}