{"id":1857,"date":"2015-11-13T15:35:52","date_gmt":"2015-11-13T14:35:52","guid":{"rendered":"https:\/\/www.trend4ward.de\/trendblog\/?p=1857"},"modified":"2022-06-21T14:20:54","modified_gmt":"2022-06-21T12:20:54","slug":"der-reiz-runden-wohnens-interview-mit-dem-architekten-gerald-wehner","status":"publish","type":"post","link":"https:\/\/www.trend4ward.de\/trendblog\/der-reiz-runden-wohnens-interview-mit-dem-architekten-gerald-wehner\/","title":{"rendered":"Der Reiz runden Wohnens \u2013 Interview mit dem Architekten Gerald Wehner"},"content":{"rendered":"<p><strong>Nicht nur auf der K\u00f6lner Einrichtungsmesse imm cologne im Januar experimentieren Kreative mit runden Architekturformen.&nbsp;2012 entstand im Osten K\u00f6lns, da, wo das Bergischen Land ansteigt, ein ungew\u00f6hnliches Geb\u00e4ude: ein kreisrunder Wohnturm, der wie eine Landmarke aus dem konventionellen Kontext herausragt. Architekt Gerald Wehner spricht \u00fcber die Effizienz der Rundarchitektur, \u00fcber die Freiheiten des runden Bauens und die positiven Erfahrungen der Bewohner.<\/strong><!--more--><\/p>\n<figure id=\"attachment_1864\" aria-describedby=\"caption-attachment-1864\" style=\"width: 300px\" class=\"wp-caption alignright\"><a href=\"https:\/\/www.trend4ward.de\/trendblog\/wp-content\/uploads\/2015\/11\/06_rundes_wohnen_gerald_wehner.jpg\"><img loading=\"lazy\" decoding=\"async\" class=\"wp-image-1864 size-medium\" src=\"https:\/\/www.trend4ward.de\/trendblog\/wp-content\/uploads\/2015\/11\/06_rundes_wohnen_gerald_wehner-300x224.jpg\" alt=\"Gerald Wehner\" width=\"300\" height=\"224\" srcset=\"https:\/\/www.trend4ward.de\/trendblog\/wp-content\/uploads\/2015\/11\/06_rundes_wohnen_gerald_wehner-300x224.jpg 300w, https:\/\/www.trend4ward.de\/trendblog\/wp-content\/uploads\/2015\/11\/06_rundes_wohnen_gerald_wehner-80x60.jpg 80w, https:\/\/www.trend4ward.de\/trendblog\/wp-content\/uploads\/2015\/11\/06_rundes_wohnen_gerald_wehner.jpg 564w\" sizes=\"auto, (max-width: 300px) 100vw, 300px\" \/><\/a><figcaption id=\"caption-attachment-1864\" class=\"wp-caption-text\">Gerald Wehner<\/figcaption><\/figure>\n<p>Wohnen mit Wiedererkennungswert: Weil in unserer schnelllebigen Welt alles so einfach austauschbar geworden ist, streben wir Menschen wieder nach mehr Individualit\u00e4t. Architekt Gerald Wehner hat sich diesen Gedanken zum Konzept gemacht \u2013 besondere Bauwerke mit Ausstrahlung liegen in seinem Bereich der Architektur. Das von ihm entworfene Rundhaus in Bergisch Gladbach-Bensberg ist sein vielleicht mutigstes Projekt.<\/p>\n<p>&nbsp;<\/p>\n<h3><strong>Als Architekt entwirft man nicht allzu oft ein rundes Haus. Wie kam es dazu?<\/strong><\/h3>\n<p>Wir wollten in der sehr ungeordneten Umgebung ein Geb\u00e4ude mit einer einfachen und dadurch pr\u00e4gnanten Form schaffen, um einen ruhigen Pol zu setzen. Das Grundst\u00fcck liegt in einer gro\u00dfen Kurve auf einem polygonalen Grundst\u00fcck, das ann\u00e4hernd die Form eines Stoppschildes hat. Ein kubisches Geb\u00e4ude h\u00e4tte vieler Vor- und R\u00fcckspr\u00fcnge bedurft, um das Grundst\u00fcck auszunutzen. Es w\u00e4re ein sehr gegliedertes, eher unruhiges Geb\u00e4ude entstanden. Die runde Form nutzt das Grundst\u00fcck optimal. Es entsteht ein Geb\u00e4ude mit einer ruhigen Grundform, dass trotz seiner Gr\u00f6\u00dfe mit seiner nach hinten gew\u00f6lbten Fassade nicht zu dominant wirkt.<\/p>\n<p>&nbsp;<\/p>\n<h3><strong><a href=\"https:\/\/www.trend4ward.de\/trendblog\/wp-content\/uploads\/2015\/11\/04_rundes_wohnen_gerald_wehner.jpg\"><img loading=\"lazy\" decoding=\"async\" class=\"size-medium wp-image-1862 alignleft\" src=\"https:\/\/www.trend4ward.de\/trendblog\/wp-content\/uploads\/2015\/11\/04_rundes_wohnen_gerald_wehner-225x300.jpg\" alt=\"\" width=\"225\" height=\"300\" srcset=\"https:\/\/www.trend4ward.de\/trendblog\/wp-content\/uploads\/2015\/11\/04_rundes_wohnen_gerald_wehner-225x300.jpg 225w, https:\/\/www.trend4ward.de\/trendblog\/wp-content\/uploads\/2015\/11\/04_rundes_wohnen_gerald_wehner-45x60.jpg 45w, https:\/\/www.trend4ward.de\/trendblog\/wp-content\/uploads\/2015\/11\/04_rundes_wohnen_gerald_wehner.jpg 600w\" sizes=\"auto, (max-width: 225px) 100vw, 225px\" \/><\/a>Welche Unterschiede gibt es im Vergleich zu einem eckigen Haus?<\/strong><\/h3>\n<p>Zu den oben genannten gestalterischen Vorteilen hat die Form den Vorteil, dass die Nachbarn durch das neue Geb\u00e4ude nicht zu stark bedr\u00e4ngt werden. Das Rundhaus setzt den Nachbarn keine gerade Fassadenfl\u00e4che parallel zu deren Grundst\u00fccksgrenze gegen\u00fcber. Die runde Form weicht zur\u00fcck und schafft einen gro\u00dfz\u00fcgigen Zwischenraum zur Nachbarbebauung.<\/p>\n<p>In statischer Hinsicht besteht der Vorteil, dass alle Decken, die im Rundhaus zwischen dem Mittelkern und den Au\u00dfenw\u00e4nden angeordnet sind, die gleiche Spannweite haben. Die Dicke der Decken kann statisch optimal auf diese Spannweite angepasst werden. Es gibt keine \u00fcberdimensionierten Deckenbereiche mit k\u00fcrzeren Spannweiten, was sich positiv auf die Baukosten auswirkt. Au\u00dferdem ist das Rundhaus durch seine Form optimal ausgesteift und deshalb sehr stabil.<\/p>\n<p>Auch aus energetischer Sicht hat das Rundhaus eine optimale Form, da es im Verh\u00e4ltnis zur umschlossenen Wohnfl\u00e4che eine minimale Fassadenfl\u00e4che aufweist. Es kann deshalb weniger W\u00e4rme durch die Fassade nach au\u00dfen entweichen. Der Energieverbrauch ist deshalb nach Aussagen des Eigent\u00fcmers erfreulich niedrig. Au\u00dferdem besteht kein Problem mit Schimmelbildung, die oftmals in den Au\u00dfenecken von Geb\u00e4uden auftritt, da das Geb\u00e4ude keine vertikalen Au\u00dfenecken hat.<\/p>\n<p><strong><a href=\"https:\/\/www.trend4ward.de\/trendblog\/wp-content\/uploads\/2015\/11\/07_rundes_wohnen_gerald_wehner.jpg\"><img loading=\"lazy\" decoding=\"async\" class=\"size-medium wp-image-1865 alignright\" src=\"https:\/\/www.trend4ward.de\/trendblog\/wp-content\/uploads\/2015\/11\/07_rundes_wohnen_gerald_wehner-300x249.jpg\" alt=\"\" width=\"300\" height=\"249\" srcset=\"https:\/\/www.trend4ward.de\/trendblog\/wp-content\/uploads\/2015\/11\/07_rundes_wohnen_gerald_wehner-300x249.jpg 300w, https:\/\/www.trend4ward.de\/trendblog\/wp-content\/uploads\/2015\/11\/07_rundes_wohnen_gerald_wehner-72x60.jpg 72w, https:\/\/www.trend4ward.de\/trendblog\/wp-content\/uploads\/2015\/11\/07_rundes_wohnen_gerald_wehner.jpg 600w\" sizes=\"auto, (max-width: 300px) 100vw, 300px\" \/><\/a><\/strong><\/p>\n<h3>&nbsp;<\/h3>\n<h3><strong>Wie effizient ist eine Rundarchitektur? Stehen sich hierbei nicht Bauk\u00f6rper und Grundriss gegenseitig im Weg?<\/strong><\/h3>\n<p>Um die Effizienz eines Geb\u00e4udes zu verbessern, ist es wichtig, die Verkehrsfl\u00e4chen im Vergleich zu den Wohn- und Nutzfl\u00e4chen gering zu halten. Das gelingt mit der runden Architektur sehr gut, da alle Verkehrsfl\u00e4chen, das Treppenhaus und die Wohnungsflure, sehr kurze Ringe im Zentrum des Geb\u00e4udes bilden. Von diesen Ringen werden die gro\u00dffl\u00e4chigen Wohn- und Nutzfl\u00e4chen an der Au\u00dfenseite des Geb\u00e4udes erschlossen. Es sind deshalb keine langen, engen und dunklen Flure notwendig.<\/p>\n<p>Zus\u00e4tzlich kann die Tiefgarage sehr effizient dimensioniert werden. Die Fahrgasse bildet einen Ring, von dem alle Stellfl\u00e4chen strahlenf\u00f6rmig nach au\u00dfen hinausragen, wie bei einem Lokschuppen. Dadurch k\u00f6nnen die Fahrzeuge beim Aus- und Einparken immer im Winkel von etwa 45\u00b0 in die Fahrgasse einbiegen, was das Einparken sehr erleichtert und schmalere Verkehrsfl\u00e4chen erfordert.<\/p>\n<p><a href=\"https:\/\/www.trend4ward.de\/trendblog\/wp-content\/uploads\/2015\/11\/Bildschirmfoto-2015-11-13-um-15.28.10.png\"><img loading=\"lazy\" decoding=\"async\" class=\"size-medium wp-image-1867 alignleft\" src=\"https:\/\/www.trend4ward.de\/trendblog\/wp-content\/uploads\/2015\/11\/Bildschirmfoto-2015-11-13-um-15.28.10-196x300.png\" alt=\"\" width=\"196\" height=\"300\" srcset=\"https:\/\/www.trend4ward.de\/trendblog\/wp-content\/uploads\/2015\/11\/Bildschirmfoto-2015-11-13-um-15.28.10-196x300.png 196w, https:\/\/www.trend4ward.de\/trendblog\/wp-content\/uploads\/2015\/11\/Bildschirmfoto-2015-11-13-um-15.28.10-39x60.png 39w, https:\/\/www.trend4ward.de\/trendblog\/wp-content\/uploads\/2015\/11\/Bildschirmfoto-2015-11-13-um-15.28.10.png 436w\" sizes=\"auto, (max-width: 196px) 100vw, 196px\" \/><\/a>Im Wohnbereich ergeben sich durch den Bauk\u00f6rper im Grundriss konische R\u00e4ume, die sich nach au\u00dfen zum Licht \u00f6ffnen \u2013 mit dem Ergebnis eines gro\u00dfz\u00fcgigen Raumeindrucks und einer hellen, freundlichen Atmosph\u00e4re.<\/p>\n<p>Au\u00dferdem wurde durch die Wahl des statischen Systems auf gr\u00f6\u00dftm\u00f6gliche Flexibilit\u00e4t geachtet. Da nur der innere Kern und die Au\u00dfenfassade als tragende W\u00e4nde notwendig sind, kann auf alle inneren Trennw\u00e4nde verzichtet werden, falls dies von den Bewohnern gew\u00fcnscht wird. Eine Etage k\u00f6nnte somit im Extremfall aus einem gro\u00dfen ringf\u00f6rmigen Raum mit dem Kern im Mittelpunkt bestehen.<\/p>\n<p>Der Bauk\u00f6rper hat somit einen sehr positiven Einfluss auf die Grundrissgestaltung des Geb\u00e4udes und bietet eine hohe Effizienz, einen freundlichen Raumeindruck, sehr viele Freiheiten und Gestaltungsm\u00f6glichkeiten.<\/p>\n<p>&nbsp;<\/p>\n<h3><strong>Was sind die Erfahrungen der Bewohner? Wie lebt es sich in einem runden Haus?<\/strong><\/h3>\n<p>Die Zufriedenheit der Mieter des Rundhauses ist sehr hoch. Das wird an der geringen Fluktuation sichtbar. Der Bauherr war sehr \u00fcberrascht, wie problemlos sich die Vermietung gestaltete. Die Form hatte in diesem Zusammenhang einen positiven Effekt, da das Haus etwas Besonderes ist. Eine Mieterin meinte: \u201eIch hatte ehrlich gesagt so meine Zweifel, was die Nutzbarkeit der R\u00e4ume betrifft. Ich hatte gedacht, dass innen alles viel runder ist. Trotz erkennbar gew\u00f6lbter Au\u00dfenw\u00e4nde gibt es genug M\u00f6glichkeiten, an den Zwischenw\u00e4nden M\u00f6bel und andere Dinge aufzustellen.\u201c<\/p>\n<p>Zum Tag der Architektur, an dem wir das Rundhaus vorstellten, sprachen uns Besucher mit gro\u00dfem Interesse am Wohnen im Rundhaus an und erkundigten sich, ob eine Wohnung noch frei w\u00e4re oder w\u00fcrde. Leider mussten wir das verneinen, da es keine Fluktuation gibt. Eigentlich w\u00e4re mindestens ein zweites Rundhaus notwendig, um das Wohninteresse zu stillen. Selbst ich wollte eine Wohnung darin beziehen und kam leider zu sp\u00e4t.<\/p>\n<figure id=\"attachment_1861\" aria-describedby=\"caption-attachment-1861\" style=\"width: 225px\" class=\"wp-caption alignright\"><a href=\"https:\/\/www.trend4ward.de\/trendblog\/wp-content\/uploads\/2015\/11\/02_rundes_wohnen_gerald_wehner.jpg\"><img loading=\"lazy\" decoding=\"async\" class=\"wp-image-1861 size-medium\" src=\"https:\/\/www.trend4ward.de\/trendblog\/wp-content\/uploads\/2015\/11\/02_rundes_wohnen_gerald_wehner-225x300.jpg\" alt=\"\" width=\"225\" height=\"300\" srcset=\"https:\/\/www.trend4ward.de\/trendblog\/wp-content\/uploads\/2015\/11\/02_rundes_wohnen_gerald_wehner-225x300.jpg 225w, https:\/\/www.trend4ward.de\/trendblog\/wp-content\/uploads\/2015\/11\/02_rundes_wohnen_gerald_wehner-768x1024.jpg 768w, https:\/\/www.trend4ward.de\/trendblog\/wp-content\/uploads\/2015\/11\/02_rundes_wohnen_gerald_wehner-45x60.jpg 45w, https:\/\/www.trend4ward.de\/trendblog\/wp-content\/uploads\/2015\/11\/02_rundes_wohnen_gerald_wehner.jpg 800w\" sizes=\"auto, (max-width: 225px) 100vw, 225px\" \/><\/a><figcaption id=\"caption-attachment-1861\" class=\"wp-caption-text\">Alle Fotos (c) K\u00f6lnmesse, Wehner Architektur<\/figcaption><\/figure>\n<p>Eine Besucherin stellte sich vor, einige der flexiblen Innenw\u00e4nde zu entfernen, um in einem sehr gro\u00dfz\u00fcgigen runden Loft zu wohnen, den es sonst nirgends gibt. Bemerkenswert fanden Besucher wie auch Bewohner die helle, nat\u00fcrlich bel\u00fcftete Tiefgarage, die auch f\u00fcr gro\u00dfe Pkw gen\u00fcgend Platz zum Ein- und Ausfahren bietet.<\/p>\n<p>Die Mieter begeistern sich immer wieder \u00fcber ihren tollen Blick nach K\u00f6ln zum Dom, ins Siebengebirge oder auch ins Bergische Land. Au\u00dferdem freuen sie sich immer wieder \u00fcber die Fahrt im Glasaufzug durch das lichtdurchflutete runde Treppenhaus mit dar\u00fcber liegender Glaskuppel, die den Blick zum Himmel bei jedem Wetter direkt freigibt.<\/p>\n<p>Die tiefen, sich nach au\u00dfen weitenden Loggien, die \u00fcber gro\u00dfz\u00fcgige Glasfl\u00e4chen mit dem Wohnraum der Wohnungen verbunden sind, werden begeistert angenommen, da es dort ausreichenden Platz f\u00fcr eine Caf\u00e9tafel gibt und sie die M\u00f6glichkeit bieten, bei jedem Wetter im Freien zu sitzen.<\/p>\n<p>&nbsp;<\/p>\n<h3><strong>Verlangt der Grundriss eine bestimmte M\u00f6blierung? Gibt es Besonderheiten?<\/strong><\/h3>\n<p>Da der Grundriss mit den axial nach au\u00dfen gerichteten W\u00e4nden, die den Kern mit den Au\u00dfenw\u00e4nden verbinden, auch \u00fcber eine gro\u00dfe Anzahl gerader W\u00e4nde verf\u00fcgt, sind keine speziell angepassten M\u00f6bel notwendig. Es gibt gen\u00fcgend Stellfl\u00e4chen f\u00fcr handels\u00fcbliche, gerade M\u00f6bel. In machen Wohneinheiten gibt es Platz f\u00fcr bis zu 7,50 m lange M\u00f6belst\u00fccke. Jeder Raum verf\u00fcgt seitlich \u00fcber zwei gerade W\u00e4nde. Nur die Au\u00dfenwand mit den Fenstern und die Innenwand mit den T\u00fcren sind leicht gew\u00f6lbt. Dort ist aber normalerweise sowieso kein guter Platz f\u00fcr M\u00f6bel.<\/p>\n<p>&nbsp;<\/p>\n<h3><strong>Wie sind die R\u00e4ume aufgeteilt? Gibt es eine offenere Wohnfl\u00e4che?<\/strong><\/h3>\n<p>Wie schon gesagt sind die Grundrisse durch die Konstruktion des Hauses sehr frei einzuteilen. Von der konventionellen 2-3-4-Zimmerwohnung mit abgetrennter K\u00fcche bis zur offenen Loft-Wohnung mit freistehender K\u00fccheninsel ist alles denkbar. Au\u00dferdem konnten die Wohnungsgr\u00f6\u00dfen vor der ersten Belegung frei eingeteilt werden, da die Konstruktion die freie Einteilung der Wohnungstrennw\u00e4nde erlaubt. Wie bei einer Torte konnten St\u00fccke mit der gew\u00fcnschten Gr\u00f6\u00dfe nach pers\u00f6nlichen Pr\u00e4ferenzen ausgesucht und angemietet werden.<\/p>\n<p>&nbsp;<\/p>\n<h3><strong>Worin liegt der Reiz, in einem runden Haus zu wohnen?<\/strong><\/h3>\n<p>Nach unserer Erfahrung liegt der Reiz f\u00fcr viele Mieter darin, in einem Geb\u00e4ude zu wohnen, das als neues Wahrzeichen in Bergisch Gladbach-Bensberg einen klaren Wiedererkennungswert hat und eine Adresse bietet, mit der sich die Bewohner identifizieren k\u00f6nnen. In einer Zeit, in der vieles austauschbar und verwechselbar ist, werden feste Orientierungspunkte f\u00fcr Menschen wichtiger. Deshalb war das Interesse an dem Geb\u00e4ude sehr gro\u00df und f\u00fcr die Vermietung eigentlich keine Werbung notwendig.<\/p>\n<p>\u00dcberraschend war, dass sich zus\u00e4tzlich Unternehmen f\u00fcr die R\u00e4umlichkeiten im Rundhaus interessiert haben, die repr\u00e4sentative und besondere R\u00e4umlichkeiten mit hohem Wiedererkennungswert suchten.<\/p>\n<p>&nbsp;<\/p>\n<h3><strong>Ist ein Rundbau in erster Linie eine Sonderl\u00f6sung, oder gibt es f\u00fcr das Konzept praktikable Gr\u00fcnde, es im Stadtbild vermehrt umzusetzen?<\/strong><\/h3>\n<p>Da wir als B\u00fcro f\u00fcr individuelle Architektur stehen, die ergebnisoffen aus der besonderen Bauaufgabe und dem jeweils einmaligen Umfeld des Geb\u00e4udes erw\u00e4chst, ist jedes Projekt f\u00fcr uns eine Sonderl\u00f6sung. Das macht die Pers\u00f6nlichkeit durchdachter Architektur aus, die immer, in gewissem Rahmen, ein Unikat sein sollte. Wir finden aber, dass speziell Rundh\u00e4user als Geb\u00e4udetypologie viele Vorteile und M\u00f6glichkeiten bieten, die wir, angepasst an andere Situationen, gerne weiter erforschen und erproben w\u00fcrden. Das Rundhaus ist eine in der Baugeschichte immer wieder anzutreffende Form. Es wird sogar davon ausgegangen, dass die ersten H\u00e4user rund waren.<\/p>\n<p>Wir sto\u00dfen zurzeit an, dass unseren Rundh\u00e4usern im Rahmen der st\u00e4dtebaulichen Nachverdichtung \u2013 also der Erschlie\u00dfung von Freifl\u00e4chen, deren Nutzung die Nachbarschaft nicht bedr\u00e4ng \u2013 oder zum Beispiel beim energiesparenden Bauen vermehrt Aufmerksamkeit geschenkt wird.<\/p>\n<p>&nbsp;<\/p>\n<h3><strong>K\u00f6nnten Sie pers\u00f6nlich sich vorstellen, in einem runden Leuchtturm zu wohnen?<\/strong><\/h3>\n<p>Das k\u00f6nnte ich mir \u2013 wenigstens vor\u00fcbergehend \u2013 sehr gut vorstellen. Als Beispiel f\u00e4llt mir dazu der Leuchtturm Roter Sand ein, der wie eine Insel in der Nordsee steht. Dort k\u00f6nnte man sicherlich sehr gut ausspannen. Die runde Form ist stets sanfter und beruhigender.<\/p>\n","protected":false},"excerpt":{"rendered":"<p>Kreisrunde Architekturformen in Bergisch Gladbach. Das Interview mit einem Architekten.<\/p>\n","protected":false},"author":1,"featured_media":1860,"comment_status":"open","ping_status":"open","sticky":false,"template":"","format":"standard","meta":{"om_disable_all_campaigns":false,"_monsterinsights_skip_tracking":false,"_monsterinsights_sitenote_active":false,"_monsterinsights_sitenote_note":"","_monsterinsights_sitenote_category":0,"_uf_show_specific_survey":0,"_uf_disable_surveys":false,"neve_meta_sidebar":"","neve_meta_container":"","neve_meta_enable_content_width":"","neve_meta_content_width":0,"neve_meta_title_alignment":"","neve_meta_author_avatar":"","neve_post_elements_order":"","neve_meta_disable_header":"","neve_meta_disable_footer":"","neve_meta_disable_title":"","ngg_post_thumbnail":0,"_jetpack_memberships_contains_paid_content":false,"footnotes":""},"categories":[3,15],"tags":[39,107,93],"class_list":["post-1857","post","type-post","status-publish","format-standard","has-post-thumbnail","hentry","category-trendbarometer","category-wohnen","tag-haus","tag-lebensstil","tag-wohntrends"],"yoast_head":"<!-- This site is optimized with the Yoast SEO plugin v27.4 - https:\/\/yoast.com\/product\/yoast-seo-wordpress\/ -->\n<title>Der Reiz runden Wohnens \u2013 Interview mit dem Architekten Gerald Wehner &#8226; trendBlog \u2013 Wohnen, Reisen, Leben und Kultur<\/title>\n<meta name=\"description\" content=\"Der Reiz des runden Wohnens - kreisrunde Architekturformen in Bergisch Gladbach. Interview mit Architekten.\" \/>\n<meta name=\"robots\" content=\"index, follow, max-snippet:-1, max-image-preview:large, max-video-preview:-1\" \/>\n<link rel=\"canonical\" href=\"https:\/\/www.trend4ward.de\/trendblog\/der-reiz-runden-wohnens-interview-mit-dem-architekten-gerald-wehner\/\" \/>\n<meta property=\"og:locale\" content=\"de_DE\" \/>\n<meta property=\"og:type\" content=\"article\" \/>\n<meta property=\"og:title\" content=\"Der Reiz runden Wohnens \u2013 Interview mit dem Architekten Gerald Wehner &#8226; trendBlog \u2013 Wohnen, Reisen, Leben und Kultur\" \/>\n<meta property=\"og:description\" content=\"Der Reiz des runden Wohnens - kreisrunde Architekturformen in Bergisch Gladbach. Interview mit Architekten.\" \/>\n<meta property=\"og:url\" content=\"https:\/\/www.trend4ward.de\/trendblog\/der-reiz-runden-wohnens-interview-mit-dem-architekten-gerald-wehner\/\" \/>\n<meta property=\"og:site_name\" content=\"trendBlog \u2013 Wohnen, Reisen, Leben und Kultur\" \/>\n<meta property=\"article:published_time\" content=\"2015-11-13T14:35:52+00:00\" \/>\n<meta property=\"article:modified_time\" content=\"2022-06-21T12:20:54+00:00\" \/>\n<meta property=\"og:image\" content=\"https:\/\/www.trend4ward.de\/trendblog\/wp-content\/uploads\/2015\/11\/01_rundes_wohnen_gerald_wehner.jpg\" \/>\n\t<meta property=\"og:image:width\" content=\"1119\" \/>\n\t<meta property=\"og:image:height\" content=\"936\" \/>\n\t<meta property=\"og:image:type\" content=\"image\/jpeg\" \/>\n<meta name=\"author\" content=\"Evelyn Steinbach\" \/>\n<meta name=\"twitter:label1\" content=\"Verfasst von\" \/>\n\t<meta name=\"twitter:data1\" content=\"Evelyn Steinbach\" \/>\n\t<meta name=\"twitter:label2\" content=\"Gesch\u00e4tzte Lesezeit\" \/>\n\t<meta name=\"twitter:data2\" content=\"10\u00a0Minuten\" \/>\n<script type=\"application\/ld+json\" class=\"yoast-schema-graph\">{\"@context\":\"https:\\\/\\\/schema.org\",\"@graph\":[{\"@type\":\"Article\",\"@id\":\"https:\\\/\\\/www.trend4ward.de\\\/trendblog\\\/der-reiz-runden-wohnens-interview-mit-dem-architekten-gerald-wehner\\\/#article\",\"isPartOf\":{\"@id\":\"https:\\\/\\\/www.trend4ward.de\\\/trendblog\\\/der-reiz-runden-wohnens-interview-mit-dem-architekten-gerald-wehner\\\/\"},\"author\":{\"name\":\"Evelyn Steinbach\",\"@id\":\"https:\\\/\\\/www.trend4ward.de\\\/trendblog\\\/#\\\/schema\\\/person\\\/c65dd8afd2fda04893d121f31b2a8ea4\"},\"headline\":\"Der Reiz runden Wohnens \u2013 Interview mit dem Architekten Gerald Wehner\",\"datePublished\":\"2015-11-13T14:35:52+00:00\",\"dateModified\":\"2022-06-21T12:20:54+00:00\",\"mainEntityOfPage\":{\"@id\":\"https:\\\/\\\/www.trend4ward.de\\\/trendblog\\\/der-reiz-runden-wohnens-interview-mit-dem-architekten-gerald-wehner\\\/\"},\"wordCount\":1661,\"commentCount\":0,\"publisher\":{\"@id\":\"https:\\\/\\\/www.trend4ward.de\\\/trendblog\\\/#\\\/schema\\\/person\\\/c65dd8afd2fda04893d121f31b2a8ea4\"},\"image\":{\"@id\":\"https:\\\/\\\/www.trend4ward.de\\\/trendblog\\\/der-reiz-runden-wohnens-interview-mit-dem-architekten-gerald-wehner\\\/#primaryimage\"},\"thumbnailUrl\":\"https:\\\/\\\/www.trend4ward.de\\\/trendblog\\\/wp-content\\\/uploads\\\/2015\\\/11\\\/01_rundes_wohnen_gerald_wehner.jpg\",\"keywords\":[\"Haus &amp; Immobilien\",\"Lebensstil\",\"Wohntrends\"],\"articleSection\":[\"trendBarometer\",\"Wohnen &amp; Einrichten\"],\"inLanguage\":\"de\",\"potentialAction\":[{\"@type\":\"CommentAction\",\"name\":\"Comment\",\"target\":[\"https:\\\/\\\/www.trend4ward.de\\\/trendblog\\\/der-reiz-runden-wohnens-interview-mit-dem-architekten-gerald-wehner\\\/#respond\"]}]},{\"@type\":\"WebPage\",\"@id\":\"https:\\\/\\\/www.trend4ward.de\\\/trendblog\\\/der-reiz-runden-wohnens-interview-mit-dem-architekten-gerald-wehner\\\/\",\"url\":\"https:\\\/\\\/www.trend4ward.de\\\/trendblog\\\/der-reiz-runden-wohnens-interview-mit-dem-architekten-gerald-wehner\\\/\",\"name\":\"Der Reiz runden Wohnens \u2013 Interview mit dem Architekten Gerald Wehner &#8226; trendBlog \u2013 Wohnen, Reisen, Leben und Kultur\",\"isPartOf\":{\"@id\":\"https:\\\/\\\/www.trend4ward.de\\\/trendblog\\\/#website\"},\"primaryImageOfPage\":{\"@id\":\"https:\\\/\\\/www.trend4ward.de\\\/trendblog\\\/der-reiz-runden-wohnens-interview-mit-dem-architekten-gerald-wehner\\\/#primaryimage\"},\"image\":{\"@id\":\"https:\\\/\\\/www.trend4ward.de\\\/trendblog\\\/der-reiz-runden-wohnens-interview-mit-dem-architekten-gerald-wehner\\\/#primaryimage\"},\"thumbnailUrl\":\"https:\\\/\\\/www.trend4ward.de\\\/trendblog\\\/wp-content\\\/uploads\\\/2015\\\/11\\\/01_rundes_wohnen_gerald_wehner.jpg\",\"datePublished\":\"2015-11-13T14:35:52+00:00\",\"dateModified\":\"2022-06-21T12:20:54+00:00\",\"description\":\"Der Reiz des runden Wohnens - kreisrunde Architekturformen in Bergisch Gladbach. Interview mit Architekten.\",\"breadcrumb\":{\"@id\":\"https:\\\/\\\/www.trend4ward.de\\\/trendblog\\\/der-reiz-runden-wohnens-interview-mit-dem-architekten-gerald-wehner\\\/#breadcrumb\"},\"inLanguage\":\"de\",\"potentialAction\":[{\"@type\":\"ReadAction\",\"target\":[\"https:\\\/\\\/www.trend4ward.de\\\/trendblog\\\/der-reiz-runden-wohnens-interview-mit-dem-architekten-gerald-wehner\\\/\"]}]},{\"@type\":\"ImageObject\",\"inLanguage\":\"de\",\"@id\":\"https:\\\/\\\/www.trend4ward.de\\\/trendblog\\\/der-reiz-runden-wohnens-interview-mit-dem-architekten-gerald-wehner\\\/#primaryimage\",\"url\":\"https:\\\/\\\/www.trend4ward.de\\\/trendblog\\\/wp-content\\\/uploads\\\/2015\\\/11\\\/01_rundes_wohnen_gerald_wehner.jpg\",\"contentUrl\":\"https:\\\/\\\/www.trend4ward.de\\\/trendblog\\\/wp-content\\\/uploads\\\/2015\\\/11\\\/01_rundes_wohnen_gerald_wehner.jpg\",\"width\":1119,\"height\":936},{\"@type\":\"BreadcrumbList\",\"@id\":\"https:\\\/\\\/www.trend4ward.de\\\/trendblog\\\/der-reiz-runden-wohnens-interview-mit-dem-architekten-gerald-wehner\\\/#breadcrumb\",\"itemListElement\":[{\"@type\":\"ListItem\",\"position\":1,\"name\":\"Home\",\"item\":\"https:\\\/\\\/www.trend4ward.de\\\/trendblog\\\/\"},{\"@type\":\"ListItem\",\"position\":2,\"name\":\"Der Reiz runden Wohnens \u2013 Interview mit dem Architekten Gerald Wehner\"}]},{\"@type\":\"WebSite\",\"@id\":\"https:\\\/\\\/www.trend4ward.de\\\/trendblog\\\/#website\",\"url\":\"https:\\\/\\\/www.trend4ward.de\\\/trendblog\\\/\",\"name\":\"trendBlog \u2013 Wohnen, Reisen, Leben und Kultur\",\"description\":\"Portr\u00e4ts, Reportagen, Ratgeber. Seit 2009. Von Evelyn Steinbach.\",\"publisher\":{\"@id\":\"https:\\\/\\\/www.trend4ward.de\\\/trendblog\\\/#\\\/schema\\\/person\\\/c65dd8afd2fda04893d121f31b2a8ea4\"},\"potentialAction\":[{\"@type\":\"SearchAction\",\"target\":{\"@type\":\"EntryPoint\",\"urlTemplate\":\"https:\\\/\\\/www.trend4ward.de\\\/trendblog\\\/?s={search_term_string}\"},\"query-input\":{\"@type\":\"PropertyValueSpecification\",\"valueRequired\":true,\"valueName\":\"search_term_string\"}}],\"inLanguage\":\"de\"},{\"@type\":[\"Person\",\"Organization\"],\"@id\":\"https:\\\/\\\/www.trend4ward.de\\\/trendblog\\\/#\\\/schema\\\/person\\\/c65dd8afd2fda04893d121f31b2a8ea4\",\"name\":\"Evelyn Steinbach\",\"image\":{\"@type\":\"ImageObject\",\"inLanguage\":\"de\",\"@id\":\"https:\\\/\\\/www.trend4ward.de\\\/trendblog\\\/wp-content\\\/uploads\\\/2020\\\/11\\\/cropped-cropped-IMG_6744-e1692617617527.png\",\"url\":\"https:\\\/\\\/www.trend4ward.de\\\/trendblog\\\/wp-content\\\/uploads\\\/2020\\\/11\\\/cropped-cropped-IMG_6744-e1692617617527.png\",\"contentUrl\":\"https:\\\/\\\/www.trend4ward.de\\\/trendblog\\\/wp-content\\\/uploads\\\/2020\\\/11\\\/cropped-cropped-IMG_6744-e1692617617527.png\",\"width\":200,\"height\":183,\"caption\":\"Evelyn Steinbach\"},\"logo\":{\"@id\":\"https:\\\/\\\/www.trend4ward.de\\\/trendblog\\\/wp-content\\\/uploads\\\/2020\\\/11\\\/cropped-cropped-IMG_6744-e1692617617527.png\"},\"sameAs\":[\"http:\\\/\\\/www.trend4ward.de\"],\"url\":\"https:\\\/\\\/www.trend4ward.de\\\/trendblog\\\/author\\\/eve\\\/\"}]}<\/script>\n<!-- \/ Yoast SEO plugin. -->","yoast_head_json":{"title":"Der Reiz runden Wohnens \u2013 Interview mit dem Architekten Gerald Wehner &#8226; trendBlog \u2013 Wohnen, Reisen, Leben und Kultur","description":"Der Reiz des runden Wohnens - kreisrunde Architekturformen in Bergisch Gladbach. Interview mit Architekten.","robots":{"index":"index","follow":"follow","max-snippet":"max-snippet:-1","max-image-preview":"max-image-preview:large","max-video-preview":"max-video-preview:-1"},"canonical":"https:\/\/www.trend4ward.de\/trendblog\/der-reiz-runden-wohnens-interview-mit-dem-architekten-gerald-wehner\/","og_locale":"de_DE","og_type":"article","og_title":"Der Reiz runden Wohnens \u2013 Interview mit dem Architekten Gerald Wehner &#8226; trendBlog \u2013 Wohnen, Reisen, Leben und Kultur","og_description":"Der Reiz des runden Wohnens - kreisrunde Architekturformen in Bergisch Gladbach. Interview mit Architekten.","og_url":"https:\/\/www.trend4ward.de\/trendblog\/der-reiz-runden-wohnens-interview-mit-dem-architekten-gerald-wehner\/","og_site_name":"trendBlog \u2013 Wohnen, Reisen, Leben und Kultur","article_published_time":"2015-11-13T14:35:52+00:00","article_modified_time":"2022-06-21T12:20:54+00:00","og_image":[{"width":1119,"height":936,"url":"https:\/\/www.trend4ward.de\/trendblog\/wp-content\/uploads\/2015\/11\/01_rundes_wohnen_gerald_wehner.jpg","type":"image\/jpeg"}],"author":"Evelyn Steinbach","twitter_misc":{"Verfasst von":"Evelyn Steinbach","Gesch\u00e4tzte Lesezeit":"10\u00a0Minuten"},"schema":{"@context":"https:\/\/schema.org","@graph":[{"@type":"Article","@id":"https:\/\/www.trend4ward.de\/trendblog\/der-reiz-runden-wohnens-interview-mit-dem-architekten-gerald-wehner\/#article","isPartOf":{"@id":"https:\/\/www.trend4ward.de\/trendblog\/der-reiz-runden-wohnens-interview-mit-dem-architekten-gerald-wehner\/"},"author":{"name":"Evelyn Steinbach","@id":"https:\/\/www.trend4ward.de\/trendblog\/#\/schema\/person\/c65dd8afd2fda04893d121f31b2a8ea4"},"headline":"Der Reiz runden Wohnens \u2013 Interview mit dem Architekten Gerald Wehner","datePublished":"2015-11-13T14:35:52+00:00","dateModified":"2022-06-21T12:20:54+00:00","mainEntityOfPage":{"@id":"https:\/\/www.trend4ward.de\/trendblog\/der-reiz-runden-wohnens-interview-mit-dem-architekten-gerald-wehner\/"},"wordCount":1661,"commentCount":0,"publisher":{"@id":"https:\/\/www.trend4ward.de\/trendblog\/#\/schema\/person\/c65dd8afd2fda04893d121f31b2a8ea4"},"image":{"@id":"https:\/\/www.trend4ward.de\/trendblog\/der-reiz-runden-wohnens-interview-mit-dem-architekten-gerald-wehner\/#primaryimage"},"thumbnailUrl":"https:\/\/www.trend4ward.de\/trendblog\/wp-content\/uploads\/2015\/11\/01_rundes_wohnen_gerald_wehner.jpg","keywords":["Haus &amp; Immobilien","Lebensstil","Wohntrends"],"articleSection":["trendBarometer","Wohnen &amp; Einrichten"],"inLanguage":"de","potentialAction":[{"@type":"CommentAction","name":"Comment","target":["https:\/\/www.trend4ward.de\/trendblog\/der-reiz-runden-wohnens-interview-mit-dem-architekten-gerald-wehner\/#respond"]}]},{"@type":"WebPage","@id":"https:\/\/www.trend4ward.de\/trendblog\/der-reiz-runden-wohnens-interview-mit-dem-architekten-gerald-wehner\/","url":"https:\/\/www.trend4ward.de\/trendblog\/der-reiz-runden-wohnens-interview-mit-dem-architekten-gerald-wehner\/","name":"Der Reiz runden Wohnens \u2013 Interview mit dem Architekten Gerald Wehner &#8226; trendBlog \u2013 Wohnen, Reisen, Leben und Kultur","isPartOf":{"@id":"https:\/\/www.trend4ward.de\/trendblog\/#website"},"primaryImageOfPage":{"@id":"https:\/\/www.trend4ward.de\/trendblog\/der-reiz-runden-wohnens-interview-mit-dem-architekten-gerald-wehner\/#primaryimage"},"image":{"@id":"https:\/\/www.trend4ward.de\/trendblog\/der-reiz-runden-wohnens-interview-mit-dem-architekten-gerald-wehner\/#primaryimage"},"thumbnailUrl":"https:\/\/www.trend4ward.de\/trendblog\/wp-content\/uploads\/2015\/11\/01_rundes_wohnen_gerald_wehner.jpg","datePublished":"2015-11-13T14:35:52+00:00","dateModified":"2022-06-21T12:20:54+00:00","description":"Der Reiz des runden Wohnens - kreisrunde Architekturformen in Bergisch Gladbach. Interview mit Architekten.","breadcrumb":{"@id":"https:\/\/www.trend4ward.de\/trendblog\/der-reiz-runden-wohnens-interview-mit-dem-architekten-gerald-wehner\/#breadcrumb"},"inLanguage":"de","potentialAction":[{"@type":"ReadAction","target":["https:\/\/www.trend4ward.de\/trendblog\/der-reiz-runden-wohnens-interview-mit-dem-architekten-gerald-wehner\/"]}]},{"@type":"ImageObject","inLanguage":"de","@id":"https:\/\/www.trend4ward.de\/trendblog\/der-reiz-runden-wohnens-interview-mit-dem-architekten-gerald-wehner\/#primaryimage","url":"https:\/\/www.trend4ward.de\/trendblog\/wp-content\/uploads\/2015\/11\/01_rundes_wohnen_gerald_wehner.jpg","contentUrl":"https:\/\/www.trend4ward.de\/trendblog\/wp-content\/uploads\/2015\/11\/01_rundes_wohnen_gerald_wehner.jpg","width":1119,"height":936},{"@type":"BreadcrumbList","@id":"https:\/\/www.trend4ward.de\/trendblog\/der-reiz-runden-wohnens-interview-mit-dem-architekten-gerald-wehner\/#breadcrumb","itemListElement":[{"@type":"ListItem","position":1,"name":"Home","item":"https:\/\/www.trend4ward.de\/trendblog\/"},{"@type":"ListItem","position":2,"name":"Der Reiz runden Wohnens \u2013 Interview mit dem Architekten Gerald Wehner"}]},{"@type":"WebSite","@id":"https:\/\/www.trend4ward.de\/trendblog\/#website","url":"https:\/\/www.trend4ward.de\/trendblog\/","name":"trendBlog \u2013 Wohnen, Reisen, Leben und Kultur","description":"Portr\u00e4ts, Reportagen, Ratgeber. Seit 2009. Von Evelyn Steinbach.","publisher":{"@id":"https:\/\/www.trend4ward.de\/trendblog\/#\/schema\/person\/c65dd8afd2fda04893d121f31b2a8ea4"},"potentialAction":[{"@type":"SearchAction","target":{"@type":"EntryPoint","urlTemplate":"https:\/\/www.trend4ward.de\/trendblog\/?s={search_term_string}"},"query-input":{"@type":"PropertyValueSpecification","valueRequired":true,"valueName":"search_term_string"}}],"inLanguage":"de"},{"@type":["Person","Organization"],"@id":"https:\/\/www.trend4ward.de\/trendblog\/#\/schema\/person\/c65dd8afd2fda04893d121f31b2a8ea4","name":"Evelyn Steinbach","image":{"@type":"ImageObject","inLanguage":"de","@id":"https:\/\/www.trend4ward.de\/trendblog\/wp-content\/uploads\/2020\/11\/cropped-cropped-IMG_6744-e1692617617527.png","url":"https:\/\/www.trend4ward.de\/trendblog\/wp-content\/uploads\/2020\/11\/cropped-cropped-IMG_6744-e1692617617527.png","contentUrl":"https:\/\/www.trend4ward.de\/trendblog\/wp-content\/uploads\/2020\/11\/cropped-cropped-IMG_6744-e1692617617527.png","width":200,"height":183,"caption":"Evelyn Steinbach"},"logo":{"@id":"https:\/\/www.trend4ward.de\/trendblog\/wp-content\/uploads\/2020\/11\/cropped-cropped-IMG_6744-e1692617617527.png"},"sameAs":["http:\/\/www.trend4ward.de"],"url":"https:\/\/www.trend4ward.de\/trendblog\/author\/eve\/"}]}},"jetpack_featured_media_url":"https:\/\/www.trend4ward.de\/trendblog\/wp-content\/uploads\/2015\/11\/01_rundes_wohnen_gerald_wehner.jpg","jetpack_sharing_enabled":true,"_links":{"self":[{"href":"https:\/\/www.trend4ward.de\/trendblog\/wp-json\/wp\/v2\/posts\/1857","targetHints":{"allow":["GET"]}}],"collection":[{"href":"https:\/\/www.trend4ward.de\/trendblog\/wp-json\/wp\/v2\/posts"}],"about":[{"href":"https:\/\/www.trend4ward.de\/trendblog\/wp-json\/wp\/v2\/types\/post"}],"author":[{"embeddable":true,"href":"https:\/\/www.trend4ward.de\/trendblog\/wp-json\/wp\/v2\/users\/1"}],"replies":[{"embeddable":true,"href":"https:\/\/www.trend4ward.de\/trendblog\/wp-json\/wp\/v2\/comments?post=1857"}],"version-history":[{"count":10,"href":"https:\/\/www.trend4ward.de\/trendblog\/wp-json\/wp\/v2\/posts\/1857\/revisions"}],"predecessor-version":[{"id":5988,"href":"https:\/\/www.trend4ward.de\/trendblog\/wp-json\/wp\/v2\/posts\/1857\/revisions\/5988"}],"wp:featuredmedia":[{"embeddable":true,"href":"https:\/\/www.trend4ward.de\/trendblog\/wp-json\/wp\/v2\/media\/1860"}],"wp:attachment":[{"href":"https:\/\/www.trend4ward.de\/trendblog\/wp-json\/wp\/v2\/media?parent=1857"}],"wp:term":[{"taxonomy":"category","embeddable":true,"href":"https:\/\/www.trend4ward.de\/trendblog\/wp-json\/wp\/v2\/categories?post=1857"},{"taxonomy":"post_tag","embeddable":true,"href":"https:\/\/www.trend4ward.de\/trendblog\/wp-json\/wp\/v2\/tags?post=1857"}],"curies":[{"name":"wp","href":"https:\/\/api.w.org\/{rel}","templated":true}]}}