{"id":1924,"date":"2025-11-23T08:00:14","date_gmt":"2025-11-23T07:00:14","guid":{"rendered":"https:\/\/www.trend4ward.de\/trendblog\/?p=1924"},"modified":"2025-11-15T19:04:46","modified_gmt":"2025-11-15T18:04:46","slug":"weihnachtsdekoration-blau-gruen-und-ein-bisschen-glamour","status":"publish","type":"post","link":"https:\/\/www.trend4ward.de\/trendblog\/weihnachtsdekoration-blau-gruen-und-ein-bisschen-glamour\/","title":{"rendered":"Weihnachtsdekoration: Blau, Gr\u00fcn und ein bisschen Glamour"},"content":{"rendered":"<p><strong>Die Zeiten, in denen der Tannenbaum zu jedem Weihnachtsfest gleich geschm\u00fcckt wurde, sind endg\u00fcltig vorbei. Zu den alten Kugeln reihen sich festliche Weihnachtsdekorationen in den Farben des Dschungels und der W\u00fcste.<\/strong><\/p>\n<p><!--more--><\/p>\n<p>Tiefes Blau, edles Smaragdgr\u00fcn und schillernde Goldt\u00f6ne: Das sind die Trendfarben f\u00fcr die&nbsp;Adventszeit. Erg\u00e4nzt werden sie mit Wei\u00df, Grau und Creme \u2013 sanfte T\u00f6ne, die sich gut mit den kr\u00e4ftigen Farben kombinieren lassen.<\/p>\n<p>\u201eDie neuen Trends zu Weihnachten machen wieder Lust aufs Dekorieren\u201c, sagt Claudia Herke vom Stilb\u00fcro bora.herke.palmisano in Frankfurt am Main. Jedes Jahr stellt sie mit ihrem Team die aktuellen Dekorationstrends der Messe \u201eChristmas World\u201c vor. Sie prophezeien eine besonders extravagante Gestaltung: \u201eExotische Pflanzen und Vogelmotive werden mit royalen Blau-, Gr\u00fcn- und Goldt\u00f6nen kombiniert\u201c, erl\u00e4utert Herke. Am Baum h\u00e4ngen Pfauen und t\u00fcrkisblau leuchtende Glaskugeln. F\u00fcr den Tisch eignen sich edle Gestecke aus Pfauenfedern und goldbestickte L\u00e4ufer aus Samt und Seide. Die Dessins sollen kostbar und prunkvoll wirken, so die Expertin.<\/p>\n<h2>Neue Trendfarben auch bei Blumen und Weihnachtsgestecken<\/h2>\n<p>\u201eDie Trendfarben tauchen auch in den Schnittblument\u00f6nen auf\u201c, sagt Manfred Hoffmann, Kreativ-Direktor beim Bundesverband Deutscher Floristen in D\u00fcsseldorf. Vor allem das satte Royalblau, das er mit Hellblau, Wei\u00df, Karamell und Grau zusammenbringt. Als Beispiel nennt er blaue Anemonen und Helleborusbl\u00fcten, die in wei\u00dfe Vasen gesteckt werden. \u201eAdventskr\u00e4nze kann man mit gezuckerten Karamellkeksen dekorieren\u201c, empfiehlt er. \u201eDa haben selbst Kinder Spa\u00df daran.\u201c<\/p>\n<h2>Naturt\u00f6ne zu Weihnachten weiter beliebt<\/h2>\n<p>Ein weiterer Trend thematisiert den Umgang mit der Natur. \u201eDie Inspirationen kommen aus der trockenen W\u00fcste\u201c, erkl\u00e4rt Herke. Dort wo es hei\u00df und trocken ist, hinterl\u00e4sst die Sonne ihre Spuren. Das Holz ist roh, die Keramik hat Risseffekte und die Tisch-Sets bestehen aus grober Jute. Die Dekorationen aus Naturmaterialien sehen so aus, als h\u00e4tte sie die W\u00fcste selbst geschaffen. Hinzu kommt, dass die raue Struktur der Accessoires mit Kupfer, Gold und Chrom besetzt werden. \u201eSozusagen als Kontrastprogramm\u201c, meint Herke. Die Farben Gold, Kupfer und Orange findet man auch beim Floristen wieder. \u201eHier wirken sie besonders edel und l\u00e4ndlich\u201c, so Hoffmann.<\/p>\n\r<div class=\"GARD gard_basic_mode\" id=\"google-ads-MtUn\"><script >\radUnit = document.getElementById(\"google-ads-MtUn\");\radWidth = adUnit.offsetWidth;\r\rif ( adWidth >= 999999 ) {\r\/* GETTING THE FIRST IF OUT OF THE WAY *\/ \r} else {\rgoogle_ad_slot = \"0\";\radUnit.style.display = \"none\";\r}\radUnit.className = adUnit.className + \" ad_unit \" + tag;\rgoogle_ad_client = \"ca-pub-6170969419645551\";\radUnit.style.cssFloat  = \"left\";\radUnit.style.styleFloat  = \"left\";\radUnit.style.margin = \"0 10px 10px 0\";\radUnit.style.textAlign = \"initial\";\rgoogle_color_border = \"FFFFFF\";\rgoogle_color_bg = \"FFFFFF\";\rgoogle_color_link = \"999999\";\rgoogle_color_url = \"99cc33\";\rgoogle_color_text = \"666666\";\rgoogle_ui_features = \"rc:\";\r<\/script>\r<script  src=\"\/\/pagead2.googlesyndication.com\/pagead\/show_ads.js\"><\/script>\r<\/div>Doch woher kommen die neuen Deko-Ideen f\u00fcr das Weihnachtszimmer? \u201eEin Teil der Trends leitet sich aus der Mode ab\u201c, sagt Claudia Herke. \u201eDolce &amp; Gabbana hat dieses Jahr wieder viel Gold eingesetzt.\u201c Bei Armani und Burberry waren Metalliceffekte zu sehen. \u201eIn Anlehnung an den Retro- und 50er Jahre-Trend kommen auch Pastellfarben in der Adventszeit wieder\u201c, erkl\u00e4rt Herke. Etwa mit leichtem Zartrosa oder Pistaziengr\u00fcn. Ebenfalls dazu geh\u00f6ren schwarz-wei\u00dfe Muster und zart get\u00f6ntes Glas. Accessoires wie Kerzen, Lampen und Kugeln sind sehr schmal gehalten. \u201eSie haben die typischen, sich verj\u00fcngenden Formen\u201c, meint sie.<\/p>\n<h2>Rote Weihnachtsdekoration mit T\u00fcrkis, Wei\u00df und Silber&nbsp;kombiniert<\/h2>\n<p>Ein Teil der Klassiker bleibt an Weihnachten, dem Fest der Traditionen, dennoch erhalten. \u201eRot taucht immer auf\u201c, sagt Herke. Interessant sei, das Rot neu zu kombinieren. Zum Beispiel mit strahlendem T\u00fcrkis, reinem Wei\u00df, modernem Metallic oder Grau: Auf der Christmas World waren gro\u00dfe Holzengelpaare f\u00fcr den Boden zu sehen. Der eine in grau, der andere in rot lackiert. Die Tiermotive f\u00fcr die Dekorationen bedienen sich traditionell aus der heimischen Natur: Hirsche und Rentiere z\u00e4hlen zu den Standardfiguren. Neu dazu gesellen sich Eulen und Eichh\u00f6rnchen: ob fein aus Porzellan, grob aus Holz oder kuschelig als Kissen. \u201eTraditionelle Volkskunst sehen wir entweder nicht lackiert oder g\u00e4nzlichst unbehandelt\u201c, erg\u00e4nzt die Trendexpertin. Dazu Tannenzapfen, \u00c4ste, N\u00fcsse und Eicheln aus der heimischen Natur, die im kr\u00e4ftigen Rot oder T\u00fcrkis leuchten.<\/p>\n<h2>Christrose, Amaryllis und Weihnachtsstern<\/h2>\n<p>\u201eBeliebte traditionelle Pflanzen im Advent sind die Christrose, Amaryllis und der Weihnachtstern\u201c, wei\u00df Manfred Hoffmann vom Floristenverband. Anstelle von roten Weihnachtssternen empfiehlt er wei\u00dfe oder apricotfarbene Sorten f\u00fcr den Winter. Sowie wei\u00dfe Rosen: \u201eDie nehmen eine dominante Rolle ein.\u201c Chrysantemen seien eine Alternative, besonders gro\u00dfflorige Sorten.<\/p>\n<p>Kein Weihnachten ohne Kerzenschein. So gibt es auch hier eindeutige Tendenzen: \u201eAbsolut trendy sind Kerzen in den Farben Taupe und Schlamm\u201c, sagt Ingrid Grimm, Pressesprecherin der G\u00fctergemeinschaft Kerzen. Aber auch Kerzen in Creme, Wei\u00df, Gold und Rot wird man dieses Jahr wieder auf dem Adventskranz sehen. Grimm r\u00e4t zu selbstverl\u00f6schenden Kerzen. Die Flamme geht am Ende durch einen integrierten Sicherheitsmechanismus von selbst aus. Trotzdem sollten Kerzen niemals unbeaufsichtigt brennen, sagt sie.<\/p>\n<h2>LED f\u00fcr Lichterketten, Krippen und Adventskalender<\/h2>\n<p>Bei der Beleuchtung von Tannenbaum und Fenstern stehen LED weiterhin hoch im Kurs. \u201eLED-Lichterketten sind energiesparsamer als Gl\u00fchlampenketten\u201c, sagt J\u00fcrgen Waldorf, Gesch\u00e4ftsf\u00fchrer der F\u00f6rdergemeinschaft Gutes Licht in Frankfurt am Main. \u201eSie ben\u00f6tigen im Vergleich zu konventionellen Lampen bis zu 80 Prozent weniger Strom und halten deutlich l\u00e4nger.\u201c Aufgrund ihrer kleinen Gr\u00f6\u00dfe und geringen W\u00e4rmeentwicklung werden inzwischen auch viele Deko-Elemente mit LEDs beleuchtet: \u201eDie Palette reicht hier vom illuminierten Adventskalender \u00fcber leuchtende Zapfen am Fenster bis hin zur Krippenbeleuchtung.\u201c<\/p>\n\r<div class=\"GARD gard_basic_mode\" id=\"google-ads-N3Cy\"><script >\radUnit = document.getElementById(\"google-ads-N3Cy\");\radWidth = adUnit.offsetWidth;\r\rif ( adWidth >= 999999 ) {\r\/* GETTING THE FIRST IF OUT OF THE WAY *\/ \r} else {\rgoogle_ad_slot = \"0\";\radUnit.style.display = \"none\";\r}\radUnit.className = adUnit.className + \" ad_unit \" + tag;\rgoogle_ad_client = \"ca-pub-6170969419645551\";\radUnit.style.cssFloat  = \"left\";\radUnit.style.styleFloat  = \"left\";\radUnit.style.margin = \"0 10px 10px 0\";\radUnit.style.textAlign = \"initial\";\rgoogle_color_border = \"FFFFFF\";\rgoogle_color_bg = \"FFFFFF\";\rgoogle_color_link = \"999999\";\rgoogle_color_url = \"99cc33\";\rgoogle_color_text = \"666666\";\rgoogle_ui_features = \"rc:\";\r<\/script>\r<script  src=\"\/\/pagead2.googlesyndication.com\/pagead\/show_ads.js\"><\/script>\r<\/div>\n<p>&nbsp;<\/p>\n<p>&nbsp;<\/p>\n<p>&nbsp;<\/p>\n","protected":false},"excerpt":{"rendered":"<p>Die Zeiten, in denen der Tannenbaum jedes Jahr gleich geschm\u00fcckt wurde, sind vorbei. Zu den alten Kugeln reihen sich festliche Weihnachtsdekorationen in den Farben des Dschungels und der W\u00fcste.<\/p>\n","protected":false},"author":1,"featured_media":1927,"comment_status":"open","ping_status":"open","sticky":false,"template":"","format":"standard","meta":{"om_disable_all_campaigns":false,"_monsterinsights_skip_tracking":false,"_monsterinsights_sitenote_active":false,"_monsterinsights_sitenote_note":"","_monsterinsights_sitenote_category":0,"_uf_show_specific_survey":0,"_uf_disable_surveys":false,"neve_meta_sidebar":"","neve_meta_container":"","neve_meta_enable_content_width":"","neve_meta_content_width":0,"neve_meta_title_alignment":"","neve_meta_author_avatar":"","neve_post_elements_order":"","neve_meta_disable_header":"","neve_meta_disable_footer":"","neve_meta_disable_title":"","ngg_post_thumbnail":0,"_jetpack_memberships_contains_paid_content":false,"footnotes":""},"categories":[211,15],"tags":[18,128,210,170],"class_list":["post-1924","post","type-post","status-publish","format-standard","has-post-thumbnail","hentry","category-tipps-zum-weihnachtsfest","category-wohnen","tag-dekoration","tag-selbermachen","tag-weihnachtsdeko","tag-blumen"],"yoast_head":"<!-- This site is optimized with the Yoast SEO plugin v27.4 - https:\/\/yoast.com\/product\/yoast-seo-wordpress\/ -->\n<title>Weihnachtsdekoration: Blau, Gr\u00fcn und ein bisschen Glamour &#8226; trendBlog \u2013 Wohnen, Reisen, Leben und Kultur<\/title>\n<meta name=\"description\" content=\"Die Zeiten, in denen der Tannenbaum immer gleich geschm\u00fcckt wurde, sind vorbei. Das sind die neuen Trendfarben f\u00fcr die Weihnachtsdekoration.\" \/>\n<meta name=\"robots\" content=\"index, follow, max-snippet:-1, max-image-preview:large, max-video-preview:-1\" \/>\n<link rel=\"canonical\" href=\"https:\/\/www.trend4ward.de\/trendblog\/weihnachtsdekoration-blau-gruen-und-ein-bisschen-glamour\/\" \/>\n<meta property=\"og:locale\" content=\"de_DE\" \/>\n<meta property=\"og:type\" content=\"article\" \/>\n<meta property=\"og:title\" content=\"Weihnachtsdekoration: Blau, Gr\u00fcn und ein bisschen Glamour &#8226; trendBlog \u2013 Wohnen, Reisen, Leben und Kultur\" \/>\n<meta property=\"og:description\" content=\"Die Zeiten, in denen der Tannenbaum immer gleich geschm\u00fcckt wurde, sind vorbei. Das sind die neuen Trendfarben f\u00fcr die Weihnachtsdekoration.\" \/>\n<meta property=\"og:url\" content=\"https:\/\/www.trend4ward.de\/trendblog\/weihnachtsdekoration-blau-gruen-und-ein-bisschen-glamour\/\" \/>\n<meta property=\"og:site_name\" content=\"trendBlog \u2013 Wohnen, Reisen, Leben und Kultur\" \/>\n<meta property=\"article:published_time\" content=\"2025-11-23T07:00:14+00:00\" \/>\n<meta property=\"og:image\" content=\"https:\/\/www.trend4ward.de\/trendblog\/wp-content\/uploads\/2015\/11\/christmas-world2-1024x683.jpg\" \/>\n\t<meta property=\"og:image:width\" content=\"1024\" \/>\n\t<meta property=\"og:image:height\" content=\"683\" \/>\n\t<meta property=\"og:image:type\" content=\"image\/jpeg\" \/>\n<meta name=\"author\" content=\"Evelyn Steinbach\" \/>\n<meta name=\"twitter:label1\" content=\"Verfasst von\" \/>\n\t<meta name=\"twitter:data1\" content=\"Evelyn Steinbach\" \/>\n\t<meta name=\"twitter:label2\" content=\"Gesch\u00e4tzte Lesezeit\" \/>\n\t<meta name=\"twitter:data2\" content=\"5\u00a0Minuten\" \/>\n<script type=\"application\/ld+json\" class=\"yoast-schema-graph\">{\"@context\":\"https:\\\/\\\/schema.org\",\"@graph\":[{\"@type\":\"Article\",\"@id\":\"https:\\\/\\\/www.trend4ward.de\\\/trendblog\\\/weihnachtsdekoration-blau-gruen-und-ein-bisschen-glamour\\\/#article\",\"isPartOf\":{\"@id\":\"https:\\\/\\\/www.trend4ward.de\\\/trendblog\\\/weihnachtsdekoration-blau-gruen-und-ein-bisschen-glamour\\\/\"},\"author\":{\"name\":\"Evelyn Steinbach\",\"@id\":\"https:\\\/\\\/www.trend4ward.de\\\/trendblog\\\/#\\\/schema\\\/person\\\/c65dd8afd2fda04893d121f31b2a8ea4\"},\"headline\":\"Weihnachtsdekoration: Blau, Gr\u00fcn und ein bisschen Glamour\",\"datePublished\":\"2025-11-23T07:00:14+00:00\",\"mainEntityOfPage\":{\"@id\":\"https:\\\/\\\/www.trend4ward.de\\\/trendblog\\\/weihnachtsdekoration-blau-gruen-und-ein-bisschen-glamour\\\/\"},\"wordCount\":840,\"commentCount\":0,\"publisher\":{\"@id\":\"https:\\\/\\\/www.trend4ward.de\\\/trendblog\\\/#\\\/schema\\\/person\\\/c65dd8afd2fda04893d121f31b2a8ea4\"},\"image\":{\"@id\":\"https:\\\/\\\/www.trend4ward.de\\\/trendblog\\\/weihnachtsdekoration-blau-gruen-und-ein-bisschen-glamour\\\/#primaryimage\"},\"thumbnailUrl\":\"https:\\\/\\\/www.trend4ward.de\\\/trendblog\\\/wp-content\\\/uploads\\\/2015\\\/11\\\/christmas-world2.jpg\",\"keywords\":[\"Dekoideen\",\"Selbermachen\",\"Weihnachten\",\"Zimmerpflanzen\"],\"articleSection\":[\"Weihnachten\",\"Wohnen &amp; Einrichten\"],\"inLanguage\":\"de\",\"potentialAction\":[{\"@type\":\"CommentAction\",\"name\":\"Comment\",\"target\":[\"https:\\\/\\\/www.trend4ward.de\\\/trendblog\\\/weihnachtsdekoration-blau-gruen-und-ein-bisschen-glamour\\\/#respond\"]}]},{\"@type\":\"WebPage\",\"@id\":\"https:\\\/\\\/www.trend4ward.de\\\/trendblog\\\/weihnachtsdekoration-blau-gruen-und-ein-bisschen-glamour\\\/\",\"url\":\"https:\\\/\\\/www.trend4ward.de\\\/trendblog\\\/weihnachtsdekoration-blau-gruen-und-ein-bisschen-glamour\\\/\",\"name\":\"Weihnachtsdekoration: Blau, Gr\u00fcn und ein bisschen Glamour &#8226; trendBlog \u2013 Wohnen, Reisen, Leben und Kultur\",\"isPartOf\":{\"@id\":\"https:\\\/\\\/www.trend4ward.de\\\/trendblog\\\/#website\"},\"primaryImageOfPage\":{\"@id\":\"https:\\\/\\\/www.trend4ward.de\\\/trendblog\\\/weihnachtsdekoration-blau-gruen-und-ein-bisschen-glamour\\\/#primaryimage\"},\"image\":{\"@id\":\"https:\\\/\\\/www.trend4ward.de\\\/trendblog\\\/weihnachtsdekoration-blau-gruen-und-ein-bisschen-glamour\\\/#primaryimage\"},\"thumbnailUrl\":\"https:\\\/\\\/www.trend4ward.de\\\/trendblog\\\/wp-content\\\/uploads\\\/2015\\\/11\\\/christmas-world2.jpg\",\"datePublished\":\"2025-11-23T07:00:14+00:00\",\"description\":\"Die Zeiten, in denen der Tannenbaum immer gleich geschm\u00fcckt wurde, sind vorbei. Das sind die neuen Trendfarben f\u00fcr die Weihnachtsdekoration.\",\"breadcrumb\":{\"@id\":\"https:\\\/\\\/www.trend4ward.de\\\/trendblog\\\/weihnachtsdekoration-blau-gruen-und-ein-bisschen-glamour\\\/#breadcrumb\"},\"inLanguage\":\"de\",\"potentialAction\":[{\"@type\":\"ReadAction\",\"target\":[\"https:\\\/\\\/www.trend4ward.de\\\/trendblog\\\/weihnachtsdekoration-blau-gruen-und-ein-bisschen-glamour\\\/\"]}]},{\"@type\":\"ImageObject\",\"inLanguage\":\"de\",\"@id\":\"https:\\\/\\\/www.trend4ward.de\\\/trendblog\\\/weihnachtsdekoration-blau-gruen-und-ein-bisschen-glamour\\\/#primaryimage\",\"url\":\"https:\\\/\\\/www.trend4ward.de\\\/trendblog\\\/wp-content\\\/uploads\\\/2015\\\/11\\\/christmas-world2.jpg\",\"contentUrl\":\"https:\\\/\\\/www.trend4ward.de\\\/trendblog\\\/wp-content\\\/uploads\\\/2015\\\/11\\\/christmas-world2.jpg\",\"width\":2480,\"height\":1654},{\"@type\":\"BreadcrumbList\",\"@id\":\"https:\\\/\\\/www.trend4ward.de\\\/trendblog\\\/weihnachtsdekoration-blau-gruen-und-ein-bisschen-glamour\\\/#breadcrumb\",\"itemListElement\":[{\"@type\":\"ListItem\",\"position\":1,\"name\":\"Home\",\"item\":\"https:\\\/\\\/www.trend4ward.de\\\/trendblog\\\/\"},{\"@type\":\"ListItem\",\"position\":2,\"name\":\"Weihnachtsdekoration: Blau, Gr\u00fcn und ein bisschen Glamour\"}]},{\"@type\":\"WebSite\",\"@id\":\"https:\\\/\\\/www.trend4ward.de\\\/trendblog\\\/#website\",\"url\":\"https:\\\/\\\/www.trend4ward.de\\\/trendblog\\\/\",\"name\":\"trendBlog \u2013 Wohnen, Reisen, Leben und Kultur\",\"description\":\"Portr\u00e4ts, Reportagen, Ratgeber. Seit 2009. Von Evelyn Steinbach.\",\"publisher\":{\"@id\":\"https:\\\/\\\/www.trend4ward.de\\\/trendblog\\\/#\\\/schema\\\/person\\\/c65dd8afd2fda04893d121f31b2a8ea4\"},\"potentialAction\":[{\"@type\":\"SearchAction\",\"target\":{\"@type\":\"EntryPoint\",\"urlTemplate\":\"https:\\\/\\\/www.trend4ward.de\\\/trendblog\\\/?s={search_term_string}\"},\"query-input\":{\"@type\":\"PropertyValueSpecification\",\"valueRequired\":true,\"valueName\":\"search_term_string\"}}],\"inLanguage\":\"de\"},{\"@type\":[\"Person\",\"Organization\"],\"@id\":\"https:\\\/\\\/www.trend4ward.de\\\/trendblog\\\/#\\\/schema\\\/person\\\/c65dd8afd2fda04893d121f31b2a8ea4\",\"name\":\"Evelyn Steinbach\",\"image\":{\"@type\":\"ImageObject\",\"inLanguage\":\"de\",\"@id\":\"https:\\\/\\\/www.trend4ward.de\\\/trendblog\\\/wp-content\\\/uploads\\\/2020\\\/11\\\/cropped-cropped-IMG_6744-e1692617617527.png\",\"url\":\"https:\\\/\\\/www.trend4ward.de\\\/trendblog\\\/wp-content\\\/uploads\\\/2020\\\/11\\\/cropped-cropped-IMG_6744-e1692617617527.png\",\"contentUrl\":\"https:\\\/\\\/www.trend4ward.de\\\/trendblog\\\/wp-content\\\/uploads\\\/2020\\\/11\\\/cropped-cropped-IMG_6744-e1692617617527.png\",\"width\":200,\"height\":183,\"caption\":\"Evelyn Steinbach\"},\"logo\":{\"@id\":\"https:\\\/\\\/www.trend4ward.de\\\/trendblog\\\/wp-content\\\/uploads\\\/2020\\\/11\\\/cropped-cropped-IMG_6744-e1692617617527.png\"},\"sameAs\":[\"http:\\\/\\\/www.trend4ward.de\"],\"url\":\"https:\\\/\\\/www.trend4ward.de\\\/trendblog\\\/author\\\/eve\\\/\"}]}<\/script>\n<!-- \/ Yoast SEO plugin. -->","yoast_head_json":{"title":"Weihnachtsdekoration: Blau, Gr\u00fcn und ein bisschen Glamour &#8226; trendBlog \u2013 Wohnen, Reisen, Leben und Kultur","description":"Die Zeiten, in denen der Tannenbaum immer gleich geschm\u00fcckt wurde, sind vorbei. Das sind die neuen Trendfarben f\u00fcr die Weihnachtsdekoration.","robots":{"index":"index","follow":"follow","max-snippet":"max-snippet:-1","max-image-preview":"max-image-preview:large","max-video-preview":"max-video-preview:-1"},"canonical":"https:\/\/www.trend4ward.de\/trendblog\/weihnachtsdekoration-blau-gruen-und-ein-bisschen-glamour\/","og_locale":"de_DE","og_type":"article","og_title":"Weihnachtsdekoration: Blau, Gr\u00fcn und ein bisschen Glamour &#8226; trendBlog \u2013 Wohnen, Reisen, Leben und Kultur","og_description":"Die Zeiten, in denen der Tannenbaum immer gleich geschm\u00fcckt wurde, sind vorbei. Das sind die neuen Trendfarben f\u00fcr die Weihnachtsdekoration.","og_url":"https:\/\/www.trend4ward.de\/trendblog\/weihnachtsdekoration-blau-gruen-und-ein-bisschen-glamour\/","og_site_name":"trendBlog \u2013 Wohnen, Reisen, Leben und Kultur","article_published_time":"2025-11-23T07:00:14+00:00","og_image":[{"width":1024,"height":683,"url":"https:\/\/www.trend4ward.de\/trendblog\/wp-content\/uploads\/2015\/11\/christmas-world2-1024x683.jpg","type":"image\/jpeg"}],"author":"Evelyn Steinbach","twitter_misc":{"Verfasst von":"Evelyn Steinbach","Gesch\u00e4tzte Lesezeit":"5\u00a0Minuten"},"schema":{"@context":"https:\/\/schema.org","@graph":[{"@type":"Article","@id":"https:\/\/www.trend4ward.de\/trendblog\/weihnachtsdekoration-blau-gruen-und-ein-bisschen-glamour\/#article","isPartOf":{"@id":"https:\/\/www.trend4ward.de\/trendblog\/weihnachtsdekoration-blau-gruen-und-ein-bisschen-glamour\/"},"author":{"name":"Evelyn Steinbach","@id":"https:\/\/www.trend4ward.de\/trendblog\/#\/schema\/person\/c65dd8afd2fda04893d121f31b2a8ea4"},"headline":"Weihnachtsdekoration: Blau, Gr\u00fcn und ein bisschen Glamour","datePublished":"2025-11-23T07:00:14+00:00","mainEntityOfPage":{"@id":"https:\/\/www.trend4ward.de\/trendblog\/weihnachtsdekoration-blau-gruen-und-ein-bisschen-glamour\/"},"wordCount":840,"commentCount":0,"publisher":{"@id":"https:\/\/www.trend4ward.de\/trendblog\/#\/schema\/person\/c65dd8afd2fda04893d121f31b2a8ea4"},"image":{"@id":"https:\/\/www.trend4ward.de\/trendblog\/weihnachtsdekoration-blau-gruen-und-ein-bisschen-glamour\/#primaryimage"},"thumbnailUrl":"https:\/\/www.trend4ward.de\/trendblog\/wp-content\/uploads\/2015\/11\/christmas-world2.jpg","keywords":["Dekoideen","Selbermachen","Weihnachten","Zimmerpflanzen"],"articleSection":["Weihnachten","Wohnen &amp; Einrichten"],"inLanguage":"de","potentialAction":[{"@type":"CommentAction","name":"Comment","target":["https:\/\/www.trend4ward.de\/trendblog\/weihnachtsdekoration-blau-gruen-und-ein-bisschen-glamour\/#respond"]}]},{"@type":"WebPage","@id":"https:\/\/www.trend4ward.de\/trendblog\/weihnachtsdekoration-blau-gruen-und-ein-bisschen-glamour\/","url":"https:\/\/www.trend4ward.de\/trendblog\/weihnachtsdekoration-blau-gruen-und-ein-bisschen-glamour\/","name":"Weihnachtsdekoration: Blau, Gr\u00fcn und ein bisschen Glamour &#8226; trendBlog \u2013 Wohnen, Reisen, Leben und Kultur","isPartOf":{"@id":"https:\/\/www.trend4ward.de\/trendblog\/#website"},"primaryImageOfPage":{"@id":"https:\/\/www.trend4ward.de\/trendblog\/weihnachtsdekoration-blau-gruen-und-ein-bisschen-glamour\/#primaryimage"},"image":{"@id":"https:\/\/www.trend4ward.de\/trendblog\/weihnachtsdekoration-blau-gruen-und-ein-bisschen-glamour\/#primaryimage"},"thumbnailUrl":"https:\/\/www.trend4ward.de\/trendblog\/wp-content\/uploads\/2015\/11\/christmas-world2.jpg","datePublished":"2025-11-23T07:00:14+00:00","description":"Die Zeiten, in denen der Tannenbaum immer gleich geschm\u00fcckt wurde, sind vorbei. Das sind die neuen Trendfarben f\u00fcr die Weihnachtsdekoration.","breadcrumb":{"@id":"https:\/\/www.trend4ward.de\/trendblog\/weihnachtsdekoration-blau-gruen-und-ein-bisschen-glamour\/#breadcrumb"},"inLanguage":"de","potentialAction":[{"@type":"ReadAction","target":["https:\/\/www.trend4ward.de\/trendblog\/weihnachtsdekoration-blau-gruen-und-ein-bisschen-glamour\/"]}]},{"@type":"ImageObject","inLanguage":"de","@id":"https:\/\/www.trend4ward.de\/trendblog\/weihnachtsdekoration-blau-gruen-und-ein-bisschen-glamour\/#primaryimage","url":"https:\/\/www.trend4ward.de\/trendblog\/wp-content\/uploads\/2015\/11\/christmas-world2.jpg","contentUrl":"https:\/\/www.trend4ward.de\/trendblog\/wp-content\/uploads\/2015\/11\/christmas-world2.jpg","width":2480,"height":1654},{"@type":"BreadcrumbList","@id":"https:\/\/www.trend4ward.de\/trendblog\/weihnachtsdekoration-blau-gruen-und-ein-bisschen-glamour\/#breadcrumb","itemListElement":[{"@type":"ListItem","position":1,"name":"Home","item":"https:\/\/www.trend4ward.de\/trendblog\/"},{"@type":"ListItem","position":2,"name":"Weihnachtsdekoration: Blau, Gr\u00fcn und ein bisschen Glamour"}]},{"@type":"WebSite","@id":"https:\/\/www.trend4ward.de\/trendblog\/#website","url":"https:\/\/www.trend4ward.de\/trendblog\/","name":"trendBlog \u2013 Wohnen, Reisen, Leben und Kultur","description":"Portr\u00e4ts, Reportagen, Ratgeber. Seit 2009. Von Evelyn Steinbach.","publisher":{"@id":"https:\/\/www.trend4ward.de\/trendblog\/#\/schema\/person\/c65dd8afd2fda04893d121f31b2a8ea4"},"potentialAction":[{"@type":"SearchAction","target":{"@type":"EntryPoint","urlTemplate":"https:\/\/www.trend4ward.de\/trendblog\/?s={search_term_string}"},"query-input":{"@type":"PropertyValueSpecification","valueRequired":true,"valueName":"search_term_string"}}],"inLanguage":"de"},{"@type":["Person","Organization"],"@id":"https:\/\/www.trend4ward.de\/trendblog\/#\/schema\/person\/c65dd8afd2fda04893d121f31b2a8ea4","name":"Evelyn Steinbach","image":{"@type":"ImageObject","inLanguage":"de","@id":"https:\/\/www.trend4ward.de\/trendblog\/wp-content\/uploads\/2020\/11\/cropped-cropped-IMG_6744-e1692617617527.png","url":"https:\/\/www.trend4ward.de\/trendblog\/wp-content\/uploads\/2020\/11\/cropped-cropped-IMG_6744-e1692617617527.png","contentUrl":"https:\/\/www.trend4ward.de\/trendblog\/wp-content\/uploads\/2020\/11\/cropped-cropped-IMG_6744-e1692617617527.png","width":200,"height":183,"caption":"Evelyn Steinbach"},"logo":{"@id":"https:\/\/www.trend4ward.de\/trendblog\/wp-content\/uploads\/2020\/11\/cropped-cropped-IMG_6744-e1692617617527.png"},"sameAs":["http:\/\/www.trend4ward.de"],"url":"https:\/\/www.trend4ward.de\/trendblog\/author\/eve\/"}]}},"jetpack_featured_media_url":"https:\/\/www.trend4ward.de\/trendblog\/wp-content\/uploads\/2015\/11\/christmas-world2.jpg","jetpack_sharing_enabled":true,"_links":{"self":[{"href":"https:\/\/www.trend4ward.de\/trendblog\/wp-json\/wp\/v2\/posts\/1924","targetHints":{"allow":["GET"]}}],"collection":[{"href":"https:\/\/www.trend4ward.de\/trendblog\/wp-json\/wp\/v2\/posts"}],"about":[{"href":"https:\/\/www.trend4ward.de\/trendblog\/wp-json\/wp\/v2\/types\/post"}],"author":[{"embeddable":true,"href":"https:\/\/www.trend4ward.de\/trendblog\/wp-json\/wp\/v2\/users\/1"}],"replies":[{"embeddable":true,"href":"https:\/\/www.trend4ward.de\/trendblog\/wp-json\/wp\/v2\/comments?post=1924"}],"version-history":[{"count":8,"href":"https:\/\/www.trend4ward.de\/trendblog\/wp-json\/wp\/v2\/posts\/1924\/revisions"}],"predecessor-version":[{"id":6225,"href":"https:\/\/www.trend4ward.de\/trendblog\/wp-json\/wp\/v2\/posts\/1924\/revisions\/6225"}],"wp:featuredmedia":[{"embeddable":true,"href":"https:\/\/www.trend4ward.de\/trendblog\/wp-json\/wp\/v2\/media\/1927"}],"wp:attachment":[{"href":"https:\/\/www.trend4ward.de\/trendblog\/wp-json\/wp\/v2\/media?parent=1924"}],"wp:term":[{"taxonomy":"category","embeddable":true,"href":"https:\/\/www.trend4ward.de\/trendblog\/wp-json\/wp\/v2\/categories?post=1924"},{"taxonomy":"post_tag","embeddable":true,"href":"https:\/\/www.trend4ward.de\/trendblog\/wp-json\/wp\/v2\/tags?post=1924"}],"curies":[{"name":"wp","href":"https:\/\/api.w.org\/{rel}","templated":true}]}}