{"id":2087,"date":"2015-12-21T12:51:55","date_gmt":"2015-12-21T11:51:55","guid":{"rendered":"https:\/\/www.trend4ward.de\/trendblog\/?p=2087"},"modified":"2017-05-19T23:32:04","modified_gmt":"2017-05-19T21:32:04","slug":"farbtrends-2016-goldocker-grossbuchstaben","status":"publish","type":"post","link":"https:\/\/www.trend4ward.de\/trendblog\/farbtrends-2016-goldocker-grossbuchstaben\/","title":{"rendered":"Farbtrends 2016: Goldocker, Dunkles, Gro\u00dfbuchstaben und Raster"},"content":{"rendered":"<p><strong>Nach den k\u00fchlen Blau- und Gr\u00fcnt\u00f6nen der vergangenen Jahre brachte 2015 die Wende zu warmen Farben wie Pink, Rot, Kupfer und Erdt\u00f6nen. Auch k\u00fcnftig bleibt das Farbspektrum warm \u2013 aber die T\u00f6ne werden subtiler und gedeckter. Darauf weisen die neuen Farbtrends aus dem Hause Dulux hin.<\/strong><!--more--><\/p>\n<p>&nbsp;<\/p>\n\r<div class=\"GARD gard_basic_mode\" id=\"google-ads-ZXg8\"><script >\radUnit = document.getElementById(\"google-ads-ZXg8\");\radWidth = adUnit.offsetWidth;\r\rif ( adWidth >= 999999 ) {\r\/* GETTING THE FIRST IF OUT OF THE WAY *\/ \r} else {\rgoogle_ad_slot = \"0\";\radUnit.style.display = \"none\";\r}\radUnit.className = adUnit.className + \" ad_unit \" + tag;\rgoogle_ad_client = \"ca-pub-6170969419645551\";\radUnit.style.cssFloat  = \"left\";\radUnit.style.styleFloat  = \"left\";\radUnit.style.margin = \"0 10px 10px 0\";\radUnit.style.textAlign = \"initial\";\rgoogle_color_border = \"FFFFFF\";\rgoogle_color_bg = \"FFFFFF\";\rgoogle_color_link = \"999999\";\rgoogle_color_url = \"99cc33\";\rgoogle_color_text = \"666666\";\rgoogle_ui_features = \"rc:\";\r<\/script>\r<script  src=\"\/\/pagead2.googlesyndication.com\/pagead\/show_ads.js\"><\/script>\r<\/div> \u201eDenken Sie an Koralle statt an Orange, an Ocker statt an Gelb und an Mitternachtsfarben statt an Blau \u2013 das ist die Farbwelt, die 2016 unser Lebensgef\u00fchl ausdr\u00fcckt\u201c, erl\u00e4utert Dulux Farbexpertin Christine Gottwald. \u201eDie Farbe des kommenden Jahres ist ein sanftes und gleichzeitig volles Goldocker<em>. <\/em>Es spiegelt den aktuellen Zeitgeist perfekt wider. Goldocker findet sich als zentrales Element in den Gem\u00e4lden alter Meister und ist gleichzeitig hochaktuell und in Kunst, Architektur, Fashion und Design im Kommen. Es l\u00e4sst sich wunderbar kombinieren und bringt R\u00e4ume zum Leuchten.\u201c<\/p>\n<p>\n<div class=\"ngg-galleryoverview ngg-slideshow\"\n\tid=\"ngg-slideshow-f5fe6e5cbee8338abdad0574cd074f41-18648866000\"\n\tdata-nextgen-gallery-id=\"11\"\n\tdata-gallery-id=\"f5fe6e5cbee8338abdad0574cd074f41\"\n\t\tdata-gallery-name=\"Farbtrends 2016 - Goldocker\"\n\t\tstyle=\"max-width: 600px;\n\t\t\tmax-height: 400px;\n\t\t\tdisplay: none;\">\n\n\t\n\t\t<a href=\"https:\/\/www.trend4ward.de\/trendblog\/wp-content\/gallery\/farbtrends-2016-goldocker\/Dulux_CF16_Goldocker_4.jpg?t=1553510114\"\n\t\t\ttitle=\"Foto: Dulux\"\n\t\t\tdata-src=\"https:\/\/www.trend4ward.de\/trendblog\/wp-content\/gallery\/farbtrends-2016-goldocker\/Dulux_CF16_Goldocker_4.jpg?t=1553510114\"\n\t\t\tdata-thumbnail=\"https:\/\/www.trend4ward.de\/trendblog\/wp-content\/gallery\/farbtrends-2016-goldocker\/thumbs\/thumbs_Dulux_CF16_Goldocker_4.jpg?t=1553510114\"\n\t\t\tdata-image-id=\"76\"\n\t\t\tdata-image-name=\"Dulux_CF16_Goldocker_4.jpg\"\n\t\t\tdata-title=\"Farbtrends 2016 - Farbe Goldocker\"\n\t\t\tdata-description=\"Foto: Dulux\"\n\t\t\t\t\t\t\t\t\t\t\t\t\t\t\tclass=\"ngg-fancybox\" rel=\"f5fe6e5cbee8338abdad0574cd074f41\">\n\t\t\t\n\t\t\t<img data-image-id='76'\n\t\t\t\ttitle=\"Foto: Dulux\"\n\t\t\t\talt=\"Farbtrends 2016 - Farbe Goldocker\"\n\t\t\t\tsrc=\"https:\/\/www.trend4ward.de\/trendblog\/wp-content\/gallery\/farbtrends-2016-goldocker\/Dulux_CF16_Goldocker_4.jpg?t=1553510114\"\n\t\t\t\tstyle=\"max-height: 380px;\"\/>\n\t\t<\/a>\n\n\t\t\n\t\t<a href=\"https:\/\/www.trend4ward.de\/trendblog\/wp-content\/gallery\/farbtrends-2016-goldocker\/Dulux_CF16_Goldocker_7.jpg?t=1450699569\"\n\t\t\ttitle=\"Foto: Dulux\"\n\t\t\tdata-src=\"https:\/\/www.trend4ward.de\/trendblog\/wp-content\/gallery\/farbtrends-2016-goldocker\/Dulux_CF16_Goldocker_7.jpg?t=1450699569\"\n\t\t\tdata-thumbnail=\"https:\/\/www.trend4ward.de\/trendblog\/wp-content\/gallery\/farbtrends-2016-goldocker\/thumbs\/thumbs_Dulux_CF16_Goldocker_7.jpg?t=1450699569\"\n\t\t\tdata-image-id=\"77\"\n\t\t\tdata-image-name=\"Dulux_CF16_Goldocker_7.jpg\"\n\t\t\tdata-title=\"Farbtrends 2016 - Farbe Goldocker\"\n\t\t\tdata-description=\"Foto: Dulux\"\n\t\t\t\t\t\t\t\t\t\t\t\t\t\t\tclass=\"ngg-fancybox\" rel=\"f5fe6e5cbee8338abdad0574cd074f41\">\n\t\t\t\n\t\t\t<img data-image-id='77'\n\t\t\t\ttitle=\"Foto: Dulux\"\n\t\t\t\talt=\"Farbtrends 2016 - Farbe Goldocker\"\n\t\t\t\tsrc=\"https:\/\/www.trend4ward.de\/trendblog\/wp-content\/gallery\/farbtrends-2016-goldocker\/Dulux_CF16_Goldocker_7.jpg?t=1450699569\"\n\t\t\t\tstyle=\"max-height: 380px;\"\/>\n\t\t<\/a>\n\n\t\t\n\t\t<a href=\"https:\/\/www.trend4ward.de\/trendblog\/wp-content\/gallery\/farbtrends-2016-goldocker\/Dulux_CF16_Goldocker_13.jpg?t=1450699569\"\n\t\t\ttitle=\"Foto: Dulux\"\n\t\t\tdata-src=\"https:\/\/www.trend4ward.de\/trendblog\/wp-content\/gallery\/farbtrends-2016-goldocker\/Dulux_CF16_Goldocker_13.jpg?t=1450699569\"\n\t\t\tdata-thumbnail=\"https:\/\/www.trend4ward.de\/trendblog\/wp-content\/gallery\/farbtrends-2016-goldocker\/thumbs\/thumbs_Dulux_CF16_Goldocker_13.jpg?t=1450699569\"\n\t\t\tdata-image-id=\"78\"\n\t\t\tdata-image-name=\"Dulux_CF16_Goldocker_13.jpg\"\n\t\t\tdata-title=\"Farbtrends 2016 - Farbe Goldocker\"\n\t\t\tdata-description=\"Foto: Dulux\"\n\t\t\t\t\t\t\t\t\t\t\t\t\t\t\tclass=\"ngg-fancybox\" rel=\"f5fe6e5cbee8338abdad0574cd074f41\">\n\t\t\t\n\t\t\t<img data-image-id='78'\n\t\t\t\ttitle=\"Foto: Dulux\"\n\t\t\t\talt=\"Farbtrends 2016 - Farbe Goldocker\"\n\t\t\t\tsrc=\"https:\/\/www.trend4ward.de\/trendblog\/wp-content\/gallery\/farbtrends-2016-goldocker\/Dulux_CF16_Goldocker_13.jpg?t=1450699569\"\n\t\t\t\tstyle=\"max-height: 380px;\"\/>\n\t\t<\/a>\n\n\t\t\n\t\t<a href=\"https:\/\/www.trend4ward.de\/trendblog\/wp-content\/gallery\/farbtrends-2016-goldocker\/Dulux_CF16_Goldocker_15.jpg?t=1450699569\"\n\t\t\ttitle=\"Foto: Dulux\"\n\t\t\tdata-src=\"https:\/\/www.trend4ward.de\/trendblog\/wp-content\/gallery\/farbtrends-2016-goldocker\/Dulux_CF16_Goldocker_15.jpg?t=1450699569\"\n\t\t\tdata-thumbnail=\"https:\/\/www.trend4ward.de\/trendblog\/wp-content\/gallery\/farbtrends-2016-goldocker\/thumbs\/thumbs_Dulux_CF16_Goldocker_15.jpg?t=1450699569\"\n\t\t\tdata-image-id=\"79\"\n\t\t\tdata-image-name=\"Dulux_CF16_Goldocker_15.jpg\"\n\t\t\tdata-title=\"Farbtrends 2016 - Farbe Goldocker\"\n\t\t\tdata-description=\"Foto: Dulux\"\n\t\t\t\t\t\t\t\t\t\t\t\t\t\t\tclass=\"ngg-fancybox\" rel=\"f5fe6e5cbee8338abdad0574cd074f41\">\n\t\t\t\n\t\t\t<img data-image-id='79'\n\t\t\t\ttitle=\"Foto: Dulux\"\n\t\t\t\talt=\"Farbtrends 2016 - Farbe Goldocker\"\n\t\t\t\tsrc=\"https:\/\/www.trend4ward.de\/trendblog\/wp-content\/gallery\/farbtrends-2016-goldocker\/Dulux_CF16_Goldocker_15.jpg?t=1450699569\"\n\t\t\t\tstyle=\"max-height: 380px;\"\/>\n\t\t<\/a>\n\n\t\t\n\t\t<a href=\"https:\/\/www.trend4ward.de\/trendblog\/wp-content\/gallery\/farbtrends-2016-goldocker\/Bildschirmfoto-2015-12-21-um-12.21.01.png?t=1450699569\"\n\t\t\ttitle=\"Foto: Dulux\"\n\t\t\tdata-src=\"https:\/\/www.trend4ward.de\/trendblog\/wp-content\/gallery\/farbtrends-2016-goldocker\/Bildschirmfoto-2015-12-21-um-12.21.01.png?t=1450699569\"\n\t\t\tdata-thumbnail=\"https:\/\/www.trend4ward.de\/trendblog\/wp-content\/gallery\/farbtrends-2016-goldocker\/thumbs\/thumbs_Bildschirmfoto-2015-12-21-um-12.21.01.png?t=1450699569\"\n\t\t\tdata-image-id=\"80\"\n\t\t\tdata-image-name=\"Bildschirmfoto-2015-12-21-um-12.21.01.png\"\n\t\t\tdata-title=\"Farbtrends 2016 - Farbe Goldocker\"\n\t\t\tdata-description=\"Foto: Dulux\"\n\t\t\t\t\t\t\t\t\t\t\t\t\t\t\tclass=\"ngg-fancybox\" rel=\"f5fe6e5cbee8338abdad0574cd074f41\">\n\t\t\t\n\t\t\t<img data-image-id='80'\n\t\t\t\ttitle=\"Foto: Dulux\"\n\t\t\t\talt=\"Farbtrends 2016 - Farbe Goldocker\"\n\t\t\t\tsrc=\"https:\/\/www.trend4ward.de\/trendblog\/wp-content\/gallery\/farbtrends-2016-goldocker\/Bildschirmfoto-2015-12-21-um-12.21.01.png?t=1450699569\"\n\t\t\t\tstyle=\"max-height: 380px;\"\/>\n\t\t<\/a>\n\n\t\t<\/div>\n\n\t\t<!-- Thumbnails Link -->\n\t<div class=\"slideshowlink\" style=\"max-width: 600px;\">\n\t\t<a href='https:\/\/www.trend4ward.de\/trendblog\/farbtrends-2016-goldocker-grossbuchstaben\/nggallery\/thumbnails'>Bilder\u00fcbersicht<\/a>\n\t<\/div>\n\n<\/p>\n<p>&nbsp;<\/p>\n<p><strong>Was uns ausmacht: in beide Richtungen schauen<\/strong><\/p>\n<p>Dar\u00fcber hinaus hat das Global Aesthetic Center von Dulux vier Schl\u00fcsseltrends und Farbwelten ermittelt, die unser Lebensgef\u00fchl beeinflussen sollen und wohl eine wichtige Rolle bei der farbigen Gestaltung unserer Wohnr\u00e4ume spielen. Allen gemein sind eine gewisse Spannung und das Ringen um Ausgleich zwischen gegens\u00e4tzlichen Polen wie Herkunft &amp; Zukunft, W\u00f6rter &amp; Bilder, Licht &amp; Dunkelheit, Freiheit &amp; Raster. \u201eWir sind mit widerstreitenden Meinungen und mit vielen Gegens\u00e4tzen konfrontiert\u201c, so Christine Gottwald. \u201eZum Beispiel nutzen wir modernste digitale Technologien, doch Inspirationen f\u00fcr die Zukunft suchen wir in der Vergangenheit. Diese Dualit\u00e4t ist der treibende Einfluss im kommenden Jahr \u2013 sie veranlasst uns, stets in beide Richtungen zu blicken.\u201c<\/p>\n<p>&nbsp;<\/p>\n<p>&nbsp;<\/p>\n<h2><strong>Die Schl\u00fcsseltrends der Farben<\/strong><\/h2>\n<p>&nbsp;<\/p>\n<p><strong><em>Herkunft &amp; Zukunft<\/em><\/strong><\/p>\n<p>Nur wenn wir wissen, woher wir kommen, k\u00f6nnen wir unsere Zukunft gestalten. Indem wir Inspiration aus unserer Vergangenheit sch\u00f6pfen, schaffen wir unsere Identit\u00e4t, bauen Werte auf und gehen die Herausforderungen der Zukunft selbstbewusst an. Diese ausgleichende Haltung spiegelt sich in einer warmen Farbpalette wider. Neutrale Beige-, Braun- und Ockert\u00f6ne vermitteln ein modernes, zukunftsweisendes Gef\u00fchl mit einem leichten Vintage-Touch. Akzentuierende warme Rott\u00f6ne stehen f\u00fcr das reiche Erbe unserer Geschichte.<\/p>\n<p>\n<div class=\"ngg-galleryoverview ngg-slideshow\"\n\tid=\"ngg-slideshow-b47e365854762f5fcfd8552eecece20e-18607251240\"\n\tdata-nextgen-gallery-id=\"12\"\n\tdata-gallery-id=\"b47e365854762f5fcfd8552eecece20e\"\n\t\tdata-gallery-name=\"Farbtrends 2016 - Herkunft &amp; Zukunft\"\n\t\tstyle=\"max-width: 600px;\n\t\t\tmax-height: 400px;\n\t\t\tdisplay: none;\">\n\n\t\n\t\t<a href=\"https:\/\/www.trend4ward.de\/trendblog\/wp-content\/gallery\/farbtrends-2016-herkunft-zukunft\/Bildschirmfoto-2015-12-21-um-12.21.13.png?t=1543248801\"\n\t\t\ttitle=\"Foto: Dulux\"\n\t\t\tdata-src=\"https:\/\/www.trend4ward.de\/trendblog\/wp-content\/gallery\/farbtrends-2016-herkunft-zukunft\/Bildschirmfoto-2015-12-21-um-12.21.13.png?t=1543248801\"\n\t\t\tdata-thumbnail=\"https:\/\/www.trend4ward.de\/trendblog\/wp-content\/gallery\/farbtrends-2016-herkunft-zukunft\/thumbs\/thumbs_Bildschirmfoto-2015-12-21-um-12.21.13.png?t=1543248801\"\n\t\t\tdata-image-id=\"81\"\n\t\t\tdata-image-name=\"Bildschirmfoto-2015-12-21-um-12.21.13.png\"\n\t\t\tdata-title=\"Farbtrends 2016 - Herkunft &amp; Zukunft\"\n\t\t\tdata-description=\"Foto: Dulux\"\n\t\t\t\t\t\t\t\t\t\t\t\t\t\t\tclass=\"ngg-fancybox\" rel=\"b47e365854762f5fcfd8552eecece20e\">\n\t\t\t\n\t\t\t<img data-image-id='81'\n\t\t\t\ttitle=\"Foto: Dulux\"\n\t\t\t\talt=\"Farbtrends 2016 - Herkunft &amp; Zukunft\"\n\t\t\t\tsrc=\"https:\/\/www.trend4ward.de\/trendblog\/wp-content\/gallery\/farbtrends-2016-herkunft-zukunft\/Bildschirmfoto-2015-12-21-um-12.21.13.png?t=1543248801\"\n\t\t\t\tstyle=\"max-height: 380px;\"\/>\n\t\t<\/a>\n\n\t\t\n\t\t<a href=\"https:\/\/www.trend4ward.de\/trendblog\/wp-content\/gallery\/farbtrends-2016-herkunft-zukunft\/Bildschirmfoto-2015-12-21-um-12.21.34.png?t=1450699588\"\n\t\t\ttitle=\"Foto: Dulux\"\n\t\t\tdata-src=\"https:\/\/www.trend4ward.de\/trendblog\/wp-content\/gallery\/farbtrends-2016-herkunft-zukunft\/Bildschirmfoto-2015-12-21-um-12.21.34.png?t=1450699588\"\n\t\t\tdata-thumbnail=\"https:\/\/www.trend4ward.de\/trendblog\/wp-content\/gallery\/farbtrends-2016-herkunft-zukunft\/thumbs\/thumbs_Bildschirmfoto-2015-12-21-um-12.21.34.png?t=1450699588\"\n\t\t\tdata-image-id=\"82\"\n\t\t\tdata-image-name=\"Bildschirmfoto-2015-12-21-um-12.21.34.png\"\n\t\t\tdata-title=\"Farbtrends 2016 - Herkunft &amp; Zukunft\"\n\t\t\tdata-description=\"Foto: Dulux\"\n\t\t\t\t\t\t\t\t\t\t\t\t\t\t\tclass=\"ngg-fancybox\" rel=\"b47e365854762f5fcfd8552eecece20e\">\n\t\t\t\n\t\t\t<img data-image-id='82'\n\t\t\t\ttitle=\"Foto: Dulux\"\n\t\t\t\talt=\"Farbtrends 2016 - Herkunft &amp; Zukunft\"\n\t\t\t\tsrc=\"https:\/\/www.trend4ward.de\/trendblog\/wp-content\/gallery\/farbtrends-2016-herkunft-zukunft\/Bildschirmfoto-2015-12-21-um-12.21.34.png?t=1450699588\"\n\t\t\t\tstyle=\"max-height: 380px;\"\/>\n\t\t<\/a>\n\n\t\t\n\t\t<a href=\"https:\/\/www.trend4ward.de\/trendblog\/wp-content\/gallery\/farbtrends-2016-herkunft-zukunft\/Bildschirmfoto-2015-12-21-um-12.21.45.png?t=1450699588\"\n\t\t\ttitle=\"Foto: Dulux\"\n\t\t\tdata-src=\"https:\/\/www.trend4ward.de\/trendblog\/wp-content\/gallery\/farbtrends-2016-herkunft-zukunft\/Bildschirmfoto-2015-12-21-um-12.21.45.png?t=1450699588\"\n\t\t\tdata-thumbnail=\"https:\/\/www.trend4ward.de\/trendblog\/wp-content\/gallery\/farbtrends-2016-herkunft-zukunft\/thumbs\/thumbs_Bildschirmfoto-2015-12-21-um-12.21.45.png?t=1450699588\"\n\t\t\tdata-image-id=\"83\"\n\t\t\tdata-image-name=\"Bildschirmfoto-2015-12-21-um-12.21.45.png\"\n\t\t\tdata-title=\"Farbtrends 2016 - Herkunft &amp; Zukunft\"\n\t\t\tdata-description=\"Foto: Dulux\"\n\t\t\t\t\t\t\t\t\t\t\t\t\t\t\tclass=\"ngg-fancybox\" rel=\"b47e365854762f5fcfd8552eecece20e\">\n\t\t\t\n\t\t\t<img data-image-id='83'\n\t\t\t\ttitle=\"Foto: Dulux\"\n\t\t\t\talt=\"Farbtrends 2016 - Herkunft &amp; Zukunft\"\n\t\t\t\tsrc=\"https:\/\/www.trend4ward.de\/trendblog\/wp-content\/gallery\/farbtrends-2016-herkunft-zukunft\/Bildschirmfoto-2015-12-21-um-12.21.45.png?t=1450699588\"\n\t\t\t\tstyle=\"max-height: 380px;\"\/>\n\t\t<\/a>\n\n\t\t\n\t\t<a href=\"https:\/\/www.trend4ward.de\/trendblog\/wp-content\/gallery\/farbtrends-2016-herkunft-zukunft\/Bildschirmfoto-2015-12-21-um-12.21.57.png?t=1450699588\"\n\t\t\ttitle=\"Foto: Dulux\"\n\t\t\tdata-src=\"https:\/\/www.trend4ward.de\/trendblog\/wp-content\/gallery\/farbtrends-2016-herkunft-zukunft\/Bildschirmfoto-2015-12-21-um-12.21.57.png?t=1450699588\"\n\t\t\tdata-thumbnail=\"https:\/\/www.trend4ward.de\/trendblog\/wp-content\/gallery\/farbtrends-2016-herkunft-zukunft\/thumbs\/thumbs_Bildschirmfoto-2015-12-21-um-12.21.57.png?t=1450699588\"\n\t\t\tdata-image-id=\"84\"\n\t\t\tdata-image-name=\"Bildschirmfoto-2015-12-21-um-12.21.57.png\"\n\t\t\tdata-title=\"Farbtrends 2016 - Herkunft &amp; Zukunft\"\n\t\t\tdata-description=\"Foto: Dulux\"\n\t\t\t\t\t\t\t\t\t\t\t\t\t\t\tclass=\"ngg-fancybox\" rel=\"b47e365854762f5fcfd8552eecece20e\">\n\t\t\t\n\t\t\t<img data-image-id='84'\n\t\t\t\ttitle=\"Foto: Dulux\"\n\t\t\t\talt=\"Farbtrends 2016 - Herkunft &amp; Zukunft\"\n\t\t\t\tsrc=\"https:\/\/www.trend4ward.de\/trendblog\/wp-content\/gallery\/farbtrends-2016-herkunft-zukunft\/Bildschirmfoto-2015-12-21-um-12.21.57.png?t=1450699588\"\n\t\t\t\tstyle=\"max-height: 380px;\"\/>\n\t\t<\/a>\n\n\t\t\n\t\t<a href=\"https:\/\/www.trend4ward.de\/trendblog\/wp-content\/gallery\/farbtrends-2016-herkunft-zukunft\/Bildschirmfoto-2015-12-21-um-12.22.18.png?t=1450699588\"\n\t\t\ttitle=\"Foto: Dulux\"\n\t\t\tdata-src=\"https:\/\/www.trend4ward.de\/trendblog\/wp-content\/gallery\/farbtrends-2016-herkunft-zukunft\/Bildschirmfoto-2015-12-21-um-12.22.18.png?t=1450699588\"\n\t\t\tdata-thumbnail=\"https:\/\/www.trend4ward.de\/trendblog\/wp-content\/gallery\/farbtrends-2016-herkunft-zukunft\/thumbs\/thumbs_Bildschirmfoto-2015-12-21-um-12.22.18.png?t=1450699588\"\n\t\t\tdata-image-id=\"85\"\n\t\t\tdata-image-name=\"Bildschirmfoto-2015-12-21-um-12.22.18.png\"\n\t\t\tdata-title=\"Farbtrends 2016 - Herkunft &amp; Zukunft\"\n\t\t\tdata-description=\"Foto: Dulux\"\n\t\t\t\t\t\t\t\t\t\t\t\t\t\t\tclass=\"ngg-fancybox\" rel=\"b47e365854762f5fcfd8552eecece20e\">\n\t\t\t\n\t\t\t<img data-image-id='85'\n\t\t\t\ttitle=\"Foto: Dulux\"\n\t\t\t\talt=\"Farbtrends 2016 - Herkunft &amp; Zukunft\"\n\t\t\t\tsrc=\"https:\/\/www.trend4ward.de\/trendblog\/wp-content\/gallery\/farbtrends-2016-herkunft-zukunft\/Bildschirmfoto-2015-12-21-um-12.22.18.png?t=1450699588\"\n\t\t\t\tstyle=\"max-height: 380px;\"\/>\n\t\t<\/a>\n\n\t\t<\/div>\n\n\t\t<!-- Thumbnails Link -->\n\t<div class=\"slideshowlink\" style=\"max-width: 600px;\">\n\t\t<a href='https:\/\/www.trend4ward.de\/trendblog\/farbtrends-2016-goldocker-grossbuchstaben\/nggallery\/thumbnails'>Bild\u00fcbersicht<\/a>\n\t<\/div>\n\n<\/p>\n<p>&nbsp;<\/p>\n<p><strong><em>W\u00f6rter &amp; Bilder<\/em><\/strong><\/p>\n<p>Wir kommunizieren \u00fcber Bilder und posten fast jeden Augenblick unseres Lebens \u2013 doch Worte erleben eine Renaissance. Denn die Bilderflut, die wir mit unseren Posts erzeugt haben, verkehrt die Redensart \u201eEin Bild sagt mehr als tausend Worte\u201c in ihr Gegenteil. Daher wird die Pr\u00e4senz von Worten und Buchstaben wieder wichtiger; wir nutzen sie sogar als dekoratives Element, beispielsweise im Interior Design. Im Idealfall erg\u00e4nzen Worte und Bilder einander \u2013 so harmonisch wie Tintenblau und Graphitgrau, kombiniert mit modernem pastelligem Pink, weichem Violett und Nude sowie zartminzigen Gr\u00fcnt\u00f6nen.<\/p>\n<p>\n<div class=\"ngg-galleryoverview ngg-slideshow\"\n\tid=\"ngg-slideshow-af468070967dfddcb727a45ee82efa40-17436827250\"\n\tdata-nextgen-gallery-id=\"13\"\n\tdata-gallery-id=\"af468070967dfddcb727a45ee82efa40\"\n\t\tdata-gallery-name=\"Farbtrends 2016 \u2013 W\u00f6rter &amp; Bilder\"\n\t\tstyle=\"max-width: 600px;\n\t\t\tmax-height: 400px;\n\t\t\tdisplay: none;\">\n\n\t\n\t\t<a href=\"https:\/\/www.trend4ward.de\/trendblog\/wp-content\/gallery\/farbtrends-2016-woerter-bilder\/Bildschirmfoto-2015-12-21-um-12.23.12.png?t=1543249021\"\n\t\t\ttitle=\"Foto: Dulux\"\n\t\t\tdata-src=\"https:\/\/www.trend4ward.de\/trendblog\/wp-content\/gallery\/farbtrends-2016-woerter-bilder\/Bildschirmfoto-2015-12-21-um-12.23.12.png?t=1543249021\"\n\t\t\tdata-thumbnail=\"https:\/\/www.trend4ward.de\/trendblog\/wp-content\/gallery\/farbtrends-2016-woerter-bilder\/thumbs\/thumbs_Bildschirmfoto-2015-12-21-um-12.23.12.png?t=1543249021\"\n\t\t\tdata-image-id=\"86\"\n\t\t\tdata-image-name=\"Bildschirmfoto-2015-12-21-um-12.23.12.png\"\n\t\t\tdata-title=\"Farbtrends 2016 \u2013 W\u00f6rter &amp; Bilder\"\n\t\t\tdata-description=\"Foto: Dulux\"\n\t\t\t\t\t\t\t\t\t\t\t\t\t\t\tclass=\"ngg-fancybox\" rel=\"af468070967dfddcb727a45ee82efa40\">\n\t\t\t\n\t\t\t<img data-image-id='86'\n\t\t\t\ttitle=\"Foto: Dulux\"\n\t\t\t\talt=\"Farbtrends 2016 \u2013 W\u00f6rter &amp; Bilder\"\n\t\t\t\tsrc=\"https:\/\/www.trend4ward.de\/trendblog\/wp-content\/gallery\/farbtrends-2016-woerter-bilder\/Bildschirmfoto-2015-12-21-um-12.23.12.png?t=1543249021\"\n\t\t\t\tstyle=\"max-height: 380px;\"\/>\n\t\t<\/a>\n\n\t\t\n\t\t<a href=\"https:\/\/www.trend4ward.de\/trendblog\/wp-content\/gallery\/farbtrends-2016-woerter-bilder\/Bildschirmfoto-2015-12-21-um-12.23.21.png?t=1450699608\"\n\t\t\ttitle=\"Foto: Dulux\"\n\t\t\tdata-src=\"https:\/\/www.trend4ward.de\/trendblog\/wp-content\/gallery\/farbtrends-2016-woerter-bilder\/Bildschirmfoto-2015-12-21-um-12.23.21.png?t=1450699608\"\n\t\t\tdata-thumbnail=\"https:\/\/www.trend4ward.de\/trendblog\/wp-content\/gallery\/farbtrends-2016-woerter-bilder\/thumbs\/thumbs_Bildschirmfoto-2015-12-21-um-12.23.21.png?t=1450699608\"\n\t\t\tdata-image-id=\"87\"\n\t\t\tdata-image-name=\"Bildschirmfoto-2015-12-21-um-12.23.21.png\"\n\t\t\tdata-title=\"Farbtrends 2016 \u2013 W\u00f6rter &amp; Bilder\"\n\t\t\tdata-description=\"Foto: Dulux\"\n\t\t\t\t\t\t\t\t\t\t\t\t\t\t\tclass=\"ngg-fancybox\" rel=\"af468070967dfddcb727a45ee82efa40\">\n\t\t\t\n\t\t\t<img data-image-id='87'\n\t\t\t\ttitle=\"Foto: Dulux\"\n\t\t\t\talt=\"Farbtrends 2016 \u2013 W\u00f6rter &amp; Bilder\"\n\t\t\t\tsrc=\"https:\/\/www.trend4ward.de\/trendblog\/wp-content\/gallery\/farbtrends-2016-woerter-bilder\/Bildschirmfoto-2015-12-21-um-12.23.21.png?t=1450699608\"\n\t\t\t\tstyle=\"max-height: 380px;\"\/>\n\t\t<\/a>\n\n\t\t\n\t\t<a href=\"https:\/\/www.trend4ward.de\/trendblog\/wp-content\/gallery\/farbtrends-2016-woerter-bilder\/Bildschirmfoto-2015-12-21-um-12.22.30.png?t=1450699608\"\n\t\t\ttitle=\"Foto: Dulux\"\n\t\t\tdata-src=\"https:\/\/www.trend4ward.de\/trendblog\/wp-content\/gallery\/farbtrends-2016-woerter-bilder\/Bildschirmfoto-2015-12-21-um-12.22.30.png?t=1450699608\"\n\t\t\tdata-thumbnail=\"https:\/\/www.trend4ward.de\/trendblog\/wp-content\/gallery\/farbtrends-2016-woerter-bilder\/thumbs\/thumbs_Bildschirmfoto-2015-12-21-um-12.22.30.png?t=1450699608\"\n\t\t\tdata-image-id=\"88\"\n\t\t\tdata-image-name=\"Bildschirmfoto-2015-12-21-um-12.22.30.png\"\n\t\t\tdata-title=\"Farbtrends 2016 \u2013 W\u00f6rter &amp; Bilder\"\n\t\t\tdata-description=\"Foto: Dulux\"\n\t\t\t\t\t\t\t\t\t\t\t\t\t\t\tclass=\"ngg-fancybox\" rel=\"af468070967dfddcb727a45ee82efa40\">\n\t\t\t\n\t\t\t<img data-image-id='88'\n\t\t\t\ttitle=\"Foto: Dulux\"\n\t\t\t\talt=\"Farbtrends 2016 \u2013 W\u00f6rter &amp; Bilder\"\n\t\t\t\tsrc=\"https:\/\/www.trend4ward.de\/trendblog\/wp-content\/gallery\/farbtrends-2016-woerter-bilder\/Bildschirmfoto-2015-12-21-um-12.22.30.png?t=1450699608\"\n\t\t\t\tstyle=\"max-height: 380px;\"\/>\n\t\t<\/a>\n\n\t\t\n\t\t<a href=\"https:\/\/www.trend4ward.de\/trendblog\/wp-content\/gallery\/farbtrends-2016-woerter-bilder\/Bildschirmfoto-2015-12-21-um-12.22.40.png?t=1450699608\"\n\t\t\ttitle=\"Foto: Dulux\"\n\t\t\tdata-src=\"https:\/\/www.trend4ward.de\/trendblog\/wp-content\/gallery\/farbtrends-2016-woerter-bilder\/Bildschirmfoto-2015-12-21-um-12.22.40.png?t=1450699608\"\n\t\t\tdata-thumbnail=\"https:\/\/www.trend4ward.de\/trendblog\/wp-content\/gallery\/farbtrends-2016-woerter-bilder\/thumbs\/thumbs_Bildschirmfoto-2015-12-21-um-12.22.40.png?t=1450699608\"\n\t\t\tdata-image-id=\"89\"\n\t\t\tdata-image-name=\"Bildschirmfoto-2015-12-21-um-12.22.40.png\"\n\t\t\tdata-title=\"Farbtrends 2016 \u2013 W\u00f6rter &amp; Bilder\"\n\t\t\tdata-description=\"Foto: Dulux\"\n\t\t\t\t\t\t\t\t\t\t\t\t\t\t\tclass=\"ngg-fancybox\" rel=\"af468070967dfddcb727a45ee82efa40\">\n\t\t\t\n\t\t\t<img data-image-id='89'\n\t\t\t\ttitle=\"Foto: Dulux\"\n\t\t\t\talt=\"Farbtrends 2016 \u2013 W\u00f6rter &amp; Bilder\"\n\t\t\t\tsrc=\"https:\/\/www.trend4ward.de\/trendblog\/wp-content\/gallery\/farbtrends-2016-woerter-bilder\/Bildschirmfoto-2015-12-21-um-12.22.40.png?t=1450699608\"\n\t\t\t\tstyle=\"max-height: 380px;\"\/>\n\t\t<\/a>\n\n\t\t\n\t\t<a href=\"https:\/\/www.trend4ward.de\/trendblog\/wp-content\/gallery\/farbtrends-2016-woerter-bilder\/Bildschirmfoto-2015-12-21-um-12.23.00.png?t=1450699608\"\n\t\t\ttitle=\"Foto: Dulux\"\n\t\t\tdata-src=\"https:\/\/www.trend4ward.de\/trendblog\/wp-content\/gallery\/farbtrends-2016-woerter-bilder\/Bildschirmfoto-2015-12-21-um-12.23.00.png?t=1450699608\"\n\t\t\tdata-thumbnail=\"https:\/\/www.trend4ward.de\/trendblog\/wp-content\/gallery\/farbtrends-2016-woerter-bilder\/thumbs\/thumbs_Bildschirmfoto-2015-12-21-um-12.23.00.png?t=1450699608\"\n\t\t\tdata-image-id=\"90\"\n\t\t\tdata-image-name=\"Bildschirmfoto-2015-12-21-um-12.23.00.png\"\n\t\t\tdata-title=\"Farbtrends 2016 \u2013 W\u00f6rter &amp; Bilder\"\n\t\t\tdata-description=\"Foto: Dulux\"\n\t\t\t\t\t\t\t\t\t\t\t\t\t\t\tclass=\"ngg-fancybox\" rel=\"af468070967dfddcb727a45ee82efa40\">\n\t\t\t\n\t\t\t<img data-image-id='90'\n\t\t\t\ttitle=\"Foto: Dulux\"\n\t\t\t\talt=\"Farbtrends 2016 \u2013 W\u00f6rter &amp; Bilder\"\n\t\t\t\tsrc=\"https:\/\/www.trend4ward.de\/trendblog\/wp-content\/gallery\/farbtrends-2016-woerter-bilder\/Bildschirmfoto-2015-12-21-um-12.23.00.png?t=1450699608\"\n\t\t\t\tstyle=\"max-height: 380px;\"\/>\n\t\t<\/a>\n\n\t\t<\/div>\n\n\t\t<!-- Thumbnails Link -->\n\t<div class=\"slideshowlink\" style=\"max-width: 600px;\">\n\t\t<a href='https:\/\/www.trend4ward.de\/trendblog\/farbtrends-2016-goldocker-grossbuchstaben\/nggallery\/thumbnails'>Bild\u00fcbersicht<\/a>\n\t<\/div>\n\n<\/p>\n<p>&nbsp;<\/p>\n<p><strong><em>Licht &amp; Dunkelheit<\/em><\/strong><\/p>\n<p>Wir lieben es hell, doch jetzt entdecken wir die Dunkelheit. Denn wir leiden an \u201eLichtverschmutzung\u201c, die uns den Schlaf raubt, und wir brauchen die Dunkelheit, um das Licht besser zu sehen. Die fl\u00e4mischen Meister des 17. Jahrhunderts haben es vorgemacht. Ihre Gem\u00e4lde zeigen, dass das Spiel des Lichts am sch\u00f6nsten aus dunklen T\u00f6nen heraus leuchtet. Zum Beispiel aus geheimnisvollen Mitternachtst\u00f6nen, zu denen zartes Silbergrau und kraftvolles Goldocker Glanzlichter setzen.<\/p>\n<p><strong>&nbsp;\n<div class=\"ngg-galleryoverview ngg-slideshow\"\n\tid=\"ngg-slideshow-9e65dda4b5c702f15dee6cca9b9c5f79-4279246330\"\n\tdata-nextgen-gallery-id=\"14\"\n\tdata-gallery-id=\"9e65dda4b5c702f15dee6cca9b9c5f79\"\n\t\tdata-gallery-name=\"Farbtrends 2016 \u2013 Licht &amp; Dunkelheit\"\n\t\tstyle=\"max-width: 600px;\n\t\t\tmax-height: 400px;\n\t\t\tdisplay: none;\">\n\n\t\n\t\t<a href=\"https:\/\/www.trend4ward.de\/trendblog\/wp-content\/gallery\/farbtrends-2016-licht-dunkelheit\/Bildschirmfoto-2015-12-21-um-12.28.29.png?t=1543248744\"\n\t\t\ttitle=\"Foto: Dulux\"\n\t\t\tdata-src=\"https:\/\/www.trend4ward.de\/trendblog\/wp-content\/gallery\/farbtrends-2016-licht-dunkelheit\/Bildschirmfoto-2015-12-21-um-12.28.29.png?t=1543248744\"\n\t\t\tdata-thumbnail=\"https:\/\/www.trend4ward.de\/trendblog\/wp-content\/gallery\/farbtrends-2016-licht-dunkelheit\/thumbs\/thumbs_Bildschirmfoto-2015-12-21-um-12.28.29.png?t=1543248744\"\n\t\t\tdata-image-id=\"91\"\n\t\t\tdata-image-name=\"Bildschirmfoto-2015-12-21-um-12.28.29.png\"\n\t\t\tdata-title=\"Farbtrends 2016 \u2013 Licht &amp; Dunkelheit\"\n\t\t\tdata-description=\"Foto: Dulux\"\n\t\t\t\t\t\t\t\t\t\t\t\t\t\t\tclass=\"ngg-fancybox\" rel=\"9e65dda4b5c702f15dee6cca9b9c5f79\">\n\t\t\t\n\t\t\t<img data-image-id='91'\n\t\t\t\ttitle=\"Foto: Dulux\"\n\t\t\t\talt=\"Farbtrends 2016 \u2013 Licht &amp; Dunkelheit\"\n\t\t\t\tsrc=\"https:\/\/www.trend4ward.de\/trendblog\/wp-content\/gallery\/farbtrends-2016-licht-dunkelheit\/Bildschirmfoto-2015-12-21-um-12.28.29.png?t=1543248744\"\n\t\t\t\tstyle=\"max-height: 380px;\"\/>\n\t\t<\/a>\n\n\t\t\n\t\t<a href=\"https:\/\/www.trend4ward.de\/trendblog\/wp-content\/gallery\/farbtrends-2016-licht-dunkelheit\/Bildschirmfoto-2015-12-21-um-12.28.40.png?t=1450699630\"\n\t\t\ttitle=\"Foto: Dulux\"\n\t\t\tdata-src=\"https:\/\/www.trend4ward.de\/trendblog\/wp-content\/gallery\/farbtrends-2016-licht-dunkelheit\/Bildschirmfoto-2015-12-21-um-12.28.40.png?t=1450699630\"\n\t\t\tdata-thumbnail=\"https:\/\/www.trend4ward.de\/trendblog\/wp-content\/gallery\/farbtrends-2016-licht-dunkelheit\/thumbs\/thumbs_Bildschirmfoto-2015-12-21-um-12.28.40.png?t=1450699630\"\n\t\t\tdata-image-id=\"92\"\n\t\t\tdata-image-name=\"Bildschirmfoto-2015-12-21-um-12.28.40.png\"\n\t\t\tdata-title=\"Farbtrends 2016 \u2013 Licht &amp; Dunkelheit\"\n\t\t\tdata-description=\"Foto: Dulux\"\n\t\t\t\t\t\t\t\t\t\t\t\t\t\t\tclass=\"ngg-fancybox\" rel=\"9e65dda4b5c702f15dee6cca9b9c5f79\">\n\t\t\t\n\t\t\t<img data-image-id='92'\n\t\t\t\ttitle=\"Foto: Dulux\"\n\t\t\t\talt=\"Farbtrends 2016 \u2013 Licht &amp; Dunkelheit\"\n\t\t\t\tsrc=\"https:\/\/www.trend4ward.de\/trendblog\/wp-content\/gallery\/farbtrends-2016-licht-dunkelheit\/Bildschirmfoto-2015-12-21-um-12.28.40.png?t=1450699630\"\n\t\t\t\tstyle=\"max-height: 380px;\"\/>\n\t\t<\/a>\n\n\t\t\n\t\t<a href=\"https:\/\/www.trend4ward.de\/trendblog\/wp-content\/gallery\/farbtrends-2016-licht-dunkelheit\/Bildschirmfoto-2015-12-21-um-12.28.48.png?t=1450699630\"\n\t\t\ttitle=\"Foto: Dulux\"\n\t\t\tdata-src=\"https:\/\/www.trend4ward.de\/trendblog\/wp-content\/gallery\/farbtrends-2016-licht-dunkelheit\/Bildschirmfoto-2015-12-21-um-12.28.48.png?t=1450699630\"\n\t\t\tdata-thumbnail=\"https:\/\/www.trend4ward.de\/trendblog\/wp-content\/gallery\/farbtrends-2016-licht-dunkelheit\/thumbs\/thumbs_Bildschirmfoto-2015-12-21-um-12.28.48.png?t=1450699630\"\n\t\t\tdata-image-id=\"93\"\n\t\t\tdata-image-name=\"Bildschirmfoto-2015-12-21-um-12.28.48.png\"\n\t\t\tdata-title=\"Farbtrends 2016 \u2013 Licht &amp; Dunkelheit\"\n\t\t\tdata-description=\"Foto: Dulux\"\n\t\t\t\t\t\t\t\t\t\t\t\t\t\t\tclass=\"ngg-fancybox\" rel=\"9e65dda4b5c702f15dee6cca9b9c5f79\">\n\t\t\t\n\t\t\t<img data-image-id='93'\n\t\t\t\ttitle=\"Foto: Dulux\"\n\t\t\t\talt=\"Farbtrends 2016 \u2013 Licht &amp; Dunkelheit\"\n\t\t\t\tsrc=\"https:\/\/www.trend4ward.de\/trendblog\/wp-content\/gallery\/farbtrends-2016-licht-dunkelheit\/Bildschirmfoto-2015-12-21-um-12.28.48.png?t=1450699630\"\n\t\t\t\tstyle=\"max-height: 380px;\"\/>\n\t\t<\/a>\n\n\t\t\n\t\t<a href=\"https:\/\/www.trend4ward.de\/trendblog\/wp-content\/gallery\/farbtrends-2016-licht-dunkelheit\/Bildschirmfoto-2015-12-21-um-12.28.58.png?t=1450699630\"\n\t\t\ttitle=\"Foto: Dulux\"\n\t\t\tdata-src=\"https:\/\/www.trend4ward.de\/trendblog\/wp-content\/gallery\/farbtrends-2016-licht-dunkelheit\/Bildschirmfoto-2015-12-21-um-12.28.58.png?t=1450699630\"\n\t\t\tdata-thumbnail=\"https:\/\/www.trend4ward.de\/trendblog\/wp-content\/gallery\/farbtrends-2016-licht-dunkelheit\/thumbs\/thumbs_Bildschirmfoto-2015-12-21-um-12.28.58.png?t=1450699630\"\n\t\t\tdata-image-id=\"94\"\n\t\t\tdata-image-name=\"Bildschirmfoto-2015-12-21-um-12.28.58.png\"\n\t\t\tdata-title=\"Farbtrends 2016 \u2013 Licht &amp; Dunkelheit\"\n\t\t\tdata-description=\"Foto: Dulux\"\n\t\t\t\t\t\t\t\t\t\t\t\t\t\t\tclass=\"ngg-fancybox\" rel=\"9e65dda4b5c702f15dee6cca9b9c5f79\">\n\t\t\t\n\t\t\t<img data-image-id='94'\n\t\t\t\ttitle=\"Foto: Dulux\"\n\t\t\t\talt=\"Farbtrends 2016 \u2013 Licht &amp; Dunkelheit\"\n\t\t\t\tsrc=\"https:\/\/www.trend4ward.de\/trendblog\/wp-content\/gallery\/farbtrends-2016-licht-dunkelheit\/Bildschirmfoto-2015-12-21-um-12.28.58.png?t=1450699630\"\n\t\t\t\tstyle=\"max-height: 380px;\"\/>\n\t\t<\/a>\n\n\t\t\n\t\t<a href=\"https:\/\/www.trend4ward.de\/trendblog\/wp-content\/gallery\/farbtrends-2016-licht-dunkelheit\/Bildschirmfoto-2015-12-21-um-12.29.28.png?t=1450699630\"\n\t\t\ttitle=\"Foto: Dulux\"\n\t\t\tdata-src=\"https:\/\/www.trend4ward.de\/trendblog\/wp-content\/gallery\/farbtrends-2016-licht-dunkelheit\/Bildschirmfoto-2015-12-21-um-12.29.28.png?t=1450699630\"\n\t\t\tdata-thumbnail=\"https:\/\/www.trend4ward.de\/trendblog\/wp-content\/gallery\/farbtrends-2016-licht-dunkelheit\/thumbs\/thumbs_Bildschirmfoto-2015-12-21-um-12.29.28.png?t=1450699630\"\n\t\t\tdata-image-id=\"95\"\n\t\t\tdata-image-name=\"Bildschirmfoto-2015-12-21-um-12.29.28.png\"\n\t\t\tdata-title=\"Farbtrends 2016 \u2013 Licht &amp; Dunkelheit\"\n\t\t\tdata-description=\"Foto: Dulux\"\n\t\t\t\t\t\t\t\t\t\t\t\t\t\t\tclass=\"ngg-fancybox\" rel=\"9e65dda4b5c702f15dee6cca9b9c5f79\">\n\t\t\t\n\t\t\t<img data-image-id='95'\n\t\t\t\ttitle=\"Foto: Dulux\"\n\t\t\t\talt=\"Farbtrends 2016 \u2013 Licht &amp; Dunkelheit\"\n\t\t\t\tsrc=\"https:\/\/www.trend4ward.de\/trendblog\/wp-content\/gallery\/farbtrends-2016-licht-dunkelheit\/Bildschirmfoto-2015-12-21-um-12.29.28.png?t=1450699630\"\n\t\t\t\tstyle=\"max-height: 380px;\"\/>\n\t\t<\/a>\n\n\t\t<\/div>\n\n\t\t<!-- Thumbnails Link -->\n\t<div class=\"slideshowlink\" style=\"max-width: 600px;\">\n\t\t<a href='https:\/\/www.trend4ward.de\/trendblog\/farbtrends-2016-goldocker-grossbuchstaben\/nggallery\/thumbnails'>Bild\u00fcbersicht<\/a>\n\t<\/div>\n\n<\/strong><\/p>\n<p>&nbsp;<\/p>\n<p><strong><em>Freiheit &amp; Raster<\/em><\/strong><\/p>\n<p>Wir brauchen einen Rahmen f\u00fcr unser Leben \u2013 aber wir m\u00fcssen auch immer wieder versuchen, ihn zu sprengen. Wir brauchen Grenzen \u2013 um immer wieder daraus auszubrechen. Wir sind beunruhigt, wenn wir die Kontrolle verlieren \u2013 doch nur so finden wir zu uns selbst. Der moderne urbane Lifestyle sehnt sich nach kontrollierter Unordnung, nach einem Augenblick des Chaos, den wir genie\u00dfen und dann wieder verlassen k\u00f6nnen. Dies empfinden wir aktuell als umso wichtiger, je komplexer unser Leben wird. Dieses Gef\u00fchl spiegelt sich in einer Palette an spielerischen, heiteren Rot-, Rosa-, Gelb- und Blaut\u00f6nen wider, denen jedoch Schwarz und klare Formen Halt geben.<\/p>\n<p><strong>&nbsp;\n<div class=\"ngg-galleryoverview ngg-slideshow\"\n\tid=\"ngg-slideshow-b367f9822337f56d5dbc94089b871608-14723820750\"\n\tdata-nextgen-gallery-id=\"15\"\n\tdata-gallery-id=\"b367f9822337f56d5dbc94089b871608\"\n\t\tdata-gallery-name=\"Farbtrends 2016 \u2013 Freiheit &amp; Raster\"\n\t\tstyle=\"max-width: 600px;\n\t\t\tmax-height: 400px;\n\t\t\tdisplay: none;\">\n\n\t\n\t\t<a href=\"https:\/\/www.trend4ward.de\/trendblog\/wp-content\/gallery\/farbtrends-2016-freiheit-raster\/Bildschirmfoto-2015-12-21-um-12.29.37.png?t=1543248871\"\n\t\t\ttitle=\"Foto: Dulux\"\n\t\t\tdata-src=\"https:\/\/www.trend4ward.de\/trendblog\/wp-content\/gallery\/farbtrends-2016-freiheit-raster\/Bildschirmfoto-2015-12-21-um-12.29.37.png?t=1543248871\"\n\t\t\tdata-thumbnail=\"https:\/\/www.trend4ward.de\/trendblog\/wp-content\/gallery\/farbtrends-2016-freiheit-raster\/thumbs\/thumbs_Bildschirmfoto-2015-12-21-um-12.29.37.png?t=1543248871\"\n\t\t\tdata-image-id=\"96\"\n\t\t\tdata-image-name=\"Bildschirmfoto-2015-12-21-um-12.29.37.png\"\n\t\t\tdata-title=\"Farbtrends 2016 \u2013 Freiheit &amp; Raster\"\n\t\t\tdata-description=\"Foto: Dulux\"\n\t\t\t\t\t\t\t\t\t\t\t\t\t\t\tclass=\"ngg-fancybox\" rel=\"b367f9822337f56d5dbc94089b871608\">\n\t\t\t\n\t\t\t<img data-image-id='96'\n\t\t\t\ttitle=\"Foto: Dulux\"\n\t\t\t\talt=\"Farbtrends 2016 \u2013 Freiheit &amp; Raster\"\n\t\t\t\tsrc=\"https:\/\/www.trend4ward.de\/trendblog\/wp-content\/gallery\/farbtrends-2016-freiheit-raster\/Bildschirmfoto-2015-12-21-um-12.29.37.png?t=1543248871\"\n\t\t\t\tstyle=\"max-height: 380px;\"\/>\n\t\t<\/a>\n\n\t\t\n\t\t<a href=\"https:\/\/www.trend4ward.de\/trendblog\/wp-content\/gallery\/farbtrends-2016-freiheit-raster\/Bildschirmfoto-2015-12-21-um-12.29.47.png?t=1450699651\"\n\t\t\ttitle=\"Foto: Dulux\"\n\t\t\tdata-src=\"https:\/\/www.trend4ward.de\/trendblog\/wp-content\/gallery\/farbtrends-2016-freiheit-raster\/Bildschirmfoto-2015-12-21-um-12.29.47.png?t=1450699651\"\n\t\t\tdata-thumbnail=\"https:\/\/www.trend4ward.de\/trendblog\/wp-content\/gallery\/farbtrends-2016-freiheit-raster\/thumbs\/thumbs_Bildschirmfoto-2015-12-21-um-12.29.47.png?t=1450699651\"\n\t\t\tdata-image-id=\"97\"\n\t\t\tdata-image-name=\"Bildschirmfoto-2015-12-21-um-12.29.47.png\"\n\t\t\tdata-title=\"Farbtrends 2016 \u2013 Freiheit &amp; Raster\"\n\t\t\tdata-description=\"Foto: Dulux\"\n\t\t\t\t\t\t\t\t\t\t\t\t\t\t\tclass=\"ngg-fancybox\" rel=\"b367f9822337f56d5dbc94089b871608\">\n\t\t\t\n\t\t\t<img data-image-id='97'\n\t\t\t\ttitle=\"Foto: Dulux\"\n\t\t\t\talt=\"Farbtrends 2016 \u2013 Freiheit &amp; Raster\"\n\t\t\t\tsrc=\"https:\/\/www.trend4ward.de\/trendblog\/wp-content\/gallery\/farbtrends-2016-freiheit-raster\/Bildschirmfoto-2015-12-21-um-12.29.47.png?t=1450699651\"\n\t\t\t\tstyle=\"max-height: 380px;\"\/>\n\t\t<\/a>\n\n\t\t\n\t\t<a href=\"https:\/\/www.trend4ward.de\/trendblog\/wp-content\/gallery\/farbtrends-2016-freiheit-raster\/Bildschirmfoto-2015-12-21-um-12.29.57.png?t=1450699651\"\n\t\t\ttitle=\"Foto: Dulux\"\n\t\t\tdata-src=\"https:\/\/www.trend4ward.de\/trendblog\/wp-content\/gallery\/farbtrends-2016-freiheit-raster\/Bildschirmfoto-2015-12-21-um-12.29.57.png?t=1450699651\"\n\t\t\tdata-thumbnail=\"https:\/\/www.trend4ward.de\/trendblog\/wp-content\/gallery\/farbtrends-2016-freiheit-raster\/thumbs\/thumbs_Bildschirmfoto-2015-12-21-um-12.29.57.png?t=1450699651\"\n\t\t\tdata-image-id=\"98\"\n\t\t\tdata-image-name=\"Bildschirmfoto-2015-12-21-um-12.29.57.png\"\n\t\t\tdata-title=\"Farbtrends 2016 \u2013 Freiheit &amp; Raster\"\n\t\t\tdata-description=\"Foto: Dulux\"\n\t\t\t\t\t\t\t\t\t\t\t\t\t\t\tclass=\"ngg-fancybox\" rel=\"b367f9822337f56d5dbc94089b871608\">\n\t\t\t\n\t\t\t<img data-image-id='98'\n\t\t\t\ttitle=\"Foto: Dulux\"\n\t\t\t\talt=\"Farbtrends 2016 \u2013 Freiheit &amp; Raster\"\n\t\t\t\tsrc=\"https:\/\/www.trend4ward.de\/trendblog\/wp-content\/gallery\/farbtrends-2016-freiheit-raster\/Bildschirmfoto-2015-12-21-um-12.29.57.png?t=1450699651\"\n\t\t\t\tstyle=\"max-height: 380px;\"\/>\n\t\t<\/a>\n\n\t\t\n\t\t<a href=\"https:\/\/www.trend4ward.de\/trendblog\/wp-content\/gallery\/farbtrends-2016-freiheit-raster\/Bildschirmfoto-2015-12-21-um-12.30.07.png?t=1450699651\"\n\t\t\ttitle=\"Foto: Dulux\"\n\t\t\tdata-src=\"https:\/\/www.trend4ward.de\/trendblog\/wp-content\/gallery\/farbtrends-2016-freiheit-raster\/Bildschirmfoto-2015-12-21-um-12.30.07.png?t=1450699651\"\n\t\t\tdata-thumbnail=\"https:\/\/www.trend4ward.de\/trendblog\/wp-content\/gallery\/farbtrends-2016-freiheit-raster\/thumbs\/thumbs_Bildschirmfoto-2015-12-21-um-12.30.07.png?t=1450699651\"\n\t\t\tdata-image-id=\"99\"\n\t\t\tdata-image-name=\"Bildschirmfoto-2015-12-21-um-12.30.07.png\"\n\t\t\tdata-title=\"Farbtrends 2016 \u2013 Freiheit &amp; Raster\"\n\t\t\tdata-description=\"Foto: Dulux\"\n\t\t\t\t\t\t\t\t\t\t\t\t\t\t\tclass=\"ngg-fancybox\" rel=\"b367f9822337f56d5dbc94089b871608\">\n\t\t\t\n\t\t\t<img data-image-id='99'\n\t\t\t\ttitle=\"Foto: Dulux\"\n\t\t\t\talt=\"Farbtrends 2016 \u2013 Freiheit &amp; Raster\"\n\t\t\t\tsrc=\"https:\/\/www.trend4ward.de\/trendblog\/wp-content\/gallery\/farbtrends-2016-freiheit-raster\/Bildschirmfoto-2015-12-21-um-12.30.07.png?t=1450699651\"\n\t\t\t\tstyle=\"max-height: 380px;\"\/>\n\t\t<\/a>\n\n\t\t\n\t\t<a href=\"https:\/\/www.trend4ward.de\/trendblog\/wp-content\/gallery\/farbtrends-2016-freiheit-raster\/Bildschirmfoto-2015-12-21-um-12.30.17.png?t=1450699651\"\n\t\t\ttitle=\"Foto: Dulux\"\n\t\t\tdata-src=\"https:\/\/www.trend4ward.de\/trendblog\/wp-content\/gallery\/farbtrends-2016-freiheit-raster\/Bildschirmfoto-2015-12-21-um-12.30.17.png?t=1450699651\"\n\t\t\tdata-thumbnail=\"https:\/\/www.trend4ward.de\/trendblog\/wp-content\/gallery\/farbtrends-2016-freiheit-raster\/thumbs\/thumbs_Bildschirmfoto-2015-12-21-um-12.30.17.png?t=1450699651\"\n\t\t\tdata-image-id=\"100\"\n\t\t\tdata-image-name=\"Bildschirmfoto-2015-12-21-um-12.30.17.png\"\n\t\t\tdata-title=\"Farbtrends 2016 \u2013 Freiheit &amp; Raster\"\n\t\t\tdata-description=\"Foto: Dulux\"\n\t\t\t\t\t\t\t\t\t\t\t\t\t\t\tclass=\"ngg-fancybox\" rel=\"b367f9822337f56d5dbc94089b871608\">\n\t\t\t\n\t\t\t<img data-image-id='100'\n\t\t\t\ttitle=\"Foto: Dulux\"\n\t\t\t\talt=\"Farbtrends 2016 \u2013 Freiheit &amp; Raster\"\n\t\t\t\tsrc=\"https:\/\/www.trend4ward.de\/trendblog\/wp-content\/gallery\/farbtrends-2016-freiheit-raster\/Bildschirmfoto-2015-12-21-um-12.30.17.png?t=1450699651\"\n\t\t\t\tstyle=\"max-height: 380px;\"\/>\n\t\t<\/a>\n\n\t\t\n\t\t<a href=\"https:\/\/www.trend4ward.de\/trendblog\/wp-content\/gallery\/farbtrends-2016-freiheit-raster\/Bildschirmfoto-2015-12-21-um-12.30.29.png?t=1450699651\"\n\t\t\ttitle=\"Foto: Dulux\"\n\t\t\tdata-src=\"https:\/\/www.trend4ward.de\/trendblog\/wp-content\/gallery\/farbtrends-2016-freiheit-raster\/Bildschirmfoto-2015-12-21-um-12.30.29.png?t=1450699651\"\n\t\t\tdata-thumbnail=\"https:\/\/www.trend4ward.de\/trendblog\/wp-content\/gallery\/farbtrends-2016-freiheit-raster\/thumbs\/thumbs_Bildschirmfoto-2015-12-21-um-12.30.29.png?t=1450699651\"\n\t\t\tdata-image-id=\"101\"\n\t\t\tdata-image-name=\"Bildschirmfoto-2015-12-21-um-12.30.29.png\"\n\t\t\tdata-title=\"Farbtrends 2016 \u2013 Freiheit &amp; Raster\"\n\t\t\tdata-description=\"Foto: Dulux\"\n\t\t\t\t\t\t\t\t\t\t\t\t\t\t\tclass=\"ngg-fancybox\" rel=\"b367f9822337f56d5dbc94089b871608\">\n\t\t\t\n\t\t\t<img data-image-id='101'\n\t\t\t\ttitle=\"Foto: Dulux\"\n\t\t\t\talt=\"Farbtrends 2016 \u2013 Freiheit &amp; Raster\"\n\t\t\t\tsrc=\"https:\/\/www.trend4ward.de\/trendblog\/wp-content\/gallery\/farbtrends-2016-freiheit-raster\/Bildschirmfoto-2015-12-21-um-12.30.29.png?t=1450699651\"\n\t\t\t\tstyle=\"max-height: 380px;\"\/>\n\t\t<\/a>\n\n\t\t<\/div>\n\n\t\t<!-- Thumbnails Link -->\n\t<div class=\"slideshowlink\" style=\"max-width: 600px;\">\n\t\t<a href='https:\/\/www.trend4ward.de\/trendblog\/farbtrends-2016-goldocker-grossbuchstaben\/nggallery\/thumbnails'>Bild\u00fcbersicht<\/a>\n\t<\/div>\n\n<\/strong><\/p>\n<p><strong>&nbsp;<\/strong><\/p>\n<p><strong>&nbsp;\r<div class=\"GARD gard_basic_mode\" id=\"google-ads-BflN\"><script >\radUnit = document.getElementById(\"google-ads-BflN\");\radWidth = adUnit.offsetWidth;\r\rif ( adWidth >= 999999 ) {\r\/* GETTING THE FIRST IF OUT OF THE WAY *\/ \r} else {\rgoogle_ad_slot = \"0\";\radUnit.style.display = \"none\";\r}\radUnit.className = adUnit.className + \" ad_unit \" + tag;\rgoogle_ad_client = \"ca-pub-6170969419645551\";\radUnit.style.cssFloat  = \"left\";\radUnit.style.styleFloat  = \"left\";\radUnit.style.margin = \"0 10px 10px 0\";\radUnit.style.textAlign = \"initial\";\rgoogle_color_border = \"FFFFFF\";\rgoogle_color_bg = \"FFFFFF\";\rgoogle_color_link = \"999999\";\rgoogle_color_url = \"99cc33\";\rgoogle_color_text = \"666666\";\rgoogle_ui_features = \"rc:\";\r<\/script>\r<script  src=\"\/\/pagead2.googlesyndication.com\/pagead\/show_ads.js\"><\/script>\r<\/div> <\/strong><\/p>\n<p>&nbsp;<\/p>\n","protected":false},"excerpt":{"rendered":"<p>Nach den k\u00fchlen Blau- und Gr\u00fcnt\u00f6nen der vergangenen Jahre brachte 2015 die Wende zu warmen Farben wie Pink, Rot, Kupfer und Erdt\u00f6nen. Auch k\u00fcnftig bleibt das Farbspektrum warm \u2013 aber die T\u00f6ne werden subtiler und gedeckter. Darauf weisen die neuen Farbtrends aus dem Hause Dulux hin.<\/p>\n","protected":false},"author":1,"featured_media":2160,"comment_status":"open","ping_status":"open","sticky":false,"template":"","format":"standard","meta":{"om_disable_all_campaigns":false,"_monsterinsights_skip_tracking":false,"_monsterinsights_sitenote_active":false,"_monsterinsights_sitenote_note":"","_monsterinsights_sitenote_category":0,"_uf_show_specific_survey":0,"_uf_disable_surveys":false,"neve_meta_sidebar":"","neve_meta_container":"","neve_meta_enable_content_width":"","neve_meta_content_width":0,"neve_meta_title_alignment":"","neve_meta_author_avatar":"","neve_post_elements_order":"","neve_meta_disable_header":"","neve_meta_disable_footer":"","neve_meta_disable_title":"","ngg_post_thumbnail":0,"_jetpack_memberships_contains_paid_content":false,"footnotes":""},"categories":[15],"tags":[101,152,48],"class_list":["post-2087","post","type-post","status-publish","format-standard","has-post-thumbnail","hentry","category-wohnen","tag-farben","tag-farbtrends","tag-moebel"],"yoast_head":"<!-- This site is optimized with the Yoast SEO plugin v27.4 - https:\/\/yoast.com\/product\/yoast-seo-wordpress\/ -->\n<title>Farbtrends 2016: Goldocker, Dunkles, Gro\u00dfbuchstaben und Raster &#8226; trendBlog \u2013 Wohnen, Reisen, Leben und Kultur<\/title>\n<meta name=\"description\" content=\"Auch k\u00fcnftig bleiben die Wandfarben warm \u2013 aber die T\u00f6ne werden subtiler und gedeckter. Ein \u00dcberblick der Farbtrends 2016.\" \/>\n<meta name=\"robots\" content=\"index, follow, max-snippet:-1, max-image-preview:large, max-video-preview:-1\" \/>\n<link rel=\"canonical\" href=\"https:\/\/www.trend4ward.de\/trendblog\/farbtrends-2016-goldocker-grossbuchstaben\/\" \/>\n<meta property=\"og:locale\" content=\"de_DE\" \/>\n<meta property=\"og:type\" content=\"article\" \/>\n<meta property=\"og:title\" content=\"Farbtrends 2016: Goldocker, Dunkles, Gro\u00dfbuchstaben und Raster &#8226; trendBlog \u2013 Wohnen, Reisen, Leben und Kultur\" \/>\n<meta property=\"og:description\" content=\"Auch k\u00fcnftig bleiben die Wandfarben warm \u2013 aber die T\u00f6ne werden subtiler und gedeckter. Ein \u00dcberblick der Farbtrends 2016.\" \/>\n<meta property=\"og:url\" content=\"https:\/\/www.trend4ward.de\/trendblog\/farbtrends-2016-goldocker-grossbuchstaben\/\" \/>\n<meta property=\"og:site_name\" content=\"trendBlog \u2013 Wohnen, Reisen, Leben und Kultur\" \/>\n<meta property=\"article:published_time\" content=\"2015-12-21T11:51:55+00:00\" \/>\n<meta property=\"article:modified_time\" content=\"2017-05-19T21:32:04+00:00\" \/>\n<meta property=\"og:image\" content=\"https:\/\/www.trend4ward.de\/trendblog\/wp-content\/uploads\/2015\/12\/Dulux_CF16_Goldocker_15.jpg\" \/>\n\t<meta property=\"og:image:width\" content=\"1000\" \/>\n\t<meta property=\"og:image:height\" content=\"667\" \/>\n\t<meta property=\"og:image:type\" content=\"image\/jpeg\" \/>\n<meta name=\"author\" content=\"Evelyn Steinbach\" \/>\n<meta name=\"twitter:label1\" content=\"Verfasst von\" \/>\n\t<meta name=\"twitter:data1\" content=\"Evelyn Steinbach\" \/>\n\t<meta name=\"twitter:label2\" content=\"Gesch\u00e4tzte Lesezeit\" \/>\n\t<meta name=\"twitter:data2\" content=\"3\u00a0Minuten\" \/>\n<script type=\"application\/ld+json\" class=\"yoast-schema-graph\">{\"@context\":\"https:\\\/\\\/schema.org\",\"@graph\":[{\"@type\":\"Article\",\"@id\":\"https:\\\/\\\/www.trend4ward.de\\\/trendblog\\\/farbtrends-2016-goldocker-grossbuchstaben\\\/#article\",\"isPartOf\":{\"@id\":\"https:\\\/\\\/www.trend4ward.de\\\/trendblog\\\/farbtrends-2016-goldocker-grossbuchstaben\\\/\"},\"author\":{\"name\":\"Evelyn Steinbach\",\"@id\":\"https:\\\/\\\/www.trend4ward.de\\\/trendblog\\\/#\\\/schema\\\/person\\\/c65dd8afd2fda04893d121f31b2a8ea4\"},\"headline\":\"Farbtrends 2016: Goldocker, Dunkles, Gro\u00dfbuchstaben und Raster\",\"datePublished\":\"2015-12-21T11:51:55+00:00\",\"dateModified\":\"2017-05-19T21:32:04+00:00\",\"mainEntityOfPage\":{\"@id\":\"https:\\\/\\\/www.trend4ward.de\\\/trendblog\\\/farbtrends-2016-goldocker-grossbuchstaben\\\/\"},\"wordCount\":648,\"commentCount\":0,\"publisher\":{\"@id\":\"https:\\\/\\\/www.trend4ward.de\\\/trendblog\\\/#\\\/schema\\\/person\\\/c65dd8afd2fda04893d121f31b2a8ea4\"},\"image\":{\"@id\":\"https:\\\/\\\/www.trend4ward.de\\\/trendblog\\\/farbtrends-2016-goldocker-grossbuchstaben\\\/#primaryimage\"},\"thumbnailUrl\":\"https:\\\/\\\/www.trend4ward.de\\\/trendblog\\\/wp-content\\\/uploads\\\/2015\\\/12\\\/Dulux_CF16_Goldocker_15.jpg\",\"keywords\":[\"Farben &amp; Streichen\",\"Farbtrends\",\"M\u00f6bel\"],\"articleSection\":[\"Wohnen &amp; Einrichten\"],\"inLanguage\":\"de\",\"potentialAction\":[{\"@type\":\"CommentAction\",\"name\":\"Comment\",\"target\":[\"https:\\\/\\\/www.trend4ward.de\\\/trendblog\\\/farbtrends-2016-goldocker-grossbuchstaben\\\/#respond\"]}]},{\"@type\":\"WebPage\",\"@id\":\"https:\\\/\\\/www.trend4ward.de\\\/trendblog\\\/farbtrends-2016-goldocker-grossbuchstaben\\\/\",\"url\":\"https:\\\/\\\/www.trend4ward.de\\\/trendblog\\\/farbtrends-2016-goldocker-grossbuchstaben\\\/\",\"name\":\"Farbtrends 2016: Goldocker, Dunkles, Gro\u00dfbuchstaben und Raster &#8226; trendBlog \u2013 Wohnen, Reisen, Leben und Kultur\",\"isPartOf\":{\"@id\":\"https:\\\/\\\/www.trend4ward.de\\\/trendblog\\\/#website\"},\"primaryImageOfPage\":{\"@id\":\"https:\\\/\\\/www.trend4ward.de\\\/trendblog\\\/farbtrends-2016-goldocker-grossbuchstaben\\\/#primaryimage\"},\"image\":{\"@id\":\"https:\\\/\\\/www.trend4ward.de\\\/trendblog\\\/farbtrends-2016-goldocker-grossbuchstaben\\\/#primaryimage\"},\"thumbnailUrl\":\"https:\\\/\\\/www.trend4ward.de\\\/trendblog\\\/wp-content\\\/uploads\\\/2015\\\/12\\\/Dulux_CF16_Goldocker_15.jpg\",\"datePublished\":\"2015-12-21T11:51:55+00:00\",\"dateModified\":\"2017-05-19T21:32:04+00:00\",\"description\":\"Auch k\u00fcnftig bleiben die Wandfarben warm \u2013 aber die T\u00f6ne werden subtiler und gedeckter. Ein \u00dcberblick der Farbtrends 2016.\",\"breadcrumb\":{\"@id\":\"https:\\\/\\\/www.trend4ward.de\\\/trendblog\\\/farbtrends-2016-goldocker-grossbuchstaben\\\/#breadcrumb\"},\"inLanguage\":\"de\",\"potentialAction\":[{\"@type\":\"ReadAction\",\"target\":[\"https:\\\/\\\/www.trend4ward.de\\\/trendblog\\\/farbtrends-2016-goldocker-grossbuchstaben\\\/\"]}]},{\"@type\":\"ImageObject\",\"inLanguage\":\"de\",\"@id\":\"https:\\\/\\\/www.trend4ward.de\\\/trendblog\\\/farbtrends-2016-goldocker-grossbuchstaben\\\/#primaryimage\",\"url\":\"https:\\\/\\\/www.trend4ward.de\\\/trendblog\\\/wp-content\\\/uploads\\\/2015\\\/12\\\/Dulux_CF16_Goldocker_15.jpg\",\"contentUrl\":\"https:\\\/\\\/www.trend4ward.de\\\/trendblog\\\/wp-content\\\/uploads\\\/2015\\\/12\\\/Dulux_CF16_Goldocker_15.jpg\",\"width\":1000,\"height\":667,\"caption\":\"Farbtrends 2016 - Goldocker\"},{\"@type\":\"BreadcrumbList\",\"@id\":\"https:\\\/\\\/www.trend4ward.de\\\/trendblog\\\/farbtrends-2016-goldocker-grossbuchstaben\\\/#breadcrumb\",\"itemListElement\":[{\"@type\":\"ListItem\",\"position\":1,\"name\":\"Home\",\"item\":\"https:\\\/\\\/www.trend4ward.de\\\/trendblog\\\/\"},{\"@type\":\"ListItem\",\"position\":2,\"name\":\"Farbtrends 2016: Goldocker, Dunkles, Gro\u00dfbuchstaben und Raster\"}]},{\"@type\":\"WebSite\",\"@id\":\"https:\\\/\\\/www.trend4ward.de\\\/trendblog\\\/#website\",\"url\":\"https:\\\/\\\/www.trend4ward.de\\\/trendblog\\\/\",\"name\":\"trendBlog \u2013 Wohnen, Reisen, Leben und Kultur\",\"description\":\"Portr\u00e4ts, Reportagen, Ratgeber. Seit 2009. Von Evelyn Steinbach.\",\"publisher\":{\"@id\":\"https:\\\/\\\/www.trend4ward.de\\\/trendblog\\\/#\\\/schema\\\/person\\\/c65dd8afd2fda04893d121f31b2a8ea4\"},\"potentialAction\":[{\"@type\":\"SearchAction\",\"target\":{\"@type\":\"EntryPoint\",\"urlTemplate\":\"https:\\\/\\\/www.trend4ward.de\\\/trendblog\\\/?s={search_term_string}\"},\"query-input\":{\"@type\":\"PropertyValueSpecification\",\"valueRequired\":true,\"valueName\":\"search_term_string\"}}],\"inLanguage\":\"de\"},{\"@type\":[\"Person\",\"Organization\"],\"@id\":\"https:\\\/\\\/www.trend4ward.de\\\/trendblog\\\/#\\\/schema\\\/person\\\/c65dd8afd2fda04893d121f31b2a8ea4\",\"name\":\"Evelyn Steinbach\",\"image\":{\"@type\":\"ImageObject\",\"inLanguage\":\"de\",\"@id\":\"https:\\\/\\\/www.trend4ward.de\\\/trendblog\\\/wp-content\\\/uploads\\\/2020\\\/11\\\/cropped-cropped-IMG_6744-e1692617617527.png\",\"url\":\"https:\\\/\\\/www.trend4ward.de\\\/trendblog\\\/wp-content\\\/uploads\\\/2020\\\/11\\\/cropped-cropped-IMG_6744-e1692617617527.png\",\"contentUrl\":\"https:\\\/\\\/www.trend4ward.de\\\/trendblog\\\/wp-content\\\/uploads\\\/2020\\\/11\\\/cropped-cropped-IMG_6744-e1692617617527.png\",\"width\":200,\"height\":183,\"caption\":\"Evelyn Steinbach\"},\"logo\":{\"@id\":\"https:\\\/\\\/www.trend4ward.de\\\/trendblog\\\/wp-content\\\/uploads\\\/2020\\\/11\\\/cropped-cropped-IMG_6744-e1692617617527.png\"},\"sameAs\":[\"http:\\\/\\\/www.trend4ward.de\"],\"url\":\"https:\\\/\\\/www.trend4ward.de\\\/trendblog\\\/author\\\/eve\\\/\"}]}<\/script>\n<!-- \/ Yoast SEO plugin. -->","yoast_head_json":{"title":"Farbtrends 2016: Goldocker, Dunkles, Gro\u00dfbuchstaben und Raster &#8226; trendBlog \u2013 Wohnen, Reisen, Leben und Kultur","description":"Auch k\u00fcnftig bleiben die Wandfarben warm \u2013 aber die T\u00f6ne werden subtiler und gedeckter. Ein \u00dcberblick der Farbtrends 2016.","robots":{"index":"index","follow":"follow","max-snippet":"max-snippet:-1","max-image-preview":"max-image-preview:large","max-video-preview":"max-video-preview:-1"},"canonical":"https:\/\/www.trend4ward.de\/trendblog\/farbtrends-2016-goldocker-grossbuchstaben\/","og_locale":"de_DE","og_type":"article","og_title":"Farbtrends 2016: Goldocker, Dunkles, Gro\u00dfbuchstaben und Raster &#8226; trendBlog \u2013 Wohnen, Reisen, Leben und Kultur","og_description":"Auch k\u00fcnftig bleiben die Wandfarben warm \u2013 aber die T\u00f6ne werden subtiler und gedeckter. Ein \u00dcberblick der Farbtrends 2016.","og_url":"https:\/\/www.trend4ward.de\/trendblog\/farbtrends-2016-goldocker-grossbuchstaben\/","og_site_name":"trendBlog \u2013 Wohnen, Reisen, Leben und Kultur","article_published_time":"2015-12-21T11:51:55+00:00","article_modified_time":"2017-05-19T21:32:04+00:00","og_image":[{"width":1000,"height":667,"url":"https:\/\/www.trend4ward.de\/trendblog\/wp-content\/uploads\/2015\/12\/Dulux_CF16_Goldocker_15.jpg","type":"image\/jpeg"}],"author":"Evelyn Steinbach","twitter_misc":{"Verfasst von":"Evelyn Steinbach","Gesch\u00e4tzte Lesezeit":"3\u00a0Minuten"},"schema":{"@context":"https:\/\/schema.org","@graph":[{"@type":"Article","@id":"https:\/\/www.trend4ward.de\/trendblog\/farbtrends-2016-goldocker-grossbuchstaben\/#article","isPartOf":{"@id":"https:\/\/www.trend4ward.de\/trendblog\/farbtrends-2016-goldocker-grossbuchstaben\/"},"author":{"name":"Evelyn Steinbach","@id":"https:\/\/www.trend4ward.de\/trendblog\/#\/schema\/person\/c65dd8afd2fda04893d121f31b2a8ea4"},"headline":"Farbtrends 2016: Goldocker, Dunkles, Gro\u00dfbuchstaben und Raster","datePublished":"2015-12-21T11:51:55+00:00","dateModified":"2017-05-19T21:32:04+00:00","mainEntityOfPage":{"@id":"https:\/\/www.trend4ward.de\/trendblog\/farbtrends-2016-goldocker-grossbuchstaben\/"},"wordCount":648,"commentCount":0,"publisher":{"@id":"https:\/\/www.trend4ward.de\/trendblog\/#\/schema\/person\/c65dd8afd2fda04893d121f31b2a8ea4"},"image":{"@id":"https:\/\/www.trend4ward.de\/trendblog\/farbtrends-2016-goldocker-grossbuchstaben\/#primaryimage"},"thumbnailUrl":"https:\/\/www.trend4ward.de\/trendblog\/wp-content\/uploads\/2015\/12\/Dulux_CF16_Goldocker_15.jpg","keywords":["Farben &amp; Streichen","Farbtrends","M\u00f6bel"],"articleSection":["Wohnen &amp; Einrichten"],"inLanguage":"de","potentialAction":[{"@type":"CommentAction","name":"Comment","target":["https:\/\/www.trend4ward.de\/trendblog\/farbtrends-2016-goldocker-grossbuchstaben\/#respond"]}]},{"@type":"WebPage","@id":"https:\/\/www.trend4ward.de\/trendblog\/farbtrends-2016-goldocker-grossbuchstaben\/","url":"https:\/\/www.trend4ward.de\/trendblog\/farbtrends-2016-goldocker-grossbuchstaben\/","name":"Farbtrends 2016: Goldocker, Dunkles, Gro\u00dfbuchstaben und Raster &#8226; trendBlog \u2013 Wohnen, Reisen, Leben und Kultur","isPartOf":{"@id":"https:\/\/www.trend4ward.de\/trendblog\/#website"},"primaryImageOfPage":{"@id":"https:\/\/www.trend4ward.de\/trendblog\/farbtrends-2016-goldocker-grossbuchstaben\/#primaryimage"},"image":{"@id":"https:\/\/www.trend4ward.de\/trendblog\/farbtrends-2016-goldocker-grossbuchstaben\/#primaryimage"},"thumbnailUrl":"https:\/\/www.trend4ward.de\/trendblog\/wp-content\/uploads\/2015\/12\/Dulux_CF16_Goldocker_15.jpg","datePublished":"2015-12-21T11:51:55+00:00","dateModified":"2017-05-19T21:32:04+00:00","description":"Auch k\u00fcnftig bleiben die Wandfarben warm \u2013 aber die T\u00f6ne werden subtiler und gedeckter. Ein \u00dcberblick der Farbtrends 2016.","breadcrumb":{"@id":"https:\/\/www.trend4ward.de\/trendblog\/farbtrends-2016-goldocker-grossbuchstaben\/#breadcrumb"},"inLanguage":"de","potentialAction":[{"@type":"ReadAction","target":["https:\/\/www.trend4ward.de\/trendblog\/farbtrends-2016-goldocker-grossbuchstaben\/"]}]},{"@type":"ImageObject","inLanguage":"de","@id":"https:\/\/www.trend4ward.de\/trendblog\/farbtrends-2016-goldocker-grossbuchstaben\/#primaryimage","url":"https:\/\/www.trend4ward.de\/trendblog\/wp-content\/uploads\/2015\/12\/Dulux_CF16_Goldocker_15.jpg","contentUrl":"https:\/\/www.trend4ward.de\/trendblog\/wp-content\/uploads\/2015\/12\/Dulux_CF16_Goldocker_15.jpg","width":1000,"height":667,"caption":"Farbtrends 2016 - Goldocker"},{"@type":"BreadcrumbList","@id":"https:\/\/www.trend4ward.de\/trendblog\/farbtrends-2016-goldocker-grossbuchstaben\/#breadcrumb","itemListElement":[{"@type":"ListItem","position":1,"name":"Home","item":"https:\/\/www.trend4ward.de\/trendblog\/"},{"@type":"ListItem","position":2,"name":"Farbtrends 2016: Goldocker, Dunkles, Gro\u00dfbuchstaben und Raster"}]},{"@type":"WebSite","@id":"https:\/\/www.trend4ward.de\/trendblog\/#website","url":"https:\/\/www.trend4ward.de\/trendblog\/","name":"trendBlog \u2013 Wohnen, Reisen, Leben und Kultur","description":"Portr\u00e4ts, Reportagen, Ratgeber. Seit 2009. Von Evelyn Steinbach.","publisher":{"@id":"https:\/\/www.trend4ward.de\/trendblog\/#\/schema\/person\/c65dd8afd2fda04893d121f31b2a8ea4"},"potentialAction":[{"@type":"SearchAction","target":{"@type":"EntryPoint","urlTemplate":"https:\/\/www.trend4ward.de\/trendblog\/?s={search_term_string}"},"query-input":{"@type":"PropertyValueSpecification","valueRequired":true,"valueName":"search_term_string"}}],"inLanguage":"de"},{"@type":["Person","Organization"],"@id":"https:\/\/www.trend4ward.de\/trendblog\/#\/schema\/person\/c65dd8afd2fda04893d121f31b2a8ea4","name":"Evelyn Steinbach","image":{"@type":"ImageObject","inLanguage":"de","@id":"https:\/\/www.trend4ward.de\/trendblog\/wp-content\/uploads\/2020\/11\/cropped-cropped-IMG_6744-e1692617617527.png","url":"https:\/\/www.trend4ward.de\/trendblog\/wp-content\/uploads\/2020\/11\/cropped-cropped-IMG_6744-e1692617617527.png","contentUrl":"https:\/\/www.trend4ward.de\/trendblog\/wp-content\/uploads\/2020\/11\/cropped-cropped-IMG_6744-e1692617617527.png","width":200,"height":183,"caption":"Evelyn Steinbach"},"logo":{"@id":"https:\/\/www.trend4ward.de\/trendblog\/wp-content\/uploads\/2020\/11\/cropped-cropped-IMG_6744-e1692617617527.png"},"sameAs":["http:\/\/www.trend4ward.de"],"url":"https:\/\/www.trend4ward.de\/trendblog\/author\/eve\/"}]}},"jetpack_featured_media_url":"https:\/\/www.trend4ward.de\/trendblog\/wp-content\/uploads\/2015\/12\/Dulux_CF16_Goldocker_15.jpg","jetpack_sharing_enabled":true,"_links":{"self":[{"href":"https:\/\/www.trend4ward.de\/trendblog\/wp-json\/wp\/v2\/posts\/2087","targetHints":{"allow":["GET"]}}],"collection":[{"href":"https:\/\/www.trend4ward.de\/trendblog\/wp-json\/wp\/v2\/posts"}],"about":[{"href":"https:\/\/www.trend4ward.de\/trendblog\/wp-json\/wp\/v2\/types\/post"}],"author":[{"embeddable":true,"href":"https:\/\/www.trend4ward.de\/trendblog\/wp-json\/wp\/v2\/users\/1"}],"replies":[{"embeddable":true,"href":"https:\/\/www.trend4ward.de\/trendblog\/wp-json\/wp\/v2\/comments?post=2087"}],"version-history":[{"count":7,"href":"https:\/\/www.trend4ward.de\/trendblog\/wp-json\/wp\/v2\/posts\/2087\/revisions"}],"predecessor-version":[{"id":3447,"href":"https:\/\/www.trend4ward.de\/trendblog\/wp-json\/wp\/v2\/posts\/2087\/revisions\/3447"}],"wp:featuredmedia":[{"embeddable":true,"href":"https:\/\/www.trend4ward.de\/trendblog\/wp-json\/wp\/v2\/media\/2160"}],"wp:attachment":[{"href":"https:\/\/www.trend4ward.de\/trendblog\/wp-json\/wp\/v2\/media?parent=2087"}],"wp:term":[{"taxonomy":"category","embeddable":true,"href":"https:\/\/www.trend4ward.de\/trendblog\/wp-json\/wp\/v2\/categories?post=2087"},{"taxonomy":"post_tag","embeddable":true,"href":"https:\/\/www.trend4ward.de\/trendblog\/wp-json\/wp\/v2\/tags?post=2087"}],"curies":[{"name":"wp","href":"https:\/\/api.w.org\/{rel}","templated":true}]}}