{"id":2293,"date":"2026-03-01T07:00:18","date_gmt":"2026-03-01T06:00:18","guid":{"rendered":"https:\/\/www.trend4ward.de\/trendblog\/?p=2293"},"modified":"2026-03-17T12:09:35","modified_gmt":"2026-03-17T11:09:35","slug":"wird-der-balkon-fit-fuers-fruehjahr","status":"publish","type":"post","link":"https:\/\/www.trend4ward.de\/trendblog\/wird-der-balkon-fit-fuers-fruehjahr\/","title":{"rendered":"So wird der Balkon fit f\u00fcrs Fr\u00fchjahr"},"content":{"rendered":"<p><strong>Im Fr\u00fchling ist die Sonne oft schon so warm, dass man drau\u00dfen sitzen kann. H\u00f6chste Zeit, sich um Balkon und Terrasse zu k\u00fcmmern.<\/strong><br \/>\n<!--more--><\/p>\n<p>Die Temperaturen steigen sp\u00fcrbar nach oben. Doch bevor man diese auf Balkon und Terrasse genie\u00dfen kann, steht der Fr\u00fchjahrsputz an.<\/p>\n<h2>Balkonboden mit Hochdruck reinigen<\/h2>\n<p>Als erstes ist die S\u00e4uberung des Bodenbelags dran. Verschmutzte Holzb\u00f6den reinigt man schnell mit einer warmen Seifenlauge. Eine anschlie\u00dfende \u00d6l- oder Wachspflege bringt die Paneele wieder zum Gl\u00e4nzen. Gegen vermooste oder mit Algen befallene Steinplatten helfen Zitronens\u00e4ure und Essig. Zum Schrubben am besten geeignet sind Besen, Handb\u00fcrsten oder spezielle Hochdruckreiniger. Solch ein Ger\u00e4t kann in vielen Baum\u00e4rkten ausgeliehen werden.<\/p>\n<p>&nbsp;<\/p>\n<figure id=\"attachment_2327\" aria-describedby=\"caption-attachment-2327\" style=\"width: 300px\" class=\"wp-caption aligncenter\"><a href=\"https:\/\/www.trend4ward.de\/trendblog\/wp-content\/uploads\/2016\/03\/K_2_200_Balcony_Cleaner2B1.jpg\" rel=\"attachment wp-att-2327\"><img loading=\"lazy\" decoding=\"async\" class=\"wp-image-2327\" src=\"https:\/\/www.trend4ward.de\/trendblog\/wp-content\/uploads\/2016\/03\/K_2_200_Balcony_Cleaner2B1-683x1024.jpg\" alt=\"Foto: K\u00e4rcher\" width=\"300\" height=\"450\" srcset=\"https:\/\/www.trend4ward.de\/trendblog\/wp-content\/uploads\/2016\/03\/K_2_200_Balcony_Cleaner2B1-683x1024.jpg 683w, https:\/\/www.trend4ward.de\/trendblog\/wp-content\/uploads\/2016\/03\/K_2_200_Balcony_Cleaner2B1-200x300.jpg 200w, https:\/\/www.trend4ward.de\/trendblog\/wp-content\/uploads\/2016\/03\/K_2_200_Balcony_Cleaner2B1-768x1152.jpg 768w, https:\/\/www.trend4ward.de\/trendblog\/wp-content\/uploads\/2016\/03\/K_2_200_Balcony_Cleaner2B1-40x60.jpg 40w, https:\/\/www.trend4ward.de\/trendblog\/wp-content\/uploads\/2016\/03\/K_2_200_Balcony_Cleaner2B1.jpg 1000w\" sizes=\"auto, (max-width: 300px) 100vw, 300px\" \/><\/a><figcaption id=\"caption-attachment-2327\" class=\"wp-caption-text\">Foto: K\u00e4rcher<\/figcaption><\/figure>\n<h2>Frischekur f\u00fcr Gartenm\u00f6bel<\/h2>\n<p>Auch Gartenm\u00f6bel, die drau\u00dfen \u00fcberwintert haben, verlangen nach Pflege. Tische, St\u00fchle und Liegen aus Kunststoff werden mit fettl\u00f6slichen Allzweckreinigern abgewaschen, bei hartn\u00e4ckigen Verschmutzungen kann der Hochdruckreiniger nachhelfen. Vergrauungen und Gr\u00fcnschleier auf Teakm\u00f6beln und anderen Harth\u00f6lzern beseitigt man mit Zitronens\u00e4ure und Essig. Dazu mit einer Wurzelb\u00fcrste immer in Richtung der Maserung arbeiten. Ist der Befall weiter fortgeschritten, sollten die betroffenen Stellen bis auf das gesunde Holz abgeschliffen werden. Anschlie\u00dfend das M\u00f6bel mit Teak\u00f6l streichen. Bei lackierten Holzoberfl\u00e4chen muss der Lack ganz ab, damit der Neuanstrich h\u00e4lt und nicht unregelm\u00e4\u00dfig wirkt. Danach das Holz grundieren und einen wetterfesten Acryllack auftragen.<\/p>\n<p>&nbsp;<\/p>\n<h2>Roststellen am Metall entfernen<\/h2>\n<p>Auch M\u00f6bel und Balkongitter aus Metall sind der Witterung ausgesetzt. Rostflecken, Schmutz und absplitternde Farben werden am besten mit einer Drahtb\u00fcrste entfernt. Die Metalloberfl\u00e4che danach schleifen und mit Wasser oder einem Metallreiniger s\u00e4ubern. F\u00fcr dauerhaften Schutz sorgen eine Grundierung mit Rostschutz sowie ein Anstrich mit Metallschutzlack.<\/p>\n<p>&nbsp;<\/p>\n<h2>Sitzpolster und Sonnenschirme nicht vergessen<\/h2>\n<p>Je nach Gr\u00f6\u00dfe der Polsterauflagen und Sitzkissen k\u00f6nnen diese in der Waschmaschine gewaschen werden. Stoffe von Sonnenschirmen werden abgeb\u00fcrstet, bei schweren Verschmutzungen etwas Sp\u00fclmittel und Wasser dazu nehmen. Den Schirm mit klarem Wasser absp\u00fclen und aufgespannt an der frischen Luft trocknen lassen.<\/p>\n<p>&nbsp;<\/p>\n<figure id=\"attachment_1622\" aria-describedby=\"caption-attachment-1622\" style=\"width: 300px\" class=\"wp-caption aligncenter\"><a href=\"https:\/\/www.trend4ward.de\/trendblog\/wp-content\/uploads\/2014\/05\/download_3645.jpg\" rel=\"attachment wp-att-1622\"><img loading=\"lazy\" decoding=\"async\" class=\"wp-image-1622 size-medium\" src=\"https:\/\/www.trend4ward.de\/trendblog\/wp-content\/uploads\/2014\/05\/download_3645-300x200.jpg\" alt=\"Foto: Pdl\" width=\"300\" height=\"200\" srcset=\"https:\/\/www.trend4ward.de\/trendblog\/wp-content\/uploads\/2014\/05\/download_3645-300x200.jpg 300w, https:\/\/www.trend4ward.de\/trendblog\/wp-content\/uploads\/2014\/05\/download_3645-1024x683.jpg 1024w, https:\/\/www.trend4ward.de\/trendblog\/wp-content\/uploads\/2014\/05\/download_3645-90x60.jpg 90w\" sizes=\"auto, (max-width: 300px) 100vw, 300px\" \/><\/a><figcaption id=\"caption-attachment-1622\" class=\"wp-caption-text\">Foto: BGL<\/figcaption><\/figure>\n<h2>Die beste Zeit zum Umtopfen<\/h2>\n<p>Sobald der Schmutz entfernt ist, k\u00f6nnen die Pflanzen das Winterquartier verlassen und einen hellen Platz auf dem Balkon einnehmen. Geranien, Fuchsien und andere K\u00fcbelpflanzen sollten zur\u00fcckgeschnitten werden, damit sich ihre Triebe wieder voll entfalten k\u00f6nnen. Dazu geh\u00f6rt auch das Umtopfen in frische Blumenerde.<\/p>\n<p>&nbsp;<\/p>\n<figure id=\"attachment_650\" aria-describedby=\"caption-attachment-650\" style=\"width: 300px\" class=\"wp-caption aligncenter\"><a href=\"https:\/\/www.trend4ward.de\/trendblog\/wp-content\/uploads\/2014\/05\/download_935.jpg\" rel=\"attachment wp-att-650\"><img loading=\"lazy\" decoding=\"async\" class=\"size-medium wp-image-650\" src=\"https:\/\/www.trend4ward.de\/trendblog\/wp-content\/uploads\/2014\/05\/download_935-300x300.jpg\" alt=\"Foto: BGL\" width=\"300\" height=\"300\" srcset=\"https:\/\/www.trend4ward.de\/trendblog\/wp-content\/uploads\/2014\/05\/download_935-300x300.jpg 300w, https:\/\/www.trend4ward.de\/trendblog\/wp-content\/uploads\/2014\/05\/download_935-150x150.jpg 150w, https:\/\/www.trend4ward.de\/trendblog\/wp-content\/uploads\/2014\/05\/download_935-1024x1024.jpg 1024w, https:\/\/www.trend4ward.de\/trendblog\/wp-content\/uploads\/2014\/05\/download_935.jpg 2008w\" sizes=\"auto, (max-width: 300px) 100vw, 300px\" \/><\/a><figcaption id=\"caption-attachment-650\" class=\"wp-caption-text\">Foto: BGL<\/figcaption><\/figure>\n<h3>Den Fr\u00fchling pflanzen<\/h3>\n<p>Bis die K\u00fcbelpflanzen wieder bl\u00fchen, dauert es aber noch. Wer nicht warten m\u00f6chte, pflanzt vorgetriebene Fr\u00fchbl\u00fcher. Im Balkonkasten gedeihen derzeit Primeln, Stiefm\u00fctterchen, Hyazinthen, Vergissmeinnicht, Krokusse und Narzissen.<\/p>\n<p>&nbsp;<\/p>\n","protected":false},"excerpt":{"rendered":"<p>Im M\u00e4rz ist die Sonne oft schon so warm, dass man drau\u00dfen sitzen kann. H\u00f6chste Zeit, sich um Balkon und Terrasse zu k\u00fcmmern.<\/p>\n","protected":false},"author":1,"featured_media":2527,"comment_status":"open","ping_status":"open","sticky":false,"template":"","format":"standard","meta":{"om_disable_all_campaigns":false,"_monsterinsights_skip_tracking":false,"_monsterinsights_sitenote_active":false,"_monsterinsights_sitenote_note":"","_monsterinsights_sitenote_category":0,"_uf_show_specific_survey":0,"_uf_disable_surveys":false,"neve_meta_sidebar":"right","neve_meta_container":"","neve_meta_enable_content_width":"off","neve_meta_content_width":70,"neve_meta_title_alignment":"","neve_meta_author_avatar":"","neve_post_elements_order":"","neve_meta_disable_header":"","neve_meta_disable_footer":"","neve_meta_disable_title":"","ngg_post_thumbnail":0,"_jetpack_memberships_contains_paid_content":false,"footnotes":""},"categories":[68],"tags":[51,48],"class_list":["post-2293","post","type-post","status-publish","format-standard","has-post-thumbnail","hentry","category-garten","tag-balkon","tag-moebel"],"yoast_head":"<!-- This site is optimized with the Yoast SEO plugin v27.4 - https:\/\/yoast.com\/product\/yoast-seo-wordpress\/ -->\n<title>So wird der Balkon fit f\u00fcrs Fr\u00fchjahr &#8226; trendBlog \u2013 Wohnen, Reisen, Leben und Kultur<\/title>\n<meta name=\"description\" content=\"Im M\u00e4rz ist die Sonne oft schon so warm, dass man drau\u00dfen sitzen kann. H\u00f6chste Zeit, sich um Balkon und Terrasse zu k\u00fcmmern.\" \/>\n<meta name=\"robots\" content=\"index, follow, max-snippet:-1, max-image-preview:large, max-video-preview:-1\" \/>\n<link rel=\"canonical\" href=\"https:\/\/www.trend4ward.de\/trendblog\/wird-der-balkon-fit-fuers-fruehjahr\/\" \/>\n<meta property=\"og:locale\" content=\"de_DE\" \/>\n<meta property=\"og:type\" content=\"article\" \/>\n<meta property=\"og:title\" content=\"So wird der Balkon fit f\u00fcrs Fr\u00fchjahr &#8226; trendBlog \u2013 Wohnen, Reisen, Leben und Kultur\" \/>\n<meta property=\"og:description\" content=\"Im M\u00e4rz ist die Sonne oft schon so warm, dass man drau\u00dfen sitzen kann. H\u00f6chste Zeit, sich um Balkon und Terrasse zu k\u00fcmmern.\" \/>\n<meta property=\"og:url\" content=\"https:\/\/www.trend4ward.de\/trendblog\/wird-der-balkon-fit-fuers-fruehjahr\/\" \/>\n<meta property=\"og:site_name\" content=\"trendBlog \u2013 Wohnen, Reisen, Leben und Kultur\" \/>\n<meta property=\"article:published_time\" content=\"2026-03-01T06:00:18+00:00\" \/>\n<meta property=\"article:modified_time\" content=\"2026-03-17T11:09:35+00:00\" \/>\n<meta property=\"og:image\" content=\"https:\/\/www.trend4ward.de\/trendblog\/wp-content\/uploads\/2016\/03\/K_4_800_eco_Anw_5.jpg\" \/>\n\t<meta property=\"og:image:width\" content=\"1200\" \/>\n\t<meta property=\"og:image:height\" content=\"858\" \/>\n\t<meta property=\"og:image:type\" content=\"image\/jpeg\" \/>\n<meta name=\"author\" content=\"Evelyn Steinbach\" \/>\n<meta name=\"twitter:label1\" content=\"Verfasst von\" \/>\n\t<meta name=\"twitter:data1\" content=\"Evelyn Steinbach\" \/>\n\t<meta name=\"twitter:label2\" content=\"Gesch\u00e4tzte Lesezeit\" \/>\n\t<meta name=\"twitter:data2\" content=\"4\u00a0Minuten\" \/>\n<script type=\"application\/ld+json\" class=\"yoast-schema-graph\">{\"@context\":\"https:\\\/\\\/schema.org\",\"@graph\":[{\"@type\":\"Article\",\"@id\":\"https:\\\/\\\/www.trend4ward.de\\\/trendblog\\\/wird-der-balkon-fit-fuers-fruehjahr\\\/#article\",\"isPartOf\":{\"@id\":\"https:\\\/\\\/www.trend4ward.de\\\/trendblog\\\/wird-der-balkon-fit-fuers-fruehjahr\\\/\"},\"author\":{\"name\":\"Evelyn Steinbach\",\"@id\":\"https:\\\/\\\/www.trend4ward.de\\\/trendblog\\\/#\\\/schema\\\/person\\\/c65dd8afd2fda04893d121f31b2a8ea4\"},\"headline\":\"So wird der Balkon fit f\u00fcrs Fr\u00fchjahr\",\"datePublished\":\"2026-03-01T06:00:18+00:00\",\"dateModified\":\"2026-03-17T11:09:35+00:00\",\"mainEntityOfPage\":{\"@id\":\"https:\\\/\\\/www.trend4ward.de\\\/trendblog\\\/wird-der-balkon-fit-fuers-fruehjahr\\\/\"},\"wordCount\":480,\"commentCount\":0,\"publisher\":{\"@id\":\"https:\\\/\\\/www.trend4ward.de\\\/trendblog\\\/#\\\/schema\\\/person\\\/c65dd8afd2fda04893d121f31b2a8ea4\"},\"image\":{\"@id\":\"https:\\\/\\\/www.trend4ward.de\\\/trendblog\\\/wird-der-balkon-fit-fuers-fruehjahr\\\/#primaryimage\"},\"thumbnailUrl\":\"https:\\\/\\\/www.trend4ward.de\\\/trendblog\\\/wp-content\\\/uploads\\\/2016\\\/03\\\/K_4_800_eco_Anw_5.jpg\",\"keywords\":[\"Balkon\",\"M\u00f6bel\"],\"articleSection\":[\"Balkon &amp; Garten\"],\"inLanguage\":\"de\",\"potentialAction\":[{\"@type\":\"CommentAction\",\"name\":\"Comment\",\"target\":[\"https:\\\/\\\/www.trend4ward.de\\\/trendblog\\\/wird-der-balkon-fit-fuers-fruehjahr\\\/#respond\"]}]},{\"@type\":\"WebPage\",\"@id\":\"https:\\\/\\\/www.trend4ward.de\\\/trendblog\\\/wird-der-balkon-fit-fuers-fruehjahr\\\/\",\"url\":\"https:\\\/\\\/www.trend4ward.de\\\/trendblog\\\/wird-der-balkon-fit-fuers-fruehjahr\\\/\",\"name\":\"So wird der Balkon fit f\u00fcrs Fr\u00fchjahr &#8226; trendBlog \u2013 Wohnen, Reisen, Leben und Kultur\",\"isPartOf\":{\"@id\":\"https:\\\/\\\/www.trend4ward.de\\\/trendblog\\\/#website\"},\"primaryImageOfPage\":{\"@id\":\"https:\\\/\\\/www.trend4ward.de\\\/trendblog\\\/wird-der-balkon-fit-fuers-fruehjahr\\\/#primaryimage\"},\"image\":{\"@id\":\"https:\\\/\\\/www.trend4ward.de\\\/trendblog\\\/wird-der-balkon-fit-fuers-fruehjahr\\\/#primaryimage\"},\"thumbnailUrl\":\"https:\\\/\\\/www.trend4ward.de\\\/trendblog\\\/wp-content\\\/uploads\\\/2016\\\/03\\\/K_4_800_eco_Anw_5.jpg\",\"datePublished\":\"2026-03-01T06:00:18+00:00\",\"dateModified\":\"2026-03-17T11:09:35+00:00\",\"description\":\"Im M\u00e4rz ist die Sonne oft schon so warm, dass man drau\u00dfen sitzen kann. H\u00f6chste Zeit, sich um Balkon und Terrasse zu k\u00fcmmern.\",\"breadcrumb\":{\"@id\":\"https:\\\/\\\/www.trend4ward.de\\\/trendblog\\\/wird-der-balkon-fit-fuers-fruehjahr\\\/#breadcrumb\"},\"inLanguage\":\"de\",\"potentialAction\":[{\"@type\":\"ReadAction\",\"target\":[\"https:\\\/\\\/www.trend4ward.de\\\/trendblog\\\/wird-der-balkon-fit-fuers-fruehjahr\\\/\"]}]},{\"@type\":\"ImageObject\",\"inLanguage\":\"de\",\"@id\":\"https:\\\/\\\/www.trend4ward.de\\\/trendblog\\\/wird-der-balkon-fit-fuers-fruehjahr\\\/#primaryimage\",\"url\":\"https:\\\/\\\/www.trend4ward.de\\\/trendblog\\\/wp-content\\\/uploads\\\/2016\\\/03\\\/K_4_800_eco_Anw_5.jpg\",\"contentUrl\":\"https:\\\/\\\/www.trend4ward.de\\\/trendblog\\\/wp-content\\\/uploads\\\/2016\\\/03\\\/K_4_800_eco_Anw_5.jpg\",\"width\":1200,\"height\":858,\"caption\":\"Foto: K\u00e4rcher\"},{\"@type\":\"BreadcrumbList\",\"@id\":\"https:\\\/\\\/www.trend4ward.de\\\/trendblog\\\/wird-der-balkon-fit-fuers-fruehjahr\\\/#breadcrumb\",\"itemListElement\":[{\"@type\":\"ListItem\",\"position\":1,\"name\":\"Home\",\"item\":\"https:\\\/\\\/www.trend4ward.de\\\/trendblog\\\/\"},{\"@type\":\"ListItem\",\"position\":2,\"name\":\"So wird der Balkon fit f\u00fcrs Fr\u00fchjahr\"}]},{\"@type\":\"WebSite\",\"@id\":\"https:\\\/\\\/www.trend4ward.de\\\/trendblog\\\/#website\",\"url\":\"https:\\\/\\\/www.trend4ward.de\\\/trendblog\\\/\",\"name\":\"trendBlog \u2013 Wohnen, Reisen, Leben und Kultur\",\"description\":\"Portr\u00e4ts, Reportagen, Ratgeber. Seit 2009. Von Evelyn Steinbach.\",\"publisher\":{\"@id\":\"https:\\\/\\\/www.trend4ward.de\\\/trendblog\\\/#\\\/schema\\\/person\\\/c65dd8afd2fda04893d121f31b2a8ea4\"},\"potentialAction\":[{\"@type\":\"SearchAction\",\"target\":{\"@type\":\"EntryPoint\",\"urlTemplate\":\"https:\\\/\\\/www.trend4ward.de\\\/trendblog\\\/?s={search_term_string}\"},\"query-input\":{\"@type\":\"PropertyValueSpecification\",\"valueRequired\":true,\"valueName\":\"search_term_string\"}}],\"inLanguage\":\"de\"},{\"@type\":[\"Person\",\"Organization\"],\"@id\":\"https:\\\/\\\/www.trend4ward.de\\\/trendblog\\\/#\\\/schema\\\/person\\\/c65dd8afd2fda04893d121f31b2a8ea4\",\"name\":\"Evelyn Steinbach\",\"image\":{\"@type\":\"ImageObject\",\"inLanguage\":\"de\",\"@id\":\"https:\\\/\\\/www.trend4ward.de\\\/trendblog\\\/wp-content\\\/uploads\\\/2020\\\/11\\\/cropped-cropped-IMG_6744-e1692617617527.png\",\"url\":\"https:\\\/\\\/www.trend4ward.de\\\/trendblog\\\/wp-content\\\/uploads\\\/2020\\\/11\\\/cropped-cropped-IMG_6744-e1692617617527.png\",\"contentUrl\":\"https:\\\/\\\/www.trend4ward.de\\\/trendblog\\\/wp-content\\\/uploads\\\/2020\\\/11\\\/cropped-cropped-IMG_6744-e1692617617527.png\",\"width\":200,\"height\":183,\"caption\":\"Evelyn Steinbach\"},\"logo\":{\"@id\":\"https:\\\/\\\/www.trend4ward.de\\\/trendblog\\\/wp-content\\\/uploads\\\/2020\\\/11\\\/cropped-cropped-IMG_6744-e1692617617527.png\"},\"sameAs\":[\"http:\\\/\\\/www.trend4ward.de\"],\"url\":\"https:\\\/\\\/www.trend4ward.de\\\/trendblog\\\/author\\\/eve\\\/\"}]}<\/script>\n<!-- \/ Yoast SEO plugin. -->","yoast_head_json":{"title":"So wird der Balkon fit f\u00fcrs Fr\u00fchjahr &#8226; trendBlog \u2013 Wohnen, Reisen, Leben und Kultur","description":"Im M\u00e4rz ist die Sonne oft schon so warm, dass man drau\u00dfen sitzen kann. H\u00f6chste Zeit, sich um Balkon und Terrasse zu k\u00fcmmern.","robots":{"index":"index","follow":"follow","max-snippet":"max-snippet:-1","max-image-preview":"max-image-preview:large","max-video-preview":"max-video-preview:-1"},"canonical":"https:\/\/www.trend4ward.de\/trendblog\/wird-der-balkon-fit-fuers-fruehjahr\/","og_locale":"de_DE","og_type":"article","og_title":"So wird der Balkon fit f\u00fcrs Fr\u00fchjahr &#8226; trendBlog \u2013 Wohnen, Reisen, Leben und Kultur","og_description":"Im M\u00e4rz ist die Sonne oft schon so warm, dass man drau\u00dfen sitzen kann. H\u00f6chste Zeit, sich um Balkon und Terrasse zu k\u00fcmmern.","og_url":"https:\/\/www.trend4ward.de\/trendblog\/wird-der-balkon-fit-fuers-fruehjahr\/","og_site_name":"trendBlog \u2013 Wohnen, Reisen, Leben und Kultur","article_published_time":"2026-03-01T06:00:18+00:00","article_modified_time":"2026-03-17T11:09:35+00:00","og_image":[{"width":1200,"height":858,"url":"https:\/\/www.trend4ward.de\/trendblog\/wp-content\/uploads\/2016\/03\/K_4_800_eco_Anw_5.jpg","type":"image\/jpeg"}],"author":"Evelyn Steinbach","twitter_misc":{"Verfasst von":"Evelyn Steinbach","Gesch\u00e4tzte Lesezeit":"4\u00a0Minuten"},"schema":{"@context":"https:\/\/schema.org","@graph":[{"@type":"Article","@id":"https:\/\/www.trend4ward.de\/trendblog\/wird-der-balkon-fit-fuers-fruehjahr\/#article","isPartOf":{"@id":"https:\/\/www.trend4ward.de\/trendblog\/wird-der-balkon-fit-fuers-fruehjahr\/"},"author":{"name":"Evelyn Steinbach","@id":"https:\/\/www.trend4ward.de\/trendblog\/#\/schema\/person\/c65dd8afd2fda04893d121f31b2a8ea4"},"headline":"So wird der Balkon fit f\u00fcrs Fr\u00fchjahr","datePublished":"2026-03-01T06:00:18+00:00","dateModified":"2026-03-17T11:09:35+00:00","mainEntityOfPage":{"@id":"https:\/\/www.trend4ward.de\/trendblog\/wird-der-balkon-fit-fuers-fruehjahr\/"},"wordCount":480,"commentCount":0,"publisher":{"@id":"https:\/\/www.trend4ward.de\/trendblog\/#\/schema\/person\/c65dd8afd2fda04893d121f31b2a8ea4"},"image":{"@id":"https:\/\/www.trend4ward.de\/trendblog\/wird-der-balkon-fit-fuers-fruehjahr\/#primaryimage"},"thumbnailUrl":"https:\/\/www.trend4ward.de\/trendblog\/wp-content\/uploads\/2016\/03\/K_4_800_eco_Anw_5.jpg","keywords":["Balkon","M\u00f6bel"],"articleSection":["Balkon &amp; Garten"],"inLanguage":"de","potentialAction":[{"@type":"CommentAction","name":"Comment","target":["https:\/\/www.trend4ward.de\/trendblog\/wird-der-balkon-fit-fuers-fruehjahr\/#respond"]}]},{"@type":"WebPage","@id":"https:\/\/www.trend4ward.de\/trendblog\/wird-der-balkon-fit-fuers-fruehjahr\/","url":"https:\/\/www.trend4ward.de\/trendblog\/wird-der-balkon-fit-fuers-fruehjahr\/","name":"So wird der Balkon fit f\u00fcrs Fr\u00fchjahr &#8226; trendBlog \u2013 Wohnen, Reisen, Leben und Kultur","isPartOf":{"@id":"https:\/\/www.trend4ward.de\/trendblog\/#website"},"primaryImageOfPage":{"@id":"https:\/\/www.trend4ward.de\/trendblog\/wird-der-balkon-fit-fuers-fruehjahr\/#primaryimage"},"image":{"@id":"https:\/\/www.trend4ward.de\/trendblog\/wird-der-balkon-fit-fuers-fruehjahr\/#primaryimage"},"thumbnailUrl":"https:\/\/www.trend4ward.de\/trendblog\/wp-content\/uploads\/2016\/03\/K_4_800_eco_Anw_5.jpg","datePublished":"2026-03-01T06:00:18+00:00","dateModified":"2026-03-17T11:09:35+00:00","description":"Im M\u00e4rz ist die Sonne oft schon so warm, dass man drau\u00dfen sitzen kann. H\u00f6chste Zeit, sich um Balkon und Terrasse zu k\u00fcmmern.","breadcrumb":{"@id":"https:\/\/www.trend4ward.de\/trendblog\/wird-der-balkon-fit-fuers-fruehjahr\/#breadcrumb"},"inLanguage":"de","potentialAction":[{"@type":"ReadAction","target":["https:\/\/www.trend4ward.de\/trendblog\/wird-der-balkon-fit-fuers-fruehjahr\/"]}]},{"@type":"ImageObject","inLanguage":"de","@id":"https:\/\/www.trend4ward.de\/trendblog\/wird-der-balkon-fit-fuers-fruehjahr\/#primaryimage","url":"https:\/\/www.trend4ward.de\/trendblog\/wp-content\/uploads\/2016\/03\/K_4_800_eco_Anw_5.jpg","contentUrl":"https:\/\/www.trend4ward.de\/trendblog\/wp-content\/uploads\/2016\/03\/K_4_800_eco_Anw_5.jpg","width":1200,"height":858,"caption":"Foto: K\u00e4rcher"},{"@type":"BreadcrumbList","@id":"https:\/\/www.trend4ward.de\/trendblog\/wird-der-balkon-fit-fuers-fruehjahr\/#breadcrumb","itemListElement":[{"@type":"ListItem","position":1,"name":"Home","item":"https:\/\/www.trend4ward.de\/trendblog\/"},{"@type":"ListItem","position":2,"name":"So wird der Balkon fit f\u00fcrs Fr\u00fchjahr"}]},{"@type":"WebSite","@id":"https:\/\/www.trend4ward.de\/trendblog\/#website","url":"https:\/\/www.trend4ward.de\/trendblog\/","name":"trendBlog \u2013 Wohnen, Reisen, Leben und Kultur","description":"Portr\u00e4ts, Reportagen, Ratgeber. Seit 2009. Von Evelyn Steinbach.","publisher":{"@id":"https:\/\/www.trend4ward.de\/trendblog\/#\/schema\/person\/c65dd8afd2fda04893d121f31b2a8ea4"},"potentialAction":[{"@type":"SearchAction","target":{"@type":"EntryPoint","urlTemplate":"https:\/\/www.trend4ward.de\/trendblog\/?s={search_term_string}"},"query-input":{"@type":"PropertyValueSpecification","valueRequired":true,"valueName":"search_term_string"}}],"inLanguage":"de"},{"@type":["Person","Organization"],"@id":"https:\/\/www.trend4ward.de\/trendblog\/#\/schema\/person\/c65dd8afd2fda04893d121f31b2a8ea4","name":"Evelyn Steinbach","image":{"@type":"ImageObject","inLanguage":"de","@id":"https:\/\/www.trend4ward.de\/trendblog\/wp-content\/uploads\/2020\/11\/cropped-cropped-IMG_6744-e1692617617527.png","url":"https:\/\/www.trend4ward.de\/trendblog\/wp-content\/uploads\/2020\/11\/cropped-cropped-IMG_6744-e1692617617527.png","contentUrl":"https:\/\/www.trend4ward.de\/trendblog\/wp-content\/uploads\/2020\/11\/cropped-cropped-IMG_6744-e1692617617527.png","width":200,"height":183,"caption":"Evelyn Steinbach"},"logo":{"@id":"https:\/\/www.trend4ward.de\/trendblog\/wp-content\/uploads\/2020\/11\/cropped-cropped-IMG_6744-e1692617617527.png"},"sameAs":["http:\/\/www.trend4ward.de"],"url":"https:\/\/www.trend4ward.de\/trendblog\/author\/eve\/"}]}},"jetpack_featured_media_url":"https:\/\/www.trend4ward.de\/trendblog\/wp-content\/uploads\/2016\/03\/K_4_800_eco_Anw_5.jpg","jetpack_sharing_enabled":true,"_links":{"self":[{"href":"https:\/\/www.trend4ward.de\/trendblog\/wp-json\/wp\/v2\/posts\/2293","targetHints":{"allow":["GET"]}}],"collection":[{"href":"https:\/\/www.trend4ward.de\/trendblog\/wp-json\/wp\/v2\/posts"}],"about":[{"href":"https:\/\/www.trend4ward.de\/trendblog\/wp-json\/wp\/v2\/types\/post"}],"author":[{"embeddable":true,"href":"https:\/\/www.trend4ward.de\/trendblog\/wp-json\/wp\/v2\/users\/1"}],"replies":[{"embeddable":true,"href":"https:\/\/www.trend4ward.de\/trendblog\/wp-json\/wp\/v2\/comments?post=2293"}],"version-history":[{"count":17,"href":"https:\/\/www.trend4ward.de\/trendblog\/wp-json\/wp\/v2\/posts\/2293\/revisions"}],"predecessor-version":[{"id":6431,"href":"https:\/\/www.trend4ward.de\/trendblog\/wp-json\/wp\/v2\/posts\/2293\/revisions\/6431"}],"wp:featuredmedia":[{"embeddable":true,"href":"https:\/\/www.trend4ward.de\/trendblog\/wp-json\/wp\/v2\/media\/2527"}],"wp:attachment":[{"href":"https:\/\/www.trend4ward.de\/trendblog\/wp-json\/wp\/v2\/media?parent=2293"}],"wp:term":[{"taxonomy":"category","embeddable":true,"href":"https:\/\/www.trend4ward.de\/trendblog\/wp-json\/wp\/v2\/categories?post=2293"},{"taxonomy":"post_tag","embeddable":true,"href":"https:\/\/www.trend4ward.de\/trendblog\/wp-json\/wp\/v2\/tags?post=2293"}],"curies":[{"name":"wp","href":"https:\/\/api.w.org\/{rel}","templated":true}]}}