{"id":2828,"date":"2016-07-29T14:52:38","date_gmt":"2016-07-29T12:52:38","guid":{"rendered":"https:\/\/www.trend4ward.de\/trendblog\/?p=2828"},"modified":"2019-05-06T16:34:39","modified_gmt":"2019-05-06T14:34:39","slug":"italien-parma-feiert-anfang-september-den-schinken","status":"publish","type":"post","link":"https:\/\/www.trend4ward.de\/trendblog\/italien-parma-feiert-anfang-september-den-schinken\/","title":{"rendered":"Italien: Parma feiert seinen beliebten Schinken"},"content":{"rendered":"<div>\n<p><strong>Das Prosciutto-Festival in Parma findet dieses Jahr am 1. bis 4. September statt. Hier dreht sich alles rund um den ber\u00fchmtesten aller italienischer Schinken, den Parma-Schinken. Auf dem Programm stehen mehrt\u00e4gige Degustationen, kulturelle und kulinarische Veranstaltungen sowie Sport- und Musikevents f\u00fcr Kinder&nbsp;und Erwachsene.<\/strong><\/p>\n<p><!--more--><\/p>\n<figure id=\"attachment_2829\" aria-describedby=\"caption-attachment-2829\" style=\"width: 300px\" class=\"wp-caption alignright\"><a href=\"https:\/\/www.trend4ward.de\/trendblog\/wp-content\/uploads\/2016\/07\/Schinken_Trend4ward.jpg\"><img loading=\"lazy\" decoding=\"async\" class=\"wp-image-2829 size-medium\" src=\"https:\/\/www.trend4ward.de\/trendblog\/wp-content\/uploads\/2016\/07\/Schinken_Trend4ward-300x200.jpg\" alt=\"Parma aus Italien\" width=\"300\" height=\"200\" srcset=\"https:\/\/www.trend4ward.de\/trendblog\/wp-content\/uploads\/2016\/07\/Schinken_Trend4ward-300x200.jpg 300w, https:\/\/www.trend4ward.de\/trendblog\/wp-content\/uploads\/2016\/07\/Schinken_Trend4ward-90x60.jpg 90w, https:\/\/www.trend4ward.de\/trendblog\/wp-content\/uploads\/2016\/07\/Schinken_Trend4ward.jpg 400w\" sizes=\"auto, (max-width: 300px) 100vw, 300px\" \/><\/a><figcaption id=\"caption-attachment-2829\" class=\"wp-caption-text\">Foto: Rainer Sturm \/ Pixelio<\/figcaption><\/figure>\n<p>Viele Museen und andere kulturelle Einrichtungen \u00f6ffnen w\u00e4hrend des Festivals ihre Pforten \u00fcber die \u00fcblichen \u00d6ffnungszeiten hinaus. &nbsp;Bei Besuchen der Produktionsst\u00e4tten erh\u00e4lt man dar\u00fcber hinaus einen interessanten Einblick, wie der ber\u00fchmte Schinken hergestellt wird. Im Parmaschinken-Museum in der 15 Kilometer entfernten Kleinstadt Langhirano erwarten die Besucher neben einer Ausstellung zur Produktion und Geschichte regionaler Schinken- und Wurstspezialit\u00e4ten auch schmackhafte Verkostungen. Echten Parmaschinken erkennt man \u00fcbrigens an einem Stempel auf der Schwarte, der die f\u00fcnfzackige Krone des Herzogtums Parma darstellt. Au\u00dferdem ist er mit dem DOP Siegel versehen (Siegel mit gesch\u00fctzter Herkunftsbezeichnungen).<\/p>\n<\/div>\n<p>&nbsp;<\/p>\n<div>\n<p>Mehr Informationen auf <a class=\"external-link-new-window\" title=\"Opens external link in new window\" href=\"http:\/\/www.festivaldelprosciuttodiparma.com\/\" target=\"_blank\" rel=\"noopener noreferrer\">www.festivaldelprosciuttodiparma.com&nbsp;<\/a><\/p>\n<p>&nbsp;<\/p>\n<\/div>\n","protected":false},"excerpt":{"rendered":"<p>Das Prosciutto-Festival in Parma findet dieses Jahr am 1. bis 4. September statt. Hier dreht sich alles rund um den ber\u00fchmtesten aller italienischer Schinken, den Parma-Schinken. Auf dem Programm stehen mehrt\u00e4gige Degustationen, kulturelle und kulinarische Veranstaltungen sowie Sport- und Musikevents f\u00fcr Kinder&nbsp;und Erwachsene.<\/p>\n","protected":false},"author":1,"featured_media":2829,"comment_status":"open","ping_status":"open","sticky":false,"template":"","format":"standard","meta":{"om_disable_all_campaigns":false,"_monsterinsights_skip_tracking":false,"_monsterinsights_sitenote_active":false,"_monsterinsights_sitenote_note":"","_monsterinsights_sitenote_category":0,"_uf_show_specific_survey":0,"_uf_disable_surveys":false,"neve_meta_sidebar":"","neve_meta_container":"","neve_meta_enable_content_width":"","neve_meta_content_width":0,"neve_meta_title_alignment":"","neve_meta_author_avatar":"","neve_post_elements_order":"","neve_meta_disable_header":"","neve_meta_disable_footer":"","neve_meta_disable_title":"","ngg_post_thumbnail":0,"_jetpack_memberships_contains_paid_content":false,"footnotes":""},"categories":[204],"tags":[24,58],"class_list":["post-2828","post","type-post","status-publish","format-standard","has-post-thumbnail","hentry","category-urlaub-verreisen","tag-italien","tag-kueche"],"yoast_head":"<!-- This site is optimized with the Yoast SEO plugin v27.4 - https:\/\/yoast.com\/product\/yoast-seo-wordpress\/ -->\n<title>Italien: Parma feiert seinen beliebten Schinken &#8226; trendBlog \u2013 Wohnen, Reisen, Leben und Kultur<\/title>\n<meta name=\"description\" content=\"Das Prosciutto-Festival in Parma findet dieses Jahr am 1. bis 4. September statt. Dabei dreht sich alles um den beliebten Schinken Italiens.\" \/>\n<meta name=\"robots\" content=\"index, follow, max-snippet:-1, max-image-preview:large, max-video-preview:-1\" \/>\n<link rel=\"canonical\" href=\"https:\/\/www.trend4ward.de\/trendblog\/italien-parma-feiert-anfang-september-den-schinken\/\" \/>\n<meta property=\"og:locale\" content=\"de_DE\" \/>\n<meta property=\"og:type\" content=\"article\" \/>\n<meta property=\"og:title\" content=\"Italien: Parma feiert seinen beliebten Schinken &#8226; trendBlog \u2013 Wohnen, Reisen, Leben und Kultur\" \/>\n<meta property=\"og:description\" content=\"Das Prosciutto-Festival in Parma findet dieses Jahr am 1. bis 4. September statt. Dabei dreht sich alles um den beliebten Schinken Italiens.\" \/>\n<meta property=\"og:url\" content=\"https:\/\/www.trend4ward.de\/trendblog\/italien-parma-feiert-anfang-september-den-schinken\/\" \/>\n<meta property=\"og:site_name\" content=\"trendBlog \u2013 Wohnen, Reisen, Leben und Kultur\" \/>\n<meta property=\"article:published_time\" content=\"2016-07-29T12:52:38+00:00\" \/>\n<meta property=\"article:modified_time\" content=\"2019-05-06T14:34:39+00:00\" \/>\n<meta property=\"og:image\" content=\"https:\/\/www.trend4ward.de\/trendblog\/wp-content\/uploads\/2016\/07\/Schinken_Trend4ward.jpg\" \/>\n\t<meta property=\"og:image:width\" content=\"400\" \/>\n\t<meta property=\"og:image:height\" content=\"267\" \/>\n\t<meta property=\"og:image:type\" content=\"image\/jpeg\" \/>\n<meta name=\"author\" content=\"Evelyn Steinbach\" \/>\n<meta name=\"twitter:label1\" content=\"Verfasst von\" \/>\n\t<meta name=\"twitter:data1\" content=\"Evelyn Steinbach\" \/>\n\t<meta name=\"twitter:label2\" content=\"Gesch\u00e4tzte Lesezeit\" \/>\n\t<meta name=\"twitter:data2\" content=\"1\u00a0Minute\" \/>\n<script type=\"application\/ld+json\" class=\"yoast-schema-graph\">{\"@context\":\"https:\\\/\\\/schema.org\",\"@graph\":[{\"@type\":\"Article\",\"@id\":\"https:\\\/\\\/www.trend4ward.de\\\/trendblog\\\/italien-parma-feiert-anfang-september-den-schinken\\\/#article\",\"isPartOf\":{\"@id\":\"https:\\\/\\\/www.trend4ward.de\\\/trendblog\\\/italien-parma-feiert-anfang-september-den-schinken\\\/\"},\"author\":{\"name\":\"Evelyn Steinbach\",\"@id\":\"https:\\\/\\\/www.trend4ward.de\\\/trendblog\\\/#\\\/schema\\\/person\\\/c65dd8afd2fda04893d121f31b2a8ea4\"},\"headline\":\"Italien: Parma feiert seinen beliebten Schinken\",\"datePublished\":\"2016-07-29T12:52:38+00:00\",\"dateModified\":\"2019-05-06T14:34:39+00:00\",\"mainEntityOfPage\":{\"@id\":\"https:\\\/\\\/www.trend4ward.de\\\/trendblog\\\/italien-parma-feiert-anfang-september-den-schinken\\\/\"},\"wordCount\":172,\"commentCount\":0,\"publisher\":{\"@id\":\"https:\\\/\\\/www.trend4ward.de\\\/trendblog\\\/#\\\/schema\\\/person\\\/c65dd8afd2fda04893d121f31b2a8ea4\"},\"image\":{\"@id\":\"https:\\\/\\\/www.trend4ward.de\\\/trendblog\\\/italien-parma-feiert-anfang-september-den-schinken\\\/#primaryimage\"},\"thumbnailUrl\":\"https:\\\/\\\/www.trend4ward.de\\\/trendblog\\\/wp-content\\\/uploads\\\/2016\\\/07\\\/Schinken_Trend4ward.jpg\",\"keywords\":[\"Italien\",\"K\u00fcchenideen\"],\"articleSection\":[\"Urlaub &amp; Verreisen\"],\"inLanguage\":\"de\",\"potentialAction\":[{\"@type\":\"CommentAction\",\"name\":\"Comment\",\"target\":[\"https:\\\/\\\/www.trend4ward.de\\\/trendblog\\\/italien-parma-feiert-anfang-september-den-schinken\\\/#respond\"]}]},{\"@type\":\"WebPage\",\"@id\":\"https:\\\/\\\/www.trend4ward.de\\\/trendblog\\\/italien-parma-feiert-anfang-september-den-schinken\\\/\",\"url\":\"https:\\\/\\\/www.trend4ward.de\\\/trendblog\\\/italien-parma-feiert-anfang-september-den-schinken\\\/\",\"name\":\"Italien: Parma feiert seinen beliebten Schinken &#8226; trendBlog \u2013 Wohnen, Reisen, Leben und Kultur\",\"isPartOf\":{\"@id\":\"https:\\\/\\\/www.trend4ward.de\\\/trendblog\\\/#website\"},\"primaryImageOfPage\":{\"@id\":\"https:\\\/\\\/www.trend4ward.de\\\/trendblog\\\/italien-parma-feiert-anfang-september-den-schinken\\\/#primaryimage\"},\"image\":{\"@id\":\"https:\\\/\\\/www.trend4ward.de\\\/trendblog\\\/italien-parma-feiert-anfang-september-den-schinken\\\/#primaryimage\"},\"thumbnailUrl\":\"https:\\\/\\\/www.trend4ward.de\\\/trendblog\\\/wp-content\\\/uploads\\\/2016\\\/07\\\/Schinken_Trend4ward.jpg\",\"datePublished\":\"2016-07-29T12:52:38+00:00\",\"dateModified\":\"2019-05-06T14:34:39+00:00\",\"description\":\"Das Prosciutto-Festival in Parma findet dieses Jahr am 1. bis 4. September statt. Dabei dreht sich alles um den beliebten Schinken Italiens.\",\"breadcrumb\":{\"@id\":\"https:\\\/\\\/www.trend4ward.de\\\/trendblog\\\/italien-parma-feiert-anfang-september-den-schinken\\\/#breadcrumb\"},\"inLanguage\":\"de\",\"potentialAction\":[{\"@type\":\"ReadAction\",\"target\":[\"https:\\\/\\\/www.trend4ward.de\\\/trendblog\\\/italien-parma-feiert-anfang-september-den-schinken\\\/\"]}]},{\"@type\":\"ImageObject\",\"inLanguage\":\"de\",\"@id\":\"https:\\\/\\\/www.trend4ward.de\\\/trendblog\\\/italien-parma-feiert-anfang-september-den-schinken\\\/#primaryimage\",\"url\":\"https:\\\/\\\/www.trend4ward.de\\\/trendblog\\\/wp-content\\\/uploads\\\/2016\\\/07\\\/Schinken_Trend4ward.jpg\",\"contentUrl\":\"https:\\\/\\\/www.trend4ward.de\\\/trendblog\\\/wp-content\\\/uploads\\\/2016\\\/07\\\/Schinken_Trend4ward.jpg\",\"width\":400,\"height\":267,\"caption\":\"Foto: Rainer Sturm \\\/ Pixelio\"},{\"@type\":\"BreadcrumbList\",\"@id\":\"https:\\\/\\\/www.trend4ward.de\\\/trendblog\\\/italien-parma-feiert-anfang-september-den-schinken\\\/#breadcrumb\",\"itemListElement\":[{\"@type\":\"ListItem\",\"position\":1,\"name\":\"Home\",\"item\":\"https:\\\/\\\/www.trend4ward.de\\\/trendblog\\\/\"},{\"@type\":\"ListItem\",\"position\":2,\"name\":\"Italien: Parma feiert seinen beliebten Schinken\"}]},{\"@type\":\"WebSite\",\"@id\":\"https:\\\/\\\/www.trend4ward.de\\\/trendblog\\\/#website\",\"url\":\"https:\\\/\\\/www.trend4ward.de\\\/trendblog\\\/\",\"name\":\"trendBlog \u2013 Wohnen, Reisen, Leben und Kultur\",\"description\":\"Portr\u00e4ts, Reportagen, Ratgeber. Seit 2009. Von Evelyn Steinbach.\",\"publisher\":{\"@id\":\"https:\\\/\\\/www.trend4ward.de\\\/trendblog\\\/#\\\/schema\\\/person\\\/c65dd8afd2fda04893d121f31b2a8ea4\"},\"potentialAction\":[{\"@type\":\"SearchAction\",\"target\":{\"@type\":\"EntryPoint\",\"urlTemplate\":\"https:\\\/\\\/www.trend4ward.de\\\/trendblog\\\/?s={search_term_string}\"},\"query-input\":{\"@type\":\"PropertyValueSpecification\",\"valueRequired\":true,\"valueName\":\"search_term_string\"}}],\"inLanguage\":\"de\"},{\"@type\":[\"Person\",\"Organization\"],\"@id\":\"https:\\\/\\\/www.trend4ward.de\\\/trendblog\\\/#\\\/schema\\\/person\\\/c65dd8afd2fda04893d121f31b2a8ea4\",\"name\":\"Evelyn Steinbach\",\"image\":{\"@type\":\"ImageObject\",\"inLanguage\":\"de\",\"@id\":\"https:\\\/\\\/www.trend4ward.de\\\/trendblog\\\/wp-content\\\/uploads\\\/2020\\\/11\\\/cropped-cropped-IMG_6744-e1692617617527.png\",\"url\":\"https:\\\/\\\/www.trend4ward.de\\\/trendblog\\\/wp-content\\\/uploads\\\/2020\\\/11\\\/cropped-cropped-IMG_6744-e1692617617527.png\",\"contentUrl\":\"https:\\\/\\\/www.trend4ward.de\\\/trendblog\\\/wp-content\\\/uploads\\\/2020\\\/11\\\/cropped-cropped-IMG_6744-e1692617617527.png\",\"width\":200,\"height\":183,\"caption\":\"Evelyn Steinbach\"},\"logo\":{\"@id\":\"https:\\\/\\\/www.trend4ward.de\\\/trendblog\\\/wp-content\\\/uploads\\\/2020\\\/11\\\/cropped-cropped-IMG_6744-e1692617617527.png\"},\"sameAs\":[\"http:\\\/\\\/www.trend4ward.de\"],\"url\":\"https:\\\/\\\/www.trend4ward.de\\\/trendblog\\\/author\\\/eve\\\/\"}]}<\/script>\n<!-- \/ Yoast SEO plugin. -->","yoast_head_json":{"title":"Italien: Parma feiert seinen beliebten Schinken &#8226; trendBlog \u2013 Wohnen, Reisen, Leben und Kultur","description":"Das Prosciutto-Festival in Parma findet dieses Jahr am 1. bis 4. September statt. Dabei dreht sich alles um den beliebten Schinken Italiens.","robots":{"index":"index","follow":"follow","max-snippet":"max-snippet:-1","max-image-preview":"max-image-preview:large","max-video-preview":"max-video-preview:-1"},"canonical":"https:\/\/www.trend4ward.de\/trendblog\/italien-parma-feiert-anfang-september-den-schinken\/","og_locale":"de_DE","og_type":"article","og_title":"Italien: Parma feiert seinen beliebten Schinken &#8226; trendBlog \u2013 Wohnen, Reisen, Leben und Kultur","og_description":"Das Prosciutto-Festival in Parma findet dieses Jahr am 1. bis 4. September statt. Dabei dreht sich alles um den beliebten Schinken Italiens.","og_url":"https:\/\/www.trend4ward.de\/trendblog\/italien-parma-feiert-anfang-september-den-schinken\/","og_site_name":"trendBlog \u2013 Wohnen, Reisen, Leben und Kultur","article_published_time":"2016-07-29T12:52:38+00:00","article_modified_time":"2019-05-06T14:34:39+00:00","og_image":[{"width":400,"height":267,"url":"https:\/\/www.trend4ward.de\/trendblog\/wp-content\/uploads\/2016\/07\/Schinken_Trend4ward.jpg","type":"image\/jpeg"}],"author":"Evelyn Steinbach","twitter_misc":{"Verfasst von":"Evelyn Steinbach","Gesch\u00e4tzte Lesezeit":"1\u00a0Minute"},"schema":{"@context":"https:\/\/schema.org","@graph":[{"@type":"Article","@id":"https:\/\/www.trend4ward.de\/trendblog\/italien-parma-feiert-anfang-september-den-schinken\/#article","isPartOf":{"@id":"https:\/\/www.trend4ward.de\/trendblog\/italien-parma-feiert-anfang-september-den-schinken\/"},"author":{"name":"Evelyn Steinbach","@id":"https:\/\/www.trend4ward.de\/trendblog\/#\/schema\/person\/c65dd8afd2fda04893d121f31b2a8ea4"},"headline":"Italien: Parma feiert seinen beliebten Schinken","datePublished":"2016-07-29T12:52:38+00:00","dateModified":"2019-05-06T14:34:39+00:00","mainEntityOfPage":{"@id":"https:\/\/www.trend4ward.de\/trendblog\/italien-parma-feiert-anfang-september-den-schinken\/"},"wordCount":172,"commentCount":0,"publisher":{"@id":"https:\/\/www.trend4ward.de\/trendblog\/#\/schema\/person\/c65dd8afd2fda04893d121f31b2a8ea4"},"image":{"@id":"https:\/\/www.trend4ward.de\/trendblog\/italien-parma-feiert-anfang-september-den-schinken\/#primaryimage"},"thumbnailUrl":"https:\/\/www.trend4ward.de\/trendblog\/wp-content\/uploads\/2016\/07\/Schinken_Trend4ward.jpg","keywords":["Italien","K\u00fcchenideen"],"articleSection":["Urlaub &amp; Verreisen"],"inLanguage":"de","potentialAction":[{"@type":"CommentAction","name":"Comment","target":["https:\/\/www.trend4ward.de\/trendblog\/italien-parma-feiert-anfang-september-den-schinken\/#respond"]}]},{"@type":"WebPage","@id":"https:\/\/www.trend4ward.de\/trendblog\/italien-parma-feiert-anfang-september-den-schinken\/","url":"https:\/\/www.trend4ward.de\/trendblog\/italien-parma-feiert-anfang-september-den-schinken\/","name":"Italien: Parma feiert seinen beliebten Schinken &#8226; trendBlog \u2013 Wohnen, Reisen, Leben und Kultur","isPartOf":{"@id":"https:\/\/www.trend4ward.de\/trendblog\/#website"},"primaryImageOfPage":{"@id":"https:\/\/www.trend4ward.de\/trendblog\/italien-parma-feiert-anfang-september-den-schinken\/#primaryimage"},"image":{"@id":"https:\/\/www.trend4ward.de\/trendblog\/italien-parma-feiert-anfang-september-den-schinken\/#primaryimage"},"thumbnailUrl":"https:\/\/www.trend4ward.de\/trendblog\/wp-content\/uploads\/2016\/07\/Schinken_Trend4ward.jpg","datePublished":"2016-07-29T12:52:38+00:00","dateModified":"2019-05-06T14:34:39+00:00","description":"Das Prosciutto-Festival in Parma findet dieses Jahr am 1. bis 4. September statt. Dabei dreht sich alles um den beliebten Schinken Italiens.","breadcrumb":{"@id":"https:\/\/www.trend4ward.de\/trendblog\/italien-parma-feiert-anfang-september-den-schinken\/#breadcrumb"},"inLanguage":"de","potentialAction":[{"@type":"ReadAction","target":["https:\/\/www.trend4ward.de\/trendblog\/italien-parma-feiert-anfang-september-den-schinken\/"]}]},{"@type":"ImageObject","inLanguage":"de","@id":"https:\/\/www.trend4ward.de\/trendblog\/italien-parma-feiert-anfang-september-den-schinken\/#primaryimage","url":"https:\/\/www.trend4ward.de\/trendblog\/wp-content\/uploads\/2016\/07\/Schinken_Trend4ward.jpg","contentUrl":"https:\/\/www.trend4ward.de\/trendblog\/wp-content\/uploads\/2016\/07\/Schinken_Trend4ward.jpg","width":400,"height":267,"caption":"Foto: Rainer Sturm \/ Pixelio"},{"@type":"BreadcrumbList","@id":"https:\/\/www.trend4ward.de\/trendblog\/italien-parma-feiert-anfang-september-den-schinken\/#breadcrumb","itemListElement":[{"@type":"ListItem","position":1,"name":"Home","item":"https:\/\/www.trend4ward.de\/trendblog\/"},{"@type":"ListItem","position":2,"name":"Italien: Parma feiert seinen beliebten Schinken"}]},{"@type":"WebSite","@id":"https:\/\/www.trend4ward.de\/trendblog\/#website","url":"https:\/\/www.trend4ward.de\/trendblog\/","name":"trendBlog \u2013 Wohnen, Reisen, Leben und Kultur","description":"Portr\u00e4ts, Reportagen, Ratgeber. Seit 2009. Von Evelyn Steinbach.","publisher":{"@id":"https:\/\/www.trend4ward.de\/trendblog\/#\/schema\/person\/c65dd8afd2fda04893d121f31b2a8ea4"},"potentialAction":[{"@type":"SearchAction","target":{"@type":"EntryPoint","urlTemplate":"https:\/\/www.trend4ward.de\/trendblog\/?s={search_term_string}"},"query-input":{"@type":"PropertyValueSpecification","valueRequired":true,"valueName":"search_term_string"}}],"inLanguage":"de"},{"@type":["Person","Organization"],"@id":"https:\/\/www.trend4ward.de\/trendblog\/#\/schema\/person\/c65dd8afd2fda04893d121f31b2a8ea4","name":"Evelyn Steinbach","image":{"@type":"ImageObject","inLanguage":"de","@id":"https:\/\/www.trend4ward.de\/trendblog\/wp-content\/uploads\/2020\/11\/cropped-cropped-IMG_6744-e1692617617527.png","url":"https:\/\/www.trend4ward.de\/trendblog\/wp-content\/uploads\/2020\/11\/cropped-cropped-IMG_6744-e1692617617527.png","contentUrl":"https:\/\/www.trend4ward.de\/trendblog\/wp-content\/uploads\/2020\/11\/cropped-cropped-IMG_6744-e1692617617527.png","width":200,"height":183,"caption":"Evelyn Steinbach"},"logo":{"@id":"https:\/\/www.trend4ward.de\/trendblog\/wp-content\/uploads\/2020\/11\/cropped-cropped-IMG_6744-e1692617617527.png"},"sameAs":["http:\/\/www.trend4ward.de"],"url":"https:\/\/www.trend4ward.de\/trendblog\/author\/eve\/"}]}},"jetpack_featured_media_url":"https:\/\/www.trend4ward.de\/trendblog\/wp-content\/uploads\/2016\/07\/Schinken_Trend4ward.jpg","jetpack_sharing_enabled":true,"_links":{"self":[{"href":"https:\/\/www.trend4ward.de\/trendblog\/wp-json\/wp\/v2\/posts\/2828","targetHints":{"allow":["GET"]}}],"collection":[{"href":"https:\/\/www.trend4ward.de\/trendblog\/wp-json\/wp\/v2\/posts"}],"about":[{"href":"https:\/\/www.trend4ward.de\/trendblog\/wp-json\/wp\/v2\/types\/post"}],"author":[{"embeddable":true,"href":"https:\/\/www.trend4ward.de\/trendblog\/wp-json\/wp\/v2\/users\/1"}],"replies":[{"embeddable":true,"href":"https:\/\/www.trend4ward.de\/trendblog\/wp-json\/wp\/v2\/comments?post=2828"}],"version-history":[{"count":5,"href":"https:\/\/www.trend4ward.de\/trendblog\/wp-json\/wp\/v2\/posts\/2828\/revisions"}],"predecessor-version":[{"id":4063,"href":"https:\/\/www.trend4ward.de\/trendblog\/wp-json\/wp\/v2\/posts\/2828\/revisions\/4063"}],"wp:featuredmedia":[{"embeddable":true,"href":"https:\/\/www.trend4ward.de\/trendblog\/wp-json\/wp\/v2\/media\/2829"}],"wp:attachment":[{"href":"https:\/\/www.trend4ward.de\/trendblog\/wp-json\/wp\/v2\/media?parent=2828"}],"wp:term":[{"taxonomy":"category","embeddable":true,"href":"https:\/\/www.trend4ward.de\/trendblog\/wp-json\/wp\/v2\/categories?post=2828"},{"taxonomy":"post_tag","embeddable":true,"href":"https:\/\/www.trend4ward.de\/trendblog\/wp-json\/wp\/v2\/tags?post=2828"}],"curies":[{"name":"wp","href":"https:\/\/api.w.org\/{rel}","templated":true}]}}