{"id":2997,"date":"2016-11-25T13:13:21","date_gmt":"2016-11-25T12:13:21","guid":{"rendered":"https:\/\/www.trend4ward.de\/trendblog\/?p=2997"},"modified":"2017-03-01T18:17:38","modified_gmt":"2017-03-01T17:17:38","slug":"wohntrends-2017-gruen-gruen-gruen","status":"publish","type":"post","link":"https:\/\/www.trend4ward.de\/trendblog\/wohntrends-2017-gruen-gruen-gruen\/","title":{"rendered":"Wohntrends 2017: Gr\u00fcn, gr\u00fcn, gr\u00fcn"},"content":{"rendered":"<p><strong>Gr\u00fcn, gr\u00fcn, gr\u00fcn sind alle meine Kleider \u2026 Doch mit dem J\u00e4ger-Gr\u00fcn des Kinderlieds hat der Farbtrend, der derzeit unsere Wohnzimmer in edles Dunkel oder in ein frisches Ambiente taucht, nichts am Hut: Von zartem Mintgr\u00fcn \u00fcber kr\u00e4ftiges Grasgr\u00fcn und edles Tannengr\u00fcn bis hin zu Nuancen in Taupe und Petrol mischen Gr\u00fcnt\u00f6ne jetzt auch im Wohnbereich kr\u00e4ftig mit.<\/strong><\/p>\n<p><!--more--><\/p>\n<p>Gr\u00fcn ist die Farbe des Lebens, des Wachstums, der Hoffnung; es wirkt so lebendig und inspirierend wie harmonisch und entspannend. Beliebt ist die Farbe in Form von Zimmerpflanzen in urbanen Lebenswelten \u2013 Gr\u00fcn als Sehnsucht nach der Natur, als Zeichen von Lebendigkeit. Vor allem aber: Gr\u00fcn ist wie geschaffen als kontraststarke Hintergrund-Alternative zum ewigen Schoko-Braun oder zum harten Schwarz. Auch l\u00e4sst sich mit einem dunkelgr\u00fcnen Sofa Farbe zu zeigen, ohne gleich das Gef\u00fchl aufkommen zu lassen, die Wohnung komplett in Pop-Art umdekorieren zu m\u00fcssen.<\/p>\n<p>Kaum verwunderlich also, dass dieser bereichernde Ton bei Textilien aller Art wieder stark im Kommen ist. Nicht nur auf den Laufstegen der Welt sieht man Models in gr\u00fcnen Outfits, auch Zuhause macht die Farbe eine ausgezeichnete Figur: Tapeten, Vorh\u00e4ngen, Teppichen, Kissen und Polsterm\u00f6beln steht Gr\u00fcn in allen Nuancen hervorragend.<\/p>\n<p>&nbsp;<\/p>\n<h3><strong>M\u00f6belhersteller im Gr\u00fcn-Fieber<\/strong><\/h3>\n<figure id=\"attachment_3001\" aria-describedby=\"caption-attachment-3001\" style=\"width: 700px\" class=\"wp-caption alignnone\"><a href=\"https:\/\/www.trend4ward.de\/trendblog\/wp-content\/uploads\/2016\/11\/immSpotlight_112016_03_Green_Jab_Anstoetz_Longi.jpg\"><img loading=\"lazy\" decoding=\"async\" class=\"wp-image-3001 size-large\" src=\"https:\/\/www.trend4ward.de\/trendblog\/wp-content\/uploads\/2016\/11\/immSpotlight_112016_03_Green_Jab_Anstoetz_Longi-1024x739.jpg\" alt=\"Gr\u00fcnes Wohnzimmer\" width=\"700\" height=\"505\" srcset=\"https:\/\/www.trend4ward.de\/trendblog\/wp-content\/uploads\/2016\/11\/immSpotlight_112016_03_Green_Jab_Anstoetz_Longi-1024x739.jpg 1024w, https:\/\/www.trend4ward.de\/trendblog\/wp-content\/uploads\/2016\/11\/immSpotlight_112016_03_Green_Jab_Anstoetz_Longi-300x217.jpg 300w, https:\/\/www.trend4ward.de\/trendblog\/wp-content\/uploads\/2016\/11\/immSpotlight_112016_03_Green_Jab_Anstoetz_Longi-768x554.jpg 768w, https:\/\/www.trend4ward.de\/trendblog\/wp-content\/uploads\/2016\/11\/immSpotlight_112016_03_Green_Jab_Anstoetz_Longi-474x342.jpg 474w, https:\/\/www.trend4ward.de\/trendblog\/wp-content\/uploads\/2016\/11\/immSpotlight_112016_03_Green_Jab_Anstoetz_Longi-83x60.jpg 83w, https:\/\/www.trend4ward.de\/trendblog\/wp-content\/uploads\/2016\/11\/immSpotlight_112016_03_Green_Jab_Anstoetz_Longi.jpg 1200w\" sizes=\"auto, (max-width: 700px) 100vw, 700px\" \/><\/a><figcaption id=\"caption-attachment-3001\" class=\"wp-caption-text\">Foto: Jab Anstoetz<\/figcaption><\/figure>\n<p>Wohnliche Bezugs- und Dekorationsstoffe sind bezeichnend f\u00fcr <strong>Jab Anstoetz Fabrics<\/strong>. Zur Kollektion \u201eCentral Park\u201c geh\u00f6ren neben Dekorations- und M\u00f6belstoffen auch Gardinen und Blackouts, bei denen alle Nuancen fein aufeinander abgestimmt sind. Elegantes Oliv gibt den Grundton an und wirkt harmonisch neben Abstufungen ins Gelbe und Braune.<\/p>\n<p>&nbsp;<\/p>\n<p><a href=\"https:\/\/www.trend4ward.de\/trendblog\/wp-content\/uploads\/2016\/11\/immSpotlight_112016_05_Green_CreationBaumann_DELIZIA-R.jpg\"><img loading=\"lazy\" decoding=\"async\" class=\"alignnone size-large wp-image-3003\" src=\"https:\/\/www.trend4ward.de\/trendblog\/wp-content\/uploads\/2016\/11\/immSpotlight_112016_05_Green_CreationBaumann_DELIZIA-R-1024x512.jpg\" alt=\"immspotlight_112016_05_green_creationbaumann_delizia-r\" width=\"700\" height=\"350\" srcset=\"https:\/\/www.trend4ward.de\/trendblog\/wp-content\/uploads\/2016\/11\/immSpotlight_112016_05_Green_CreationBaumann_DELIZIA-R-1024x512.jpg 1024w, https:\/\/www.trend4ward.de\/trendblog\/wp-content\/uploads\/2016\/11\/immSpotlight_112016_05_Green_CreationBaumann_DELIZIA-R-300x150.jpg 300w, https:\/\/www.trend4ward.de\/trendblog\/wp-content\/uploads\/2016\/11\/immSpotlight_112016_05_Green_CreationBaumann_DELIZIA-R-768x384.jpg 768w, https:\/\/www.trend4ward.de\/trendblog\/wp-content\/uploads\/2016\/11\/immSpotlight_112016_05_Green_CreationBaumann_DELIZIA-R-90x45.jpg 90w, https:\/\/www.trend4ward.de\/trendblog\/wp-content\/uploads\/2016\/11\/immSpotlight_112016_05_Green_CreationBaumann_DELIZIA-R.jpg 1200w\" sizes=\"auto, (max-width: 700px) 100vw, 700px\" \/><\/a><\/p>\n<figure id=\"attachment_3002\" aria-describedby=\"caption-attachment-3002\" style=\"width: 700px\" class=\"wp-caption alignnone\"><a href=\"https:\/\/www.trend4ward.de\/trendblog\/wp-content\/uploads\/2016\/11\/immSpotlight_112016_04_Green_CreationBaumann_Delizia_R.jpg\"><img loading=\"lazy\" decoding=\"async\" class=\"wp-image-3002 size-large\" src=\"https:\/\/www.trend4ward.de\/trendblog\/wp-content\/uploads\/2016\/11\/immSpotlight_112016_04_Green_CreationBaumann_Delizia_R-1024x666.jpg\" alt=\"Florales Rollomuster\" width=\"700\" height=\"455\" srcset=\"https:\/\/www.trend4ward.de\/trendblog\/wp-content\/uploads\/2016\/11\/immSpotlight_112016_04_Green_CreationBaumann_Delizia_R-1024x666.jpg 1024w, https:\/\/www.trend4ward.de\/trendblog\/wp-content\/uploads\/2016\/11\/immSpotlight_112016_04_Green_CreationBaumann_Delizia_R-300x195.jpg 300w, https:\/\/www.trend4ward.de\/trendblog\/wp-content\/uploads\/2016\/11\/immSpotlight_112016_04_Green_CreationBaumann_Delizia_R-768x499.jpg 768w, https:\/\/www.trend4ward.de\/trendblog\/wp-content\/uploads\/2016\/11\/immSpotlight_112016_04_Green_CreationBaumann_Delizia_R-90x60.jpg 90w, https:\/\/www.trend4ward.de\/trendblog\/wp-content\/uploads\/2016\/11\/immSpotlight_112016_04_Green_CreationBaumann_Delizia_R.jpg 1200w\" sizes=\"auto, (max-width: 700px) 100vw, 700px\" \/><\/a><figcaption id=\"caption-attachment-3002\" class=\"wp-caption-text\">Fotos: Cr\u00e9ation Baumann<\/figcaption><\/figure>\n<p>Floral geht es auch zu bei <strong>Cr\u00e9ation Baumann<\/strong>: Speziell f\u00fcr den Wohnbereich entwickelt wurde das Rollo \u201eDelizia R\u201c, das mit einem Blumenbouquet in Aquarelloptik aufwartet. Durch den gro\u00dffl\u00e4chigen Digitaldruck wirkt das Rollo wie ein Bild. Die Farben sind zart, verschiedene Nuancen von T\u00fcrkis bis Gelbgr\u00fcn wirken harmonisierend neben kr\u00e4ftigeren Rot-T\u00f6nen.<\/p>\n<p><a href=\"https:\/\/www.trend4ward.de\/trendblog\/wp-content\/uploads\/2016\/11\/immSpotlight_112016_01_Green_Nya-Nordiska_Core_Classics.jpg\"><img loading=\"lazy\" decoding=\"async\" class=\"alignnone wp-image-2999 size-large\" src=\"https:\/\/www.trend4ward.de\/trendblog\/wp-content\/uploads\/2016\/11\/immSpotlight_112016_01_Green_Nya-Nordiska_Core_Classics-1024x678.jpg\" alt=\"Raumgestaltung in Gr\u00fcn\" width=\"700\" height=\"463\" srcset=\"https:\/\/www.trend4ward.de\/trendblog\/wp-content\/uploads\/2016\/11\/immSpotlight_112016_01_Green_Nya-Nordiska_Core_Classics-1024x678.jpg 1024w, https:\/\/www.trend4ward.de\/trendblog\/wp-content\/uploads\/2016\/11\/immSpotlight_112016_01_Green_Nya-Nordiska_Core_Classics-300x199.jpg 300w, https:\/\/www.trend4ward.de\/trendblog\/wp-content\/uploads\/2016\/11\/immSpotlight_112016_01_Green_Nya-Nordiska_Core_Classics-768x509.jpg 768w, https:\/\/www.trend4ward.de\/trendblog\/wp-content\/uploads\/2016\/11\/immSpotlight_112016_01_Green_Nya-Nordiska_Core_Classics-90x60.jpg 90w, https:\/\/www.trend4ward.de\/trendblog\/wp-content\/uploads\/2016\/11\/immSpotlight_112016_01_Green_Nya-Nordiska_Core_Classics.jpg 1200w\" sizes=\"auto, (max-width: 700px) 100vw, 700px\" \/><\/a><\/p>\n<figure id=\"attachment_3006\" aria-describedby=\"caption-attachment-3006\" style=\"width: 700px\" class=\"wp-caption alignnone\"><a href=\"https:\/\/www.trend4ward.de\/trendblog\/wp-content\/uploads\/2016\/11\/immSpotlight_112016_08_Green_Nya-Nordiska_Janis-FR_06-absynth.jpg\"><img loading=\"lazy\" decoding=\"async\" class=\"wp-image-3006 size-large\" src=\"https:\/\/www.trend4ward.de\/trendblog\/wp-content\/uploads\/2016\/11\/immSpotlight_112016_08_Green_Nya-Nordiska_Janis-FR_06-absynth-839x1024.jpg\" alt=\"Gr\u00fcne Dekoration\" width=\"700\" height=\"854\" srcset=\"https:\/\/www.trend4ward.de\/trendblog\/wp-content\/uploads\/2016\/11\/immSpotlight_112016_08_Green_Nya-Nordiska_Janis-FR_06-absynth-839x1024.jpg 839w, https:\/\/www.trend4ward.de\/trendblog\/wp-content\/uploads\/2016\/11\/immSpotlight_112016_08_Green_Nya-Nordiska_Janis-FR_06-absynth-246x300.jpg 246w, https:\/\/www.trend4ward.de\/trendblog\/wp-content\/uploads\/2016\/11\/immSpotlight_112016_08_Green_Nya-Nordiska_Janis-FR_06-absynth-768x937.jpg 768w, https:\/\/www.trend4ward.de\/trendblog\/wp-content\/uploads\/2016\/11\/immSpotlight_112016_08_Green_Nya-Nordiska_Janis-FR_06-absynth-49x60.jpg 49w, https:\/\/www.trend4ward.de\/trendblog\/wp-content\/uploads\/2016\/11\/immSpotlight_112016_08_Green_Nya-Nordiska_Janis-FR_06-absynth.jpg 1200w\" sizes=\"auto, (max-width: 700px) 100vw, 700px\" \/><\/a><figcaption id=\"caption-attachment-3006\" class=\"wp-caption-text\">Fotos: Nya Nordiska<\/figcaption><\/figure>\n<p>Auch <strong>Nya Nordiskas<\/strong> aktuelle Herbstkollektion spielt mit floralen und botanischen Mustern, jedoch stark abstrahiert: Organische Strukturen zeichnen die acht Neu- und Weiterentwicklungen aus. Vom asiatisch puristischen Plissee \u00fcber die nat\u00fcrliche Haptik von Leinen bis zur Opulenz von Velours reicht die stoffliche Bandbreite. Das Dekor wirkt ruhig und dezent, leicht und unbeschwert und entzieht sich auf Nya Nordiska-typische Weise modischen Erscheinungen durch eine zeitlose \u00c4sthetik.<\/p>\n<figure id=\"attachment_3004\" aria-describedby=\"caption-attachment-3004\" style=\"width: 700px\" class=\"wp-caption alignnone\"><a href=\"https:\/\/www.trend4ward.de\/trendblog\/wp-content\/uploads\/2016\/11\/immSpotlight_112016_06_Green_SAHCO_PremiumBasics_Duke_chairs.jpg\"><img loading=\"lazy\" decoding=\"async\" class=\"wp-image-3004 size-large\" src=\"https:\/\/www.trend4ward.de\/trendblog\/wp-content\/uploads\/2016\/11\/immSpotlight_112016_06_Green_SAHCO_PremiumBasics_Duke_chairs-812x1024.jpg\" alt=\"Gr\u00fcne Nuancen - Wohntrends 2017\" width=\"700\" height=\"883\" srcset=\"https:\/\/www.trend4ward.de\/trendblog\/wp-content\/uploads\/2016\/11\/immSpotlight_112016_06_Green_SAHCO_PremiumBasics_Duke_chairs-812x1024.jpg 812w, https:\/\/www.trend4ward.de\/trendblog\/wp-content\/uploads\/2016\/11\/immSpotlight_112016_06_Green_SAHCO_PremiumBasics_Duke_chairs-238x300.jpg 238w, https:\/\/www.trend4ward.de\/trendblog\/wp-content\/uploads\/2016\/11\/immSpotlight_112016_06_Green_SAHCO_PremiumBasics_Duke_chairs-768x968.jpg 768w, https:\/\/www.trend4ward.de\/trendblog\/wp-content\/uploads\/2016\/11\/immSpotlight_112016_06_Green_SAHCO_PremiumBasics_Duke_chairs-48x60.jpg 48w, https:\/\/www.trend4ward.de\/trendblog\/wp-content\/uploads\/2016\/11\/immSpotlight_112016_06_Green_SAHCO_PremiumBasics_Duke_chairs.jpg 1200w\" sizes=\"auto, (max-width: 700px) 100vw, 700px\" \/><\/a><figcaption id=\"caption-attachment-3004\" class=\"wp-caption-text\">Foto: Sahco<\/figcaption><\/figure>\n<p>Im cleanen Look warten auch die neuen Bezugsstoffe der <strong>Firma Sahco<\/strong> auf. Dank feinem Chenille-Garn verk\u00f6rpern sie den angesagten Vintage-Look \u2013 elegant bemustert oder unifarben. Die Qualit\u00e4ten \u201eLevino\u201c, \u201eFlint\u201c und \u201eDuke\u201c zeugen von unaufdringlicher L\u00e4ssigkeit und lassen sich leicht kombinieren.<\/p>\n<p>Ob als einzelner Farbtupfer oder in der Palette mit vielen verschiedenen Abstufungen: Die Trendfarbe Gr\u00fcn bringt moderne Wohnlichkeit nach Hause und kann sich in Kombination mit anderen T\u00f6nen genau so elegant zur\u00fccknehmen wie zum Eyecatcher werden. Sie wirkt modern neben Rosa und Grau, ruhig neben Blau und Braun, ausdrucksstark neben Rot und Orange. Im Komplett-Look sorgt sie f\u00fcr den besonderen Wohlf\u00fchlfaktor.<\/p>\n<p>&nbsp;<\/p>\n<p><strong>Es gr\u00fcnt so gr\u00fcn \u2013 auch auf der n\u00e4chsten M\u00f6bel- und Einrichtungsmesse in K\u00f6ln. Die imm Cologne \u00f6ffnet vom 16.- 21. Januar 2017 ihre Pforten.<\/strong><\/p>\n<p>&nbsp;<\/p>\n<p>&nbsp;<\/p>\n","protected":false},"excerpt":{"rendered":"<p>Gr\u00fcn, gr\u00fcn, gr\u00fcn sind alle meine Kleider \u2026 Doch mit dem J\u00e4ger-Gr\u00fcn des Kinderlieds hat der Farbtrend, der derzeit unsere Wohnzimmer in edles Dunkel oder in ein frisches Ambiente taucht, nichts am Hut: Von zartem Mintgr\u00fcn \u00fcber kr\u00e4ftiges Grasgr\u00fcn und edles Tannengr\u00fcn bis hin zu Nuancen in Taupe und Petrol mischen Gr\u00fcnt\u00f6ne jetzt auch im&hellip;&nbsp;<a href=\"https:\/\/www.trend4ward.de\/trendblog\/wohntrends-2017-gruen-gruen-gruen\/\" rel=\"bookmark\">Weiterlesen &raquo;<span class=\"screen-reader-text\">Wohntrends 2017: Gr\u00fcn, gr\u00fcn, gr\u00fcn<\/span><\/a><\/p>\n","protected":false},"author":1,"featured_media":3000,"comment_status":"open","ping_status":"open","sticky":false,"template":"","format":"standard","meta":{"om_disable_all_campaigns":false,"_monsterinsights_skip_tracking":false,"_monsterinsights_sitenote_active":false,"_monsterinsights_sitenote_note":"","_monsterinsights_sitenote_category":0,"_uf_show_specific_survey":0,"_uf_disable_surveys":false,"neve_meta_sidebar":"","neve_meta_container":"","neve_meta_enable_content_width":"","neve_meta_content_width":0,"neve_meta_title_alignment":"","neve_meta_author_avatar":"","neve_post_elements_order":"","neve_meta_disable_header":"","neve_meta_disable_footer":"","neve_meta_disable_title":"","ngg_post_thumbnail":0,"_jetpack_memberships_contains_paid_content":false,"footnotes":""},"categories":[3,15],"tags":[101,152,48,70,93],"class_list":["post-2997","post","type-post","status-publish","format-standard","has-post-thumbnail","hentry","category-trendbarometer","category-wohnen","tag-farben","tag-farbtrends","tag-moebel","tag-moebeltrends","tag-wohntrends"],"yoast_head":"<!-- This site is optimized with the Yoast SEO plugin v27.4 - https:\/\/yoast.com\/product\/yoast-seo-wordpress\/ -->\n<title>Wohntrends 2017: Gr\u00fcn, gr\u00fcn, gr\u00fcn &#8226; trendBlog \u2013 Wohnen, Reisen, Leben und Kultur<\/title>\n<meta name=\"description\" content=\"Gr\u00fcn, Farbtrend 2017: Von Mintgr\u00fcn \u00fcber Grasgr\u00fcn und Tannengr\u00fcn bis hin zu Taupe und Petrol mischen Gr\u00fcnt\u00f6ne im Wohnbereich kr\u00e4ftig mit.\" \/>\n<meta name=\"robots\" content=\"index, follow, max-snippet:-1, max-image-preview:large, max-video-preview:-1\" \/>\n<link rel=\"canonical\" href=\"https:\/\/www.trend4ward.de\/trendblog\/wohntrends-2017-gruen-gruen-gruen\/\" \/>\n<meta property=\"og:locale\" content=\"de_DE\" \/>\n<meta property=\"og:type\" content=\"article\" \/>\n<meta property=\"og:title\" content=\"Wohntrends 2017: Gr\u00fcn, gr\u00fcn, gr\u00fcn &#8226; trendBlog \u2013 Wohnen, Reisen, Leben und Kultur\" \/>\n<meta property=\"og:description\" content=\"Gr\u00fcn, Farbtrend 2017: Von Mintgr\u00fcn \u00fcber Grasgr\u00fcn und Tannengr\u00fcn bis hin zu Taupe und Petrol mischen Gr\u00fcnt\u00f6ne im Wohnbereich kr\u00e4ftig mit.\" \/>\n<meta property=\"og:url\" content=\"https:\/\/www.trend4ward.de\/trendblog\/wohntrends-2017-gruen-gruen-gruen\/\" \/>\n<meta property=\"og:site_name\" content=\"trendBlog \u2013 Wohnen, Reisen, Leben und Kultur\" \/>\n<meta property=\"article:published_time\" content=\"2016-11-25T12:13:21+00:00\" \/>\n<meta property=\"article:modified_time\" content=\"2017-03-01T17:17:38+00:00\" \/>\n<meta property=\"og:image\" content=\"https:\/\/www.trend4ward.de\/trendblog\/wp-content\/uploads\/2016\/11\/immSpotlight_112016_02_Green_Nya_Nordiska_WorldOfNaturals_Det02.jpg\" \/>\n\t<meta property=\"og:image:width\" content=\"1200\" \/>\n\t<meta property=\"og:image:height\" content=\"985\" \/>\n\t<meta property=\"og:image:type\" content=\"image\/jpeg\" \/>\n<meta name=\"author\" content=\"Evelyn Steinbach\" \/>\n<meta name=\"twitter:label1\" content=\"Verfasst von\" \/>\n\t<meta name=\"twitter:data1\" content=\"Evelyn Steinbach\" \/>\n\t<meta name=\"twitter:label2\" content=\"Gesch\u00e4tzte Lesezeit\" \/>\n\t<meta name=\"twitter:data2\" content=\"3\u00a0Minuten\" \/>\n<script type=\"application\/ld+json\" class=\"yoast-schema-graph\">{\"@context\":\"https:\\\/\\\/schema.org\",\"@graph\":[{\"@type\":\"Article\",\"@id\":\"https:\\\/\\\/www.trend4ward.de\\\/trendblog\\\/wohntrends-2017-gruen-gruen-gruen\\\/#article\",\"isPartOf\":{\"@id\":\"https:\\\/\\\/www.trend4ward.de\\\/trendblog\\\/wohntrends-2017-gruen-gruen-gruen\\\/\"},\"author\":{\"name\":\"Evelyn Steinbach\",\"@id\":\"https:\\\/\\\/www.trend4ward.de\\\/trendblog\\\/#\\\/schema\\\/person\\\/c65dd8afd2fda04893d121f31b2a8ea4\"},\"headline\":\"Wohntrends 2017: Gr\u00fcn, gr\u00fcn, gr\u00fcn\",\"datePublished\":\"2016-11-25T12:13:21+00:00\",\"dateModified\":\"2017-03-01T17:17:38+00:00\",\"mainEntityOfPage\":{\"@id\":\"https:\\\/\\\/www.trend4ward.de\\\/trendblog\\\/wohntrends-2017-gruen-gruen-gruen\\\/\"},\"wordCount\":576,\"commentCount\":0,\"publisher\":{\"@id\":\"https:\\\/\\\/www.trend4ward.de\\\/trendblog\\\/#\\\/schema\\\/person\\\/c65dd8afd2fda04893d121f31b2a8ea4\"},\"image\":{\"@id\":\"https:\\\/\\\/www.trend4ward.de\\\/trendblog\\\/wohntrends-2017-gruen-gruen-gruen\\\/#primaryimage\"},\"thumbnailUrl\":\"https:\\\/\\\/www.trend4ward.de\\\/trendblog\\\/wp-content\\\/uploads\\\/2016\\\/11\\\/immSpotlight_112016_02_Green_Nya_Nordiska_WorldOfNaturals_Det02.jpg\",\"keywords\":[\"Farben &amp; Streichen\",\"Farbtrends\",\"M\u00f6bel\",\"M\u00f6beltrends\",\"Wohntrends\"],\"articleSection\":[\"trendBarometer\",\"Wohnen &amp; Einrichten\"],\"inLanguage\":\"de\",\"potentialAction\":[{\"@type\":\"CommentAction\",\"name\":\"Comment\",\"target\":[\"https:\\\/\\\/www.trend4ward.de\\\/trendblog\\\/wohntrends-2017-gruen-gruen-gruen\\\/#respond\"]}]},{\"@type\":\"WebPage\",\"@id\":\"https:\\\/\\\/www.trend4ward.de\\\/trendblog\\\/wohntrends-2017-gruen-gruen-gruen\\\/\",\"url\":\"https:\\\/\\\/www.trend4ward.de\\\/trendblog\\\/wohntrends-2017-gruen-gruen-gruen\\\/\",\"name\":\"Wohntrends 2017: Gr\u00fcn, gr\u00fcn, gr\u00fcn &#8226; trendBlog \u2013 Wohnen, Reisen, Leben und Kultur\",\"isPartOf\":{\"@id\":\"https:\\\/\\\/www.trend4ward.de\\\/trendblog\\\/#website\"},\"primaryImageOfPage\":{\"@id\":\"https:\\\/\\\/www.trend4ward.de\\\/trendblog\\\/wohntrends-2017-gruen-gruen-gruen\\\/#primaryimage\"},\"image\":{\"@id\":\"https:\\\/\\\/www.trend4ward.de\\\/trendblog\\\/wohntrends-2017-gruen-gruen-gruen\\\/#primaryimage\"},\"thumbnailUrl\":\"https:\\\/\\\/www.trend4ward.de\\\/trendblog\\\/wp-content\\\/uploads\\\/2016\\\/11\\\/immSpotlight_112016_02_Green_Nya_Nordiska_WorldOfNaturals_Det02.jpg\",\"datePublished\":\"2016-11-25T12:13:21+00:00\",\"dateModified\":\"2017-03-01T17:17:38+00:00\",\"description\":\"Gr\u00fcn, Farbtrend 2017: Von Mintgr\u00fcn \u00fcber Grasgr\u00fcn und Tannengr\u00fcn bis hin zu Taupe und Petrol mischen Gr\u00fcnt\u00f6ne im Wohnbereich kr\u00e4ftig mit.\",\"breadcrumb\":{\"@id\":\"https:\\\/\\\/www.trend4ward.de\\\/trendblog\\\/wohntrends-2017-gruen-gruen-gruen\\\/#breadcrumb\"},\"inLanguage\":\"de\",\"potentialAction\":[{\"@type\":\"ReadAction\",\"target\":[\"https:\\\/\\\/www.trend4ward.de\\\/trendblog\\\/wohntrends-2017-gruen-gruen-gruen\\\/\"]}]},{\"@type\":\"ImageObject\",\"inLanguage\":\"de\",\"@id\":\"https:\\\/\\\/www.trend4ward.de\\\/trendblog\\\/wohntrends-2017-gruen-gruen-gruen\\\/#primaryimage\",\"url\":\"https:\\\/\\\/www.trend4ward.de\\\/trendblog\\\/wp-content\\\/uploads\\\/2016\\\/11\\\/immSpotlight_112016_02_Green_Nya_Nordiska_WorldOfNaturals_Det02.jpg\",\"contentUrl\":\"https:\\\/\\\/www.trend4ward.de\\\/trendblog\\\/wp-content\\\/uploads\\\/2016\\\/11\\\/immSpotlight_112016_02_Green_Nya_Nordiska_WorldOfNaturals_Det02.jpg\",\"width\":1200,\"height\":985},{\"@type\":\"BreadcrumbList\",\"@id\":\"https:\\\/\\\/www.trend4ward.de\\\/trendblog\\\/wohntrends-2017-gruen-gruen-gruen\\\/#breadcrumb\",\"itemListElement\":[{\"@type\":\"ListItem\",\"position\":1,\"name\":\"Home\",\"item\":\"https:\\\/\\\/www.trend4ward.de\\\/trendblog\\\/\"},{\"@type\":\"ListItem\",\"position\":2,\"name\":\"Wohntrends 2017: Gr\u00fcn, gr\u00fcn, gr\u00fcn\"}]},{\"@type\":\"WebSite\",\"@id\":\"https:\\\/\\\/www.trend4ward.de\\\/trendblog\\\/#website\",\"url\":\"https:\\\/\\\/www.trend4ward.de\\\/trendblog\\\/\",\"name\":\"trendBlog \u2013 Wohnen, Reisen, Leben und Kultur\",\"description\":\"Portr\u00e4ts, Reportagen, Ratgeber. Seit 2009. Von Evelyn Steinbach.\",\"publisher\":{\"@id\":\"https:\\\/\\\/www.trend4ward.de\\\/trendblog\\\/#\\\/schema\\\/person\\\/c65dd8afd2fda04893d121f31b2a8ea4\"},\"potentialAction\":[{\"@type\":\"SearchAction\",\"target\":{\"@type\":\"EntryPoint\",\"urlTemplate\":\"https:\\\/\\\/www.trend4ward.de\\\/trendblog\\\/?s={search_term_string}\"},\"query-input\":{\"@type\":\"PropertyValueSpecification\",\"valueRequired\":true,\"valueName\":\"search_term_string\"}}],\"inLanguage\":\"de\"},{\"@type\":[\"Person\",\"Organization\"],\"@id\":\"https:\\\/\\\/www.trend4ward.de\\\/trendblog\\\/#\\\/schema\\\/person\\\/c65dd8afd2fda04893d121f31b2a8ea4\",\"name\":\"Evelyn Steinbach\",\"image\":{\"@type\":\"ImageObject\",\"inLanguage\":\"de\",\"@id\":\"https:\\\/\\\/www.trend4ward.de\\\/trendblog\\\/wp-content\\\/uploads\\\/2020\\\/11\\\/cropped-cropped-IMG_6744-e1692617617527.png\",\"url\":\"https:\\\/\\\/www.trend4ward.de\\\/trendblog\\\/wp-content\\\/uploads\\\/2020\\\/11\\\/cropped-cropped-IMG_6744-e1692617617527.png\",\"contentUrl\":\"https:\\\/\\\/www.trend4ward.de\\\/trendblog\\\/wp-content\\\/uploads\\\/2020\\\/11\\\/cropped-cropped-IMG_6744-e1692617617527.png\",\"width\":200,\"height\":183,\"caption\":\"Evelyn Steinbach\"},\"logo\":{\"@id\":\"https:\\\/\\\/www.trend4ward.de\\\/trendblog\\\/wp-content\\\/uploads\\\/2020\\\/11\\\/cropped-cropped-IMG_6744-e1692617617527.png\"},\"sameAs\":[\"http:\\\/\\\/www.trend4ward.de\"],\"url\":\"https:\\\/\\\/www.trend4ward.de\\\/trendblog\\\/author\\\/eve\\\/\"}]}<\/script>\n<!-- \/ Yoast SEO plugin. -->","yoast_head_json":{"title":"Wohntrends 2017: Gr\u00fcn, gr\u00fcn, gr\u00fcn &#8226; trendBlog \u2013 Wohnen, Reisen, Leben und Kultur","description":"Gr\u00fcn, Farbtrend 2017: Von Mintgr\u00fcn \u00fcber Grasgr\u00fcn und Tannengr\u00fcn bis hin zu Taupe und Petrol mischen Gr\u00fcnt\u00f6ne im Wohnbereich kr\u00e4ftig mit.","robots":{"index":"index","follow":"follow","max-snippet":"max-snippet:-1","max-image-preview":"max-image-preview:large","max-video-preview":"max-video-preview:-1"},"canonical":"https:\/\/www.trend4ward.de\/trendblog\/wohntrends-2017-gruen-gruen-gruen\/","og_locale":"de_DE","og_type":"article","og_title":"Wohntrends 2017: Gr\u00fcn, gr\u00fcn, gr\u00fcn &#8226; trendBlog \u2013 Wohnen, Reisen, Leben und Kultur","og_description":"Gr\u00fcn, Farbtrend 2017: Von Mintgr\u00fcn \u00fcber Grasgr\u00fcn und Tannengr\u00fcn bis hin zu Taupe und Petrol mischen Gr\u00fcnt\u00f6ne im Wohnbereich kr\u00e4ftig mit.","og_url":"https:\/\/www.trend4ward.de\/trendblog\/wohntrends-2017-gruen-gruen-gruen\/","og_site_name":"trendBlog \u2013 Wohnen, Reisen, Leben und Kultur","article_published_time":"2016-11-25T12:13:21+00:00","article_modified_time":"2017-03-01T17:17:38+00:00","og_image":[{"width":1200,"height":985,"url":"https:\/\/www.trend4ward.de\/trendblog\/wp-content\/uploads\/2016\/11\/immSpotlight_112016_02_Green_Nya_Nordiska_WorldOfNaturals_Det02.jpg","type":"image\/jpeg"}],"author":"Evelyn Steinbach","twitter_misc":{"Verfasst von":"Evelyn Steinbach","Gesch\u00e4tzte Lesezeit":"3\u00a0Minuten"},"schema":{"@context":"https:\/\/schema.org","@graph":[{"@type":"Article","@id":"https:\/\/www.trend4ward.de\/trendblog\/wohntrends-2017-gruen-gruen-gruen\/#article","isPartOf":{"@id":"https:\/\/www.trend4ward.de\/trendblog\/wohntrends-2017-gruen-gruen-gruen\/"},"author":{"name":"Evelyn Steinbach","@id":"https:\/\/www.trend4ward.de\/trendblog\/#\/schema\/person\/c65dd8afd2fda04893d121f31b2a8ea4"},"headline":"Wohntrends 2017: Gr\u00fcn, gr\u00fcn, gr\u00fcn","datePublished":"2016-11-25T12:13:21+00:00","dateModified":"2017-03-01T17:17:38+00:00","mainEntityOfPage":{"@id":"https:\/\/www.trend4ward.de\/trendblog\/wohntrends-2017-gruen-gruen-gruen\/"},"wordCount":576,"commentCount":0,"publisher":{"@id":"https:\/\/www.trend4ward.de\/trendblog\/#\/schema\/person\/c65dd8afd2fda04893d121f31b2a8ea4"},"image":{"@id":"https:\/\/www.trend4ward.de\/trendblog\/wohntrends-2017-gruen-gruen-gruen\/#primaryimage"},"thumbnailUrl":"https:\/\/www.trend4ward.de\/trendblog\/wp-content\/uploads\/2016\/11\/immSpotlight_112016_02_Green_Nya_Nordiska_WorldOfNaturals_Det02.jpg","keywords":["Farben &amp; Streichen","Farbtrends","M\u00f6bel","M\u00f6beltrends","Wohntrends"],"articleSection":["trendBarometer","Wohnen &amp; Einrichten"],"inLanguage":"de","potentialAction":[{"@type":"CommentAction","name":"Comment","target":["https:\/\/www.trend4ward.de\/trendblog\/wohntrends-2017-gruen-gruen-gruen\/#respond"]}]},{"@type":"WebPage","@id":"https:\/\/www.trend4ward.de\/trendblog\/wohntrends-2017-gruen-gruen-gruen\/","url":"https:\/\/www.trend4ward.de\/trendblog\/wohntrends-2017-gruen-gruen-gruen\/","name":"Wohntrends 2017: Gr\u00fcn, gr\u00fcn, gr\u00fcn &#8226; trendBlog \u2013 Wohnen, Reisen, Leben und Kultur","isPartOf":{"@id":"https:\/\/www.trend4ward.de\/trendblog\/#website"},"primaryImageOfPage":{"@id":"https:\/\/www.trend4ward.de\/trendblog\/wohntrends-2017-gruen-gruen-gruen\/#primaryimage"},"image":{"@id":"https:\/\/www.trend4ward.de\/trendblog\/wohntrends-2017-gruen-gruen-gruen\/#primaryimage"},"thumbnailUrl":"https:\/\/www.trend4ward.de\/trendblog\/wp-content\/uploads\/2016\/11\/immSpotlight_112016_02_Green_Nya_Nordiska_WorldOfNaturals_Det02.jpg","datePublished":"2016-11-25T12:13:21+00:00","dateModified":"2017-03-01T17:17:38+00:00","description":"Gr\u00fcn, Farbtrend 2017: Von Mintgr\u00fcn \u00fcber Grasgr\u00fcn und Tannengr\u00fcn bis hin zu Taupe und Petrol mischen Gr\u00fcnt\u00f6ne im Wohnbereich kr\u00e4ftig mit.","breadcrumb":{"@id":"https:\/\/www.trend4ward.de\/trendblog\/wohntrends-2017-gruen-gruen-gruen\/#breadcrumb"},"inLanguage":"de","potentialAction":[{"@type":"ReadAction","target":["https:\/\/www.trend4ward.de\/trendblog\/wohntrends-2017-gruen-gruen-gruen\/"]}]},{"@type":"ImageObject","inLanguage":"de","@id":"https:\/\/www.trend4ward.de\/trendblog\/wohntrends-2017-gruen-gruen-gruen\/#primaryimage","url":"https:\/\/www.trend4ward.de\/trendblog\/wp-content\/uploads\/2016\/11\/immSpotlight_112016_02_Green_Nya_Nordiska_WorldOfNaturals_Det02.jpg","contentUrl":"https:\/\/www.trend4ward.de\/trendblog\/wp-content\/uploads\/2016\/11\/immSpotlight_112016_02_Green_Nya_Nordiska_WorldOfNaturals_Det02.jpg","width":1200,"height":985},{"@type":"BreadcrumbList","@id":"https:\/\/www.trend4ward.de\/trendblog\/wohntrends-2017-gruen-gruen-gruen\/#breadcrumb","itemListElement":[{"@type":"ListItem","position":1,"name":"Home","item":"https:\/\/www.trend4ward.de\/trendblog\/"},{"@type":"ListItem","position":2,"name":"Wohntrends 2017: Gr\u00fcn, gr\u00fcn, gr\u00fcn"}]},{"@type":"WebSite","@id":"https:\/\/www.trend4ward.de\/trendblog\/#website","url":"https:\/\/www.trend4ward.de\/trendblog\/","name":"trendBlog \u2013 Wohnen, Reisen, Leben und Kultur","description":"Portr\u00e4ts, Reportagen, Ratgeber. Seit 2009. Von Evelyn Steinbach.","publisher":{"@id":"https:\/\/www.trend4ward.de\/trendblog\/#\/schema\/person\/c65dd8afd2fda04893d121f31b2a8ea4"},"potentialAction":[{"@type":"SearchAction","target":{"@type":"EntryPoint","urlTemplate":"https:\/\/www.trend4ward.de\/trendblog\/?s={search_term_string}"},"query-input":{"@type":"PropertyValueSpecification","valueRequired":true,"valueName":"search_term_string"}}],"inLanguage":"de"},{"@type":["Person","Organization"],"@id":"https:\/\/www.trend4ward.de\/trendblog\/#\/schema\/person\/c65dd8afd2fda04893d121f31b2a8ea4","name":"Evelyn Steinbach","image":{"@type":"ImageObject","inLanguage":"de","@id":"https:\/\/www.trend4ward.de\/trendblog\/wp-content\/uploads\/2020\/11\/cropped-cropped-IMG_6744-e1692617617527.png","url":"https:\/\/www.trend4ward.de\/trendblog\/wp-content\/uploads\/2020\/11\/cropped-cropped-IMG_6744-e1692617617527.png","contentUrl":"https:\/\/www.trend4ward.de\/trendblog\/wp-content\/uploads\/2020\/11\/cropped-cropped-IMG_6744-e1692617617527.png","width":200,"height":183,"caption":"Evelyn Steinbach"},"logo":{"@id":"https:\/\/www.trend4ward.de\/trendblog\/wp-content\/uploads\/2020\/11\/cropped-cropped-IMG_6744-e1692617617527.png"},"sameAs":["http:\/\/www.trend4ward.de"],"url":"https:\/\/www.trend4ward.de\/trendblog\/author\/eve\/"}]}},"jetpack_featured_media_url":"https:\/\/www.trend4ward.de\/trendblog\/wp-content\/uploads\/2016\/11\/immSpotlight_112016_02_Green_Nya_Nordiska_WorldOfNaturals_Det02.jpg","jetpack_sharing_enabled":true,"_links":{"self":[{"href":"https:\/\/www.trend4ward.de\/trendblog\/wp-json\/wp\/v2\/posts\/2997","targetHints":{"allow":["GET"]}}],"collection":[{"href":"https:\/\/www.trend4ward.de\/trendblog\/wp-json\/wp\/v2\/posts"}],"about":[{"href":"https:\/\/www.trend4ward.de\/trendblog\/wp-json\/wp\/v2\/types\/post"}],"author":[{"embeddable":true,"href":"https:\/\/www.trend4ward.de\/trendblog\/wp-json\/wp\/v2\/users\/1"}],"replies":[{"embeddable":true,"href":"https:\/\/www.trend4ward.de\/trendblog\/wp-json\/wp\/v2\/comments?post=2997"}],"version-history":[{"count":10,"href":"https:\/\/www.trend4ward.de\/trendblog\/wp-json\/wp\/v2\/posts\/2997\/revisions"}],"predecessor-version":[{"id":3154,"href":"https:\/\/www.trend4ward.de\/trendblog\/wp-json\/wp\/v2\/posts\/2997\/revisions\/3154"}],"wp:featuredmedia":[{"embeddable":true,"href":"https:\/\/www.trend4ward.de\/trendblog\/wp-json\/wp\/v2\/media\/3000"}],"wp:attachment":[{"href":"https:\/\/www.trend4ward.de\/trendblog\/wp-json\/wp\/v2\/media?parent=2997"}],"wp:term":[{"taxonomy":"category","embeddable":true,"href":"https:\/\/www.trend4ward.de\/trendblog\/wp-json\/wp\/v2\/categories?post=2997"},{"taxonomy":"post_tag","embeddable":true,"href":"https:\/\/www.trend4ward.de\/trendblog\/wp-json\/wp\/v2\/tags?post=2997"}],"curies":[{"name":"wp","href":"https:\/\/api.w.org\/{rel}","templated":true}]}}