{"id":3248,"date":"2017-03-19T14:04:35","date_gmt":"2017-03-19T13:04:35","guid":{"rendered":"https:\/\/www.trend4ward.de\/trendblog\/?p=3248"},"modified":"2017-10-04T17:04:56","modified_gmt":"2017-10-04T15:04:56","slug":"wohnen-in-der-zukunft-was-kommt-was-bleibt","status":"publish","type":"post","link":"https:\/\/www.trend4ward.de\/trendblog\/wohnen-in-der-zukunft-was-kommt-was-bleibt\/","title":{"rendered":"Wohnen in der Zukunft: Was kommt, was bleibt?"},"content":{"rendered":"<p class=\"p1\"><strong><span class=\"s1\">Die neue&nbsp;Trendstudie des Zukunftsinstituts zeigt, wie&nbsp;sich die Zukunft des Wohnens langfristig entwickelt. <\/span><\/strong><!--more--><\/p>\n<p class=\"p1\"><strong><span class=\"s1\">Dominante Treiber sind zw\u00f6lf Megatrends, wie Urbanisierung, Individualisierung und Konnektivit\u00e4t. Sie bestimmen die Art und Weise, wie wir wohnen, arbeiten und zusammenleben werden.<\/span><\/strong><!--more--><\/p>\n<p class=\"p1\"><span class=\"s1\">Der Anspruch an das eigene Heim, den Arbeitsort und den \u00f6ffentlichen Raum wandelt sich. Das ver\u00e4ndert die Form und Funktionalit\u00e4t von St\u00e4dten, Wohnr\u00e4umen, Arbeitspl\u00e4tzen, M\u00f6beln und Einrichtungsgegenst\u00e4nden und pr\u00e4gt die Zukunft des Wohnens: St\u00e4dte bekommen l\u00e4ndliche Strukturen. Co-Housing wird schrittweise zur Norm. \u00d6ffentliche Fl\u00e4chen werden gemeinschaftlicher genutzt. M\u00f6bel werden als Teil dieses hyperlokalen Gesamtkonzeptes noch multifunktionaler. Und grunds\u00e4tzlich zeigt sich: Wohnen wird achtsamer. Diese und weitere Trends hat das Zukunftsinstitut in einer&nbsp;neuen Trendstudie untersucht. \u201cKaum etwas bestimmt unser Leben so sehr, wie die R\u00e4ume, die uns umgeben. Beim Thema Wohnen manifestiert sich die ganze Tragweite der Megatrends. Hier wird ihre Wirkung sichtbar und sp\u00fcrbar\u201d, erl\u00e4utert Harry Gatterer, Gesch\u00e4ftsf\u00fchrer des Zukunftsinstituts.<\/span><\/p>\n<h2 class=\"p1\"><span class=\"s1\">\u201cShared metres\u201d statt \u201csquared metres\u201d<\/span><\/h2>\n<p class=\"p1\"><span class=\"s1\">Die Zukunft des flexiblen Wohnens bedeutet, sich von der Idee fester Raumfunktionen und -konstellationen zu verabschieden. \u201cEs geht darum, Lebensr\u00e4ume zu schaffen, die eine Anpassung an sich stetig wandelnde Bed\u00fcrfnisse erm\u00f6glichen. In Zukunft bestimmt nicht nur die r\u00e4umliche Privatsph\u00e4re die Lebensqualit\u00e4t. Der Schwerpunkt verschiebt sich von \u2018square meters\u2019 hin zu \u2018shared meters\u2019. Das stellt das traditionelle Verst\u00e4ndnis der eigenen vier W\u00e4nde auf den Kopf\u201d, erkl\u00e4rt Oona Horx-Strathern. Um diese und andere paradoxe Ph\u00e4nomene des \u201cWohnens\u201d zu beschreiben, haben die Autorinnen mit \u201cschwingenden\u201d Fragen gearbeitet. Dieser Zugang hat neue Perspektiven erm\u00f6glicht und zu Erkenntnissen jenseits bekannter Klischees gef\u00fchrt. Das Ergebnis sind 50 Antworten auf praktische, philosophische und Megatrend-Fragen zur Wohnwelt von morgen.<\/span><\/p>\n<h2 class=\"p1\"><span class=\"s1\">Das Zuhause wird in Zukunft achtsam<\/span><\/h2>\n<p class=\"p1\"><span class=\"s1\">\r<div class=\"GARD gard_basic_mode\" id=\"google-ads-56Ei\"><script >\radUnit = document.getElementById(\"google-ads-56Ei\");\radWidth = adUnit.offsetWidth;\r\rif ( adWidth >= 999999 ) {\r\/* GETTING THE FIRST IF OUT OF THE WAY *\/ \r} else {\rgoogle_ad_slot = \"0\";\radUnit.style.display = \"none\";\r}\radUnit.className = adUnit.className + \" ad_unit \" + tag;\rgoogle_ad_client = \"ca-pub-6170969419645551\";\radUnit.style.cssFloat  = \"left\";\radUnit.style.styleFloat  = \"left\";\radUnit.style.margin = \"0 10px 10px 0\";\radUnit.style.textAlign = \"initial\";\rgoogle_color_border = \"FFFFFF\";\rgoogle_color_bg = \"FFFFFF\";\rgoogle_color_link = \"999999\";\rgoogle_color_url = \"99cc33\";\rgoogle_color_text = \"666666\";\rgoogle_ui_features = \"rc:\";\r<\/script>\r<script  src=\"\/\/pagead2.googlesyndication.com\/pagead\/show_ads.js\"><\/script>\r<\/div> Bei aller \u00d6ffnung hin zur Gemeinschaft und dem Streben nach Multi-Funktionalit\u00e4t folgt die Zukunft des Wohnens aber vor allem einem Trend: Achtsamkeit. Der zuk\u00fcnftige Wohnraum ist nicht einfach eine wilde Mixtur aus Heim, Arbeitsplatz, und sozialem Treffpunkt. Um sich den einzelnen Aspekten des Lebens fokussiert zu widmen, brauchen die jeweiligen R\u00e4ume Abgrenzung voneinander und klare Strukturen. Strukturen, die es erm\u00f6glichen, sich gezielt einer T\u00e4tigkeit mit gr\u00f6\u00dfter \u201eAchtsamkeit\u201c hinzugeben. Das gilt f\u00fcr die K\u00fcche als Ort gemeinschaftlichen Kochens genauso wie f\u00fcr das Bad als Ort des pers\u00f6nlichen R\u00fcckzugs. Die Wertigkeit eines jeden Raums wird in Zukunft noch st\u00e4rker hervorgehoben werden. \u201cDie Prinzipien der Achtsamkeit in Architektur, Design und Denken sind nat\u00fcrlich nicht nur f\u00fcr das eigene Zuhause von Bedeutung, sondern auch &#8211; in einem gr\u00f6\u00dferen Ma\u00dfstab &#8211; f\u00fcr die St\u00e4dteplanung\u201d, so Varga.<\/span><\/p>\n<h2 class=\"p1\"><span class=\"s1\">Das Agora-Prinzip f\u00fcr den \u00f6ffentlichen Raum<\/span><\/h2>\n<p class=\"p1\"><span class=\"s1\">Neue Gemeinschaftsprinzipien sind der Kern des Trends zum kooperativen, kollektiven Leben. In Zukunft kommt es darauf an, die Welt zum Wohnraum zu machen, indem man die gemeinschaftliche Nutzung \u00f6ffentlicher Fl\u00e4chen f\u00f6rdert und f\u00fcr mehr \u00f6ffentlichen Raum innerhalb von Geb\u00e4uden sorgt. \u201cDamit das Agora-Prinzip funktioniert, brauchen wir Diversit\u00e4t im \u00f6ffentlichen Raum &#8211; bei Ideen, Waren, Dienstleistungen und nicht zuletzt bei den Menschen\u201d, so Horx-Strathern. Geschickt umgesetzt wurde dies am Kings Cross in London. Es ist eine gelungene Kombination aus \u00f6ffentlicher und privater Stadtentwicklung, durch die der einstige Rotlicht- und Drogenbezirk Londons zu einem der begehrtesten Wohnviertel wurde.<\/span><\/p>\n<h2 class=\"p1\"><span class=\"s1\">Philosophischer Blickw er\u00f6ffnet neue M\u00f6glichkeiten<\/span><\/h2>\n<p class=\"p1\"><span class=\"s1\">\u201cDie philosophische Dimension des Wohnens wird heute weitestgehend au\u00dfer Acht gelassen. Aber immer h\u00e4ufiger werden wir diese Diskurse f\u00fchren m\u00fcssen. Weil das 21. Jahrhundert vor allem einen Umgang mit Paradoxien fordert\u201d, betont Harry Gatterer. In der Studie werden folgende Fragen gestellt: Wie gl\u00fccklich m\u00fcssen unsere St\u00e4dte sein? Wie kann das Flanieren und helfen, die Stadt zur\u00fcckzuerobern? Wie \u201csmart m\u00fcssen H\u00e4user sein? Letztere beantwortet Horx-Strathern so: \u201cLebendiges Wohnen hei\u00dft, sich mit dem Anderen und der Umwelt zu besch\u00e4ftigen. Es ist etwas genuin Sinnliches und Menschliches. Das Smart Home braucht daher eine soziale Intelligenz. Die technologische \u00dcberfrachtung ist kein zukunftsf\u00e4higes Modell.\u201d<\/span><\/p>\n<p class=\"p1\">&nbsp;<\/p>\n<p class=\"p1\"><span class=\"s1\"><strong><a href=\"https:\/\/www.trend4ward.de\/trendblog\/wp-content\/uploads\/2017\/03\/2017-50Insights-MockUp.jpg\"><img loading=\"lazy\" decoding=\"async\" class=\"alignleft wp-image-3250 size-medium\" src=\"https:\/\/www.trend4ward.de\/trendblog\/wp-content\/uploads\/2017\/03\/2017-50Insights-MockUp-245x300.jpg\" alt=\"Wohnen in der Zukunft\" width=\"245\" height=\"300\" srcset=\"https:\/\/www.trend4ward.de\/trendblog\/wp-content\/uploads\/2017\/03\/2017-50Insights-MockUp-245x300.jpg 245w, https:\/\/www.trend4ward.de\/trendblog\/wp-content\/uploads\/2017\/03\/2017-50Insights-MockUp-768x939.jpg 768w, https:\/\/www.trend4ward.de\/trendblog\/wp-content\/uploads\/2017\/03\/2017-50Insights-MockUp-49x60.jpg 49w, https:\/\/www.trend4ward.de\/trendblog\/wp-content\/uploads\/2017\/03\/2017-50Insights-MockUp.jpg 800w\" sizes=\"auto, (max-width: 245px) 100vw, 245px\" \/><\/a>50 Insights &#8211; Zukunft des Wohnens<\/strong><br \/>\nAutorInnen: Oona Horx-Strathern, Christiane Varga, Matthias Horx<\/span><\/p>\n<p class=\"p1\">Preis: 190,00 \u20ac zzgl. MwSt.&nbsp;<\/p>\n<p class=\"p1\"><span class=\"s1\">ISBN: 978-3-945647-38-7<\/span><\/p>\n<p class=\"p1\">&nbsp;<\/p>\n<p class=\"p1\">&nbsp;<\/p>\n<p class=\"p1\">&nbsp;<\/p>\n<p class=\"p1\">&nbsp;<\/p>\n","protected":false},"excerpt":{"rendered":"<p>Die neue&nbsp;Trendstudie des Zukunftsinstituts zeigt, wie&nbsp;sich die Zukunft des Wohnens langfristig entwickelt.<\/p>\n","protected":false},"author":1,"featured_media":3877,"comment_status":"open","ping_status":"open","sticky":false,"template":"","format":"standard","meta":{"om_disable_all_campaigns":false,"_monsterinsights_skip_tracking":false,"_monsterinsights_sitenote_active":false,"_monsterinsights_sitenote_note":"","_monsterinsights_sitenote_category":0,"_uf_show_specific_survey":0,"_uf_disable_surveys":false,"neve_meta_sidebar":"","neve_meta_container":"","neve_meta_enable_content_width":"","neve_meta_content_width":0,"neve_meta_title_alignment":"","neve_meta_author_avatar":"","neve_post_elements_order":"","neve_meta_disable_header":"","neve_meta_disable_footer":"","neve_meta_disable_title":"","ngg_post_thumbnail":0,"_jetpack_memberships_contains_paid_content":false,"footnotes":""},"categories":[3,15],"tags":[133,39,93,35],"class_list":["post-3248","post","type-post","status-publish","format-standard","has-post-thumbnail","hentry","category-trendbarometer","category-wohnen","tag-buchtipp","tag-haus","tag-wohntrends","tag-zukunft"],"yoast_head":"<!-- This site is optimized with the Yoast SEO plugin v27.4 - https:\/\/yoast.com\/product\/yoast-seo-wordpress\/ -->\n<title>Wohnen in der Zukunft: Was kommt, was bleibt? &#8226; trendBlog \u2013 Wohnen, Reisen, Leben und Kultur<\/title>\n<meta name=\"description\" content=\"Die neue Trendstudie des Zukunftsinstituts hat 50 Antworten, wie wir in der Zukunft wohnen und leben werden.\" \/>\n<meta name=\"robots\" content=\"index, follow, max-snippet:-1, max-image-preview:large, max-video-preview:-1\" \/>\n<link rel=\"canonical\" href=\"https:\/\/www.trend4ward.de\/trendblog\/wohnen-in-der-zukunft-was-kommt-was-bleibt\/\" \/>\n<meta property=\"og:locale\" content=\"de_DE\" \/>\n<meta property=\"og:type\" content=\"article\" \/>\n<meta property=\"og:title\" content=\"Wohnen in der Zukunft: Was kommt, was bleibt? &#8226; trendBlog \u2013 Wohnen, Reisen, Leben und Kultur\" \/>\n<meta property=\"og:description\" content=\"Die neue Trendstudie des Zukunftsinstituts hat 50 Antworten, wie wir in der Zukunft wohnen und leben werden.\" \/>\n<meta property=\"og:url\" content=\"https:\/\/www.trend4ward.de\/trendblog\/wohnen-in-der-zukunft-was-kommt-was-bleibt\/\" \/>\n<meta property=\"og:site_name\" content=\"trendBlog \u2013 Wohnen, Reisen, Leben und Kultur\" \/>\n<meta property=\"article:published_time\" content=\"2017-03-19T13:04:35+00:00\" \/>\n<meta property=\"article:modified_time\" content=\"2017-10-04T15:04:56+00:00\" \/>\n<meta property=\"og:image\" content=\"https:\/\/www.trend4ward.de\/trendblog\/wp-content\/uploads\/2017\/10\/Dulux_rot.jpg\" \/>\n\t<meta property=\"og:image:width\" content=\"900\" \/>\n\t<meta property=\"og:image:height\" content=\"907\" \/>\n\t<meta property=\"og:image:type\" content=\"image\/jpeg\" \/>\n<meta name=\"author\" content=\"Evelyn Steinbach\" \/>\n<meta name=\"twitter:label1\" content=\"Verfasst von\" \/>\n\t<meta name=\"twitter:data1\" content=\"Evelyn Steinbach\" \/>\n\t<meta name=\"twitter:label2\" content=\"Gesch\u00e4tzte Lesezeit\" \/>\n\t<meta name=\"twitter:data2\" content=\"4\u00a0Minuten\" \/>\n<script type=\"application\/ld+json\" class=\"yoast-schema-graph\">{\"@context\":\"https:\\\/\\\/schema.org\",\"@graph\":[{\"@type\":\"Article\",\"@id\":\"https:\\\/\\\/www.trend4ward.de\\\/trendblog\\\/wohnen-in-der-zukunft-was-kommt-was-bleibt\\\/#article\",\"isPartOf\":{\"@id\":\"https:\\\/\\\/www.trend4ward.de\\\/trendblog\\\/wohnen-in-der-zukunft-was-kommt-was-bleibt\\\/\"},\"author\":{\"name\":\"Evelyn Steinbach\",\"@id\":\"https:\\\/\\\/www.trend4ward.de\\\/trendblog\\\/#\\\/schema\\\/person\\\/c65dd8afd2fda04893d121f31b2a8ea4\"},\"headline\":\"Wohnen in der Zukunft: Was kommt, was bleibt?\",\"datePublished\":\"2017-03-19T13:04:35+00:00\",\"dateModified\":\"2017-10-04T15:04:56+00:00\",\"mainEntityOfPage\":{\"@id\":\"https:\\\/\\\/www.trend4ward.de\\\/trendblog\\\/wohnen-in-der-zukunft-was-kommt-was-bleibt\\\/\"},\"wordCount\":716,\"commentCount\":0,\"publisher\":{\"@id\":\"https:\\\/\\\/www.trend4ward.de\\\/trendblog\\\/#\\\/schema\\\/person\\\/c65dd8afd2fda04893d121f31b2a8ea4\"},\"image\":{\"@id\":\"https:\\\/\\\/www.trend4ward.de\\\/trendblog\\\/wohnen-in-der-zukunft-was-kommt-was-bleibt\\\/#primaryimage\"},\"thumbnailUrl\":\"https:\\\/\\\/www.trend4ward.de\\\/trendblog\\\/wp-content\\\/uploads\\\/2017\\\/10\\\/Dulux_rot.jpg\",\"keywords\":[\"Buchtipps\",\"Haus &amp; Immobilien\",\"Wohntrends\",\"Zukunft\"],\"articleSection\":[\"trendBarometer\",\"Wohnen &amp; Einrichten\"],\"inLanguage\":\"de\",\"potentialAction\":[{\"@type\":\"CommentAction\",\"name\":\"Comment\",\"target\":[\"https:\\\/\\\/www.trend4ward.de\\\/trendblog\\\/wohnen-in-der-zukunft-was-kommt-was-bleibt\\\/#respond\"]}]},{\"@type\":\"WebPage\",\"@id\":\"https:\\\/\\\/www.trend4ward.de\\\/trendblog\\\/wohnen-in-der-zukunft-was-kommt-was-bleibt\\\/\",\"url\":\"https:\\\/\\\/www.trend4ward.de\\\/trendblog\\\/wohnen-in-der-zukunft-was-kommt-was-bleibt\\\/\",\"name\":\"Wohnen in der Zukunft: Was kommt, was bleibt? &#8226; trendBlog \u2013 Wohnen, Reisen, Leben und Kultur\",\"isPartOf\":{\"@id\":\"https:\\\/\\\/www.trend4ward.de\\\/trendblog\\\/#website\"},\"primaryImageOfPage\":{\"@id\":\"https:\\\/\\\/www.trend4ward.de\\\/trendblog\\\/wohnen-in-der-zukunft-was-kommt-was-bleibt\\\/#primaryimage\"},\"image\":{\"@id\":\"https:\\\/\\\/www.trend4ward.de\\\/trendblog\\\/wohnen-in-der-zukunft-was-kommt-was-bleibt\\\/#primaryimage\"},\"thumbnailUrl\":\"https:\\\/\\\/www.trend4ward.de\\\/trendblog\\\/wp-content\\\/uploads\\\/2017\\\/10\\\/Dulux_rot.jpg\",\"datePublished\":\"2017-03-19T13:04:35+00:00\",\"dateModified\":\"2017-10-04T15:04:56+00:00\",\"description\":\"Die neue Trendstudie des Zukunftsinstituts hat 50 Antworten, wie wir in der Zukunft wohnen und leben werden.\",\"breadcrumb\":{\"@id\":\"https:\\\/\\\/www.trend4ward.de\\\/trendblog\\\/wohnen-in-der-zukunft-was-kommt-was-bleibt\\\/#breadcrumb\"},\"inLanguage\":\"de\",\"potentialAction\":[{\"@type\":\"ReadAction\",\"target\":[\"https:\\\/\\\/www.trend4ward.de\\\/trendblog\\\/wohnen-in-der-zukunft-was-kommt-was-bleibt\\\/\"]}]},{\"@type\":\"ImageObject\",\"inLanguage\":\"de\",\"@id\":\"https:\\\/\\\/www.trend4ward.de\\\/trendblog\\\/wohnen-in-der-zukunft-was-kommt-was-bleibt\\\/#primaryimage\",\"url\":\"https:\\\/\\\/www.trend4ward.de\\\/trendblog\\\/wp-content\\\/uploads\\\/2017\\\/10\\\/Dulux_rot.jpg\",\"contentUrl\":\"https:\\\/\\\/www.trend4ward.de\\\/trendblog\\\/wp-content\\\/uploads\\\/2017\\\/10\\\/Dulux_rot.jpg\",\"width\":900,\"height\":907},{\"@type\":\"BreadcrumbList\",\"@id\":\"https:\\\/\\\/www.trend4ward.de\\\/trendblog\\\/wohnen-in-der-zukunft-was-kommt-was-bleibt\\\/#breadcrumb\",\"itemListElement\":[{\"@type\":\"ListItem\",\"position\":1,\"name\":\"Home\",\"item\":\"https:\\\/\\\/www.trend4ward.de\\\/trendblog\\\/\"},{\"@type\":\"ListItem\",\"position\":2,\"name\":\"Wohnen in der Zukunft: Was kommt, was bleibt?\"}]},{\"@type\":\"WebSite\",\"@id\":\"https:\\\/\\\/www.trend4ward.de\\\/trendblog\\\/#website\",\"url\":\"https:\\\/\\\/www.trend4ward.de\\\/trendblog\\\/\",\"name\":\"trendBlog \u2013 Wohnen, Reisen, Leben und Kultur\",\"description\":\"Portr\u00e4ts, Reportagen, Ratgeber. Seit 2009. Von Evelyn Steinbach.\",\"publisher\":{\"@id\":\"https:\\\/\\\/www.trend4ward.de\\\/trendblog\\\/#\\\/schema\\\/person\\\/c65dd8afd2fda04893d121f31b2a8ea4\"},\"potentialAction\":[{\"@type\":\"SearchAction\",\"target\":{\"@type\":\"EntryPoint\",\"urlTemplate\":\"https:\\\/\\\/www.trend4ward.de\\\/trendblog\\\/?s={search_term_string}\"},\"query-input\":{\"@type\":\"PropertyValueSpecification\",\"valueRequired\":true,\"valueName\":\"search_term_string\"}}],\"inLanguage\":\"de\"},{\"@type\":[\"Person\",\"Organization\"],\"@id\":\"https:\\\/\\\/www.trend4ward.de\\\/trendblog\\\/#\\\/schema\\\/person\\\/c65dd8afd2fda04893d121f31b2a8ea4\",\"name\":\"Evelyn Steinbach\",\"image\":{\"@type\":\"ImageObject\",\"inLanguage\":\"de\",\"@id\":\"https:\\\/\\\/www.trend4ward.de\\\/trendblog\\\/wp-content\\\/uploads\\\/2020\\\/11\\\/cropped-cropped-IMG_6744-e1692617617527.png\",\"url\":\"https:\\\/\\\/www.trend4ward.de\\\/trendblog\\\/wp-content\\\/uploads\\\/2020\\\/11\\\/cropped-cropped-IMG_6744-e1692617617527.png\",\"contentUrl\":\"https:\\\/\\\/www.trend4ward.de\\\/trendblog\\\/wp-content\\\/uploads\\\/2020\\\/11\\\/cropped-cropped-IMG_6744-e1692617617527.png\",\"width\":200,\"height\":183,\"caption\":\"Evelyn Steinbach\"},\"logo\":{\"@id\":\"https:\\\/\\\/www.trend4ward.de\\\/trendblog\\\/wp-content\\\/uploads\\\/2020\\\/11\\\/cropped-cropped-IMG_6744-e1692617617527.png\"},\"sameAs\":[\"http:\\\/\\\/www.trend4ward.de\"],\"url\":\"https:\\\/\\\/www.trend4ward.de\\\/trendblog\\\/author\\\/eve\\\/\"}]}<\/script>\n<!-- \/ Yoast SEO plugin. -->","yoast_head_json":{"title":"Wohnen in der Zukunft: Was kommt, was bleibt? &#8226; trendBlog \u2013 Wohnen, Reisen, Leben und Kultur","description":"Die neue Trendstudie des Zukunftsinstituts hat 50 Antworten, wie wir in der Zukunft wohnen und leben werden.","robots":{"index":"index","follow":"follow","max-snippet":"max-snippet:-1","max-image-preview":"max-image-preview:large","max-video-preview":"max-video-preview:-1"},"canonical":"https:\/\/www.trend4ward.de\/trendblog\/wohnen-in-der-zukunft-was-kommt-was-bleibt\/","og_locale":"de_DE","og_type":"article","og_title":"Wohnen in der Zukunft: Was kommt, was bleibt? &#8226; trendBlog \u2013 Wohnen, Reisen, Leben und Kultur","og_description":"Die neue Trendstudie des Zukunftsinstituts hat 50 Antworten, wie wir in der Zukunft wohnen und leben werden.","og_url":"https:\/\/www.trend4ward.de\/trendblog\/wohnen-in-der-zukunft-was-kommt-was-bleibt\/","og_site_name":"trendBlog \u2013 Wohnen, Reisen, Leben und Kultur","article_published_time":"2017-03-19T13:04:35+00:00","article_modified_time":"2017-10-04T15:04:56+00:00","og_image":[{"width":900,"height":907,"url":"https:\/\/www.trend4ward.de\/trendblog\/wp-content\/uploads\/2017\/10\/Dulux_rot.jpg","type":"image\/jpeg"}],"author":"Evelyn Steinbach","twitter_misc":{"Verfasst von":"Evelyn Steinbach","Gesch\u00e4tzte Lesezeit":"4\u00a0Minuten"},"schema":{"@context":"https:\/\/schema.org","@graph":[{"@type":"Article","@id":"https:\/\/www.trend4ward.de\/trendblog\/wohnen-in-der-zukunft-was-kommt-was-bleibt\/#article","isPartOf":{"@id":"https:\/\/www.trend4ward.de\/trendblog\/wohnen-in-der-zukunft-was-kommt-was-bleibt\/"},"author":{"name":"Evelyn Steinbach","@id":"https:\/\/www.trend4ward.de\/trendblog\/#\/schema\/person\/c65dd8afd2fda04893d121f31b2a8ea4"},"headline":"Wohnen in der Zukunft: Was kommt, was bleibt?","datePublished":"2017-03-19T13:04:35+00:00","dateModified":"2017-10-04T15:04:56+00:00","mainEntityOfPage":{"@id":"https:\/\/www.trend4ward.de\/trendblog\/wohnen-in-der-zukunft-was-kommt-was-bleibt\/"},"wordCount":716,"commentCount":0,"publisher":{"@id":"https:\/\/www.trend4ward.de\/trendblog\/#\/schema\/person\/c65dd8afd2fda04893d121f31b2a8ea4"},"image":{"@id":"https:\/\/www.trend4ward.de\/trendblog\/wohnen-in-der-zukunft-was-kommt-was-bleibt\/#primaryimage"},"thumbnailUrl":"https:\/\/www.trend4ward.de\/trendblog\/wp-content\/uploads\/2017\/10\/Dulux_rot.jpg","keywords":["Buchtipps","Haus &amp; Immobilien","Wohntrends","Zukunft"],"articleSection":["trendBarometer","Wohnen &amp; Einrichten"],"inLanguage":"de","potentialAction":[{"@type":"CommentAction","name":"Comment","target":["https:\/\/www.trend4ward.de\/trendblog\/wohnen-in-der-zukunft-was-kommt-was-bleibt\/#respond"]}]},{"@type":"WebPage","@id":"https:\/\/www.trend4ward.de\/trendblog\/wohnen-in-der-zukunft-was-kommt-was-bleibt\/","url":"https:\/\/www.trend4ward.de\/trendblog\/wohnen-in-der-zukunft-was-kommt-was-bleibt\/","name":"Wohnen in der Zukunft: Was kommt, was bleibt? &#8226; trendBlog \u2013 Wohnen, Reisen, Leben und Kultur","isPartOf":{"@id":"https:\/\/www.trend4ward.de\/trendblog\/#website"},"primaryImageOfPage":{"@id":"https:\/\/www.trend4ward.de\/trendblog\/wohnen-in-der-zukunft-was-kommt-was-bleibt\/#primaryimage"},"image":{"@id":"https:\/\/www.trend4ward.de\/trendblog\/wohnen-in-der-zukunft-was-kommt-was-bleibt\/#primaryimage"},"thumbnailUrl":"https:\/\/www.trend4ward.de\/trendblog\/wp-content\/uploads\/2017\/10\/Dulux_rot.jpg","datePublished":"2017-03-19T13:04:35+00:00","dateModified":"2017-10-04T15:04:56+00:00","description":"Die neue Trendstudie des Zukunftsinstituts hat 50 Antworten, wie wir in der Zukunft wohnen und leben werden.","breadcrumb":{"@id":"https:\/\/www.trend4ward.de\/trendblog\/wohnen-in-der-zukunft-was-kommt-was-bleibt\/#breadcrumb"},"inLanguage":"de","potentialAction":[{"@type":"ReadAction","target":["https:\/\/www.trend4ward.de\/trendblog\/wohnen-in-der-zukunft-was-kommt-was-bleibt\/"]}]},{"@type":"ImageObject","inLanguage":"de","@id":"https:\/\/www.trend4ward.de\/trendblog\/wohnen-in-der-zukunft-was-kommt-was-bleibt\/#primaryimage","url":"https:\/\/www.trend4ward.de\/trendblog\/wp-content\/uploads\/2017\/10\/Dulux_rot.jpg","contentUrl":"https:\/\/www.trend4ward.de\/trendblog\/wp-content\/uploads\/2017\/10\/Dulux_rot.jpg","width":900,"height":907},{"@type":"BreadcrumbList","@id":"https:\/\/www.trend4ward.de\/trendblog\/wohnen-in-der-zukunft-was-kommt-was-bleibt\/#breadcrumb","itemListElement":[{"@type":"ListItem","position":1,"name":"Home","item":"https:\/\/www.trend4ward.de\/trendblog\/"},{"@type":"ListItem","position":2,"name":"Wohnen in der Zukunft: Was kommt, was bleibt?"}]},{"@type":"WebSite","@id":"https:\/\/www.trend4ward.de\/trendblog\/#website","url":"https:\/\/www.trend4ward.de\/trendblog\/","name":"trendBlog \u2013 Wohnen, Reisen, Leben und Kultur","description":"Portr\u00e4ts, Reportagen, Ratgeber. Seit 2009. Von Evelyn Steinbach.","publisher":{"@id":"https:\/\/www.trend4ward.de\/trendblog\/#\/schema\/person\/c65dd8afd2fda04893d121f31b2a8ea4"},"potentialAction":[{"@type":"SearchAction","target":{"@type":"EntryPoint","urlTemplate":"https:\/\/www.trend4ward.de\/trendblog\/?s={search_term_string}"},"query-input":{"@type":"PropertyValueSpecification","valueRequired":true,"valueName":"search_term_string"}}],"inLanguage":"de"},{"@type":["Person","Organization"],"@id":"https:\/\/www.trend4ward.de\/trendblog\/#\/schema\/person\/c65dd8afd2fda04893d121f31b2a8ea4","name":"Evelyn Steinbach","image":{"@type":"ImageObject","inLanguage":"de","@id":"https:\/\/www.trend4ward.de\/trendblog\/wp-content\/uploads\/2020\/11\/cropped-cropped-IMG_6744-e1692617617527.png","url":"https:\/\/www.trend4ward.de\/trendblog\/wp-content\/uploads\/2020\/11\/cropped-cropped-IMG_6744-e1692617617527.png","contentUrl":"https:\/\/www.trend4ward.de\/trendblog\/wp-content\/uploads\/2020\/11\/cropped-cropped-IMG_6744-e1692617617527.png","width":200,"height":183,"caption":"Evelyn Steinbach"},"logo":{"@id":"https:\/\/www.trend4ward.de\/trendblog\/wp-content\/uploads\/2020\/11\/cropped-cropped-IMG_6744-e1692617617527.png"},"sameAs":["http:\/\/www.trend4ward.de"],"url":"https:\/\/www.trend4ward.de\/trendblog\/author\/eve\/"}]}},"jetpack_featured_media_url":"https:\/\/www.trend4ward.de\/trendblog\/wp-content\/uploads\/2017\/10\/Dulux_rot.jpg","jetpack_sharing_enabled":true,"_links":{"self":[{"href":"https:\/\/www.trend4ward.de\/trendblog\/wp-json\/wp\/v2\/posts\/3248","targetHints":{"allow":["GET"]}}],"collection":[{"href":"https:\/\/www.trend4ward.de\/trendblog\/wp-json\/wp\/v2\/posts"}],"about":[{"href":"https:\/\/www.trend4ward.de\/trendblog\/wp-json\/wp\/v2\/types\/post"}],"author":[{"embeddable":true,"href":"https:\/\/www.trend4ward.de\/trendblog\/wp-json\/wp\/v2\/users\/1"}],"replies":[{"embeddable":true,"href":"https:\/\/www.trend4ward.de\/trendblog\/wp-json\/wp\/v2\/comments?post=3248"}],"version-history":[{"count":8,"href":"https:\/\/www.trend4ward.de\/trendblog\/wp-json\/wp\/v2\/posts\/3248\/revisions"}],"predecessor-version":[{"id":3284,"href":"https:\/\/www.trend4ward.de\/trendblog\/wp-json\/wp\/v2\/posts\/3248\/revisions\/3284"}],"wp:featuredmedia":[{"embeddable":true,"href":"https:\/\/www.trend4ward.de\/trendblog\/wp-json\/wp\/v2\/media\/3877"}],"wp:attachment":[{"href":"https:\/\/www.trend4ward.de\/trendblog\/wp-json\/wp\/v2\/media?parent=3248"}],"wp:term":[{"taxonomy":"category","embeddable":true,"href":"https:\/\/www.trend4ward.de\/trendblog\/wp-json\/wp\/v2\/categories?post=3248"},{"taxonomy":"post_tag","embeddable":true,"href":"https:\/\/www.trend4ward.de\/trendblog\/wp-json\/wp\/v2\/tags?post=3248"}],"curies":[{"name":"wp","href":"https:\/\/api.w.org\/{rel}","templated":true}]}}