{"id":3410,"date":"2017-05-02T20:44:27","date_gmt":"2017-05-02T18:44:27","guid":{"rendered":"https:\/\/www.trend4ward.de\/trendblog\/?p=3410"},"modified":"2019-05-06T16:38:14","modified_gmt":"2019-05-06T14:38:14","slug":"kapverden","status":"publish","type":"post","link":"https:\/\/www.trend4ward.de\/trendblog\/kapverden\/","title":{"rendered":"Kapverden \u2013 Inselhopping vor Afrika"},"content":{"rendered":"<div class=\"content_Element\">\n<div class=\"date_Tag\"><strong>Auf den Kapverden, dem&nbsp;Inselarchipel vor der afrikanischen K\u00fcste, geht es noch gem\u00e4chlich zu. Wer sich darauf einl\u00e4sst, kann Einiges erleben.<\/strong><span style=\"font-size: 1.0625rem;\">&nbsp;<\/span><\/div>\n<\/div>\n<p><!--more--><\/p>\n<p><span style=\"font-size: 1.0625rem;\">Viel Sand und viel Sonne: Auf Sal und Boavista, zwei der neun bewohnten Eilande auf den Kapverden, ist es auch im Winter warm. Mit durchgehend 22 bis 28 Grad Celsius und einer Wassertemperatur von 25 Grad ist auf angenehmes Wetter verlass. An den langen, feinen und teils von D\u00fcnen \u00fcberzogenen Sandstr\u00e4nden findet jeder Gast einen ruhigen Platz zum Entspannen. Einige, wie die Praia de Santa Maria im S\u00fcden von Sal, die mit ihrem hellen Sand vor den t\u00fcrkisblauen Fluten des Atlantiks schimmert, erinnern an die Str\u00e4nde der Karibik.<\/span><\/p>\n<div class=\"content_Element\">\n<div class=\"text_Image_Element\">\n<div class=\"text\">\n<p>Neben Sonnen und Erholen spielt auf den Kapverden der Wassersport eine wichtige Rolle. Taucher bevorzugen die Tiefen des Meeres vor Sal, Boavista und Santiago, wo sie eine reichhaltige, nahezu unber\u00fchrte Unterwasserwelt finden. Surfer, allen voran Kitesurfer, lassen sich auf den Inseln vom n\u00f6rdlichen Passatwind antreiben. Die Surferszene tummelt sich insbesondere in Santa Maria (Sal) und Sal Rei (Boavista), wo mehrere Surfschulen Material&nbsp; verleihen und Kurse anbieten.<\/p>\n<\/div>\n<\/div>\n<div class=\"text_Image_Element\">\n<div class=\"text\">\n<h2><strong>Wandern auf den Nordinseln<\/strong><\/h2>\n<p>Doch die Kapverden haben noch mehr als sch\u00f6ne Str\u00e4nde zu bieten. Am besten man lernt die vielf\u00e4ltigen Gegenden auf einer Rundreise kennen. Die Wanderinsel schlechthin ist Santo Ant\u00e3o. Ihre fast 2000 Meter hohen Bergwelten mit Vulkankratern und schroffen Felsk\u00fcsten sind mit zahlreichen Wegen durchzogen. Zum Teil werden diese heute noch als Wegstrecken der Einheimischen genutzt. Im Norden s\u00e4umen die Strecken \u00fcppige Tropenpflanzen, w\u00e4hrend der S\u00fcden eher karg ist, dennoch mit dem Tal der Ribeira das Patas und seinen spektakul\u00e4ren Erosionsformen begeistern kann.<\/p>\n<h2><strong>Portugiesisches Flair auf S\u00e3o Vicente<\/strong><\/h2>\n<p>Bei einer Kapverden-Rundreise darf auch die Nachbarinsel S\u00e3o Vicente nicht fehlen. Sie gilt als die \u201eeurop\u00e4ischste\u201c des Archipels. Die Verbindung zu Portugal, begr\u00fcndet durch ihre Entdeckung durch portugiesische Seefahrer im Jahr 1445, ist hier st\u00e4rker als anderswo ausgepr\u00e4gt, was sich in der Mentalit\u00e4t der Einheimischen ebenso bemerkbar macht wie am Erscheinungsbild der gepflegten Hafenstadt Mindelo. Von hier aus setzen t\u00e4glich F\u00e4hren zu Santo Ant\u00e3o \u00fcber.<\/p>\n<h2><strong>Afrikanische Nachbarschaft auf den S\u00fcdinseln<\/strong><\/h2>\n<p>St\u00e4rker afrikanisch gepr\u00e4gt ist Santiago, die gr\u00f6\u00dfte der Kapverdischen Inseln. Kontrastreiche Landschaften wechseln sich mit mannigfaltigen Bergwelten warten ab. Bester Ausgangspunkt f\u00fcr eine Erkundungstour ist Praia, die rund 100 000 Einwohner z\u00e4hlende Hauptstadt der Inselrepublik. Das Verwaltungs- und Wirtschaftszentrum hat sich zu einer modernen, lebendigen Stadt entwickelt. Auf dem Plat\u00f4, dem historischen Kern des Zentrums, erinnern noch Geb\u00e4ude im Kolonialstil an vergangene Zeiten. Kleine Caf\u00e9s und Restaurants laden ringsherum zum Verweilen ein.<\/p>\n<p>Von hier aus lohnt ein Ausflug auf die Insel Fogo mit ihrem fast 3000 Meter hohen Vulkan. Seinen Gipfel zu erklimmen, ist ein erhabenes Erlebnis, dass Urlauber zum Beispiel auf einer gef\u00fchrten Gruppenreise erleben k\u00f6nnen. Im Anschluss empfiehlt sich ein Besuch des mediterranen Hauptorts S\u00e3o Filipe sowie der tiefschwarze Lavastr\u00e4nde.<\/p>\n<h2><strong>Extra-Tipp f\u00fcr den Kapverden-Urlaub<\/strong><\/h2>\n<p>Wof\u00fcr man sich auf den Kapverden noch Zeit nehmen sollte ist Musik h\u00f6ren und Cachupa essen. Das ist ein Eintopf aus Maisgrie\u00df, Kochbananen, K\u00fcrbis, S\u00fc\u00dfkartoffeln, Kohl, Bohnen und Fischfilet, gew\u00fcrzt mit Lorbeerbl\u00e4ttern, Knoblauch und Piment. Dazu Wei\u00dfwein aus Fogo trinken und Morna h\u00f6ren. Die Musik \u00e4hnelt dem sentimentalen Gesang des portugiesischen Fado, zeigt sich auf den Kapverden aber etwas leichter und weniger dramatisch. Die Insel Boavista soll die Wiege der romantischen Morna sein, mit der S\u00e4ngerin Ces\u00e1ria \u00c9vora ber\u00fchmt geworden ist. In ihrer Musik erz\u00e4hlt sie von der stetigen Zerrissenheit der kapverdischen Seele, der Liebe zur kargen Heimat und die Sehnsucht nach neuen Horizonten, die auch viele Urlauber bewegt, zur\u00fcckzukommen.<\/p>\n<\/div>\n<p><script type=\"text\/javascript\">\nvar uri = 'https:\/\/impde.tradedoubler.com\/imp?type(img)g(23735410)a(2957434)' + new String (Math.random()).substring (2, 11);\ndocument.write('<a href=\"https:\/\/clkde.tradedoubler.com\/click?p=224467&#038;a=2957434&#038;g=23735410\" target=\"_BLANK\" rel=\"noopener noreferrer\"><\/a>');\n<\/script><\/p>\n<\/div>\n<\/div>\n","protected":false},"excerpt":{"rendered":"<p>Auf den Kapverden, dem&nbsp;Inselarchipel vor der afrikanischen K\u00fcste, geht es noch gem\u00e4chlich zu. Wer sich darauf einl\u00e4sst, kann Einiges erleben.&nbsp;<\/p>\n","protected":false},"author":1,"featured_media":3415,"comment_status":"open","ping_status":"open","sticky":false,"template":"","format":"standard","meta":{"om_disable_all_campaigns":false,"_monsterinsights_skip_tracking":false,"_monsterinsights_sitenote_active":false,"_monsterinsights_sitenote_note":"","_monsterinsights_sitenote_category":0,"_uf_show_specific_survey":0,"_uf_disable_surveys":false,"neve_meta_sidebar":"","neve_meta_container":"","neve_meta_enable_content_width":"","neve_meta_content_width":0,"neve_meta_title_alignment":"","neve_meta_author_avatar":"","neve_post_elements_order":"","neve_meta_disable_header":"","neve_meta_disable_footer":"","neve_meta_disable_title":"","ngg_post_thumbnail":0,"_jetpack_memberships_contains_paid_content":false,"footnotes":""},"categories":[204],"tags":[192,109,53,54,167],"class_list":["post-3410","post","type-post","status-publish","format-standard","has-post-thumbnail","hentry","category-urlaub-verreisen","tag-insel","tag-portugal","tag-strand","tag-urlaub","tag-wandern"],"yoast_head":"<!-- This site is optimized with the Yoast SEO plugin v27.4 - https:\/\/yoast.com\/product\/yoast-seo-wordpress\/ -->\n<title>Kapverden \u2013 Inselhopping vor Afrika &#8226; trendBlog \u2013 Wohnen, Reisen, Leben und Kultur<\/title>\n<meta name=\"description\" content=\"Auf dem Inselarchipel vor der afrikanischen K\u00fcste geht es noch gem\u00e4chlich zu. Wer sich darauf einl\u00e4sst, kann Einiges erleben.\" \/>\n<meta name=\"robots\" content=\"index, follow, max-snippet:-1, max-image-preview:large, max-video-preview:-1\" \/>\n<link rel=\"canonical\" href=\"https:\/\/www.trend4ward.de\/trendblog\/kapverden\/\" \/>\n<meta property=\"og:locale\" content=\"de_DE\" \/>\n<meta property=\"og:type\" content=\"article\" \/>\n<meta property=\"og:title\" content=\"Kapverden \u2013 Inselhopping vor Afrika &#8226; trendBlog \u2013 Wohnen, Reisen, Leben und Kultur\" \/>\n<meta property=\"og:description\" content=\"Auf dem Inselarchipel vor der afrikanischen K\u00fcste geht es noch gem\u00e4chlich zu. Wer sich darauf einl\u00e4sst, kann Einiges erleben.\" \/>\n<meta property=\"og:url\" content=\"https:\/\/www.trend4ward.de\/trendblog\/kapverden\/\" \/>\n<meta property=\"og:site_name\" content=\"trendBlog \u2013 Wohnen, Reisen, Leben und Kultur\" \/>\n<meta property=\"article:published_time\" content=\"2017-05-02T18:44:27+00:00\" \/>\n<meta property=\"article:modified_time\" content=\"2019-05-06T14:38:14+00:00\" \/>\n<meta property=\"og:image\" content=\"https:\/\/www.trend4ward.de\/trendblog\/wp-content\/uploads\/2017\/05\/OLIMAR_Strand_Kapverden_Sal.jpg\" \/>\n\t<meta property=\"og:image:width\" content=\"1000\" \/>\n\t<meta property=\"og:image:height\" content=\"750\" \/>\n\t<meta property=\"og:image:type\" content=\"image\/jpeg\" \/>\n<meta name=\"author\" content=\"Evelyn Steinbach\" \/>\n<meta name=\"twitter:label1\" content=\"Verfasst von\" \/>\n\t<meta name=\"twitter:data1\" content=\"Evelyn Steinbach\" \/>\n\t<meta name=\"twitter:label2\" content=\"Gesch\u00e4tzte Lesezeit\" \/>\n\t<meta name=\"twitter:data2\" content=\"3\u00a0Minuten\" \/>\n<script type=\"application\/ld+json\" class=\"yoast-schema-graph\">{\"@context\":\"https:\\\/\\\/schema.org\",\"@graph\":[{\"@type\":\"Article\",\"@id\":\"https:\\\/\\\/www.trend4ward.de\\\/trendblog\\\/kapverden\\\/#article\",\"isPartOf\":{\"@id\":\"https:\\\/\\\/www.trend4ward.de\\\/trendblog\\\/kapverden\\\/\"},\"author\":{\"name\":\"Evelyn Steinbach\",\"@id\":\"https:\\\/\\\/www.trend4ward.de\\\/trendblog\\\/#\\\/schema\\\/person\\\/c65dd8afd2fda04893d121f31b2a8ea4\"},\"headline\":\"Kapverden \u2013 Inselhopping vor Afrika\",\"datePublished\":\"2017-05-02T18:44:27+00:00\",\"dateModified\":\"2019-05-06T14:38:14+00:00\",\"mainEntityOfPage\":{\"@id\":\"https:\\\/\\\/www.trend4ward.de\\\/trendblog\\\/kapverden\\\/\"},\"wordCount\":626,\"commentCount\":0,\"publisher\":{\"@id\":\"https:\\\/\\\/www.trend4ward.de\\\/trendblog\\\/#\\\/schema\\\/person\\\/c65dd8afd2fda04893d121f31b2a8ea4\"},\"image\":{\"@id\":\"https:\\\/\\\/www.trend4ward.de\\\/trendblog\\\/kapverden\\\/#primaryimage\"},\"thumbnailUrl\":\"https:\\\/\\\/www.trend4ward.de\\\/trendblog\\\/wp-content\\\/uploads\\\/2017\\\/05\\\/OLIMAR_Strand_Kapverden_Sal.jpg\",\"keywords\":[\"Inseln\",\"Portugal\",\"Strand\",\"Urlaub\",\"Wandern\"],\"articleSection\":[\"Urlaub &amp; Verreisen\"],\"inLanguage\":\"de\",\"potentialAction\":[{\"@type\":\"CommentAction\",\"name\":\"Comment\",\"target\":[\"https:\\\/\\\/www.trend4ward.de\\\/trendblog\\\/kapverden\\\/#respond\"]}]},{\"@type\":\"WebPage\",\"@id\":\"https:\\\/\\\/www.trend4ward.de\\\/trendblog\\\/kapverden\\\/\",\"url\":\"https:\\\/\\\/www.trend4ward.de\\\/trendblog\\\/kapverden\\\/\",\"name\":\"Kapverden \u2013 Inselhopping vor Afrika &#8226; trendBlog \u2013 Wohnen, Reisen, Leben und Kultur\",\"isPartOf\":{\"@id\":\"https:\\\/\\\/www.trend4ward.de\\\/trendblog\\\/#website\"},\"primaryImageOfPage\":{\"@id\":\"https:\\\/\\\/www.trend4ward.de\\\/trendblog\\\/kapverden\\\/#primaryimage\"},\"image\":{\"@id\":\"https:\\\/\\\/www.trend4ward.de\\\/trendblog\\\/kapverden\\\/#primaryimage\"},\"thumbnailUrl\":\"https:\\\/\\\/www.trend4ward.de\\\/trendblog\\\/wp-content\\\/uploads\\\/2017\\\/05\\\/OLIMAR_Strand_Kapverden_Sal.jpg\",\"datePublished\":\"2017-05-02T18:44:27+00:00\",\"dateModified\":\"2019-05-06T14:38:14+00:00\",\"description\":\"Auf dem Inselarchipel vor der afrikanischen K\u00fcste geht es noch gem\u00e4chlich zu. Wer sich darauf einl\u00e4sst, kann Einiges erleben.\",\"breadcrumb\":{\"@id\":\"https:\\\/\\\/www.trend4ward.de\\\/trendblog\\\/kapverden\\\/#breadcrumb\"},\"inLanguage\":\"de\",\"potentialAction\":[{\"@type\":\"ReadAction\",\"target\":[\"https:\\\/\\\/www.trend4ward.de\\\/trendblog\\\/kapverden\\\/\"]}]},{\"@type\":\"ImageObject\",\"inLanguage\":\"de\",\"@id\":\"https:\\\/\\\/www.trend4ward.de\\\/trendblog\\\/kapverden\\\/#primaryimage\",\"url\":\"https:\\\/\\\/www.trend4ward.de\\\/trendblog\\\/wp-content\\\/uploads\\\/2017\\\/05\\\/OLIMAR_Strand_Kapverden_Sal.jpg\",\"contentUrl\":\"https:\\\/\\\/www.trend4ward.de\\\/trendblog\\\/wp-content\\\/uploads\\\/2017\\\/05\\\/OLIMAR_Strand_Kapverden_Sal.jpg\",\"width\":1000,\"height\":750},{\"@type\":\"BreadcrumbList\",\"@id\":\"https:\\\/\\\/www.trend4ward.de\\\/trendblog\\\/kapverden\\\/#breadcrumb\",\"itemListElement\":[{\"@type\":\"ListItem\",\"position\":1,\"name\":\"Home\",\"item\":\"https:\\\/\\\/www.trend4ward.de\\\/trendblog\\\/\"},{\"@type\":\"ListItem\",\"position\":2,\"name\":\"Kapverden \u2013 Inselhopping vor Afrika\"}]},{\"@type\":\"WebSite\",\"@id\":\"https:\\\/\\\/www.trend4ward.de\\\/trendblog\\\/#website\",\"url\":\"https:\\\/\\\/www.trend4ward.de\\\/trendblog\\\/\",\"name\":\"trendBlog \u2013 Wohnen, Reisen, Leben und Kultur\",\"description\":\"Portr\u00e4ts, Reportagen, Ratgeber. Seit 2009. Von Evelyn Steinbach.\",\"publisher\":{\"@id\":\"https:\\\/\\\/www.trend4ward.de\\\/trendblog\\\/#\\\/schema\\\/person\\\/c65dd8afd2fda04893d121f31b2a8ea4\"},\"potentialAction\":[{\"@type\":\"SearchAction\",\"target\":{\"@type\":\"EntryPoint\",\"urlTemplate\":\"https:\\\/\\\/www.trend4ward.de\\\/trendblog\\\/?s={search_term_string}\"},\"query-input\":{\"@type\":\"PropertyValueSpecification\",\"valueRequired\":true,\"valueName\":\"search_term_string\"}}],\"inLanguage\":\"de\"},{\"@type\":[\"Person\",\"Organization\"],\"@id\":\"https:\\\/\\\/www.trend4ward.de\\\/trendblog\\\/#\\\/schema\\\/person\\\/c65dd8afd2fda04893d121f31b2a8ea4\",\"name\":\"Evelyn Steinbach\",\"image\":{\"@type\":\"ImageObject\",\"inLanguage\":\"de\",\"@id\":\"https:\\\/\\\/www.trend4ward.de\\\/trendblog\\\/wp-content\\\/uploads\\\/2020\\\/11\\\/cropped-cropped-IMG_6744-e1692617617527.png\",\"url\":\"https:\\\/\\\/www.trend4ward.de\\\/trendblog\\\/wp-content\\\/uploads\\\/2020\\\/11\\\/cropped-cropped-IMG_6744-e1692617617527.png\",\"contentUrl\":\"https:\\\/\\\/www.trend4ward.de\\\/trendblog\\\/wp-content\\\/uploads\\\/2020\\\/11\\\/cropped-cropped-IMG_6744-e1692617617527.png\",\"width\":200,\"height\":183,\"caption\":\"Evelyn Steinbach\"},\"logo\":{\"@id\":\"https:\\\/\\\/www.trend4ward.de\\\/trendblog\\\/wp-content\\\/uploads\\\/2020\\\/11\\\/cropped-cropped-IMG_6744-e1692617617527.png\"},\"sameAs\":[\"http:\\\/\\\/www.trend4ward.de\"],\"url\":\"https:\\\/\\\/www.trend4ward.de\\\/trendblog\\\/author\\\/eve\\\/\"}]}<\/script>\n<!-- \/ Yoast SEO plugin. -->","yoast_head_json":{"title":"Kapverden \u2013 Inselhopping vor Afrika &#8226; trendBlog \u2013 Wohnen, Reisen, Leben und Kultur","description":"Auf dem Inselarchipel vor der afrikanischen K\u00fcste geht es noch gem\u00e4chlich zu. Wer sich darauf einl\u00e4sst, kann Einiges erleben.","robots":{"index":"index","follow":"follow","max-snippet":"max-snippet:-1","max-image-preview":"max-image-preview:large","max-video-preview":"max-video-preview:-1"},"canonical":"https:\/\/www.trend4ward.de\/trendblog\/kapverden\/","og_locale":"de_DE","og_type":"article","og_title":"Kapverden \u2013 Inselhopping vor Afrika &#8226; trendBlog \u2013 Wohnen, Reisen, Leben und Kultur","og_description":"Auf dem Inselarchipel vor der afrikanischen K\u00fcste geht es noch gem\u00e4chlich zu. Wer sich darauf einl\u00e4sst, kann Einiges erleben.","og_url":"https:\/\/www.trend4ward.de\/trendblog\/kapverden\/","og_site_name":"trendBlog \u2013 Wohnen, Reisen, Leben und Kultur","article_published_time":"2017-05-02T18:44:27+00:00","article_modified_time":"2019-05-06T14:38:14+00:00","og_image":[{"width":1000,"height":750,"url":"https:\/\/www.trend4ward.de\/trendblog\/wp-content\/uploads\/2017\/05\/OLIMAR_Strand_Kapverden_Sal.jpg","type":"image\/jpeg"}],"author":"Evelyn Steinbach","twitter_misc":{"Verfasst von":"Evelyn Steinbach","Gesch\u00e4tzte Lesezeit":"3\u00a0Minuten"},"schema":{"@context":"https:\/\/schema.org","@graph":[{"@type":"Article","@id":"https:\/\/www.trend4ward.de\/trendblog\/kapverden\/#article","isPartOf":{"@id":"https:\/\/www.trend4ward.de\/trendblog\/kapverden\/"},"author":{"name":"Evelyn Steinbach","@id":"https:\/\/www.trend4ward.de\/trendblog\/#\/schema\/person\/c65dd8afd2fda04893d121f31b2a8ea4"},"headline":"Kapverden \u2013 Inselhopping vor Afrika","datePublished":"2017-05-02T18:44:27+00:00","dateModified":"2019-05-06T14:38:14+00:00","mainEntityOfPage":{"@id":"https:\/\/www.trend4ward.de\/trendblog\/kapverden\/"},"wordCount":626,"commentCount":0,"publisher":{"@id":"https:\/\/www.trend4ward.de\/trendblog\/#\/schema\/person\/c65dd8afd2fda04893d121f31b2a8ea4"},"image":{"@id":"https:\/\/www.trend4ward.de\/trendblog\/kapverden\/#primaryimage"},"thumbnailUrl":"https:\/\/www.trend4ward.de\/trendblog\/wp-content\/uploads\/2017\/05\/OLIMAR_Strand_Kapverden_Sal.jpg","keywords":["Inseln","Portugal","Strand","Urlaub","Wandern"],"articleSection":["Urlaub &amp; Verreisen"],"inLanguage":"de","potentialAction":[{"@type":"CommentAction","name":"Comment","target":["https:\/\/www.trend4ward.de\/trendblog\/kapverden\/#respond"]}]},{"@type":"WebPage","@id":"https:\/\/www.trend4ward.de\/trendblog\/kapverden\/","url":"https:\/\/www.trend4ward.de\/trendblog\/kapverden\/","name":"Kapverden \u2013 Inselhopping vor Afrika &#8226; trendBlog \u2013 Wohnen, Reisen, Leben und Kultur","isPartOf":{"@id":"https:\/\/www.trend4ward.de\/trendblog\/#website"},"primaryImageOfPage":{"@id":"https:\/\/www.trend4ward.de\/trendblog\/kapverden\/#primaryimage"},"image":{"@id":"https:\/\/www.trend4ward.de\/trendblog\/kapverden\/#primaryimage"},"thumbnailUrl":"https:\/\/www.trend4ward.de\/trendblog\/wp-content\/uploads\/2017\/05\/OLIMAR_Strand_Kapverden_Sal.jpg","datePublished":"2017-05-02T18:44:27+00:00","dateModified":"2019-05-06T14:38:14+00:00","description":"Auf dem Inselarchipel vor der afrikanischen K\u00fcste geht es noch gem\u00e4chlich zu. Wer sich darauf einl\u00e4sst, kann Einiges erleben.","breadcrumb":{"@id":"https:\/\/www.trend4ward.de\/trendblog\/kapverden\/#breadcrumb"},"inLanguage":"de","potentialAction":[{"@type":"ReadAction","target":["https:\/\/www.trend4ward.de\/trendblog\/kapverden\/"]}]},{"@type":"ImageObject","inLanguage":"de","@id":"https:\/\/www.trend4ward.de\/trendblog\/kapverden\/#primaryimage","url":"https:\/\/www.trend4ward.de\/trendblog\/wp-content\/uploads\/2017\/05\/OLIMAR_Strand_Kapverden_Sal.jpg","contentUrl":"https:\/\/www.trend4ward.de\/trendblog\/wp-content\/uploads\/2017\/05\/OLIMAR_Strand_Kapverden_Sal.jpg","width":1000,"height":750},{"@type":"BreadcrumbList","@id":"https:\/\/www.trend4ward.de\/trendblog\/kapverden\/#breadcrumb","itemListElement":[{"@type":"ListItem","position":1,"name":"Home","item":"https:\/\/www.trend4ward.de\/trendblog\/"},{"@type":"ListItem","position":2,"name":"Kapverden \u2013 Inselhopping vor Afrika"}]},{"@type":"WebSite","@id":"https:\/\/www.trend4ward.de\/trendblog\/#website","url":"https:\/\/www.trend4ward.de\/trendblog\/","name":"trendBlog \u2013 Wohnen, Reisen, Leben und Kultur","description":"Portr\u00e4ts, Reportagen, Ratgeber. Seit 2009. Von Evelyn Steinbach.","publisher":{"@id":"https:\/\/www.trend4ward.de\/trendblog\/#\/schema\/person\/c65dd8afd2fda04893d121f31b2a8ea4"},"potentialAction":[{"@type":"SearchAction","target":{"@type":"EntryPoint","urlTemplate":"https:\/\/www.trend4ward.de\/trendblog\/?s={search_term_string}"},"query-input":{"@type":"PropertyValueSpecification","valueRequired":true,"valueName":"search_term_string"}}],"inLanguage":"de"},{"@type":["Person","Organization"],"@id":"https:\/\/www.trend4ward.de\/trendblog\/#\/schema\/person\/c65dd8afd2fda04893d121f31b2a8ea4","name":"Evelyn Steinbach","image":{"@type":"ImageObject","inLanguage":"de","@id":"https:\/\/www.trend4ward.de\/trendblog\/wp-content\/uploads\/2020\/11\/cropped-cropped-IMG_6744-e1692617617527.png","url":"https:\/\/www.trend4ward.de\/trendblog\/wp-content\/uploads\/2020\/11\/cropped-cropped-IMG_6744-e1692617617527.png","contentUrl":"https:\/\/www.trend4ward.de\/trendblog\/wp-content\/uploads\/2020\/11\/cropped-cropped-IMG_6744-e1692617617527.png","width":200,"height":183,"caption":"Evelyn Steinbach"},"logo":{"@id":"https:\/\/www.trend4ward.de\/trendblog\/wp-content\/uploads\/2020\/11\/cropped-cropped-IMG_6744-e1692617617527.png"},"sameAs":["http:\/\/www.trend4ward.de"],"url":"https:\/\/www.trend4ward.de\/trendblog\/author\/eve\/"}]}},"jetpack_featured_media_url":"https:\/\/www.trend4ward.de\/trendblog\/wp-content\/uploads\/2017\/05\/OLIMAR_Strand_Kapverden_Sal.jpg","jetpack_sharing_enabled":true,"_links":{"self":[{"href":"https:\/\/www.trend4ward.de\/trendblog\/wp-json\/wp\/v2\/posts\/3410","targetHints":{"allow":["GET"]}}],"collection":[{"href":"https:\/\/www.trend4ward.de\/trendblog\/wp-json\/wp\/v2\/posts"}],"about":[{"href":"https:\/\/www.trend4ward.de\/trendblog\/wp-json\/wp\/v2\/types\/post"}],"author":[{"embeddable":true,"href":"https:\/\/www.trend4ward.de\/trendblog\/wp-json\/wp\/v2\/users\/1"}],"replies":[{"embeddable":true,"href":"https:\/\/www.trend4ward.de\/trendblog\/wp-json\/wp\/v2\/comments?post=3410"}],"version-history":[{"count":12,"href":"https:\/\/www.trend4ward.de\/trendblog\/wp-json\/wp\/v2\/posts\/3410\/revisions"}],"predecessor-version":[{"id":4730,"href":"https:\/\/www.trend4ward.de\/trendblog\/wp-json\/wp\/v2\/posts\/3410\/revisions\/4730"}],"wp:featuredmedia":[{"embeddable":true,"href":"https:\/\/www.trend4ward.de\/trendblog\/wp-json\/wp\/v2\/media\/3415"}],"wp:attachment":[{"href":"https:\/\/www.trend4ward.de\/trendblog\/wp-json\/wp\/v2\/media?parent=3410"}],"wp:term":[{"taxonomy":"category","embeddable":true,"href":"https:\/\/www.trend4ward.de\/trendblog\/wp-json\/wp\/v2\/categories?post=3410"},{"taxonomy":"post_tag","embeddable":true,"href":"https:\/\/www.trend4ward.de\/trendblog\/wp-json\/wp\/v2\/tags?post=3410"}],"curies":[{"name":"wp","href":"https:\/\/api.w.org\/{rel}","templated":true}]}}