{"id":344,"date":"2014-03-10T16:24:00","date_gmt":"2014-03-10T15:24:00","guid":{"rendered":"https:\/\/www.trend4ward.de\/trendblog\/?p=344"},"modified":"2022-01-06T10:02:49","modified_gmt":"2022-01-06T09:02:49","slug":"der-parfumeur","status":"publish","type":"post","link":"https:\/\/www.trend4ward.de\/trendblog\/der-parfumeur\/","title":{"rendered":"Der Parf\u00fcmeur"},"content":{"rendered":"<p><strong>Uwe Manasse will dem feinen Gesp\u00fcr f\u00fcr besondere D\u00fcfte folgen. Der Parf\u00fcmeur aus Unkel am Rhein komponiert&nbsp; Privatparfums f\u00fcr seine \u00fcberwiegend weibliche Kundschaft.<\/strong><\/p>\n<p><!--more--><\/p>\n<p><span style=\"color: #444444;\">Blumig und leicht. Sanft und eindringlich. Belebend und enthusiastisch. So reichhaltig wie seine Beschreibung, so vielschichtig ist der Duft selbst. Parf\u00fcm verzaubert die Sinne \u2013 das wissen wir sp\u00e4testens seit Chanel No. 5, dem ber\u00fchmtesten Duft aller Zeiten. Parf\u00fcmeur Ernest Beaux schuf ihn einst f\u00fcr seine Auftraggeberin Coco Chanel. Es sollte ein \u201eParf\u00fcm f\u00fcr eine Frau mit dem Duft einer Frau\u201c sein, hat sie einmal gesagt. Sie wusste, was Frauen gef\u00e4llt.<\/span><\/p>\n<p>\u201eEiner meiner ersten Auftr\u00e4ge war es, das Licht auf einer Veranda nachzuempfinden\u201c, erz\u00e4hlt Parf\u00fcmeur&nbsp;Uwe Manasse. Dazu begleitete er die Kundin bis zum Lago di Maggiore in Italien. \u201eIch musste wissen, wie sich das Sonnenlicht auf ihrer Terrasse anf\u00fchlt\u201c, so Manasse. Erst danach konnte er ihren pers\u00f6nlichen Duft kreieren.<\/p>\n<p>&nbsp;<\/p>\n<figure id=\"attachment_365\" aria-describedby=\"caption-attachment-365\" style=\"width: 300px\" class=\"wp-caption alignleft\"><a href=\"https:\/\/www.trend4ward.de\/trendblog\/wp-content\/uploads\/2014\/04\/P1060313.jpg\"><img loading=\"lazy\" decoding=\"async\" class=\"wp-image-365 size-full\" src=\"https:\/\/www.trend4ward.de\/trendblog\/wp-content\/uploads\/2014\/04\/P1060313.jpg\" alt=\"Uwe Manasse bei der Arbeit\" width=\"300\" height=\"200\"><\/a><figcaption id=\"caption-attachment-365\" class=\"wp-caption-text\">Uwe Manasse bei der Arbeit<\/figcaption><\/figure>\n<p>Wer bei Manasse ein Privatparf\u00fcm bestellt, darf zun\u00e4chst an 70 Fl\u00e4schchen riechen. In jedem stecken andere Aromen und \u00d6le. Das, was gef\u00e4llt, wird notiert. Mannasse formt daraus einen ersten Duftentwurf, den er seinen Kunden auf einem Papierstreifen mitgibt. \u201eSie sollen erst einmal beobachten, wie sich der Duft im Alltag anf\u00fchlt\u201c, sagt er. Nach drei Monaten treffen sie sich erneut, um ihre Erfahrungen auszutauschen und den Duft noch einmal zu verfeinern. \u201eInsgesamt vergehen drei bis vier Treffen, bis das pers\u00f6nliche Parf\u00fcm fertig ist\u201c, erz\u00e4hlt Manasse. \u201eBei manchen Kunden dauert das bi zu einem Jahr.\u201c Es bedarf Ruhe und Mu\u00dfe, sich mit dem Thema auseinanderzusetzen, meint er, zumal die Entwicklung eines individuellen Duftes ans Intimste geht \u2013 die eigene Pers\u00f6nlichkeit. \u201eOft ist es ein Lebenstraum, den sich die Auftraggeberin verwirklicht\u201c, sagt Manasse. Und der ist begleitet von vielen Erinnerungen, W\u00fcnschen und Hoffnungen. \u201eDa ist man fast schon in einer Therapie.\u201c<\/p>\n<p>&nbsp;<\/p>\n<h4><b>Vom Schmecken zum Riechen<\/b><\/h4>\n<p>Manasses beruflicher Weg begann als Delikatessenkaufmann. \u201eDamals wusste ich noch nicht, dass Schmecken und riechen nahezu das gleiche Thema sind\u201c, sagt er. 82 Prozent des Genusses beim Essen laufen \u00fcber die Nase, haben ihm Wissenschaftler best\u00e4tigt. Doch beim Feinkostverkauf blieb es nicht. Nach ein paar Jahren im Beruf lie\u00df er sich in klassischer Hom\u00f6opathie und Aromatherapie ausbilden. Er arbeitete fortan als Heilpraktiker, bis ihn vor 13 Jahren eine Kundin sagte, dass sie seinen Lampenduft lieber als Parfum tragen wolle. \u201eSie brachte mich auf die Idee, ein Therapieparfum zu kreieren\u201c, sagt er.<\/p>\n\r<div class=\"GARD gard_basic_mode\" id=\"google-ads-sGLe\"><script >\radUnit = document.getElementById(\"google-ads-sGLe\");\radWidth = adUnit.offsetWidth;\r\rif ( adWidth >= 999999 ) {\r\/* GETTING THE FIRST IF OUT OF THE WAY *\/ \r} else {\rgoogle_ad_slot = \"0\";\radUnit.style.display = \"none\";\r}\radUnit.className = adUnit.className + \" ad_unit \" + tag;\rgoogle_ad_client = \"ca-pub-6170969419645551\";\radUnit.style.cssFloat  = \"left\";\radUnit.style.styleFloat  = \"left\";\radUnit.style.margin = \"0 10px 10px 0\";\radUnit.style.textAlign = \"initial\";\rgoogle_color_border = \"FFFFFF\";\rgoogle_color_bg = \"FFFFFF\";\rgoogle_color_link = \"999999\";\rgoogle_color_url = \"99cc33\";\rgoogle_color_text = \"666666\";\rgoogle_ui_features = \"rc:\";\r<\/script>\r<script  src=\"\/\/pagead2.googlesyndication.com\/pagead\/show_ads.js\"><\/script>\r<\/div> Sp\u00e4ter folgten noch einige \u201eBusiness-Jobs\u201c, wie er sie nennt, indem er unter anderem Apple-Computer verkaufte. Den Wiedereinstieg in Duftwelt versuchte er in M\u00fcnster mit einem Kosmetikinstitut. Leider vergebens: \u201eEinen weiteren Kosmetiker brauchte dort keiner, aber den Parf\u00fcmeur, den fanden viele interessant.\u201c Gesagt, getan: Seit 2005 widmet sich Manasse ganz dem Erschaffen von neuen Parf\u00fcms. Den Hauptteil seiner Arbeit nehmen mittlerweile gewerbliche Auftr\u00e4ge ein.<\/p>\n<p>&nbsp;<\/p>\n<h4><b>Wohlgeruch f\u00fcr den Besprechungsraum<\/b><\/h4>\n<p>\u201eAuch Unternehmen machen von der Wirkung des Duftes Gebrauch&#8220;, erz\u00e4hlt er. Hier gehe es dann eher um Raumd\u00fcfte und Arbeitsatmosph\u00e4ren, die verbessert werden sollen. Nach den Vorgaben \u201ewir wollen unser Team st\u00e4rken\u201c oder \u201ewir brauchen mehr Umsatz\u201c macht sich Manasse an die Arbeit. In einer ersten Sitzung mit allen Beteiligten, die den besagten Raum nutzen, riecht jeder an 50 D\u00fcften. \u201eDer Gruppe wird nicht gesagt, was drin ist, sondern nur wie der Duft wirkt\u201c, erkl\u00e4rt er, also ob zum Beispiel \u201edeeskalierend\u201c oder \u201eanregend\u201c. Auf einem Blatt Papier kreuzt jeder die D\u00fcfte an, die ihm am besten gefallen. Das Ganze verl\u00e4uft anonym, um ein m\u00f6glichst authentisches Ergebnis zu erreichen. \u201eDa kann es auch \u00dcberraschungen f\u00fcr den Chef geben, wenn er sieht, was sich Mitarbeiter eigentlich w\u00fcnschen\u201c, erz\u00e4hlt er. Aus der Quersumme der ersehnten Wirkungen entsteht der neue Raumduft f\u00fcr den Berufsalltag. Manasse bezeichnet ihn als \u201eTeamgeist\u201c.<\/p>\n<p>&nbsp;<\/p>\n<h4><b>Jeder kann Parf\u00fcmeur werden<\/b><\/h4>\n<p>In seinen Seminaren erhalten Privatleute einen ersten Einblick in das Duftmachen. \u201eEinen Duft herstellen kann jeder\u201c, sagt er. Da jeder mit den gleichen Sinnesorganen ausgestattet ist, sei auch jeder f\u00e4hig, zu beurteilen, ob etwas gut riecht. Das Hirn und somit auch die Nase lassen sich trainieren. \u201eSo gesehen kann jeder Parf\u00fcmeur werden\u201c, meint er. Gesch\u00fctzt ist die Berufsbezeichnung nicht.<\/p>\n<p>Derzeit besch\u00e4ftigt sich Uwe Manasse wieder st\u00e4rker mit dem Therapieeinsatz von D\u00fcften. Angstpatienten k\u00f6nne man beispielsweise mit D\u00fcften helfen, die sie an eine angstfreie Situation erinnern, sagt er. Hier und auch in anderen Bereichen gelte es, sch\u00f6ne Lebensmomente an ein Parf\u00fcm zu koppeln. Der Duft, den er am liebsten tr\u00e4gt, nennt sich \u00fcbrigens \u201eErster Sonnentag auf Haut\u201c \u2013 ein belebendes Parfum mit vielen Moschus-Molek\u00fclen.<\/p>\n<p><b>Info:<\/b>&nbsp;<a href=\"http:\/\/www.manasse.de\" target=\"_blank\" rel=\"noopener\">www.manasse.de<\/a><\/p>\n<h2>&nbsp;<\/h2>\n<h2><span style=\"color: #800080;\"><b>D\u00fcfte und ihre Wirkung<\/b><\/span><\/h2>\n<div>\n<p><span style=\"color: #800080;\"><b><\/b><b>Anis <\/b>entspannt, erw\u00e4rmt und beruhigt; wirkt ausgleichend und stabilisierend.<b>&nbsp;<\/b><\/span><\/p>\n<p><span style=\"color: #800080;\"><b>Bergamotte <\/b>regt an, l\u00f6st \u00c4ngste und f\u00f6rdert die Konzentration.<\/span><\/p>\n<p><span style=\"color: #800080;\"><b>Eukalyptus <\/b>wirkt anregend, erfrischend und befreiend.<\/span><\/p>\n<p><span style=\"color: #800080;\"><b>Fichte <\/b>wirkt mental stimulierend und belebend.<\/span><\/p>\n<p><span style=\"color: #800080;\"><b>Grapefruit <\/b>entspannt und euphorisiert.<\/span><\/p>\n<p><span style=\"color: #800080;\"><b>Jasmin <\/b>beruhigt, erheitert und regt die Phantasie an.<\/span><\/p>\n<p><span style=\"color: #800080;\"><b>Lavendel <\/b>wirkt ausgleichend, entspannend und schlaff\u00f6rdernd.<\/span><\/p>\n<p><span style=\"color: #800080;\"><b>Mandel <\/b>w\u00e4rmt und wirkt befreiend.<\/span><\/p>\n<p><span style=\"color: #800080;\"><b>Mandarine <\/b>f\u00f6rdert die Phantasie und Kreativit\u00e4t; wirkt aufheiternd und entspannend.<\/span><\/p>\n<p><span style=\"color: #800080;\"><b>Patchouli <\/b>wirkt aphrodisierend, stimmungsaufhellend und beruhigend.<\/span><\/p>\n<p><span style=\"color: #800080;\"><b>Pfefferminze <\/b>erfrischt und st\u00e4rkt das Ged\u00e4chtnis.<\/span><\/p>\n<p><span style=\"color: #800080;\"><b>Rose <\/b>wirkt beruhigend und aphrodisierend.<\/span><\/p>\n<p><span style=\"color: #800080;\"><b>Vanille <\/b>wirkt aphrodisierend; erheitert und w\u00e4rmt.<\/span><\/p>\n<p><span style=\"color: #800080;\"><b>Zedernholz <\/b>beruhigt die Nerven und kr\u00e4ftigt.<\/span><\/p>\n<p><span style=\"color: #800080;\"><b>Zimt <\/b>st\u00e4rkt die Nerven, entspannt, w\u00e4rmt und aphrodisiert.<\/span><\/p>\n<p><span style=\"color: #800080;\"><b>Zitrone <\/b>wirkt erfrischend und belebend.<\/span><\/p>\n<\/div>\n<div>\n<p>&nbsp;<\/p>\n<div class=\"symple-box gray none \" style=\"text-align:left; width:100%;\"> \n<h2><b>Die Noten eines Parf\u00fcms<\/b><\/h2>\n<p>Die meisten Parf\u00fcms setzen sich aus Kopf-, Herz- und Basisnote zusammen. Die&nbsp;<b>Kopfnote&nbsp;<\/b>ist sofort nach dem Auftragen wahrnehmbar, da sie zun\u00e4chst deutlicher als die anderen Komponenten hervorsticht. Hier werden leichte und fl\u00fcchtige Stoffe verwendet wie zum Beispiel Zitrusd\u00fcfte.<\/p>\n<p>Die <b>Herznote<\/b> kommt zum Vorschein, wenn sich die Kopfnote verfl\u00fcchtigt hat. Sie bildet den eigentlichen Duftcharakter und haftet am l\u00e4ngsten auf der Haut. Bl\u00fctend\u00fcfte wie Rose oder Jasmin kommen hier h\u00e4ufig vor.<\/p>\n<p>Die <b>Basisnote&nbsp;<\/b>ist die letzte Komponente des Duftablaufs. Sie enth\u00e4lt lang anhaltende und schwere Stoffe wie Moschus, Sandelholz oder Patchouli.<br \/>\n<\/div>\n<p>&nbsp;<\/p>\n<\/div>\n","protected":false},"excerpt":{"rendered":"<p>Uwe Manasse will dem feinen Gesp\u00fcr f\u00fcr besondere D\u00fcfte folgen. Der Parf\u00fcmeur aus Unkel am Rhein komponiert&nbsp; Privatparfums f\u00fcr seine \u00fcberwiegend weibliche Kundschaft.<\/p>\n","protected":false},"author":1,"featured_media":2367,"comment_status":"open","ping_status":"open","sticky":false,"template":"","format":"standard","meta":{"om_disable_all_campaigns":false,"_monsterinsights_skip_tracking":false,"_monsterinsights_sitenote_active":false,"_monsterinsights_sitenote_note":"","_monsterinsights_sitenote_category":0,"_uf_show_specific_survey":0,"_uf_disable_surveys":false,"neve_meta_sidebar":"","neve_meta_container":"","neve_meta_enable_content_width":"","neve_meta_content_width":0,"neve_meta_title_alignment":"","neve_meta_author_avatar":"","neve_post_elements_order":"","neve_meta_disable_header":"","neve_meta_disable_footer":"","neve_meta_disable_title":"","ngg_post_thumbnail":0,"_jetpack_memberships_contains_paid_content":false,"footnotes":""},"categories":[16,76],"tags":[91],"class_list":["post-344","post","type-post","status-publish","format-standard","has-post-thumbnail","hentry","category-koeln","category-leben-und-gesellschaft","tag-beruf"],"yoast_head":"<!-- This site is optimized with the Yoast SEO plugin v27.4 - https:\/\/yoast.com\/product\/yoast-seo-wordpress\/ -->\n<title>Der Parf\u00fcmeur &#8226; trendBlog \u2013 Wohnen, Reisen, Leben und Kultur<\/title>\n<meta name=\"description\" content=\"Portrait \u00fcber den besonderen Beruf des Duftherstellers. Uwe Manasse kreiert pers\u00f6nliche Parf\u00fcms f\u00fcr seine Kundinnen.\" \/>\n<meta name=\"robots\" content=\"index, follow, max-snippet:-1, max-image-preview:large, max-video-preview:-1\" \/>\n<link rel=\"canonical\" href=\"https:\/\/www.trend4ward.de\/trendblog\/der-parfumeur\/\" \/>\n<meta property=\"og:locale\" content=\"de_DE\" \/>\n<meta property=\"og:type\" content=\"article\" \/>\n<meta property=\"og:title\" content=\"Der Parf\u00fcmeur &#8226; trendBlog \u2013 Wohnen, Reisen, Leben und Kultur\" \/>\n<meta property=\"og:description\" content=\"Portrait \u00fcber den besonderen Beruf des Duftherstellers. Uwe Manasse kreiert pers\u00f6nliche Parf\u00fcms f\u00fcr seine Kundinnen.\" \/>\n<meta property=\"og:url\" content=\"https:\/\/www.trend4ward.de\/trendblog\/der-parfumeur\/\" \/>\n<meta property=\"og:site_name\" content=\"trendBlog \u2013 Wohnen, Reisen, Leben und Kultur\" \/>\n<meta property=\"article:published_time\" content=\"2014-03-10T15:24:00+00:00\" \/>\n<meta property=\"article:modified_time\" content=\"2022-01-06T09:02:49+00:00\" \/>\n<meta property=\"og:image\" content=\"https:\/\/www.trend4ward.de\/trendblog\/wp-content\/uploads\/2014\/03\/parfumeur_trend4ward.detrendblog.jpg\" \/>\n\t<meta property=\"og:image:width\" content=\"1017\" \/>\n\t<meta property=\"og:image:height\" content=\"460\" \/>\n\t<meta property=\"og:image:type\" content=\"image\/jpeg\" \/>\n<meta name=\"author\" content=\"Evelyn Steinbach\" \/>\n<meta name=\"twitter:label1\" content=\"Verfasst von\" \/>\n\t<meta name=\"twitter:data1\" content=\"Evelyn Steinbach\" \/>\n\t<meta name=\"twitter:label2\" content=\"Gesch\u00e4tzte Lesezeit\" \/>\n\t<meta name=\"twitter:data2\" content=\"6\u00a0Minuten\" \/>\n<script type=\"application\/ld+json\" class=\"yoast-schema-graph\">{\"@context\":\"https:\\\/\\\/schema.org\",\"@graph\":[{\"@type\":\"Article\",\"@id\":\"https:\\\/\\\/www.trend4ward.de\\\/trendblog\\\/der-parfumeur\\\/#article\",\"isPartOf\":{\"@id\":\"https:\\\/\\\/www.trend4ward.de\\\/trendblog\\\/der-parfumeur\\\/\"},\"author\":{\"name\":\"Evelyn Steinbach\",\"@id\":\"https:\\\/\\\/www.trend4ward.de\\\/trendblog\\\/#\\\/schema\\\/person\\\/c65dd8afd2fda04893d121f31b2a8ea4\"},\"headline\":\"Der Parf\u00fcmeur\",\"datePublished\":\"2014-03-10T15:24:00+00:00\",\"dateModified\":\"2022-01-06T09:02:49+00:00\",\"mainEntityOfPage\":{\"@id\":\"https:\\\/\\\/www.trend4ward.de\\\/trendblog\\\/der-parfumeur\\\/\"},\"wordCount\":1056,\"commentCount\":2,\"publisher\":{\"@id\":\"https:\\\/\\\/www.trend4ward.de\\\/trendblog\\\/#\\\/schema\\\/person\\\/c65dd8afd2fda04893d121f31b2a8ea4\"},\"image\":{\"@id\":\"https:\\\/\\\/www.trend4ward.de\\\/trendblog\\\/der-parfumeur\\\/#primaryimage\"},\"thumbnailUrl\":\"https:\\\/\\\/www.trend4ward.de\\\/trendblog\\\/wp-content\\\/uploads\\\/2014\\\/03\\\/parfumeur_trend4ward.detrendblog.jpg\",\"keywords\":[\"Besondere Berufe\"],\"articleSection\":[\"K\u00f6ln &amp; Kultur\",\"Leben &amp; Gesellschaft\"],\"inLanguage\":\"de\",\"potentialAction\":[{\"@type\":\"CommentAction\",\"name\":\"Comment\",\"target\":[\"https:\\\/\\\/www.trend4ward.de\\\/trendblog\\\/der-parfumeur\\\/#respond\"]}]},{\"@type\":\"WebPage\",\"@id\":\"https:\\\/\\\/www.trend4ward.de\\\/trendblog\\\/der-parfumeur\\\/\",\"url\":\"https:\\\/\\\/www.trend4ward.de\\\/trendblog\\\/der-parfumeur\\\/\",\"name\":\"Der Parf\u00fcmeur &#8226; trendBlog \u2013 Wohnen, Reisen, Leben und Kultur\",\"isPartOf\":{\"@id\":\"https:\\\/\\\/www.trend4ward.de\\\/trendblog\\\/#website\"},\"primaryImageOfPage\":{\"@id\":\"https:\\\/\\\/www.trend4ward.de\\\/trendblog\\\/der-parfumeur\\\/#primaryimage\"},\"image\":{\"@id\":\"https:\\\/\\\/www.trend4ward.de\\\/trendblog\\\/der-parfumeur\\\/#primaryimage\"},\"thumbnailUrl\":\"https:\\\/\\\/www.trend4ward.de\\\/trendblog\\\/wp-content\\\/uploads\\\/2014\\\/03\\\/parfumeur_trend4ward.detrendblog.jpg\",\"datePublished\":\"2014-03-10T15:24:00+00:00\",\"dateModified\":\"2022-01-06T09:02:49+00:00\",\"description\":\"Portrait \u00fcber den besonderen Beruf des Duftherstellers. Uwe Manasse kreiert pers\u00f6nliche Parf\u00fcms f\u00fcr seine Kundinnen.\",\"breadcrumb\":{\"@id\":\"https:\\\/\\\/www.trend4ward.de\\\/trendblog\\\/der-parfumeur\\\/#breadcrumb\"},\"inLanguage\":\"de\",\"potentialAction\":[{\"@type\":\"ReadAction\",\"target\":[\"https:\\\/\\\/www.trend4ward.de\\\/trendblog\\\/der-parfumeur\\\/\"]}]},{\"@type\":\"ImageObject\",\"inLanguage\":\"de\",\"@id\":\"https:\\\/\\\/www.trend4ward.de\\\/trendblog\\\/der-parfumeur\\\/#primaryimage\",\"url\":\"https:\\\/\\\/www.trend4ward.de\\\/trendblog\\\/wp-content\\\/uploads\\\/2014\\\/03\\\/parfumeur_trend4ward.detrendblog.jpg\",\"contentUrl\":\"https:\\\/\\\/www.trend4ward.de\\\/trendblog\\\/wp-content\\\/uploads\\\/2014\\\/03\\\/parfumeur_trend4ward.detrendblog.jpg\",\"width\":1017,\"height\":460},{\"@type\":\"BreadcrumbList\",\"@id\":\"https:\\\/\\\/www.trend4ward.de\\\/trendblog\\\/der-parfumeur\\\/#breadcrumb\",\"itemListElement\":[{\"@type\":\"ListItem\",\"position\":1,\"name\":\"Home\",\"item\":\"https:\\\/\\\/www.trend4ward.de\\\/trendblog\\\/\"},{\"@type\":\"ListItem\",\"position\":2,\"name\":\"Der Parf\u00fcmeur\"}]},{\"@type\":\"WebSite\",\"@id\":\"https:\\\/\\\/www.trend4ward.de\\\/trendblog\\\/#website\",\"url\":\"https:\\\/\\\/www.trend4ward.de\\\/trendblog\\\/\",\"name\":\"trendBlog \u2013 Wohnen, Reisen, Leben und Kultur\",\"description\":\"Portr\u00e4ts, Reportagen, Ratgeber. Seit 2009. Von Evelyn Steinbach.\",\"publisher\":{\"@id\":\"https:\\\/\\\/www.trend4ward.de\\\/trendblog\\\/#\\\/schema\\\/person\\\/c65dd8afd2fda04893d121f31b2a8ea4\"},\"potentialAction\":[{\"@type\":\"SearchAction\",\"target\":{\"@type\":\"EntryPoint\",\"urlTemplate\":\"https:\\\/\\\/www.trend4ward.de\\\/trendblog\\\/?s={search_term_string}\"},\"query-input\":{\"@type\":\"PropertyValueSpecification\",\"valueRequired\":true,\"valueName\":\"search_term_string\"}}],\"inLanguage\":\"de\"},{\"@type\":[\"Person\",\"Organization\"],\"@id\":\"https:\\\/\\\/www.trend4ward.de\\\/trendblog\\\/#\\\/schema\\\/person\\\/c65dd8afd2fda04893d121f31b2a8ea4\",\"name\":\"Evelyn Steinbach\",\"image\":{\"@type\":\"ImageObject\",\"inLanguage\":\"de\",\"@id\":\"https:\\\/\\\/www.trend4ward.de\\\/trendblog\\\/wp-content\\\/uploads\\\/2020\\\/11\\\/cropped-cropped-IMG_6744-e1692617617527.png\",\"url\":\"https:\\\/\\\/www.trend4ward.de\\\/trendblog\\\/wp-content\\\/uploads\\\/2020\\\/11\\\/cropped-cropped-IMG_6744-e1692617617527.png\",\"contentUrl\":\"https:\\\/\\\/www.trend4ward.de\\\/trendblog\\\/wp-content\\\/uploads\\\/2020\\\/11\\\/cropped-cropped-IMG_6744-e1692617617527.png\",\"width\":200,\"height\":183,\"caption\":\"Evelyn Steinbach\"},\"logo\":{\"@id\":\"https:\\\/\\\/www.trend4ward.de\\\/trendblog\\\/wp-content\\\/uploads\\\/2020\\\/11\\\/cropped-cropped-IMG_6744-e1692617617527.png\"},\"sameAs\":[\"http:\\\/\\\/www.trend4ward.de\"],\"url\":\"https:\\\/\\\/www.trend4ward.de\\\/trendblog\\\/author\\\/eve\\\/\"}]}<\/script>\n<!-- \/ Yoast SEO plugin. -->","yoast_head_json":{"title":"Der Parf\u00fcmeur &#8226; trendBlog \u2013 Wohnen, Reisen, Leben und Kultur","description":"Portrait \u00fcber den besonderen Beruf des Duftherstellers. Uwe Manasse kreiert pers\u00f6nliche Parf\u00fcms f\u00fcr seine Kundinnen.","robots":{"index":"index","follow":"follow","max-snippet":"max-snippet:-1","max-image-preview":"max-image-preview:large","max-video-preview":"max-video-preview:-1"},"canonical":"https:\/\/www.trend4ward.de\/trendblog\/der-parfumeur\/","og_locale":"de_DE","og_type":"article","og_title":"Der Parf\u00fcmeur &#8226; trendBlog \u2013 Wohnen, Reisen, Leben und Kultur","og_description":"Portrait \u00fcber den besonderen Beruf des Duftherstellers. Uwe Manasse kreiert pers\u00f6nliche Parf\u00fcms f\u00fcr seine Kundinnen.","og_url":"https:\/\/www.trend4ward.de\/trendblog\/der-parfumeur\/","og_site_name":"trendBlog \u2013 Wohnen, Reisen, Leben und Kultur","article_published_time":"2014-03-10T15:24:00+00:00","article_modified_time":"2022-01-06T09:02:49+00:00","og_image":[{"width":1017,"height":460,"url":"https:\/\/www.trend4ward.de\/trendblog\/wp-content\/uploads\/2014\/03\/parfumeur_trend4ward.detrendblog.jpg","type":"image\/jpeg"}],"author":"Evelyn Steinbach","twitter_misc":{"Verfasst von":"Evelyn Steinbach","Gesch\u00e4tzte Lesezeit":"6\u00a0Minuten"},"schema":{"@context":"https:\/\/schema.org","@graph":[{"@type":"Article","@id":"https:\/\/www.trend4ward.de\/trendblog\/der-parfumeur\/#article","isPartOf":{"@id":"https:\/\/www.trend4ward.de\/trendblog\/der-parfumeur\/"},"author":{"name":"Evelyn Steinbach","@id":"https:\/\/www.trend4ward.de\/trendblog\/#\/schema\/person\/c65dd8afd2fda04893d121f31b2a8ea4"},"headline":"Der Parf\u00fcmeur","datePublished":"2014-03-10T15:24:00+00:00","dateModified":"2022-01-06T09:02:49+00:00","mainEntityOfPage":{"@id":"https:\/\/www.trend4ward.de\/trendblog\/der-parfumeur\/"},"wordCount":1056,"commentCount":2,"publisher":{"@id":"https:\/\/www.trend4ward.de\/trendblog\/#\/schema\/person\/c65dd8afd2fda04893d121f31b2a8ea4"},"image":{"@id":"https:\/\/www.trend4ward.de\/trendblog\/der-parfumeur\/#primaryimage"},"thumbnailUrl":"https:\/\/www.trend4ward.de\/trendblog\/wp-content\/uploads\/2014\/03\/parfumeur_trend4ward.detrendblog.jpg","keywords":["Besondere Berufe"],"articleSection":["K\u00f6ln &amp; Kultur","Leben &amp; Gesellschaft"],"inLanguage":"de","potentialAction":[{"@type":"CommentAction","name":"Comment","target":["https:\/\/www.trend4ward.de\/trendblog\/der-parfumeur\/#respond"]}]},{"@type":"WebPage","@id":"https:\/\/www.trend4ward.de\/trendblog\/der-parfumeur\/","url":"https:\/\/www.trend4ward.de\/trendblog\/der-parfumeur\/","name":"Der Parf\u00fcmeur &#8226; trendBlog \u2013 Wohnen, Reisen, Leben und Kultur","isPartOf":{"@id":"https:\/\/www.trend4ward.de\/trendblog\/#website"},"primaryImageOfPage":{"@id":"https:\/\/www.trend4ward.de\/trendblog\/der-parfumeur\/#primaryimage"},"image":{"@id":"https:\/\/www.trend4ward.de\/trendblog\/der-parfumeur\/#primaryimage"},"thumbnailUrl":"https:\/\/www.trend4ward.de\/trendblog\/wp-content\/uploads\/2014\/03\/parfumeur_trend4ward.detrendblog.jpg","datePublished":"2014-03-10T15:24:00+00:00","dateModified":"2022-01-06T09:02:49+00:00","description":"Portrait \u00fcber den besonderen Beruf des Duftherstellers. Uwe Manasse kreiert pers\u00f6nliche Parf\u00fcms f\u00fcr seine Kundinnen.","breadcrumb":{"@id":"https:\/\/www.trend4ward.de\/trendblog\/der-parfumeur\/#breadcrumb"},"inLanguage":"de","potentialAction":[{"@type":"ReadAction","target":["https:\/\/www.trend4ward.de\/trendblog\/der-parfumeur\/"]}]},{"@type":"ImageObject","inLanguage":"de","@id":"https:\/\/www.trend4ward.de\/trendblog\/der-parfumeur\/#primaryimage","url":"https:\/\/www.trend4ward.de\/trendblog\/wp-content\/uploads\/2014\/03\/parfumeur_trend4ward.detrendblog.jpg","contentUrl":"https:\/\/www.trend4ward.de\/trendblog\/wp-content\/uploads\/2014\/03\/parfumeur_trend4ward.detrendblog.jpg","width":1017,"height":460},{"@type":"BreadcrumbList","@id":"https:\/\/www.trend4ward.de\/trendblog\/der-parfumeur\/#breadcrumb","itemListElement":[{"@type":"ListItem","position":1,"name":"Home","item":"https:\/\/www.trend4ward.de\/trendblog\/"},{"@type":"ListItem","position":2,"name":"Der Parf\u00fcmeur"}]},{"@type":"WebSite","@id":"https:\/\/www.trend4ward.de\/trendblog\/#website","url":"https:\/\/www.trend4ward.de\/trendblog\/","name":"trendBlog \u2013 Wohnen, Reisen, Leben und Kultur","description":"Portr\u00e4ts, Reportagen, Ratgeber. Seit 2009. Von Evelyn Steinbach.","publisher":{"@id":"https:\/\/www.trend4ward.de\/trendblog\/#\/schema\/person\/c65dd8afd2fda04893d121f31b2a8ea4"},"potentialAction":[{"@type":"SearchAction","target":{"@type":"EntryPoint","urlTemplate":"https:\/\/www.trend4ward.de\/trendblog\/?s={search_term_string}"},"query-input":{"@type":"PropertyValueSpecification","valueRequired":true,"valueName":"search_term_string"}}],"inLanguage":"de"},{"@type":["Person","Organization"],"@id":"https:\/\/www.trend4ward.de\/trendblog\/#\/schema\/person\/c65dd8afd2fda04893d121f31b2a8ea4","name":"Evelyn Steinbach","image":{"@type":"ImageObject","inLanguage":"de","@id":"https:\/\/www.trend4ward.de\/trendblog\/wp-content\/uploads\/2020\/11\/cropped-cropped-IMG_6744-e1692617617527.png","url":"https:\/\/www.trend4ward.de\/trendblog\/wp-content\/uploads\/2020\/11\/cropped-cropped-IMG_6744-e1692617617527.png","contentUrl":"https:\/\/www.trend4ward.de\/trendblog\/wp-content\/uploads\/2020\/11\/cropped-cropped-IMG_6744-e1692617617527.png","width":200,"height":183,"caption":"Evelyn Steinbach"},"logo":{"@id":"https:\/\/www.trend4ward.de\/trendblog\/wp-content\/uploads\/2020\/11\/cropped-cropped-IMG_6744-e1692617617527.png"},"sameAs":["http:\/\/www.trend4ward.de"],"url":"https:\/\/www.trend4ward.de\/trendblog\/author\/eve\/"}]}},"jetpack_featured_media_url":"https:\/\/www.trend4ward.de\/trendblog\/wp-content\/uploads\/2014\/03\/parfumeur_trend4ward.detrendblog.jpg","jetpack_sharing_enabled":true,"_links":{"self":[{"href":"https:\/\/www.trend4ward.de\/trendblog\/wp-json\/wp\/v2\/posts\/344","targetHints":{"allow":["GET"]}}],"collection":[{"href":"https:\/\/www.trend4ward.de\/trendblog\/wp-json\/wp\/v2\/posts"}],"about":[{"href":"https:\/\/www.trend4ward.de\/trendblog\/wp-json\/wp\/v2\/types\/post"}],"author":[{"embeddable":true,"href":"https:\/\/www.trend4ward.de\/trendblog\/wp-json\/wp\/v2\/users\/1"}],"replies":[{"embeddable":true,"href":"https:\/\/www.trend4ward.de\/trendblog\/wp-json\/wp\/v2\/comments?post=344"}],"version-history":[{"count":21,"href":"https:\/\/www.trend4ward.de\/trendblog\/wp-json\/wp\/v2\/posts\/344\/revisions"}],"predecessor-version":[{"id":5875,"href":"https:\/\/www.trend4ward.de\/trendblog\/wp-json\/wp\/v2\/posts\/344\/revisions\/5875"}],"wp:featuredmedia":[{"embeddable":true,"href":"https:\/\/www.trend4ward.de\/trendblog\/wp-json\/wp\/v2\/media\/2367"}],"wp:attachment":[{"href":"https:\/\/www.trend4ward.de\/trendblog\/wp-json\/wp\/v2\/media?parent=344"}],"wp:term":[{"taxonomy":"category","embeddable":true,"href":"https:\/\/www.trend4ward.de\/trendblog\/wp-json\/wp\/v2\/categories?post=344"},{"taxonomy":"post_tag","embeddable":true,"href":"https:\/\/www.trend4ward.de\/trendblog\/wp-json\/wp\/v2\/tags?post=344"}],"curies":[{"name":"wp","href":"https:\/\/api.w.org\/{rel}","templated":true}]}}