{"id":3622,"date":"2017-06-09T16:49:37","date_gmt":"2017-06-09T14:49:37","guid":{"rendered":"https:\/\/www.trend4ward.de\/trendblog\/?p=3622"},"modified":"2017-10-19T17:07:03","modified_gmt":"2017-10-19T15:07:03","slug":"umweltmigration-was-kommt-auf-uns-zu","status":"publish","type":"post","link":"https:\/\/www.trend4ward.de\/trendblog\/umweltmigration-was-kommt-auf-uns-zu\/","title":{"rendered":"Umweltmigration: Was kommt auf uns zu?"},"content":{"rendered":"<div id=\"c9581\" class=\"csc-default\">\n<div class=\"csc-header csc-header-n1\">&nbsp;<strong style=\"font-size: 1.0625rem;\">Die Zahl der Menschen, die vor Krieg, Konflikten und Verfolgung fliehen, war noch nie so hoch wie heute. Ende 2015 waren 65 Millionen Menschen weltweit auf der Flucht. Doch was, wenn in den n\u00e4chsten Jahrzehnten weitere 200 Millionen Menschen hinzukommen, die vor allem aufgrund der Auswirkungen des Klimawandels ihre Heimat verlassen \u2013 wegen steigender Meeresspiegel, anhaltender D\u00fcrre oder immer h\u00e4ufiger auftretenden Naturkatastrophen?<\/strong><\/div>\n<\/div>\n<p><!--more--><\/p>\n<div id=\"c9582\" class=\"csc-default\">\n<div class=\"csc-textpic csc-textpic-intext-left\">\n<div class=\"csc-textpic-text\">\n<p>Im neuen&nbsp;&nbsp;<span class=\"linkUnderline\">Atlas der Umweltmigration finden sich f\u00fcr jeden verst\u00e4ndliche<\/span>&nbsp;Daten und Fakten. Grafiken und detaillierte Karten liefern eine F\u00fclle an Informationen \u00fcber die Zusammenh\u00e4nge von Umweltkatastrophen, Klimawandel und Migration auf allen Kontinenten. Mit wie vielen Menschen, die wegen der Folgen des Klimawandels fliehen, m\u00fcssen wir in den n\u00e4chsten Jahrzehnten rechnen? Wie beeinflussen sich Umweltaspekte und politische Konflikte bei der Entscheidung zur Flucht? Wo gab es in der Vergangenheit Migrationsbewegungen aufgrund von Umweltereignissen, und welche Teile der Erde werden in Zukunft betroffen sein? Bebilderte Fallstudien aus aller Welt sensibilisieren f\u00fcr die Situation der Menschen vor Ort \u2013 seien es die Fischer am immer weiter austrocknenden Aralsee oder die Bewohner der Carteret-Inseln, denen durch den Anstieg der Meeresspiegel die \u00dcberflutung droht.<\/p>\n<h2 class=\"bodytext\"><strong><a href=\"https:\/\/www.trend4ward.de\/trendblog\/wp-content\/uploads\/2017\/06\/EineWeltinBewegung_Atlas_Umweltmigration_S20.jpg\"><img loading=\"lazy\" decoding=\"async\" class=\"aligncenter wp-image-3624 size-full\" src=\"https:\/\/www.trend4ward.de\/trendblog\/wp-content\/uploads\/2017\/06\/EineWeltinBewegung_Atlas_Umweltmigration_S20.jpg\" alt=\"\" width=\"1000\" height=\"929\" srcset=\"https:\/\/www.trend4ward.de\/trendblog\/wp-content\/uploads\/2017\/06\/EineWeltinBewegung_Atlas_Umweltmigration_S20.jpg 1000w, https:\/\/www.trend4ward.de\/trendblog\/wp-content\/uploads\/2017\/06\/EineWeltinBewegung_Atlas_Umweltmigration_S20-300x279.jpg 300w, https:\/\/www.trend4ward.de\/trendblog\/wp-content\/uploads\/2017\/06\/EineWeltinBewegung_Atlas_Umweltmigration_S20-768x713.jpg 768w, https:\/\/www.trend4ward.de\/trendblog\/wp-content\/uploads\/2017\/06\/EineWeltinBewegung_Atlas_Umweltmigration_S20-65x60.jpg 65w\" sizes=\"auto, (max-width: 1000px) 100vw, 1000px\" \/><\/a><\/strong><\/h2>\n<h2 class=\"bodytext\"><strong>Umweltmigration muss auf die politische Agenda<\/strong><\/h2>\n<p class=\"bodytext\">Die bislang von der Politik weitgehend vernachl\u00e4ssigte Umweltmigration muss dringend Eingang in die Debatten finden \u2013 warnen die drei AutorInnen des Migrationsatlas. W\u00fcrde an den richtigen Stellen schnell gehandelt, k\u00f6nnten humanit\u00e4re Katastrophen verhindert und potenzielle Fluchtursachen bek\u00e4mpft werden. Der Globale Norden steht hier in besonderer Verantwortung, denn es sind vor allem die Industrienationen, die den Klimawandel ausl\u00f6sen oder die \u00d6kosysteme des S\u00fcdens \u00fcbernutzen. Die Politik ist also gefordert; sie muss und kann daf\u00fcr sorgen, Umweltmigration einzud\u00e4mmen. Dazu bedarf es allerdings einer \u00fcbergreifenden und ausgewogenen politischen Agenda, die es nur geben kann, wenn die Fakten auf dem Tisch liegen. Der \u00bbAtlas der Umweltmigration\u00ab h\u00e4lt sie bereit und informiert \u00fcber Migrationsstr\u00f6me und -routen, Mobilit\u00e4tsfaktoren und m\u00f6gliche Schutzma\u00dfnahmen f\u00fcr die Migranten.<\/p>\n<p class=\"bodytext\"><i> <a href=\"https:\/\/www.trend4ward.de\/trendblog\/wp-content\/uploads\/2017\/06\/csm_Titel_Atlas_Umweltmigration_rgb_648Pix_55dca86600.jpg\"><img loading=\"lazy\" decoding=\"async\" class=\"alignleft size-full wp-image-3626\" src=\"https:\/\/www.trend4ward.de\/trendblog\/wp-content\/uploads\/2017\/06\/csm_Titel_Atlas_Umweltmigration_rgb_648Pix_55dca86600.jpg\" alt=\"\" width=\"190\" height=\"269\" srcset=\"https:\/\/www.trend4ward.de\/trendblog\/wp-content\/uploads\/2017\/06\/csm_Titel_Atlas_Umweltmigration_rgb_648Pix_55dca86600.jpg 190w, https:\/\/www.trend4ward.de\/trendblog\/wp-content\/uploads\/2017\/06\/csm_Titel_Atlas_Umweltmigration_rgb_648Pix_55dca86600-42x60.jpg 42w\" sizes=\"auto, (max-width: 190px) 100vw, 190px\" \/><\/a>Dina Ionesco, Daria Mokhnacheva, Fran\u00e7ois Gemenne, <strong>Atlas der Umweltmigration<\/strong>, 176 Seiten mit vielen Grafiken und Abbildungen, ISBN 978-3-86581-837-9, 22 Euro \/ 22,70 Euro (A). Auch als E-Book erh\u00e4ltlich.<\/i><\/p>\n<\/div>\n<\/div>\n<\/div>\n<p>&nbsp;<\/p>\n<p>&nbsp;<\/p>\n<p>&nbsp;<\/p>\n<p>&nbsp;<\/p>\n<p>&nbsp;<\/p>\n<p>\n<script type=\"text\/javascript\">\nvar uri = 'https:\/\/impde.tradedoubler.com\/imp?type(img)g(23735410)a(2957434)' + new String (Math.random()).substring (2, 11);\ndocument.write('<a href=\"https:\/\/clkde.tradedoubler.com\/click?p=224467&#038;a=2957434&#038;g=23735410\" target=\"_BLANK\"><img decoding=\"async\" src=\"https:\/\/www.trend4ward.de\/trendblog\/umweltmigration-was-kommt-auf-uns-zu\" border=0><\/a>');\n<\/script><br \/>\n<\/br><\/p>\n","protected":false},"excerpt":{"rendered":"<p>&nbsp;Die Zahl der Menschen, die vor Krieg, Konflikten und Verfolgung fliehen, war noch nie so hoch wie heute. Ende 2015 waren 65 Millionen Menschen weltweit auf der Flucht. Doch was, wenn in den n\u00e4chsten Jahrzehnten weitere 200 Millionen Menschen hinzukommen, die vor allem aufgrund der Auswirkungen des Klimawandels ihre Heimat verlassen \u2013 wegen steigender Meeresspiegel,&hellip;&nbsp;<a href=\"https:\/\/www.trend4ward.de\/trendblog\/umweltmigration-was-kommt-auf-uns-zu\/\" rel=\"bookmark\">Weiterlesen &raquo;<span class=\"screen-reader-text\">Umweltmigration: Was kommt auf uns zu?<\/span><\/a><\/p>\n","protected":false},"author":1,"featured_media":3625,"comment_status":"open","ping_status":"open","sticky":false,"template":"","format":"standard","meta":{"om_disable_all_campaigns":false,"_monsterinsights_skip_tracking":false,"_monsterinsights_sitenote_active":false,"_monsterinsights_sitenote_note":"","_monsterinsights_sitenote_category":0,"_uf_show_specific_survey":0,"_uf_disable_surveys":false,"neve_meta_sidebar":"","neve_meta_container":"","neve_meta_enable_content_width":"","neve_meta_content_width":0,"neve_meta_title_alignment":"","neve_meta_author_avatar":"","neve_post_elements_order":"","neve_meta_disable_header":"","neve_meta_disable_footer":"","neve_meta_disable_title":"","ngg_post_thumbnail":0,"_jetpack_memberships_contains_paid_content":false,"footnotes":""},"categories":[76],"tags":[198,35],"class_list":["post-3622","post","type-post","status-publish","format-standard","has-post-thumbnail","hentry","category-leben-und-gesellschaft","tag-nachhaltig-und-oekologisch","tag-zukunft"],"yoast_head":"<!-- This site is optimized with the Yoast SEO plugin v27.4 - https:\/\/yoast.com\/product\/yoast-seo-wordpress\/ -->\n<title>Umweltmigration: Was kommt auf uns zu? &#8226; trendBlog \u2013 Wohnen, Reisen, Leben und Kultur<\/title>\n<meta name=\"description\" content=\"Neuer Trend aus dem trendBlog von trend4ward.\" \/>\n<meta name=\"robots\" content=\"index, follow, max-snippet:-1, max-image-preview:large, max-video-preview:-1\" \/>\n<link rel=\"canonical\" href=\"https:\/\/www.trend4ward.de\/trendblog\/umweltmigration-was-kommt-auf-uns-zu\/\" \/>\n<meta property=\"og:locale\" content=\"de_DE\" \/>\n<meta property=\"og:type\" content=\"article\" \/>\n<meta property=\"og:title\" content=\"Umweltmigration: Was kommt auf uns zu? &#8226; trendBlog \u2013 Wohnen, Reisen, Leben und Kultur\" \/>\n<meta property=\"og:description\" content=\"Neuer Trend aus dem trendBlog von trend4ward.\" \/>\n<meta property=\"og:url\" content=\"https:\/\/www.trend4ward.de\/trendblog\/umweltmigration-was-kommt-auf-uns-zu\/\" \/>\n<meta property=\"og:site_name\" content=\"trendBlog \u2013 Wohnen, Reisen, Leben und Kultur\" \/>\n<meta property=\"article:published_time\" content=\"2017-06-09T14:49:37+00:00\" \/>\n<meta property=\"article:modified_time\" content=\"2017-10-19T15:07:03+00:00\" \/>\n<meta property=\"og:image\" content=\"https:\/\/www.trend4ward.de\/trendblog\/wp-content\/uploads\/2017\/06\/Titel_Atlas_Umweltmigration_cmyk_Presse-1-e1497019687153.jpg\" \/>\n\t<meta property=\"og:image:width\" content=\"1000\" \/>\n\t<meta property=\"og:image:height\" content=\"1415\" \/>\n\t<meta property=\"og:image:type\" content=\"image\/jpeg\" \/>\n<meta name=\"author\" content=\"Evelyn Steinbach\" \/>\n<meta name=\"twitter:label1\" content=\"Verfasst von\" \/>\n\t<meta name=\"twitter:data1\" content=\"Evelyn Steinbach\" \/>\n\t<meta name=\"twitter:label2\" content=\"Gesch\u00e4tzte Lesezeit\" \/>\n\t<meta name=\"twitter:data2\" content=\"2\u00a0Minuten\" \/>\n<script type=\"application\/ld+json\" class=\"yoast-schema-graph\">{\"@context\":\"https:\\\/\\\/schema.org\",\"@graph\":[{\"@type\":\"Article\",\"@id\":\"https:\\\/\\\/www.trend4ward.de\\\/trendblog\\\/umweltmigration-was-kommt-auf-uns-zu\\\/#article\",\"isPartOf\":{\"@id\":\"https:\\\/\\\/www.trend4ward.de\\\/trendblog\\\/umweltmigration-was-kommt-auf-uns-zu\\\/\"},\"author\":{\"name\":\"Evelyn Steinbach\",\"@id\":\"https:\\\/\\\/www.trend4ward.de\\\/trendblog\\\/#\\\/schema\\\/person\\\/c65dd8afd2fda04893d121f31b2a8ea4\"},\"headline\":\"Umweltmigration: Was kommt auf uns zu?\",\"datePublished\":\"2017-06-09T14:49:37+00:00\",\"dateModified\":\"2017-10-19T15:07:03+00:00\",\"mainEntityOfPage\":{\"@id\":\"https:\\\/\\\/www.trend4ward.de\\\/trendblog\\\/umweltmigration-was-kommt-auf-uns-zu\\\/\"},\"wordCount\":369,\"commentCount\":0,\"publisher\":{\"@id\":\"https:\\\/\\\/www.trend4ward.de\\\/trendblog\\\/#\\\/schema\\\/person\\\/c65dd8afd2fda04893d121f31b2a8ea4\"},\"image\":{\"@id\":\"https:\\\/\\\/www.trend4ward.de\\\/trendblog\\\/umweltmigration-was-kommt-auf-uns-zu\\\/#primaryimage\"},\"thumbnailUrl\":\"https:\\\/\\\/www.trend4ward.de\\\/trendblog\\\/wp-content\\\/uploads\\\/2017\\\/06\\\/Titel_Atlas_Umweltmigration_cmyk_Presse-1-e1497019687153.jpg\",\"keywords\":[\"Nachhaltig &amp; \u00f6kologisch\",\"Zukunft\"],\"articleSection\":[\"Leben &amp; Gesellschaft\"],\"inLanguage\":\"de\",\"potentialAction\":[{\"@type\":\"CommentAction\",\"name\":\"Comment\",\"target\":[\"https:\\\/\\\/www.trend4ward.de\\\/trendblog\\\/umweltmigration-was-kommt-auf-uns-zu\\\/#respond\"]}]},{\"@type\":\"WebPage\",\"@id\":\"https:\\\/\\\/www.trend4ward.de\\\/trendblog\\\/umweltmigration-was-kommt-auf-uns-zu\\\/\",\"url\":\"https:\\\/\\\/www.trend4ward.de\\\/trendblog\\\/umweltmigration-was-kommt-auf-uns-zu\\\/\",\"name\":\"Umweltmigration: Was kommt auf uns zu? &#8226; trendBlog \u2013 Wohnen, Reisen, Leben und Kultur\",\"isPartOf\":{\"@id\":\"https:\\\/\\\/www.trend4ward.de\\\/trendblog\\\/#website\"},\"primaryImageOfPage\":{\"@id\":\"https:\\\/\\\/www.trend4ward.de\\\/trendblog\\\/umweltmigration-was-kommt-auf-uns-zu\\\/#primaryimage\"},\"image\":{\"@id\":\"https:\\\/\\\/www.trend4ward.de\\\/trendblog\\\/umweltmigration-was-kommt-auf-uns-zu\\\/#primaryimage\"},\"thumbnailUrl\":\"https:\\\/\\\/www.trend4ward.de\\\/trendblog\\\/wp-content\\\/uploads\\\/2017\\\/06\\\/Titel_Atlas_Umweltmigration_cmyk_Presse-1-e1497019687153.jpg\",\"datePublished\":\"2017-06-09T14:49:37+00:00\",\"dateModified\":\"2017-10-19T15:07:03+00:00\",\"description\":\"Neuer Trend aus dem trendBlog von trend4ward.\",\"breadcrumb\":{\"@id\":\"https:\\\/\\\/www.trend4ward.de\\\/trendblog\\\/umweltmigration-was-kommt-auf-uns-zu\\\/#breadcrumb\"},\"inLanguage\":\"de\",\"potentialAction\":[{\"@type\":\"ReadAction\",\"target\":[\"https:\\\/\\\/www.trend4ward.de\\\/trendblog\\\/umweltmigration-was-kommt-auf-uns-zu\\\/\"]}]},{\"@type\":\"ImageObject\",\"inLanguage\":\"de\",\"@id\":\"https:\\\/\\\/www.trend4ward.de\\\/trendblog\\\/umweltmigration-was-kommt-auf-uns-zu\\\/#primaryimage\",\"url\":\"https:\\\/\\\/www.trend4ward.de\\\/trendblog\\\/wp-content\\\/uploads\\\/2017\\\/06\\\/Titel_Atlas_Umweltmigration_cmyk_Presse-1-e1497019687153.jpg\",\"contentUrl\":\"https:\\\/\\\/www.trend4ward.de\\\/trendblog\\\/wp-content\\\/uploads\\\/2017\\\/06\\\/Titel_Atlas_Umweltmigration_cmyk_Presse-1-e1497019687153.jpg\",\"width\":1000,\"height\":1415},{\"@type\":\"BreadcrumbList\",\"@id\":\"https:\\\/\\\/www.trend4ward.de\\\/trendblog\\\/umweltmigration-was-kommt-auf-uns-zu\\\/#breadcrumb\",\"itemListElement\":[{\"@type\":\"ListItem\",\"position\":1,\"name\":\"Home\",\"item\":\"https:\\\/\\\/www.trend4ward.de\\\/trendblog\\\/\"},{\"@type\":\"ListItem\",\"position\":2,\"name\":\"Umweltmigration: Was kommt auf uns zu?\"}]},{\"@type\":\"WebSite\",\"@id\":\"https:\\\/\\\/www.trend4ward.de\\\/trendblog\\\/#website\",\"url\":\"https:\\\/\\\/www.trend4ward.de\\\/trendblog\\\/\",\"name\":\"trendBlog \u2013 Wohnen, Reisen, Leben und Kultur\",\"description\":\"Portr\u00e4ts, Reportagen, Ratgeber. Seit 2009. Von Evelyn Steinbach.\",\"publisher\":{\"@id\":\"https:\\\/\\\/www.trend4ward.de\\\/trendblog\\\/#\\\/schema\\\/person\\\/c65dd8afd2fda04893d121f31b2a8ea4\"},\"potentialAction\":[{\"@type\":\"SearchAction\",\"target\":{\"@type\":\"EntryPoint\",\"urlTemplate\":\"https:\\\/\\\/www.trend4ward.de\\\/trendblog\\\/?s={search_term_string}\"},\"query-input\":{\"@type\":\"PropertyValueSpecification\",\"valueRequired\":true,\"valueName\":\"search_term_string\"}}],\"inLanguage\":\"de\"},{\"@type\":[\"Person\",\"Organization\"],\"@id\":\"https:\\\/\\\/www.trend4ward.de\\\/trendblog\\\/#\\\/schema\\\/person\\\/c65dd8afd2fda04893d121f31b2a8ea4\",\"name\":\"Evelyn Steinbach\",\"image\":{\"@type\":\"ImageObject\",\"inLanguage\":\"de\",\"@id\":\"https:\\\/\\\/www.trend4ward.de\\\/trendblog\\\/wp-content\\\/uploads\\\/2020\\\/11\\\/cropped-cropped-IMG_6744-e1692617617527.png\",\"url\":\"https:\\\/\\\/www.trend4ward.de\\\/trendblog\\\/wp-content\\\/uploads\\\/2020\\\/11\\\/cropped-cropped-IMG_6744-e1692617617527.png\",\"contentUrl\":\"https:\\\/\\\/www.trend4ward.de\\\/trendblog\\\/wp-content\\\/uploads\\\/2020\\\/11\\\/cropped-cropped-IMG_6744-e1692617617527.png\",\"width\":200,\"height\":183,\"caption\":\"Evelyn Steinbach\"},\"logo\":{\"@id\":\"https:\\\/\\\/www.trend4ward.de\\\/trendblog\\\/wp-content\\\/uploads\\\/2020\\\/11\\\/cropped-cropped-IMG_6744-e1692617617527.png\"},\"sameAs\":[\"http:\\\/\\\/www.trend4ward.de\"],\"url\":\"https:\\\/\\\/www.trend4ward.de\\\/trendblog\\\/author\\\/eve\\\/\"}]}<\/script>\n<!-- \/ Yoast SEO plugin. -->","yoast_head_json":{"title":"Umweltmigration: Was kommt auf uns zu? &#8226; trendBlog \u2013 Wohnen, Reisen, Leben und Kultur","description":"Neuer Trend aus dem trendBlog von trend4ward.","robots":{"index":"index","follow":"follow","max-snippet":"max-snippet:-1","max-image-preview":"max-image-preview:large","max-video-preview":"max-video-preview:-1"},"canonical":"https:\/\/www.trend4ward.de\/trendblog\/umweltmigration-was-kommt-auf-uns-zu\/","og_locale":"de_DE","og_type":"article","og_title":"Umweltmigration: Was kommt auf uns zu? &#8226; trendBlog \u2013 Wohnen, Reisen, Leben und Kultur","og_description":"Neuer Trend aus dem trendBlog von trend4ward.","og_url":"https:\/\/www.trend4ward.de\/trendblog\/umweltmigration-was-kommt-auf-uns-zu\/","og_site_name":"trendBlog \u2013 Wohnen, Reisen, Leben und Kultur","article_published_time":"2017-06-09T14:49:37+00:00","article_modified_time":"2017-10-19T15:07:03+00:00","og_image":[{"width":1000,"height":1415,"url":"https:\/\/www.trend4ward.de\/trendblog\/wp-content\/uploads\/2017\/06\/Titel_Atlas_Umweltmigration_cmyk_Presse-1-e1497019687153.jpg","type":"image\/jpeg"}],"author":"Evelyn Steinbach","twitter_misc":{"Verfasst von":"Evelyn Steinbach","Gesch\u00e4tzte Lesezeit":"2\u00a0Minuten"},"schema":{"@context":"https:\/\/schema.org","@graph":[{"@type":"Article","@id":"https:\/\/www.trend4ward.de\/trendblog\/umweltmigration-was-kommt-auf-uns-zu\/#article","isPartOf":{"@id":"https:\/\/www.trend4ward.de\/trendblog\/umweltmigration-was-kommt-auf-uns-zu\/"},"author":{"name":"Evelyn Steinbach","@id":"https:\/\/www.trend4ward.de\/trendblog\/#\/schema\/person\/c65dd8afd2fda04893d121f31b2a8ea4"},"headline":"Umweltmigration: Was kommt auf uns zu?","datePublished":"2017-06-09T14:49:37+00:00","dateModified":"2017-10-19T15:07:03+00:00","mainEntityOfPage":{"@id":"https:\/\/www.trend4ward.de\/trendblog\/umweltmigration-was-kommt-auf-uns-zu\/"},"wordCount":369,"commentCount":0,"publisher":{"@id":"https:\/\/www.trend4ward.de\/trendblog\/#\/schema\/person\/c65dd8afd2fda04893d121f31b2a8ea4"},"image":{"@id":"https:\/\/www.trend4ward.de\/trendblog\/umweltmigration-was-kommt-auf-uns-zu\/#primaryimage"},"thumbnailUrl":"https:\/\/www.trend4ward.de\/trendblog\/wp-content\/uploads\/2017\/06\/Titel_Atlas_Umweltmigration_cmyk_Presse-1-e1497019687153.jpg","keywords":["Nachhaltig &amp; \u00f6kologisch","Zukunft"],"articleSection":["Leben &amp; Gesellschaft"],"inLanguage":"de","potentialAction":[{"@type":"CommentAction","name":"Comment","target":["https:\/\/www.trend4ward.de\/trendblog\/umweltmigration-was-kommt-auf-uns-zu\/#respond"]}]},{"@type":"WebPage","@id":"https:\/\/www.trend4ward.de\/trendblog\/umweltmigration-was-kommt-auf-uns-zu\/","url":"https:\/\/www.trend4ward.de\/trendblog\/umweltmigration-was-kommt-auf-uns-zu\/","name":"Umweltmigration: Was kommt auf uns zu? &#8226; trendBlog \u2013 Wohnen, Reisen, Leben und Kultur","isPartOf":{"@id":"https:\/\/www.trend4ward.de\/trendblog\/#website"},"primaryImageOfPage":{"@id":"https:\/\/www.trend4ward.de\/trendblog\/umweltmigration-was-kommt-auf-uns-zu\/#primaryimage"},"image":{"@id":"https:\/\/www.trend4ward.de\/trendblog\/umweltmigration-was-kommt-auf-uns-zu\/#primaryimage"},"thumbnailUrl":"https:\/\/www.trend4ward.de\/trendblog\/wp-content\/uploads\/2017\/06\/Titel_Atlas_Umweltmigration_cmyk_Presse-1-e1497019687153.jpg","datePublished":"2017-06-09T14:49:37+00:00","dateModified":"2017-10-19T15:07:03+00:00","description":"Neuer Trend aus dem trendBlog von trend4ward.","breadcrumb":{"@id":"https:\/\/www.trend4ward.de\/trendblog\/umweltmigration-was-kommt-auf-uns-zu\/#breadcrumb"},"inLanguage":"de","potentialAction":[{"@type":"ReadAction","target":["https:\/\/www.trend4ward.de\/trendblog\/umweltmigration-was-kommt-auf-uns-zu\/"]}]},{"@type":"ImageObject","inLanguage":"de","@id":"https:\/\/www.trend4ward.de\/trendblog\/umweltmigration-was-kommt-auf-uns-zu\/#primaryimage","url":"https:\/\/www.trend4ward.de\/trendblog\/wp-content\/uploads\/2017\/06\/Titel_Atlas_Umweltmigration_cmyk_Presse-1-e1497019687153.jpg","contentUrl":"https:\/\/www.trend4ward.de\/trendblog\/wp-content\/uploads\/2017\/06\/Titel_Atlas_Umweltmigration_cmyk_Presse-1-e1497019687153.jpg","width":1000,"height":1415},{"@type":"BreadcrumbList","@id":"https:\/\/www.trend4ward.de\/trendblog\/umweltmigration-was-kommt-auf-uns-zu\/#breadcrumb","itemListElement":[{"@type":"ListItem","position":1,"name":"Home","item":"https:\/\/www.trend4ward.de\/trendblog\/"},{"@type":"ListItem","position":2,"name":"Umweltmigration: Was kommt auf uns zu?"}]},{"@type":"WebSite","@id":"https:\/\/www.trend4ward.de\/trendblog\/#website","url":"https:\/\/www.trend4ward.de\/trendblog\/","name":"trendBlog \u2013 Wohnen, Reisen, Leben und Kultur","description":"Portr\u00e4ts, Reportagen, Ratgeber. Seit 2009. Von Evelyn Steinbach.","publisher":{"@id":"https:\/\/www.trend4ward.de\/trendblog\/#\/schema\/person\/c65dd8afd2fda04893d121f31b2a8ea4"},"potentialAction":[{"@type":"SearchAction","target":{"@type":"EntryPoint","urlTemplate":"https:\/\/www.trend4ward.de\/trendblog\/?s={search_term_string}"},"query-input":{"@type":"PropertyValueSpecification","valueRequired":true,"valueName":"search_term_string"}}],"inLanguage":"de"},{"@type":["Person","Organization"],"@id":"https:\/\/www.trend4ward.de\/trendblog\/#\/schema\/person\/c65dd8afd2fda04893d121f31b2a8ea4","name":"Evelyn Steinbach","image":{"@type":"ImageObject","inLanguage":"de","@id":"https:\/\/www.trend4ward.de\/trendblog\/wp-content\/uploads\/2020\/11\/cropped-cropped-IMG_6744-e1692617617527.png","url":"https:\/\/www.trend4ward.de\/trendblog\/wp-content\/uploads\/2020\/11\/cropped-cropped-IMG_6744-e1692617617527.png","contentUrl":"https:\/\/www.trend4ward.de\/trendblog\/wp-content\/uploads\/2020\/11\/cropped-cropped-IMG_6744-e1692617617527.png","width":200,"height":183,"caption":"Evelyn Steinbach"},"logo":{"@id":"https:\/\/www.trend4ward.de\/trendblog\/wp-content\/uploads\/2020\/11\/cropped-cropped-IMG_6744-e1692617617527.png"},"sameAs":["http:\/\/www.trend4ward.de"],"url":"https:\/\/www.trend4ward.de\/trendblog\/author\/eve\/"}]}},"jetpack_featured_media_url":"https:\/\/www.trend4ward.de\/trendblog\/wp-content\/uploads\/2017\/06\/Titel_Atlas_Umweltmigration_cmyk_Presse-1-e1497019687153.jpg","jetpack_sharing_enabled":true,"_links":{"self":[{"href":"https:\/\/www.trend4ward.de\/trendblog\/wp-json\/wp\/v2\/posts\/3622","targetHints":{"allow":["GET"]}}],"collection":[{"href":"https:\/\/www.trend4ward.de\/trendblog\/wp-json\/wp\/v2\/posts"}],"about":[{"href":"https:\/\/www.trend4ward.de\/trendblog\/wp-json\/wp\/v2\/types\/post"}],"author":[{"embeddable":true,"href":"https:\/\/www.trend4ward.de\/trendblog\/wp-json\/wp\/v2\/users\/1"}],"replies":[{"embeddable":true,"href":"https:\/\/www.trend4ward.de\/trendblog\/wp-json\/wp\/v2\/comments?post=3622"}],"version-history":[{"count":7,"href":"https:\/\/www.trend4ward.de\/trendblog\/wp-json\/wp\/v2\/posts\/3622\/revisions"}],"predecessor-version":[{"id":4043,"href":"https:\/\/www.trend4ward.de\/trendblog\/wp-json\/wp\/v2\/posts\/3622\/revisions\/4043"}],"wp:featuredmedia":[{"embeddable":true,"href":"https:\/\/www.trend4ward.de\/trendblog\/wp-json\/wp\/v2\/media\/3625"}],"wp:attachment":[{"href":"https:\/\/www.trend4ward.de\/trendblog\/wp-json\/wp\/v2\/media?parent=3622"}],"wp:term":[{"taxonomy":"category","embeddable":true,"href":"https:\/\/www.trend4ward.de\/trendblog\/wp-json\/wp\/v2\/categories?post=3622"},{"taxonomy":"post_tag","embeddable":true,"href":"https:\/\/www.trend4ward.de\/trendblog\/wp-json\/wp\/v2\/tags?post=3622"}],"curies":[{"name":"wp","href":"https:\/\/api.w.org\/{rel}","templated":true}]}}