{"id":3793,"date":"2017-07-25T16:19:52","date_gmt":"2017-07-25T14:19:52","guid":{"rendered":"https:\/\/www.trend4ward.de\/trendblog\/?p=3793"},"modified":"2018-07-20T10:59:55","modified_gmt":"2018-07-20T08:59:55","slug":"alleskoenner-aloe-ist-zimmerpflanze-des-monats-august","status":"publish","type":"post","link":"https:\/\/www.trend4ward.de\/trendblog\/alleskoenner-aloe-ist-zimmerpflanze-des-monats-august\/","title":{"rendered":"Allesk\u00f6nner: Aloe ist Zimmerpflanze des Monats August"},"content":{"rendered":"<p><strong>Die Aloe ist ist eine Wohltat: Die charakteristisch spitz zulaufenden Bl\u00e4tter haben eine heilende Wirkung und filtern Schadstoffe aus der Luft. Das beruhigende Gr\u00fcn der pflegeleichten W\u00fcstenpflanze f\u00fcgt sich nat\u00fcrlich in die Wohnumgebung.&nbsp;<\/strong><!--more--><\/p>\n<p>Die Zimmerpflanze des Monats August ist Seelentr\u00f6ster, Gl\u00fccksbringer und Allheilmittel zugleich. Neben einer positiven Auswirkung auf Seele und Geist werden ihr heilende Eigenschaften zugeschrieben. Als nat\u00fcrliche Sch\u00f6nheitsquelle steckt die Aloe voller Aminos\u00e4ure, Enzyme, Vitamine und Mineralsalze und lindert so Hautverbrennungen, Irritationen oder Akne. Die Gr\u00fcnpflanze reinigt allerdings nicht nur die Haut, sondern auch die Luft. Platziert im Schlafzimmer gibt die Aloe \u00fcber Nacht reichlich Sauerstoff ab und f\u00f6rdert so einen erholsamen Sch\u00f6nheitsschlaf.<\/p>\n<p>Bereits im alten \u00c4gypten und in Griechenland wurde die wirksame Heilpflanze f\u00fcr ihre lebensfrohe Ausstrahlung und Unverg\u00e4nglichkeit gesch\u00e4tzt. Die Aloe ist sozusagen ein St\u00fcck Pflanzenhistorie f\u00fcr das eigene Zuhause. Als zus\u00e4tzlichen Bonus heilt die Aloe nicht nur Menschen, sondern auch sich selbst: Besch\u00e4digungen an den eigenen Bl\u00e4ttern schlie\u00dft sie selbstst\u00e4ndig.<\/p>\n<h2>Aloe: einfache Pflege, warmer Standort<\/h2>\n<p>Die gen\u00fcgsame W\u00fcstenpflanze ben\u00f6tigt wenig Pflege und l\u00e4sst reichlich Zeit f\u00fcr pers\u00f6nliche Rituale und Entspannung. Als Fettpflanze speichert sie ausreichend Feuchtigkeit, um l\u00e4ngere Trockenperioden problemlos zu \u00fcberdauern. In der Wachstumsphase im Sommer sollte die robuste Zimmerpflanze alle zwei Wochen von unten gegossen werden, wobei der Topfballen zwischendurch gerne etwas austrocknen darf. W\u00e4hrend ein breiterer Topf das Gie\u00dfen erleichtert, l\u00e4sst ein Boden aus Granitsplitt, Perlite und grobem Sand \u00fcbersch\u00fcssiges Wasser ablaufen. So wird verhindert, dass Wasser in der kr\u00e4ftigen Blattrosette stehen bleibt und diese gegebenenfalls anf\u00e4ngt zu faulen. W\u00e4hrend der kalten Jahreszeit legt die Aloe einen Winterschlaf ein. In dieser Ruheperiode gilt: wenig Wasser, wenig D\u00fcnger. Da die Heimat der Aloe im hei\u00dfen Nordafrika liegt, liebt sie einen warmen und hellen Standort, der sich bestenfalls auf der s\u00fcdlich ausgerichteten Fensterbank befindet. Bei gutem Wetter begleitet die W\u00fcstensch\u00f6nheit den Pflanzenbesitzer sogar zu einem ausgiebigen Sonnenbad auf Balkon oder Terrasse.<\/p>\n<p>Weitere Tipps zur Aloe und anderen Zimmerpflanzen enth\u00e4lt die Seite <a class=\"uri-ext outbound\" href=\"http:\/\/www.pflanzenfreude.de\/\" rel=\"nofollow\">www.pflanzenfreude.de&nbsp;<\/a>sowie die folgenden, vorgeschlagenen Artikel.<\/p>\n","protected":false},"excerpt":{"rendered":"<p>Die Aloe ist ist eine Wohltat: Die charakteristisch spitz zulaufenden Bl\u00e4tter haben eine heilende Wirkung und filtern Schadstoffe aus der Luft. Das beruhigende Gr\u00fcn der pflegeleichten W\u00fcstenpflanze f\u00fcgt sich nat\u00fcrlich in die Wohnumgebung.&nbsp;<\/p>\n","protected":false},"author":1,"featured_media":3794,"comment_status":"open","ping_status":"open","sticky":false,"template":"","format":"standard","meta":{"om_disable_all_campaigns":false,"_monsterinsights_skip_tracking":false,"_monsterinsights_sitenote_active":false,"_monsterinsights_sitenote_note":"","_monsterinsights_sitenote_category":0,"_uf_show_specific_survey":0,"_uf_disable_surveys":false,"neve_meta_sidebar":"","neve_meta_container":"","neve_meta_enable_content_width":"","neve_meta_content_width":0,"neve_meta_title_alignment":"","neve_meta_author_avatar":"","neve_post_elements_order":"","neve_meta_disable_header":"","neve_meta_disable_footer":"","neve_meta_disable_title":"","ngg_post_thumbnail":0,"_jetpack_memberships_contains_paid_content":false,"footnotes":""},"categories":[68],"tags":[170],"class_list":["post-3793","post","type-post","status-publish","format-standard","has-post-thumbnail","hentry","category-garten","tag-blumen"],"yoast_head":"<!-- This site is optimized with the Yoast SEO plugin v27.4 - https:\/\/yoast.com\/product\/yoast-seo-wordpress\/ -->\n<title>Allesk\u00f6nner: Aloe ist Zimmerpflanze des Monats August &#8226; trendBlog \u2013 Wohnen, Reisen, Leben und Kultur<\/title>\n<meta name=\"description\" content=\"Die Aloe ist ist eine Wohltat f\u00fcr jedes Zuhause. Hier finden Sie Tipps zum Standort und Pflege der Zimmerpflanze.\" \/>\n<meta name=\"robots\" content=\"index, follow, max-snippet:-1, max-image-preview:large, max-video-preview:-1\" \/>\n<link rel=\"canonical\" href=\"https:\/\/www.trend4ward.de\/trendblog\/alleskoenner-aloe-ist-zimmerpflanze-des-monats-august\/\" \/>\n<meta property=\"og:locale\" content=\"de_DE\" \/>\n<meta property=\"og:type\" content=\"article\" \/>\n<meta property=\"og:title\" content=\"Allesk\u00f6nner: Aloe ist Zimmerpflanze des Monats August &#8226; trendBlog \u2013 Wohnen, Reisen, Leben und Kultur\" \/>\n<meta property=\"og:description\" content=\"Die Aloe ist ist eine Wohltat f\u00fcr jedes Zuhause. Hier finden Sie Tipps zum Standort und Pflege der Zimmerpflanze.\" \/>\n<meta property=\"og:url\" content=\"https:\/\/www.trend4ward.de\/trendblog\/alleskoenner-aloe-ist-zimmerpflanze-des-monats-august\/\" \/>\n<meta property=\"og:site_name\" content=\"trendBlog \u2013 Wohnen, Reisen, Leben und Kultur\" \/>\n<meta property=\"article:published_time\" content=\"2017-07-25T14:19:52+00:00\" \/>\n<meta property=\"article:modified_time\" content=\"2018-07-20T08:59:55+00:00\" \/>\n<meta property=\"og:image\" content=\"https:\/\/www.trend4ward.de\/trendblog\/wp-content\/uploads\/2017\/07\/Gru\u0308nes-Interieur-mit-Aloe-e1500992350510.jpg\" \/>\n\t<meta property=\"og:image:width\" content=\"1200\" \/>\n\t<meta property=\"og:image:height\" content=\"1803\" \/>\n\t<meta property=\"og:image:type\" content=\"image\/jpeg\" \/>\n<meta name=\"author\" content=\"Evelyn Steinbach\" \/>\n<meta name=\"twitter:label1\" content=\"Verfasst von\" \/>\n\t<meta name=\"twitter:data1\" content=\"Evelyn Steinbach\" \/>\n\t<meta name=\"twitter:label2\" content=\"Gesch\u00e4tzte Lesezeit\" \/>\n\t<meta name=\"twitter:data2\" content=\"2\u00a0Minuten\" \/>\n<script type=\"application\/ld+json\" class=\"yoast-schema-graph\">{\"@context\":\"https:\\\/\\\/schema.org\",\"@graph\":[{\"@type\":\"Article\",\"@id\":\"https:\\\/\\\/www.trend4ward.de\\\/trendblog\\\/alleskoenner-aloe-ist-zimmerpflanze-des-monats-august\\\/#article\",\"isPartOf\":{\"@id\":\"https:\\\/\\\/www.trend4ward.de\\\/trendblog\\\/alleskoenner-aloe-ist-zimmerpflanze-des-monats-august\\\/\"},\"author\":{\"name\":\"Evelyn Steinbach\",\"@id\":\"https:\\\/\\\/www.trend4ward.de\\\/trendblog\\\/#\\\/schema\\\/person\\\/c65dd8afd2fda04893d121f31b2a8ea4\"},\"headline\":\"Allesk\u00f6nner: Aloe ist Zimmerpflanze des Monats August\",\"datePublished\":\"2017-07-25T14:19:52+00:00\",\"dateModified\":\"2018-07-20T08:59:55+00:00\",\"mainEntityOfPage\":{\"@id\":\"https:\\\/\\\/www.trend4ward.de\\\/trendblog\\\/alleskoenner-aloe-ist-zimmerpflanze-des-monats-august\\\/\"},\"wordCount\":378,\"commentCount\":0,\"publisher\":{\"@id\":\"https:\\\/\\\/www.trend4ward.de\\\/trendblog\\\/#\\\/schema\\\/person\\\/c65dd8afd2fda04893d121f31b2a8ea4\"},\"image\":{\"@id\":\"https:\\\/\\\/www.trend4ward.de\\\/trendblog\\\/alleskoenner-aloe-ist-zimmerpflanze-des-monats-august\\\/#primaryimage\"},\"thumbnailUrl\":\"https:\\\/\\\/www.trend4ward.de\\\/trendblog\\\/wp-content\\\/uploads\\\/2017\\\/07\\\/Gru\u0308nes-Interieur-mit-Aloe-e1500992350510.jpg\",\"keywords\":[\"Zimmerpflanzen\"],\"articleSection\":[\"Balkon &amp; Garten\"],\"inLanguage\":\"de\",\"potentialAction\":[{\"@type\":\"CommentAction\",\"name\":\"Comment\",\"target\":[\"https:\\\/\\\/www.trend4ward.de\\\/trendblog\\\/alleskoenner-aloe-ist-zimmerpflanze-des-monats-august\\\/#respond\"]}]},{\"@type\":\"WebPage\",\"@id\":\"https:\\\/\\\/www.trend4ward.de\\\/trendblog\\\/alleskoenner-aloe-ist-zimmerpflanze-des-monats-august\\\/\",\"url\":\"https:\\\/\\\/www.trend4ward.de\\\/trendblog\\\/alleskoenner-aloe-ist-zimmerpflanze-des-monats-august\\\/\",\"name\":\"Allesk\u00f6nner: Aloe ist Zimmerpflanze des Monats August &#8226; trendBlog \u2013 Wohnen, Reisen, Leben und Kultur\",\"isPartOf\":{\"@id\":\"https:\\\/\\\/www.trend4ward.de\\\/trendblog\\\/#website\"},\"primaryImageOfPage\":{\"@id\":\"https:\\\/\\\/www.trend4ward.de\\\/trendblog\\\/alleskoenner-aloe-ist-zimmerpflanze-des-monats-august\\\/#primaryimage\"},\"image\":{\"@id\":\"https:\\\/\\\/www.trend4ward.de\\\/trendblog\\\/alleskoenner-aloe-ist-zimmerpflanze-des-monats-august\\\/#primaryimage\"},\"thumbnailUrl\":\"https:\\\/\\\/www.trend4ward.de\\\/trendblog\\\/wp-content\\\/uploads\\\/2017\\\/07\\\/Gru\u0308nes-Interieur-mit-Aloe-e1500992350510.jpg\",\"datePublished\":\"2017-07-25T14:19:52+00:00\",\"dateModified\":\"2018-07-20T08:59:55+00:00\",\"description\":\"Die Aloe ist ist eine Wohltat f\u00fcr jedes Zuhause. Hier finden Sie Tipps zum Standort und Pflege der Zimmerpflanze.\",\"breadcrumb\":{\"@id\":\"https:\\\/\\\/www.trend4ward.de\\\/trendblog\\\/alleskoenner-aloe-ist-zimmerpflanze-des-monats-august\\\/#breadcrumb\"},\"inLanguage\":\"de\",\"potentialAction\":[{\"@type\":\"ReadAction\",\"target\":[\"https:\\\/\\\/www.trend4ward.de\\\/trendblog\\\/alleskoenner-aloe-ist-zimmerpflanze-des-monats-august\\\/\"]}]},{\"@type\":\"ImageObject\",\"inLanguage\":\"de\",\"@id\":\"https:\\\/\\\/www.trend4ward.de\\\/trendblog\\\/alleskoenner-aloe-ist-zimmerpflanze-des-monats-august\\\/#primaryimage\",\"url\":\"https:\\\/\\\/www.trend4ward.de\\\/trendblog\\\/wp-content\\\/uploads\\\/2017\\\/07\\\/Gru\u0308nes-Interieur-mit-Aloe-e1500992350510.jpg\",\"contentUrl\":\"https:\\\/\\\/www.trend4ward.de\\\/trendblog\\\/wp-content\\\/uploads\\\/2017\\\/07\\\/Gru\u0308nes-Interieur-mit-Aloe-e1500992350510.jpg\",\"width\":1200,\"height\":1803,\"caption\":\"Aloe ist Zimmerpflanze des Monats August\"},{\"@type\":\"BreadcrumbList\",\"@id\":\"https:\\\/\\\/www.trend4ward.de\\\/trendblog\\\/alleskoenner-aloe-ist-zimmerpflanze-des-monats-august\\\/#breadcrumb\",\"itemListElement\":[{\"@type\":\"ListItem\",\"position\":1,\"name\":\"Home\",\"item\":\"https:\\\/\\\/www.trend4ward.de\\\/trendblog\\\/\"},{\"@type\":\"ListItem\",\"position\":2,\"name\":\"Allesk\u00f6nner: Aloe ist Zimmerpflanze des Monats August\"}]},{\"@type\":\"WebSite\",\"@id\":\"https:\\\/\\\/www.trend4ward.de\\\/trendblog\\\/#website\",\"url\":\"https:\\\/\\\/www.trend4ward.de\\\/trendblog\\\/\",\"name\":\"trendBlog \u2013 Wohnen, Reisen, Leben und Kultur\",\"description\":\"Portr\u00e4ts, Reportagen, Ratgeber. Seit 2009. Von Evelyn Steinbach.\",\"publisher\":{\"@id\":\"https:\\\/\\\/www.trend4ward.de\\\/trendblog\\\/#\\\/schema\\\/person\\\/c65dd8afd2fda04893d121f31b2a8ea4\"},\"potentialAction\":[{\"@type\":\"SearchAction\",\"target\":{\"@type\":\"EntryPoint\",\"urlTemplate\":\"https:\\\/\\\/www.trend4ward.de\\\/trendblog\\\/?s={search_term_string}\"},\"query-input\":{\"@type\":\"PropertyValueSpecification\",\"valueRequired\":true,\"valueName\":\"search_term_string\"}}],\"inLanguage\":\"de\"},{\"@type\":[\"Person\",\"Organization\"],\"@id\":\"https:\\\/\\\/www.trend4ward.de\\\/trendblog\\\/#\\\/schema\\\/person\\\/c65dd8afd2fda04893d121f31b2a8ea4\",\"name\":\"Evelyn Steinbach\",\"image\":{\"@type\":\"ImageObject\",\"inLanguage\":\"de\",\"@id\":\"https:\\\/\\\/www.trend4ward.de\\\/trendblog\\\/wp-content\\\/uploads\\\/2020\\\/11\\\/cropped-cropped-IMG_6744-e1692617617527.png\",\"url\":\"https:\\\/\\\/www.trend4ward.de\\\/trendblog\\\/wp-content\\\/uploads\\\/2020\\\/11\\\/cropped-cropped-IMG_6744-e1692617617527.png\",\"contentUrl\":\"https:\\\/\\\/www.trend4ward.de\\\/trendblog\\\/wp-content\\\/uploads\\\/2020\\\/11\\\/cropped-cropped-IMG_6744-e1692617617527.png\",\"width\":200,\"height\":183,\"caption\":\"Evelyn Steinbach\"},\"logo\":{\"@id\":\"https:\\\/\\\/www.trend4ward.de\\\/trendblog\\\/wp-content\\\/uploads\\\/2020\\\/11\\\/cropped-cropped-IMG_6744-e1692617617527.png\"},\"sameAs\":[\"http:\\\/\\\/www.trend4ward.de\"],\"url\":\"https:\\\/\\\/www.trend4ward.de\\\/trendblog\\\/author\\\/eve\\\/\"}]}<\/script>\n<!-- \/ Yoast SEO plugin. -->","yoast_head_json":{"title":"Allesk\u00f6nner: Aloe ist Zimmerpflanze des Monats August &#8226; trendBlog \u2013 Wohnen, Reisen, Leben und Kultur","description":"Die Aloe ist ist eine Wohltat f\u00fcr jedes Zuhause. Hier finden Sie Tipps zum Standort und Pflege der Zimmerpflanze.","robots":{"index":"index","follow":"follow","max-snippet":"max-snippet:-1","max-image-preview":"max-image-preview:large","max-video-preview":"max-video-preview:-1"},"canonical":"https:\/\/www.trend4ward.de\/trendblog\/alleskoenner-aloe-ist-zimmerpflanze-des-monats-august\/","og_locale":"de_DE","og_type":"article","og_title":"Allesk\u00f6nner: Aloe ist Zimmerpflanze des Monats August &#8226; trendBlog \u2013 Wohnen, Reisen, Leben und Kultur","og_description":"Die Aloe ist ist eine Wohltat f\u00fcr jedes Zuhause. Hier finden Sie Tipps zum Standort und Pflege der Zimmerpflanze.","og_url":"https:\/\/www.trend4ward.de\/trendblog\/alleskoenner-aloe-ist-zimmerpflanze-des-monats-august\/","og_site_name":"trendBlog \u2013 Wohnen, Reisen, Leben und Kultur","article_published_time":"2017-07-25T14:19:52+00:00","article_modified_time":"2018-07-20T08:59:55+00:00","og_image":[{"width":1200,"height":1803,"url":"https:\/\/www.trend4ward.de\/trendblog\/wp-content\/uploads\/2017\/07\/Gru\u0308nes-Interieur-mit-Aloe-e1500992350510.jpg","type":"image\/jpeg"}],"author":"Evelyn Steinbach","twitter_misc":{"Verfasst von":"Evelyn Steinbach","Gesch\u00e4tzte Lesezeit":"2\u00a0Minuten"},"schema":{"@context":"https:\/\/schema.org","@graph":[{"@type":"Article","@id":"https:\/\/www.trend4ward.de\/trendblog\/alleskoenner-aloe-ist-zimmerpflanze-des-monats-august\/#article","isPartOf":{"@id":"https:\/\/www.trend4ward.de\/trendblog\/alleskoenner-aloe-ist-zimmerpflanze-des-monats-august\/"},"author":{"name":"Evelyn Steinbach","@id":"https:\/\/www.trend4ward.de\/trendblog\/#\/schema\/person\/c65dd8afd2fda04893d121f31b2a8ea4"},"headline":"Allesk\u00f6nner: Aloe ist Zimmerpflanze des Monats August","datePublished":"2017-07-25T14:19:52+00:00","dateModified":"2018-07-20T08:59:55+00:00","mainEntityOfPage":{"@id":"https:\/\/www.trend4ward.de\/trendblog\/alleskoenner-aloe-ist-zimmerpflanze-des-monats-august\/"},"wordCount":378,"commentCount":0,"publisher":{"@id":"https:\/\/www.trend4ward.de\/trendblog\/#\/schema\/person\/c65dd8afd2fda04893d121f31b2a8ea4"},"image":{"@id":"https:\/\/www.trend4ward.de\/trendblog\/alleskoenner-aloe-ist-zimmerpflanze-des-monats-august\/#primaryimage"},"thumbnailUrl":"https:\/\/www.trend4ward.de\/trendblog\/wp-content\/uploads\/2017\/07\/Gru\u0308nes-Interieur-mit-Aloe-e1500992350510.jpg","keywords":["Zimmerpflanzen"],"articleSection":["Balkon &amp; Garten"],"inLanguage":"de","potentialAction":[{"@type":"CommentAction","name":"Comment","target":["https:\/\/www.trend4ward.de\/trendblog\/alleskoenner-aloe-ist-zimmerpflanze-des-monats-august\/#respond"]}]},{"@type":"WebPage","@id":"https:\/\/www.trend4ward.de\/trendblog\/alleskoenner-aloe-ist-zimmerpflanze-des-monats-august\/","url":"https:\/\/www.trend4ward.de\/trendblog\/alleskoenner-aloe-ist-zimmerpflanze-des-monats-august\/","name":"Allesk\u00f6nner: Aloe ist Zimmerpflanze des Monats August &#8226; trendBlog \u2013 Wohnen, Reisen, Leben und Kultur","isPartOf":{"@id":"https:\/\/www.trend4ward.de\/trendblog\/#website"},"primaryImageOfPage":{"@id":"https:\/\/www.trend4ward.de\/trendblog\/alleskoenner-aloe-ist-zimmerpflanze-des-monats-august\/#primaryimage"},"image":{"@id":"https:\/\/www.trend4ward.de\/trendblog\/alleskoenner-aloe-ist-zimmerpflanze-des-monats-august\/#primaryimage"},"thumbnailUrl":"https:\/\/www.trend4ward.de\/trendblog\/wp-content\/uploads\/2017\/07\/Gru\u0308nes-Interieur-mit-Aloe-e1500992350510.jpg","datePublished":"2017-07-25T14:19:52+00:00","dateModified":"2018-07-20T08:59:55+00:00","description":"Die Aloe ist ist eine Wohltat f\u00fcr jedes Zuhause. Hier finden Sie Tipps zum Standort und Pflege der Zimmerpflanze.","breadcrumb":{"@id":"https:\/\/www.trend4ward.de\/trendblog\/alleskoenner-aloe-ist-zimmerpflanze-des-monats-august\/#breadcrumb"},"inLanguage":"de","potentialAction":[{"@type":"ReadAction","target":["https:\/\/www.trend4ward.de\/trendblog\/alleskoenner-aloe-ist-zimmerpflanze-des-monats-august\/"]}]},{"@type":"ImageObject","inLanguage":"de","@id":"https:\/\/www.trend4ward.de\/trendblog\/alleskoenner-aloe-ist-zimmerpflanze-des-monats-august\/#primaryimage","url":"https:\/\/www.trend4ward.de\/trendblog\/wp-content\/uploads\/2017\/07\/Gru\u0308nes-Interieur-mit-Aloe-e1500992350510.jpg","contentUrl":"https:\/\/www.trend4ward.de\/trendblog\/wp-content\/uploads\/2017\/07\/Gru\u0308nes-Interieur-mit-Aloe-e1500992350510.jpg","width":1200,"height":1803,"caption":"Aloe ist Zimmerpflanze des Monats August"},{"@type":"BreadcrumbList","@id":"https:\/\/www.trend4ward.de\/trendblog\/alleskoenner-aloe-ist-zimmerpflanze-des-monats-august\/#breadcrumb","itemListElement":[{"@type":"ListItem","position":1,"name":"Home","item":"https:\/\/www.trend4ward.de\/trendblog\/"},{"@type":"ListItem","position":2,"name":"Allesk\u00f6nner: Aloe ist Zimmerpflanze des Monats August"}]},{"@type":"WebSite","@id":"https:\/\/www.trend4ward.de\/trendblog\/#website","url":"https:\/\/www.trend4ward.de\/trendblog\/","name":"trendBlog \u2013 Wohnen, Reisen, Leben und Kultur","description":"Portr\u00e4ts, Reportagen, Ratgeber. Seit 2009. Von Evelyn Steinbach.","publisher":{"@id":"https:\/\/www.trend4ward.de\/trendblog\/#\/schema\/person\/c65dd8afd2fda04893d121f31b2a8ea4"},"potentialAction":[{"@type":"SearchAction","target":{"@type":"EntryPoint","urlTemplate":"https:\/\/www.trend4ward.de\/trendblog\/?s={search_term_string}"},"query-input":{"@type":"PropertyValueSpecification","valueRequired":true,"valueName":"search_term_string"}}],"inLanguage":"de"},{"@type":["Person","Organization"],"@id":"https:\/\/www.trend4ward.de\/trendblog\/#\/schema\/person\/c65dd8afd2fda04893d121f31b2a8ea4","name":"Evelyn Steinbach","image":{"@type":"ImageObject","inLanguage":"de","@id":"https:\/\/www.trend4ward.de\/trendblog\/wp-content\/uploads\/2020\/11\/cropped-cropped-IMG_6744-e1692617617527.png","url":"https:\/\/www.trend4ward.de\/trendblog\/wp-content\/uploads\/2020\/11\/cropped-cropped-IMG_6744-e1692617617527.png","contentUrl":"https:\/\/www.trend4ward.de\/trendblog\/wp-content\/uploads\/2020\/11\/cropped-cropped-IMG_6744-e1692617617527.png","width":200,"height":183,"caption":"Evelyn Steinbach"},"logo":{"@id":"https:\/\/www.trend4ward.de\/trendblog\/wp-content\/uploads\/2020\/11\/cropped-cropped-IMG_6744-e1692617617527.png"},"sameAs":["http:\/\/www.trend4ward.de"],"url":"https:\/\/www.trend4ward.de\/trendblog\/author\/eve\/"}]}},"jetpack_featured_media_url":"https:\/\/www.trend4ward.de\/trendblog\/wp-content\/uploads\/2017\/07\/Gru\u0308nes-Interieur-mit-Aloe-e1500992350510.jpg","jetpack_sharing_enabled":true,"_links":{"self":[{"href":"https:\/\/www.trend4ward.de\/trendblog\/wp-json\/wp\/v2\/posts\/3793","targetHints":{"allow":["GET"]}}],"collection":[{"href":"https:\/\/www.trend4ward.de\/trendblog\/wp-json\/wp\/v2\/posts"}],"about":[{"href":"https:\/\/www.trend4ward.de\/trendblog\/wp-json\/wp\/v2\/types\/post"}],"author":[{"embeddable":true,"href":"https:\/\/www.trend4ward.de\/trendblog\/wp-json\/wp\/v2\/users\/1"}],"replies":[{"embeddable":true,"href":"https:\/\/www.trend4ward.de\/trendblog\/wp-json\/wp\/v2\/comments?post=3793"}],"version-history":[{"count":1,"href":"https:\/\/www.trend4ward.de\/trendblog\/wp-json\/wp\/v2\/posts\/3793\/revisions"}],"predecessor-version":[{"id":3795,"href":"https:\/\/www.trend4ward.de\/trendblog\/wp-json\/wp\/v2\/posts\/3793\/revisions\/3795"}],"wp:featuredmedia":[{"embeddable":true,"href":"https:\/\/www.trend4ward.de\/trendblog\/wp-json\/wp\/v2\/media\/3794"}],"wp:attachment":[{"href":"https:\/\/www.trend4ward.de\/trendblog\/wp-json\/wp\/v2\/media?parent=3793"}],"wp:term":[{"taxonomy":"category","embeddable":true,"href":"https:\/\/www.trend4ward.de\/trendblog\/wp-json\/wp\/v2\/categories?post=3793"},{"taxonomy":"post_tag","embeddable":true,"href":"https:\/\/www.trend4ward.de\/trendblog\/wp-json\/wp\/v2\/tags?post=3793"}],"curies":[{"name":"wp","href":"https:\/\/api.w.org\/{rel}","templated":true}]}}