{"id":3938,"date":"2017-11-05T07:00:03","date_gmt":"2017-11-05T06:00:03","guid":{"rendered":"https:\/\/www.trend4ward.de\/trendblog\/?p=3938"},"modified":"2020-11-03T12:15:43","modified_gmt":"2020-11-03T11:15:43","slug":"bio-adventskalender-2017-freude-schenken-im-dezember","status":"publish","type":"post","link":"https:\/\/www.trend4ward.de\/trendblog\/bio-adventskalender-2017-freude-schenken-im-dezember\/","title":{"rendered":"Bio-Adventskalender: Freude schenken im Dezember"},"content":{"rendered":"<p><strong>Wer sich und seinen liebsten in der Adventszeit eine Freude machen will, \u00f6ffnet jeden Tag ein neues Adventskalender-T\u00fcrchen. Welche Adventskalender 2017 neu auf dem Markt sind und mit Bio-Produkten gef\u00fcllt sind &#8211; hier ein \u00dcberblick.<\/strong><!--more--><\/p>\n<div><strong><a href=\"https:\/\/www.trend4ward.de\/trendblog\/wp-content\/uploads\/2017\/10\/985bf572bd32ff016ec8a7b7fd89258d.jpeg\"><img loading=\"lazy\" decoding=\"async\" class=\"aligncenter wp-image-4009 \" src=\"https:\/\/www.trend4ward.de\/trendblog\/wp-content\/uploads\/2017\/10\/985bf572bd32ff016ec8a7b7fd89258d-1024x726.jpeg\" alt=\"\" width=\"637\" height=\"452\" srcset=\"https:\/\/www.trend4ward.de\/trendblog\/wp-content\/uploads\/2017\/10\/985bf572bd32ff016ec8a7b7fd89258d-1024x726.jpeg 1024w, https:\/\/www.trend4ward.de\/trendblog\/wp-content\/uploads\/2017\/10\/985bf572bd32ff016ec8a7b7fd89258d-300x213.jpeg 300w, https:\/\/www.trend4ward.de\/trendblog\/wp-content\/uploads\/2017\/10\/985bf572bd32ff016ec8a7b7fd89258d-768x545.jpeg 768w, https:\/\/www.trend4ward.de\/trendblog\/wp-content\/uploads\/2017\/10\/985bf572bd32ff016ec8a7b7fd89258d-85x60.jpeg 85w, https:\/\/www.trend4ward.de\/trendblog\/wp-content\/uploads\/2017\/10\/985bf572bd32ff016ec8a7b7fd89258d.jpeg 1500w\" sizes=\"auto, (max-width: 637px) 100vw, 637px\" \/><\/a><\/strong><\/div>\n<div>&nbsp;<\/div>\n<h2><strong>Bio-Adventskalender im Gro\u00dfformat<\/strong><\/h2>\n<div class=\"\"><span class=\"\">Der fast ein Meter hohe Adventskalender mit Lebensmitteln bekannter Marken gibt es seit l\u00e4ngeren von Brandnooz.&nbsp;Neu in 2017 ist die Variante Bio-Adventskalender.&nbsp;<\/span><span class=\"\">Die limitierte Edition verbirgt&nbsp; ausschlie\u00dflich Lebensmittel, die mit einem Bio-G\u00fctesiegel gekennzeichnet sind.&nbsp;Er enth\u00e4lt u. a. Produkte von Allos, Alnavit, Byodo, Lebensbaum, Lubs, Tropicai, Vivani und Wertform.&nbsp;<\/span><span class=\"\">Der&nbsp;Bio-Adventskalender&nbsp;ist f\u00fcr 65,99 Euro auf der Seite&nbsp;<\/span><span class=\"\">brandnooz.de\/adventskalender-2017<\/span><span class=\"\">&nbsp;bestellbar.&nbsp;<\/span><span class=\"\">Der gro\u00dfformatige&nbsp;Classic-Adventskalender&nbsp;kostet 39,99 Euro<\/span><span class=\"\">. Mit dabei sind Marken wie z. B.&nbsp;<\/span><span class=\"\">Brandt, Chivas, Chocri, Josef Manner, Loacker, M\u00fcsligl\u00fcck, Niederegger und Seeberger.<\/span><\/div>\n<div>\r<div class=\"GARD gard_basic_mode\" id=\"google-ads-LTrC\"><script >\radUnit = document.getElementById(\"google-ads-LTrC\");\radWidth = adUnit.offsetWidth;\r\rif ( adWidth >= 999999 ) {\r\/* GETTING THE FIRST IF OUT OF THE WAY *\/ \r} else {\rgoogle_ad_slot = \"0\";\radUnit.style.display = \"none\";\r}\radUnit.className = adUnit.className + \" ad_unit \" + tag;\rgoogle_ad_client = \"ca-pub-6170969419645551\";\radUnit.style.cssFloat  = \"left\";\radUnit.style.styleFloat  = \"left\";\radUnit.style.margin = \"0 10px 10px 0\";\radUnit.style.textAlign = \"initial\";\rgoogle_color_border = \"FFFFFF\";\rgoogle_color_bg = \"FFFFFF\";\rgoogle_color_link = \"999999\";\rgoogle_color_url = \"99cc33\";\rgoogle_color_text = \"666666\";\rgoogle_ui_features = \"rc:\";\r<\/script>\r<script  src=\"\/\/pagead2.googlesyndication.com\/pagead\/show_ads.js\"><\/script>\r<\/div>&nbsp;<\/div>\n<p><!--more--><b style=\"font-size: 1.0625rem;\"><\/b><\/p>\n<h2 class=\"p1\"><b><a href=\"https:\/\/www.trend4ward.de\/trendblog\/wp-content\/uploads\/2017\/10\/209325_Adventskalender-Puzzle_1_131g_1708.jpg\"><img loading=\"lazy\" decoding=\"async\" class=\"aligncenter wp-image-4010 \" src=\"https:\/\/www.trend4ward.de\/trendblog\/wp-content\/uploads\/2017\/10\/209325_Adventskalender-Puzzle_1_131g_1708-683x1024.jpg\" alt=\"\" width=\"321\" height=\"481\" srcset=\"https:\/\/www.trend4ward.de\/trendblog\/wp-content\/uploads\/2017\/10\/209325_Adventskalender-Puzzle_1_131g_1708-683x1024.jpg 683w, https:\/\/www.trend4ward.de\/trendblog\/wp-content\/uploads\/2017\/10\/209325_Adventskalender-Puzzle_1_131g_1708-200x300.jpg 200w, https:\/\/www.trend4ward.de\/trendblog\/wp-content\/uploads\/2017\/10\/209325_Adventskalender-Puzzle_1_131g_1708-768x1152.jpg 768w, https:\/\/www.trend4ward.de\/trendblog\/wp-content\/uploads\/2017\/10\/209325_Adventskalender-Puzzle_1_131g_1708-40x60.jpg 40w, https:\/\/www.trend4ward.de\/trendblog\/wp-content\/uploads\/2017\/10\/209325_Adventskalender-Puzzle_1_131g_1708.jpg 1500w\" sizes=\"auto, (max-width: 321px) 100vw, 321px\" \/><\/a><\/b><b><\/b><\/h2>\n<h2 class=\"p1\"><b>Adventskalender-Puzzle<\/b>&nbsp;<strong>mit Bio-S\u00fc\u00dfigkeiten<\/strong><\/h2>\n<p class=\"p1\">In diesem Jahr neu sind die 24 W\u00fcrfel gef\u00fcllt mit Alnatura S\u00fc\u00dfigkeiten. Das Besondere: Er l\u00e4sst sich jedes Jahr neu bef\u00fcllen. Die sechs Seiten der W\u00fcrfel sehen jeweils anders aus \u2013 eine Seite ist unbedruckt zum Selbst gestalten. Preis: 9,99 Euro. In fast jedem Alnatura Shop sowie online \u00fcber die Seite&nbsp;alnatura-shop.de&nbsp;erh\u00e4ltlich.<\/p>\n<p><!--more--><\/p>\n<h2 class=\"p1\"><b><a href=\"https:\/\/www.trend4ward.de\/trendblog\/wp-content\/uploads\/2017\/10\/06_Trinkschokolade-Adventkalender1-1.jpg\"><img loading=\"lazy\" decoding=\"async\" class=\"wp-image-4006 aligncenter\" src=\"https:\/\/www.trend4ward.de\/trendblog\/wp-content\/uploads\/2017\/10\/06_Trinkschokolade-Adventkalender1-1-1024x892.jpg\" alt=\"\" width=\"626\" height=\"546\" srcset=\"https:\/\/www.trend4ward.de\/trendblog\/wp-content\/uploads\/2017\/10\/06_Trinkschokolade-Adventkalender1-1-1024x892.jpg 1024w, https:\/\/www.trend4ward.de\/trendblog\/wp-content\/uploads\/2017\/10\/06_Trinkschokolade-Adventkalender1-1-300x261.jpg 300w, https:\/\/www.trend4ward.de\/trendblog\/wp-content\/uploads\/2017\/10\/06_Trinkschokolade-Adventkalender1-1-768x669.jpg 768w, https:\/\/www.trend4ward.de\/trendblog\/wp-content\/uploads\/2017\/10\/06_Trinkschokolade-Adventkalender1-1-69x60.jpg 69w, https:\/\/www.trend4ward.de\/trendblog\/wp-content\/uploads\/2017\/10\/06_Trinkschokolade-Adventkalender1-1.jpg 1500w\" sizes=\"auto, (max-width: 626px) 100vw, 626px\" \/><\/a>Trinkschokoladen Adventskalender<\/b><\/h2>\n<p class=\"p2\"><a href=\"https:\/\/www.trend4ward.de\/trendblog\/wp-content\/uploads\/2017\/10\/06_Trinkschokolade-Adventkalender1-3.jpg\"><img loading=\"lazy\" decoding=\"async\" class=\"alignright size-medium wp-image-4008\" src=\"https:\/\/www.trend4ward.de\/trendblog\/wp-content\/uploads\/2017\/10\/06_Trinkschokolade-Adventkalender1-3-300x165.jpg\" alt=\"\" width=\"300\" height=\"165\" srcset=\"https:\/\/www.trend4ward.de\/trendblog\/wp-content\/uploads\/2017\/10\/06_Trinkschokolade-Adventkalender1-3-300x165.jpg 300w, https:\/\/www.trend4ward.de\/trendblog\/wp-content\/uploads\/2017\/10\/06_Trinkschokolade-Adventkalender1-3-768x423.jpg 768w, https:\/\/www.trend4ward.de\/trendblog\/wp-content\/uploads\/2017\/10\/06_Trinkschokolade-Adventkalender1-3-1024x565.jpg 1024w, https:\/\/www.trend4ward.de\/trendblog\/wp-content\/uploads\/2017\/10\/06_Trinkschokolade-Adventkalender1-3-90x50.jpg 90w, https:\/\/www.trend4ward.de\/trendblog\/wp-content\/uploads\/2017\/10\/06_Trinkschokolade-Adventkalender1-3.jpg 1500w\" sizes=\"auto, (max-width: 300px) 100vw, 300px\" \/><\/a>Neu ist 2017 der Trinkschokoladen-Kalender von Zotter mit 24 Trinkschokos f\u00fcr hei\u00dfe Drinks, die man allein oder mit Familie und Freunden genie\u00dfen kann. Alle 18 Sorten von fein duftendem Honig-Zimt \u00fcber Klassiker wie Edel-Mandel, Bitter Classic und Caff\u00e8 Latte bis hin zu scharfem Chili Bird\u2019s Eye und w\u00fcrzigem Indian Chai.<\/p>\n<p class=\"p2\">Der Adventskalender hat zwei Fl\u00fcgel, damit man ihn \u00fcberall aufstellen kann und sein au\u00dfergw\u00f6hnliches Design sehen kann.&nbsp;Das Inlay des Kalenders ist aus Bio-Plastik gefertigt, das aus nachwachsenden Rohstoffen entsteht und kompostierbar ist. Preis: 37,80 Euro. Bestellbar hier:&nbsp;zotter.at.<\/p>\n\r<div class=\"GARD gard_basic_mode\" id=\"google-ads-YoE3\"><script >\radUnit = document.getElementById(\"google-ads-YoE3\");\radWidth = adUnit.offsetWidth;\r\rif ( adWidth >= 999999 ) {\r\/* GETTING THE FIRST IF OUT OF THE WAY *\/ \r} else {\rgoogle_ad_slot = \"0\";\radUnit.style.display = \"none\";\r}\radUnit.className = adUnit.className + \" ad_unit \" + tag;\rgoogle_ad_client = \"ca-pub-6170969419645551\";\radUnit.style.cssFloat  = \"left\";\radUnit.style.styleFloat  = \"left\";\radUnit.style.margin = \"0 10px 10px 0\";\radUnit.style.textAlign = \"initial\";\rgoogle_color_border = \"FFFFFF\";\rgoogle_color_bg = \"FFFFFF\";\rgoogle_color_link = \"999999\";\rgoogle_color_url = \"99cc33\";\rgoogle_color_text = \"666666\";\rgoogle_ui_features = \"rc:\";\r<\/script>\r<script  src=\"\/\/pagead2.googlesyndication.com\/pagead\/show_ads.js\"><\/script>\r<\/div>\n<p><!--more--><\/p>\n<p class=\"p2\"><b><a href=\"https:\/\/www.trend4ward.de\/trendblog\/wp-content\/uploads\/2017\/10\/01_Handgeschoepft-Adventkalender-1.jpg\"><img loading=\"lazy\" decoding=\"async\" class=\"aligncenter wp-image-4004 \" src=\"https:\/\/www.trend4ward.de\/trendblog\/wp-content\/uploads\/2017\/10\/01_Handgeschoepft-Adventkalender-1-1024x676.jpg\" alt=\"\" width=\"597\" height=\"394\" srcset=\"https:\/\/www.trend4ward.de\/trendblog\/wp-content\/uploads\/2017\/10\/01_Handgeschoepft-Adventkalender-1-1024x676.jpg 1024w, https:\/\/www.trend4ward.de\/trendblog\/wp-content\/uploads\/2017\/10\/01_Handgeschoepft-Adventkalender-1-300x198.jpg 300w, https:\/\/www.trend4ward.de\/trendblog\/wp-content\/uploads\/2017\/10\/01_Handgeschoepft-Adventkalender-1-768x507.jpg 768w, https:\/\/www.trend4ward.de\/trendblog\/wp-content\/uploads\/2017\/10\/01_Handgeschoepft-Adventkalender-1-90x60.jpg 90w, https:\/\/www.trend4ward.de\/trendblog\/wp-content\/uploads\/2017\/10\/01_Handgeschoepft-Adventkalender-1.jpg 1500w\" sizes=\"auto, (max-width: 597px) 100vw, 597px\" \/><\/a><\/b><\/p>\n<h2 class=\"p2\"><b>Handgesch\u00f6pfte Schokoladen<a href=\"https:\/\/www.trend4ward.de\/trendblog\/wp-content\/uploads\/2017\/10\/01_Handgeschoepft-Adventkalender-2.jpg\"><img loading=\"lazy\" decoding=\"async\" class=\" wp-image-4005 alignright\" src=\"https:\/\/www.trend4ward.de\/trendblog\/wp-content\/uploads\/2017\/10\/01_Handgeschoepft-Adventkalender-2-295x300.jpg\" alt=\"\" width=\"260\" height=\"264\" srcset=\"https:\/\/www.trend4ward.de\/trendblog\/wp-content\/uploads\/2017\/10\/01_Handgeschoepft-Adventkalender-2-295x300.jpg 295w, https:\/\/www.trend4ward.de\/trendblog\/wp-content\/uploads\/2017\/10\/01_Handgeschoepft-Adventkalender-2-768x782.jpg 768w, https:\/\/www.trend4ward.de\/trendblog\/wp-content\/uploads\/2017\/10\/01_Handgeschoepft-Adventkalender-2-1005x1024.jpg 1005w, https:\/\/www.trend4ward.de\/trendblog\/wp-content\/uploads\/2017\/10\/01_Handgeschoepft-Adventkalender-2-59x60.jpg 59w, https:\/\/www.trend4ward.de\/trendblog\/wp-content\/uploads\/2017\/10\/01_Handgeschoepft-Adventkalender-2.jpg 1500w\" sizes=\"auto, (max-width: 260px) 100vw, 260px\" \/><\/a><\/b><\/h2>\n<p class=\"p3\">Ebenfalls von Zotter ist dieser gro\u00dfe Wandkalender, gef\u00fcllt mit 24 verschiedenen handgesch\u00f6pften Mini-Schokoladen in&nbsp; Sorten wie Butterkaramell, Marc de Champagne, Orangenlik\u00f6r und Lebkuchen. Schoko-Vielfalt in Bio-und Fair-Qualit\u00e4t, die meisten Schokoladen mit etwas Alkohol, vers\u00fc\u00dfen hier die Adventszeit. Preis: 37,80 Euro. Bestellbar unter&nbsp;zotter.at.<\/p>\n\r<div class=\"GARD gard_basic_mode\" id=\"google-ads-mv1Z\"><script >\radUnit = document.getElementById(\"google-ads-mv1Z\");\radWidth = adUnit.offsetWidth;\r\rif ( adWidth >= 999999 ) {\r\/* GETTING THE FIRST IF OUT OF THE WAY *\/ \r} else {\rgoogle_ad_slot = \"0\";\radUnit.style.display = \"none\";\r}\radUnit.className = adUnit.className + \" ad_unit \" + tag;\rgoogle_ad_client = \"ca-pub-6170969419645551\";\radUnit.style.cssFloat  = \"left\";\radUnit.style.styleFloat  = \"left\";\radUnit.style.margin = \"0 10px 10px 0\";\radUnit.style.textAlign = \"initial\";\rgoogle_color_border = \"FFFFFF\";\rgoogle_color_bg = \"FFFFFF\";\rgoogle_color_link = \"999999\";\rgoogle_color_url = \"99cc33\";\rgoogle_color_text = \"666666\";\rgoogle_ui_features = \"rc:\";\r<\/script>\r<script  src=\"\/\/pagead2.googlesyndication.com\/pagead\/show_ads.js\"><\/script>\r<\/div>\n<p>&nbsp;<\/p>\n<p><!--more--><\/p>\n<h2 class=\"p1\"><strong>Adventskalender mit Naturkosmetik<\/strong><a href=\"https:\/\/www.trend4ward.de\/trendblog\/wp-content\/uploads\/2017\/11\/Adventskalender_Presse16463.jpg\"><img loading=\"lazy\" decoding=\"async\" class=\"aligncenter wp-image-4029 \" src=\"https:\/\/www.trend4ward.de\/trendblog\/wp-content\/uploads\/2017\/11\/Adventskalender_Presse16463-1024x769.jpg\" alt=\"Dr. Hauschka Adventskalender\" width=\"637\" height=\"478\" srcset=\"https:\/\/www.trend4ward.de\/trendblog\/wp-content\/uploads\/2017\/11\/Adventskalender_Presse16463-1024x769.jpg 1024w, https:\/\/www.trend4ward.de\/trendblog\/wp-content\/uploads\/2017\/11\/Adventskalender_Presse16463-300x225.jpg 300w, https:\/\/www.trend4ward.de\/trendblog\/wp-content\/uploads\/2017\/11\/Adventskalender_Presse16463-768x577.jpg 768w, https:\/\/www.trend4ward.de\/trendblog\/wp-content\/uploads\/2017\/11\/Adventskalender_Presse16463-80x60.jpg 80w\" sizes=\"auto, (max-width: 637px) 100vw, 637px\" \/><\/a><\/h2>\n<p>Einen wieder bef\u00fcllbaren Adventskalender pr\u00e4sentiert auch Dr. Hauschka. Die hinter jedem T\u00fcrchen versteckten Produkte stammen aus dem umfangreichen Pflegeprogramm des Naturkosmetik-Herstellers. Preis 49 Euro. In vielen Bio-Superm\u00e4rkten mit Kosmetik-Abteilung oder Natur-Drogerien erh\u00e4ltlich. Weitere Infos hier:&nbsp;dr.hauschka.com.<\/p>\n\r<div class=\"GARD gard_basic_mode\" id=\"google-ads-gwHb\"><script >\radUnit = document.getElementById(\"google-ads-gwHb\");\radWidth = adUnit.offsetWidth;\r\rif ( adWidth >= 999999 ) {\r\/* GETTING THE FIRST IF OUT OF THE WAY *\/ \r} else {\rgoogle_ad_slot = \"0\";\radUnit.style.display = \"none\";\r}\radUnit.className = adUnit.className + \" ad_unit \" + tag;\rgoogle_ad_client = \"ca-pub-6170969419645551\";\radUnit.style.cssFloat  = \"left\";\radUnit.style.styleFloat  = \"left\";\radUnit.style.margin = \"0 10px 10px 0\";\radUnit.style.textAlign = \"initial\";\rgoogle_color_border = \"FFFFFF\";\rgoogle_color_bg = \"FFFFFF\";\rgoogle_color_link = \"999999\";\rgoogle_color_url = \"99cc33\";\rgoogle_color_text = \"666666\";\rgoogle_ui_features = \"rc:\";\r<\/script>\r<script  src=\"\/\/pagead2.googlesyndication.com\/pagead\/show_ads.js\"><\/script>\r<\/div>\n<p>&nbsp;<\/p>\n<p>&nbsp;<\/p>\n","protected":false},"excerpt":{"rendered":"<p>Wer sich und seinen liebsten in der Adventszeit eine Freude machen will, \u00f6ffnet jeden Tag ein neues Adventskalender-T\u00fcrchen. Welche Adventskalender 2017 neu auf dem Markt sind und mit Bio-Produkten gef\u00fcllt sind &#8211; hier ein \u00dcberblick.<\/p>\n","protected":false},"author":1,"featured_media":4011,"comment_status":"open","ping_status":"open","sticky":false,"template":"","format":"standard","meta":{"om_disable_all_campaigns":false,"_monsterinsights_skip_tracking":false,"_monsterinsights_sitenote_active":false,"_monsterinsights_sitenote_note":"","_monsterinsights_sitenote_category":0,"_uf_show_specific_survey":0,"_uf_disable_surveys":false,"neve_meta_sidebar":"","neve_meta_container":"","neve_meta_enable_content_width":"","neve_meta_content_width":0,"neve_meta_title_alignment":"","neve_meta_author_avatar":"","neve_post_elements_order":"","neve_meta_disable_header":"","neve_meta_disable_footer":"","neve_meta_disable_title":"","ngg_post_thumbnail":0,"_jetpack_memberships_contains_paid_content":false,"footnotes":""},"categories":[76,211],"tags":[18,198],"class_list":["post-3938","post","type-post","status-publish","format-standard","has-post-thumbnail","hentry","category-leben-und-gesellschaft","category-tipps-zum-weihnachtsfest","tag-dekoration","tag-nachhaltig-und-oekologisch"],"yoast_head":"<!-- This site is optimized with the Yoast SEO plugin v27.4 - https:\/\/yoast.com\/product\/yoast-seo-wordpress\/ -->\n<title>Bio-Adventskalender: Freude schenken im Dezember &#8226; trendBlog \u2013 Wohnen, Reisen, Leben und Kultur<\/title>\n<meta name=\"description\" content=\"Welche Adventskalender f\u00fcr die Weihnachtszeit neu auf dem Markt sind und mit Bio-Produkten gef\u00fcllt sind - hier ein \u00dcberblick.\" \/>\n<meta name=\"robots\" content=\"index, follow, max-snippet:-1, max-image-preview:large, max-video-preview:-1\" \/>\n<link rel=\"canonical\" href=\"https:\/\/www.trend4ward.de\/trendblog\/bio-adventskalender-2017-freude-schenken-im-dezember\/\" \/>\n<meta property=\"og:locale\" content=\"de_DE\" \/>\n<meta property=\"og:type\" content=\"article\" \/>\n<meta property=\"og:title\" content=\"Bio-Adventskalender: Freude schenken im Dezember &#8226; trendBlog \u2013 Wohnen, Reisen, Leben und Kultur\" \/>\n<meta property=\"og:description\" content=\"Welche Adventskalender f\u00fcr die Weihnachtszeit neu auf dem Markt sind und mit Bio-Produkten gef\u00fcllt sind - hier ein \u00dcberblick.\" \/>\n<meta property=\"og:url\" content=\"https:\/\/www.trend4ward.de\/trendblog\/bio-adventskalender-2017-freude-schenken-im-dezember\/\" \/>\n<meta property=\"og:site_name\" content=\"trendBlog \u2013 Wohnen, Reisen, Leben und Kultur\" \/>\n<meta property=\"article:published_time\" content=\"2017-11-05T06:00:03+00:00\" \/>\n<meta property=\"article:modified_time\" content=\"2020-11-03T11:15:43+00:00\" \/>\n<meta property=\"og:image\" content=\"https:\/\/www.trend4ward.de\/trendblog\/wp-content\/uploads\/2017\/10\/209325_Adventskalender-Puzzle_5_131g_1708.jpg\" \/>\n\t<meta property=\"og:image:width\" content=\"1500\" \/>\n\t<meta property=\"og:image:height\" content=\"1000\" \/>\n\t<meta property=\"og:image:type\" content=\"image\/jpeg\" \/>\n<meta name=\"author\" content=\"Evelyn Steinbach\" \/>\n<meta name=\"twitter:label1\" content=\"Verfasst von\" \/>\n\t<meta name=\"twitter:data1\" content=\"Evelyn Steinbach\" \/>\n\t<meta name=\"twitter:label2\" content=\"Gesch\u00e4tzte Lesezeit\" \/>\n\t<meta name=\"twitter:data2\" content=\"2\u00a0Minuten\" \/>\n<script type=\"application\/ld+json\" class=\"yoast-schema-graph\">{\"@context\":\"https:\\\/\\\/schema.org\",\"@graph\":[{\"@type\":\"Article\",\"@id\":\"https:\\\/\\\/www.trend4ward.de\\\/trendblog\\\/bio-adventskalender-2017-freude-schenken-im-dezember\\\/#article\",\"isPartOf\":{\"@id\":\"https:\\\/\\\/www.trend4ward.de\\\/trendblog\\\/bio-adventskalender-2017-freude-schenken-im-dezember\\\/\"},\"author\":{\"name\":\"Evelyn Steinbach\",\"@id\":\"https:\\\/\\\/www.trend4ward.de\\\/trendblog\\\/#\\\/schema\\\/person\\\/c65dd8afd2fda04893d121f31b2a8ea4\"},\"headline\":\"Bio-Adventskalender: Freude schenken im Dezember\",\"datePublished\":\"2017-11-05T06:00:03+00:00\",\"dateModified\":\"2020-11-03T11:15:43+00:00\",\"mainEntityOfPage\":{\"@id\":\"https:\\\/\\\/www.trend4ward.de\\\/trendblog\\\/bio-adventskalender-2017-freude-schenken-im-dezember\\\/\"},\"wordCount\":431,\"commentCount\":0,\"publisher\":{\"@id\":\"https:\\\/\\\/www.trend4ward.de\\\/trendblog\\\/#\\\/schema\\\/person\\\/c65dd8afd2fda04893d121f31b2a8ea4\"},\"image\":{\"@id\":\"https:\\\/\\\/www.trend4ward.de\\\/trendblog\\\/bio-adventskalender-2017-freude-schenken-im-dezember\\\/#primaryimage\"},\"thumbnailUrl\":\"https:\\\/\\\/www.trend4ward.de\\\/trendblog\\\/wp-content\\\/uploads\\\/2017\\\/10\\\/209325_Adventskalender-Puzzle_5_131g_1708.jpg\",\"keywords\":[\"Dekoideen\",\"Nachhaltig &amp; \u00f6kologisch\"],\"articleSection\":[\"Leben &amp; Gesellschaft\",\"Weihnachten\"],\"inLanguage\":\"de\",\"potentialAction\":[{\"@type\":\"CommentAction\",\"name\":\"Comment\",\"target\":[\"https:\\\/\\\/www.trend4ward.de\\\/trendblog\\\/bio-adventskalender-2017-freude-schenken-im-dezember\\\/#respond\"]}]},{\"@type\":\"WebPage\",\"@id\":\"https:\\\/\\\/www.trend4ward.de\\\/trendblog\\\/bio-adventskalender-2017-freude-schenken-im-dezember\\\/\",\"url\":\"https:\\\/\\\/www.trend4ward.de\\\/trendblog\\\/bio-adventskalender-2017-freude-schenken-im-dezember\\\/\",\"name\":\"Bio-Adventskalender: Freude schenken im Dezember &#8226; trendBlog \u2013 Wohnen, Reisen, Leben und Kultur\",\"isPartOf\":{\"@id\":\"https:\\\/\\\/www.trend4ward.de\\\/trendblog\\\/#website\"},\"primaryImageOfPage\":{\"@id\":\"https:\\\/\\\/www.trend4ward.de\\\/trendblog\\\/bio-adventskalender-2017-freude-schenken-im-dezember\\\/#primaryimage\"},\"image\":{\"@id\":\"https:\\\/\\\/www.trend4ward.de\\\/trendblog\\\/bio-adventskalender-2017-freude-schenken-im-dezember\\\/#primaryimage\"},\"thumbnailUrl\":\"https:\\\/\\\/www.trend4ward.de\\\/trendblog\\\/wp-content\\\/uploads\\\/2017\\\/10\\\/209325_Adventskalender-Puzzle_5_131g_1708.jpg\",\"datePublished\":\"2017-11-05T06:00:03+00:00\",\"dateModified\":\"2020-11-03T11:15:43+00:00\",\"description\":\"Welche Adventskalender f\u00fcr die Weihnachtszeit neu auf dem Markt sind und mit Bio-Produkten gef\u00fcllt sind - hier ein \u00dcberblick.\",\"breadcrumb\":{\"@id\":\"https:\\\/\\\/www.trend4ward.de\\\/trendblog\\\/bio-adventskalender-2017-freude-schenken-im-dezember\\\/#breadcrumb\"},\"inLanguage\":\"de\",\"potentialAction\":[{\"@type\":\"ReadAction\",\"target\":[\"https:\\\/\\\/www.trend4ward.de\\\/trendblog\\\/bio-adventskalender-2017-freude-schenken-im-dezember\\\/\"]}]},{\"@type\":\"ImageObject\",\"inLanguage\":\"de\",\"@id\":\"https:\\\/\\\/www.trend4ward.de\\\/trendblog\\\/bio-adventskalender-2017-freude-schenken-im-dezember\\\/#primaryimage\",\"url\":\"https:\\\/\\\/www.trend4ward.de\\\/trendblog\\\/wp-content\\\/uploads\\\/2017\\\/10\\\/209325_Adventskalender-Puzzle_5_131g_1708.jpg\",\"contentUrl\":\"https:\\\/\\\/www.trend4ward.de\\\/trendblog\\\/wp-content\\\/uploads\\\/2017\\\/10\\\/209325_Adventskalender-Puzzle_5_131g_1708.jpg\",\"width\":1500,\"height\":1000},{\"@type\":\"BreadcrumbList\",\"@id\":\"https:\\\/\\\/www.trend4ward.de\\\/trendblog\\\/bio-adventskalender-2017-freude-schenken-im-dezember\\\/#breadcrumb\",\"itemListElement\":[{\"@type\":\"ListItem\",\"position\":1,\"name\":\"Home\",\"item\":\"https:\\\/\\\/www.trend4ward.de\\\/trendblog\\\/\"},{\"@type\":\"ListItem\",\"position\":2,\"name\":\"Bio-Adventskalender: Freude schenken im Dezember\"}]},{\"@type\":\"WebSite\",\"@id\":\"https:\\\/\\\/www.trend4ward.de\\\/trendblog\\\/#website\",\"url\":\"https:\\\/\\\/www.trend4ward.de\\\/trendblog\\\/\",\"name\":\"trendBlog \u2013 Wohnen, Reisen, Leben und Kultur\",\"description\":\"Portr\u00e4ts, Reportagen, Ratgeber. Seit 2009. Von Evelyn Steinbach.\",\"publisher\":{\"@id\":\"https:\\\/\\\/www.trend4ward.de\\\/trendblog\\\/#\\\/schema\\\/person\\\/c65dd8afd2fda04893d121f31b2a8ea4\"},\"potentialAction\":[{\"@type\":\"SearchAction\",\"target\":{\"@type\":\"EntryPoint\",\"urlTemplate\":\"https:\\\/\\\/www.trend4ward.de\\\/trendblog\\\/?s={search_term_string}\"},\"query-input\":{\"@type\":\"PropertyValueSpecification\",\"valueRequired\":true,\"valueName\":\"search_term_string\"}}],\"inLanguage\":\"de\"},{\"@type\":[\"Person\",\"Organization\"],\"@id\":\"https:\\\/\\\/www.trend4ward.de\\\/trendblog\\\/#\\\/schema\\\/person\\\/c65dd8afd2fda04893d121f31b2a8ea4\",\"name\":\"Evelyn Steinbach\",\"image\":{\"@type\":\"ImageObject\",\"inLanguage\":\"de\",\"@id\":\"https:\\\/\\\/www.trend4ward.de\\\/trendblog\\\/wp-content\\\/uploads\\\/2020\\\/11\\\/cropped-cropped-IMG_6744-e1692617617527.png\",\"url\":\"https:\\\/\\\/www.trend4ward.de\\\/trendblog\\\/wp-content\\\/uploads\\\/2020\\\/11\\\/cropped-cropped-IMG_6744-e1692617617527.png\",\"contentUrl\":\"https:\\\/\\\/www.trend4ward.de\\\/trendblog\\\/wp-content\\\/uploads\\\/2020\\\/11\\\/cropped-cropped-IMG_6744-e1692617617527.png\",\"width\":200,\"height\":183,\"caption\":\"Evelyn Steinbach\"},\"logo\":{\"@id\":\"https:\\\/\\\/www.trend4ward.de\\\/trendblog\\\/wp-content\\\/uploads\\\/2020\\\/11\\\/cropped-cropped-IMG_6744-e1692617617527.png\"},\"sameAs\":[\"http:\\\/\\\/www.trend4ward.de\"],\"url\":\"https:\\\/\\\/www.trend4ward.de\\\/trendblog\\\/author\\\/eve\\\/\"}]}<\/script>\n<!-- \/ Yoast SEO plugin. -->","yoast_head_json":{"title":"Bio-Adventskalender: Freude schenken im Dezember &#8226; trendBlog \u2013 Wohnen, Reisen, Leben und Kultur","description":"Welche Adventskalender f\u00fcr die Weihnachtszeit neu auf dem Markt sind und mit Bio-Produkten gef\u00fcllt sind - hier ein \u00dcberblick.","robots":{"index":"index","follow":"follow","max-snippet":"max-snippet:-1","max-image-preview":"max-image-preview:large","max-video-preview":"max-video-preview:-1"},"canonical":"https:\/\/www.trend4ward.de\/trendblog\/bio-adventskalender-2017-freude-schenken-im-dezember\/","og_locale":"de_DE","og_type":"article","og_title":"Bio-Adventskalender: Freude schenken im Dezember &#8226; trendBlog \u2013 Wohnen, Reisen, Leben und Kultur","og_description":"Welche Adventskalender f\u00fcr die Weihnachtszeit neu auf dem Markt sind und mit Bio-Produkten gef\u00fcllt sind - hier ein \u00dcberblick.","og_url":"https:\/\/www.trend4ward.de\/trendblog\/bio-adventskalender-2017-freude-schenken-im-dezember\/","og_site_name":"trendBlog \u2013 Wohnen, Reisen, Leben und Kultur","article_published_time":"2017-11-05T06:00:03+00:00","article_modified_time":"2020-11-03T11:15:43+00:00","og_image":[{"width":1500,"height":1000,"url":"https:\/\/www.trend4ward.de\/trendblog\/wp-content\/uploads\/2017\/10\/209325_Adventskalender-Puzzle_5_131g_1708.jpg","type":"image\/jpeg"}],"author":"Evelyn Steinbach","twitter_misc":{"Verfasst von":"Evelyn Steinbach","Gesch\u00e4tzte Lesezeit":"2\u00a0Minuten"},"schema":{"@context":"https:\/\/schema.org","@graph":[{"@type":"Article","@id":"https:\/\/www.trend4ward.de\/trendblog\/bio-adventskalender-2017-freude-schenken-im-dezember\/#article","isPartOf":{"@id":"https:\/\/www.trend4ward.de\/trendblog\/bio-adventskalender-2017-freude-schenken-im-dezember\/"},"author":{"name":"Evelyn Steinbach","@id":"https:\/\/www.trend4ward.de\/trendblog\/#\/schema\/person\/c65dd8afd2fda04893d121f31b2a8ea4"},"headline":"Bio-Adventskalender: Freude schenken im Dezember","datePublished":"2017-11-05T06:00:03+00:00","dateModified":"2020-11-03T11:15:43+00:00","mainEntityOfPage":{"@id":"https:\/\/www.trend4ward.de\/trendblog\/bio-adventskalender-2017-freude-schenken-im-dezember\/"},"wordCount":431,"commentCount":0,"publisher":{"@id":"https:\/\/www.trend4ward.de\/trendblog\/#\/schema\/person\/c65dd8afd2fda04893d121f31b2a8ea4"},"image":{"@id":"https:\/\/www.trend4ward.de\/trendblog\/bio-adventskalender-2017-freude-schenken-im-dezember\/#primaryimage"},"thumbnailUrl":"https:\/\/www.trend4ward.de\/trendblog\/wp-content\/uploads\/2017\/10\/209325_Adventskalender-Puzzle_5_131g_1708.jpg","keywords":["Dekoideen","Nachhaltig &amp; \u00f6kologisch"],"articleSection":["Leben &amp; Gesellschaft","Weihnachten"],"inLanguage":"de","potentialAction":[{"@type":"CommentAction","name":"Comment","target":["https:\/\/www.trend4ward.de\/trendblog\/bio-adventskalender-2017-freude-schenken-im-dezember\/#respond"]}]},{"@type":"WebPage","@id":"https:\/\/www.trend4ward.de\/trendblog\/bio-adventskalender-2017-freude-schenken-im-dezember\/","url":"https:\/\/www.trend4ward.de\/trendblog\/bio-adventskalender-2017-freude-schenken-im-dezember\/","name":"Bio-Adventskalender: Freude schenken im Dezember &#8226; trendBlog \u2013 Wohnen, Reisen, Leben und Kultur","isPartOf":{"@id":"https:\/\/www.trend4ward.de\/trendblog\/#website"},"primaryImageOfPage":{"@id":"https:\/\/www.trend4ward.de\/trendblog\/bio-adventskalender-2017-freude-schenken-im-dezember\/#primaryimage"},"image":{"@id":"https:\/\/www.trend4ward.de\/trendblog\/bio-adventskalender-2017-freude-schenken-im-dezember\/#primaryimage"},"thumbnailUrl":"https:\/\/www.trend4ward.de\/trendblog\/wp-content\/uploads\/2017\/10\/209325_Adventskalender-Puzzle_5_131g_1708.jpg","datePublished":"2017-11-05T06:00:03+00:00","dateModified":"2020-11-03T11:15:43+00:00","description":"Welche Adventskalender f\u00fcr die Weihnachtszeit neu auf dem Markt sind und mit Bio-Produkten gef\u00fcllt sind - hier ein \u00dcberblick.","breadcrumb":{"@id":"https:\/\/www.trend4ward.de\/trendblog\/bio-adventskalender-2017-freude-schenken-im-dezember\/#breadcrumb"},"inLanguage":"de","potentialAction":[{"@type":"ReadAction","target":["https:\/\/www.trend4ward.de\/trendblog\/bio-adventskalender-2017-freude-schenken-im-dezember\/"]}]},{"@type":"ImageObject","inLanguage":"de","@id":"https:\/\/www.trend4ward.de\/trendblog\/bio-adventskalender-2017-freude-schenken-im-dezember\/#primaryimage","url":"https:\/\/www.trend4ward.de\/trendblog\/wp-content\/uploads\/2017\/10\/209325_Adventskalender-Puzzle_5_131g_1708.jpg","contentUrl":"https:\/\/www.trend4ward.de\/trendblog\/wp-content\/uploads\/2017\/10\/209325_Adventskalender-Puzzle_5_131g_1708.jpg","width":1500,"height":1000},{"@type":"BreadcrumbList","@id":"https:\/\/www.trend4ward.de\/trendblog\/bio-adventskalender-2017-freude-schenken-im-dezember\/#breadcrumb","itemListElement":[{"@type":"ListItem","position":1,"name":"Home","item":"https:\/\/www.trend4ward.de\/trendblog\/"},{"@type":"ListItem","position":2,"name":"Bio-Adventskalender: Freude schenken im Dezember"}]},{"@type":"WebSite","@id":"https:\/\/www.trend4ward.de\/trendblog\/#website","url":"https:\/\/www.trend4ward.de\/trendblog\/","name":"trendBlog \u2013 Wohnen, Reisen, Leben und Kultur","description":"Portr\u00e4ts, Reportagen, Ratgeber. Seit 2009. Von Evelyn Steinbach.","publisher":{"@id":"https:\/\/www.trend4ward.de\/trendblog\/#\/schema\/person\/c65dd8afd2fda04893d121f31b2a8ea4"},"potentialAction":[{"@type":"SearchAction","target":{"@type":"EntryPoint","urlTemplate":"https:\/\/www.trend4ward.de\/trendblog\/?s={search_term_string}"},"query-input":{"@type":"PropertyValueSpecification","valueRequired":true,"valueName":"search_term_string"}}],"inLanguage":"de"},{"@type":["Person","Organization"],"@id":"https:\/\/www.trend4ward.de\/trendblog\/#\/schema\/person\/c65dd8afd2fda04893d121f31b2a8ea4","name":"Evelyn Steinbach","image":{"@type":"ImageObject","inLanguage":"de","@id":"https:\/\/www.trend4ward.de\/trendblog\/wp-content\/uploads\/2020\/11\/cropped-cropped-IMG_6744-e1692617617527.png","url":"https:\/\/www.trend4ward.de\/trendblog\/wp-content\/uploads\/2020\/11\/cropped-cropped-IMG_6744-e1692617617527.png","contentUrl":"https:\/\/www.trend4ward.de\/trendblog\/wp-content\/uploads\/2020\/11\/cropped-cropped-IMG_6744-e1692617617527.png","width":200,"height":183,"caption":"Evelyn Steinbach"},"logo":{"@id":"https:\/\/www.trend4ward.de\/trendblog\/wp-content\/uploads\/2020\/11\/cropped-cropped-IMG_6744-e1692617617527.png"},"sameAs":["http:\/\/www.trend4ward.de"],"url":"https:\/\/www.trend4ward.de\/trendblog\/author\/eve\/"}]}},"jetpack_featured_media_url":"https:\/\/www.trend4ward.de\/trendblog\/wp-content\/uploads\/2017\/10\/209325_Adventskalender-Puzzle_5_131g_1708.jpg","jetpack_sharing_enabled":true,"_links":{"self":[{"href":"https:\/\/www.trend4ward.de\/trendblog\/wp-json\/wp\/v2\/posts\/3938","targetHints":{"allow":["GET"]}}],"collection":[{"href":"https:\/\/www.trend4ward.de\/trendblog\/wp-json\/wp\/v2\/posts"}],"about":[{"href":"https:\/\/www.trend4ward.de\/trendblog\/wp-json\/wp\/v2\/types\/post"}],"author":[{"embeddable":true,"href":"https:\/\/www.trend4ward.de\/trendblog\/wp-json\/wp\/v2\/users\/1"}],"replies":[{"embeddable":true,"href":"https:\/\/www.trend4ward.de\/trendblog\/wp-json\/wp\/v2\/comments?post=3938"}],"version-history":[{"count":25,"href":"https:\/\/www.trend4ward.de\/trendblog\/wp-json\/wp\/v2\/posts\/3938\/revisions"}],"predecessor-version":[{"id":4030,"href":"https:\/\/www.trend4ward.de\/trendblog\/wp-json\/wp\/v2\/posts\/3938\/revisions\/4030"}],"wp:featuredmedia":[{"embeddable":true,"href":"https:\/\/www.trend4ward.de\/trendblog\/wp-json\/wp\/v2\/media\/4011"}],"wp:attachment":[{"href":"https:\/\/www.trend4ward.de\/trendblog\/wp-json\/wp\/v2\/media?parent=3938"}],"wp:term":[{"taxonomy":"category","embeddable":true,"href":"https:\/\/www.trend4ward.de\/trendblog\/wp-json\/wp\/v2\/categories?post=3938"},{"taxonomy":"post_tag","embeddable":true,"href":"https:\/\/www.trend4ward.de\/trendblog\/wp-json\/wp\/v2\/tags?post=3938"}],"curies":[{"name":"wp","href":"https:\/\/api.w.org\/{rel}","templated":true}]}}