{"id":3951,"date":"2017-10-13T07:00:22","date_gmt":"2017-10-13T05:00:22","guid":{"rendered":"https:\/\/www.trend4ward.de\/trendblog\/?p=3951"},"modified":"2017-11-03T20:02:47","modified_gmt":"2017-11-03T19:02:47","slug":"wohnen-als-digitaler-nomade-bastian-und-seine-geplante-officeflucht-teil-3","status":"publish","type":"post","link":"https:\/\/www.trend4ward.de\/trendblog\/wohnen-als-digitaler-nomade-bastian-und-seine-geplante-officeflucht-teil-3\/","title":{"rendered":"Wohnen als digitaler Nomade: Bastian und seine geplante Officeflucht (Teil 3)"},"content":{"rendered":"<p><strong>Arbeiten und Urlaub verbinden. Diesen Traum erf\u00fcllen sich so genannte &#8222;digitale Nomaden&#8220;, meist junge Menschen, die mit einem Online-Business ihre eigene Karriere aus der Ferne starten. Das Thema Wohnen wird hier schnell zur Nebensache, wie das folgende Beispiel zeigt.<\/strong><!--more--><\/p>\n<p>Einer, der in kurzer Zeit schon 20 ferne L\u00e4nder bereist hat, ist Bastian (32). Seit 2015 ist er in der Welt unterwegs, Ende letzten Jahres hat er sich komplett aus Deutschland abgemeldet. Bastian ist Hotelfachmann und musste das Geld verdienen im Internet erst einmal lernen. \u201eIch habe 30 verschiedene Online-Kurse aus dem amerikanischen Raum besucht und mich dann mit dem Verkauf von Produkten bei Amazon entschieden\u201c, erz\u00e4hlt er. \u00dcber eine Handelsplattform ordert er Haustierprodukte, die in Asien produziert werden. Um die Verkaufsf\u00f6rderung k\u00fcmmert er sich von unterwegs, um den Versand Amazon.<\/p>\n<p>&nbsp;<\/p>\n<figure id=\"attachment_3956\" aria-describedby=\"caption-attachment-3956\" style=\"width: 780px\" class=\"wp-caption alignleft\"><a href=\"https:\/\/www.trend4ward.de\/trendblog\/wp-content\/uploads\/2017\/10\/bastian_officeflucht-3.jpg\"><img loading=\"lazy\" decoding=\"async\" class=\"wp-image-3956 size-large\" src=\"https:\/\/www.trend4ward.de\/trendblog\/wp-content\/uploads\/2017\/10\/bastian_officeflucht-3-1024x768.jpg\" alt=\"\" width=\"780\" height=\"585\" srcset=\"https:\/\/www.trend4ward.de\/trendblog\/wp-content\/uploads\/2017\/10\/bastian_officeflucht-3-1024x768.jpg 1024w, https:\/\/www.trend4ward.de\/trendblog\/wp-content\/uploads\/2017\/10\/bastian_officeflucht-3-300x225.jpg 300w, https:\/\/www.trend4ward.de\/trendblog\/wp-content\/uploads\/2017\/10\/bastian_officeflucht-3-768x576.jpg 768w, https:\/\/www.trend4ward.de\/trendblog\/wp-content\/uploads\/2017\/10\/bastian_officeflucht-3-80x60.jpg 80w, https:\/\/www.trend4ward.de\/trendblog\/wp-content\/uploads\/2017\/10\/bastian_officeflucht-3.jpg 1080w\" sizes=\"auto, (max-width: 780px) 100vw, 780px\" \/><\/a><figcaption id=\"caption-attachment-3956\" class=\"wp-caption-text\">Bastian in seinem neuen B\u00fcro<\/figcaption><\/figure>\n<p>\u201eIn Deutschland f\u00fchle ich mich nicht mehr wirklich zu Hause\u201c, sagt der digitale Nomade. Bastian mag den Gedanken von Multilokalit\u00e4t, zu lange an einem Ort zu sein, das ist nichts f\u00fcr ihn, meint er. Dennoch hat auch er seine Lieblingsorte in der Welt, darunter Chiang Mai (Thailand), Medell\u00edn (Kolumbien) und Rio de Janiero (Brasilien).Bastian braucht nicht immer eine Wohnung f\u00fcr sich, ihm reicht auch ein Zimmer mit bequemen Bett, da er drinnen nicht viel Zeit verbringt. Viel wichtiger ist f\u00fcr ihn die Lage: \u201eIch suche mir Stadtteile, in denen die Nomadendichte hoch und der Weg zu Co-working spaces nicht weit ist\u201c, erz\u00e4hlt er. Der Austausch mit anderen Web-Experten begeistert ihn.Die meisten digitalen Nomaden reisen mit Handgep\u00e4ck. \u201eWenn m\u00f6glich ich habe nie einen Koffer dabei, sondern immer nur ein Rucksack\u201c, erz\u00e4hlt Bastian. Der Grund: Wenn das Gep\u00e4ck verloren geht, h\u00e4ngt daran auch die Existenz.<\/p>\n\r<div class=\"GARD gard_basic_mode\" id=\"google-ads-AyBL\"><script >\radUnit = document.getElementById(\"google-ads-AyBL\");\radWidth = adUnit.offsetWidth;\r\rif ( adWidth >= 999999 ) {\r\/* GETTING THE FIRST IF OUT OF THE WAY *\/ \r} else {\rgoogle_ad_slot = \"0\";\radUnit.style.display = \"none\";\r}\radUnit.className = adUnit.className + \" ad_unit \" + tag;\rgoogle_ad_client = \"ca-pub-6170969419645551\";\radUnit.style.cssFloat  = \"left\";\radUnit.style.styleFloat  = \"left\";\radUnit.style.margin = \"0 10px 10px 0\";\radUnit.style.textAlign = \"initial\";\rgoogle_color_border = \"FFFFFF\";\rgoogle_color_bg = \"FFFFFF\";\rgoogle_color_link = \"999999\";\rgoogle_color_url = \"99cc33\";\rgoogle_color_text = \"666666\";\rgoogle_ui_features = \"rc:\";\r<\/script>\r<script  src=\"\/\/pagead2.googlesyndication.com\/pagead\/show_ads.js\"><\/script>\r<\/div>\n<p><strong>Link-Tipps zum Weiterlesen<\/strong><strong>&nbsp;<\/strong><\/p>\n<p>Blog: <a href=\"http:\/\/officeflucht.de\/\" target=\"_blank\" rel=\"noopener\">officeflucht.de<\/a><\/p>\n<p>&nbsp;<\/p>\n","protected":false},"excerpt":{"rendered":"<p>Arbeiten und Urlaub verbinden. Diesen Traum erf\u00fcllen sich so genannte &#8222;digitale Nomaden&#8220;, meist junge Menschen, die mit einem Online-Business ihre eigene Karriere aus der Ferne starten. Das Thema Wohnen wird hier schnell zur Nebensache, wie das folgende Beispiel zeigt.<\/p>\n","protected":false},"author":1,"featured_media":3959,"comment_status":"open","ping_status":"open","sticky":false,"template":"","format":"standard","meta":{"om_disable_all_campaigns":false,"_monsterinsights_skip_tracking":false,"_monsterinsights_sitenote_active":false,"_monsterinsights_sitenote_note":"","_monsterinsights_sitenote_category":0,"_uf_show_specific_survey":0,"_uf_disable_surveys":false,"neve_meta_sidebar":"","neve_meta_container":"","neve_meta_enable_content_width":"","neve_meta_content_width":0,"neve_meta_title_alignment":"","neve_meta_author_avatar":"","neve_post_elements_order":"","neve_meta_disable_header":"","neve_meta_disable_footer":"","neve_meta_disable_title":"","ngg_post_thumbnail":0,"_jetpack_memberships_contains_paid_content":false,"footnotes":""},"categories":[76,3],"tags":[],"class_list":["post-3951","post","type-post","status-publish","format-standard","has-post-thumbnail","hentry","category-leben-und-gesellschaft","category-trendbarometer"],"yoast_head":"<!-- This site is optimized with the Yoast SEO plugin v27.4 - https:\/\/yoast.com\/product\/yoast-seo-wordpress\/ -->\n<title>Wohnen als digitaler Nomade: Bastian und seine geplante Officeflucht (Teil 3) &#8226; trendBlog \u2013 Wohnen, Reisen, Leben und Kultur<\/title>\n<meta name=\"description\" content=\"Arbeiten und Urlaub verbinden. Diesen Traum erf\u00fcllen sich digitale Nomaden wie Bastian, der die Officeflucht Deutschlands angetreten ist.\" \/>\n<meta name=\"robots\" content=\"index, follow, max-snippet:-1, max-image-preview:large, max-video-preview:-1\" \/>\n<link rel=\"canonical\" href=\"https:\/\/www.trend4ward.de\/trendblog\/wohnen-als-digitaler-nomade-bastian-und-seine-geplante-officeflucht-teil-3\/\" \/>\n<meta property=\"og:locale\" content=\"de_DE\" \/>\n<meta property=\"og:type\" content=\"article\" \/>\n<meta property=\"og:title\" content=\"Wohnen als digitaler Nomade: Bastian und seine geplante Officeflucht (Teil 3) &#8226; trendBlog \u2013 Wohnen, Reisen, Leben und Kultur\" \/>\n<meta property=\"og:description\" content=\"Arbeiten und Urlaub verbinden. Diesen Traum erf\u00fcllen sich digitale Nomaden wie Bastian, der die Officeflucht Deutschlands angetreten ist.\" \/>\n<meta property=\"og:url\" content=\"https:\/\/www.trend4ward.de\/trendblog\/wohnen-als-digitaler-nomade-bastian-und-seine-geplante-officeflucht-teil-3\/\" \/>\n<meta property=\"og:site_name\" content=\"trendBlog \u2013 Wohnen, Reisen, Leben und Kultur\" \/>\n<meta property=\"article:published_time\" content=\"2017-10-13T05:00:22+00:00\" \/>\n<meta property=\"article:modified_time\" content=\"2017-11-03T19:02:47+00:00\" \/>\n<meta property=\"og:image\" content=\"https:\/\/www.trend4ward.de\/trendblog\/wp-content\/uploads\/2017\/10\/IMG_4241-e1507653229117.jpg\" \/>\n\t<meta property=\"og:image:width\" content=\"2448\" \/>\n\t<meta property=\"og:image:height\" content=\"2448\" \/>\n\t<meta property=\"og:image:type\" content=\"image\/jpeg\" \/>\n<meta name=\"author\" content=\"Evelyn Steinbach\" \/>\n<meta name=\"twitter:label1\" content=\"Verfasst von\" \/>\n\t<meta name=\"twitter:data1\" content=\"Evelyn Steinbach\" \/>\n\t<meta name=\"twitter:label2\" content=\"Gesch\u00e4tzte Lesezeit\" \/>\n\t<meta name=\"twitter:data2\" content=\"2\u00a0Minuten\" \/>\n<script type=\"application\/ld+json\" class=\"yoast-schema-graph\">{\"@context\":\"https:\\\/\\\/schema.org\",\"@graph\":[{\"@type\":\"Article\",\"@id\":\"https:\\\/\\\/www.trend4ward.de\\\/trendblog\\\/wohnen-als-digitaler-nomade-bastian-und-seine-geplante-officeflucht-teil-3\\\/#article\",\"isPartOf\":{\"@id\":\"https:\\\/\\\/www.trend4ward.de\\\/trendblog\\\/wohnen-als-digitaler-nomade-bastian-und-seine-geplante-officeflucht-teil-3\\\/\"},\"author\":{\"name\":\"Evelyn Steinbach\",\"@id\":\"https:\\\/\\\/www.trend4ward.de\\\/trendblog\\\/#\\\/schema\\\/person\\\/c65dd8afd2fda04893d121f31b2a8ea4\"},\"headline\":\"Wohnen als digitaler Nomade: Bastian und seine geplante Officeflucht (Teil 3)\",\"datePublished\":\"2017-10-13T05:00:22+00:00\",\"dateModified\":\"2017-11-03T19:02:47+00:00\",\"mainEntityOfPage\":{\"@id\":\"https:\\\/\\\/www.trend4ward.de\\\/trendblog\\\/wohnen-als-digitaler-nomade-bastian-und-seine-geplante-officeflucht-teil-3\\\/\"},\"wordCount\":324,\"commentCount\":0,\"publisher\":{\"@id\":\"https:\\\/\\\/www.trend4ward.de\\\/trendblog\\\/#\\\/schema\\\/person\\\/c65dd8afd2fda04893d121f31b2a8ea4\"},\"image\":{\"@id\":\"https:\\\/\\\/www.trend4ward.de\\\/trendblog\\\/wohnen-als-digitaler-nomade-bastian-und-seine-geplante-officeflucht-teil-3\\\/#primaryimage\"},\"thumbnailUrl\":\"https:\\\/\\\/www.trend4ward.de\\\/trendblog\\\/wp-content\\\/uploads\\\/2017\\\/10\\\/IMG_4241-e1507653229117.jpg\",\"articleSection\":[\"Leben &amp; Gesellschaft\",\"trendBarometer\"],\"inLanguage\":\"de\",\"potentialAction\":[{\"@type\":\"CommentAction\",\"name\":\"Comment\",\"target\":[\"https:\\\/\\\/www.trend4ward.de\\\/trendblog\\\/wohnen-als-digitaler-nomade-bastian-und-seine-geplante-officeflucht-teil-3\\\/#respond\"]}]},{\"@type\":\"WebPage\",\"@id\":\"https:\\\/\\\/www.trend4ward.de\\\/trendblog\\\/wohnen-als-digitaler-nomade-bastian-und-seine-geplante-officeflucht-teil-3\\\/\",\"url\":\"https:\\\/\\\/www.trend4ward.de\\\/trendblog\\\/wohnen-als-digitaler-nomade-bastian-und-seine-geplante-officeflucht-teil-3\\\/\",\"name\":\"Wohnen als digitaler Nomade: Bastian und seine geplante Officeflucht (Teil 3) &#8226; trendBlog \u2013 Wohnen, Reisen, Leben und Kultur\",\"isPartOf\":{\"@id\":\"https:\\\/\\\/www.trend4ward.de\\\/trendblog\\\/#website\"},\"primaryImageOfPage\":{\"@id\":\"https:\\\/\\\/www.trend4ward.de\\\/trendblog\\\/wohnen-als-digitaler-nomade-bastian-und-seine-geplante-officeflucht-teil-3\\\/#primaryimage\"},\"image\":{\"@id\":\"https:\\\/\\\/www.trend4ward.de\\\/trendblog\\\/wohnen-als-digitaler-nomade-bastian-und-seine-geplante-officeflucht-teil-3\\\/#primaryimage\"},\"thumbnailUrl\":\"https:\\\/\\\/www.trend4ward.de\\\/trendblog\\\/wp-content\\\/uploads\\\/2017\\\/10\\\/IMG_4241-e1507653229117.jpg\",\"datePublished\":\"2017-10-13T05:00:22+00:00\",\"dateModified\":\"2017-11-03T19:02:47+00:00\",\"description\":\"Arbeiten und Urlaub verbinden. Diesen Traum erf\u00fcllen sich digitale Nomaden wie Bastian, der die Officeflucht Deutschlands angetreten ist.\",\"breadcrumb\":{\"@id\":\"https:\\\/\\\/www.trend4ward.de\\\/trendblog\\\/wohnen-als-digitaler-nomade-bastian-und-seine-geplante-officeflucht-teil-3\\\/#breadcrumb\"},\"inLanguage\":\"de\",\"potentialAction\":[{\"@type\":\"ReadAction\",\"target\":[\"https:\\\/\\\/www.trend4ward.de\\\/trendblog\\\/wohnen-als-digitaler-nomade-bastian-und-seine-geplante-officeflucht-teil-3\\\/\"]}]},{\"@type\":\"ImageObject\",\"inLanguage\":\"de\",\"@id\":\"https:\\\/\\\/www.trend4ward.de\\\/trendblog\\\/wohnen-als-digitaler-nomade-bastian-und-seine-geplante-officeflucht-teil-3\\\/#primaryimage\",\"url\":\"https:\\\/\\\/www.trend4ward.de\\\/trendblog\\\/wp-content\\\/uploads\\\/2017\\\/10\\\/IMG_4241-e1507653229117.jpg\",\"contentUrl\":\"https:\\\/\\\/www.trend4ward.de\\\/trendblog\\\/wp-content\\\/uploads\\\/2017\\\/10\\\/IMG_4241-e1507653229117.jpg\",\"width\":2448,\"height\":2448},{\"@type\":\"BreadcrumbList\",\"@id\":\"https:\\\/\\\/www.trend4ward.de\\\/trendblog\\\/wohnen-als-digitaler-nomade-bastian-und-seine-geplante-officeflucht-teil-3\\\/#breadcrumb\",\"itemListElement\":[{\"@type\":\"ListItem\",\"position\":1,\"name\":\"Home\",\"item\":\"https:\\\/\\\/www.trend4ward.de\\\/trendblog\\\/\"},{\"@type\":\"ListItem\",\"position\":2,\"name\":\"Wohnen als digitaler Nomade: Bastian und seine geplante Officeflucht (Teil 3)\"}]},{\"@type\":\"WebSite\",\"@id\":\"https:\\\/\\\/www.trend4ward.de\\\/trendblog\\\/#website\",\"url\":\"https:\\\/\\\/www.trend4ward.de\\\/trendblog\\\/\",\"name\":\"trendBlog \u2013 Wohnen, Reisen, Leben und Kultur\",\"description\":\"Portr\u00e4ts, Reportagen, Ratgeber. Seit 2009. Von Evelyn Steinbach.\",\"publisher\":{\"@id\":\"https:\\\/\\\/www.trend4ward.de\\\/trendblog\\\/#\\\/schema\\\/person\\\/c65dd8afd2fda04893d121f31b2a8ea4\"},\"potentialAction\":[{\"@type\":\"SearchAction\",\"target\":{\"@type\":\"EntryPoint\",\"urlTemplate\":\"https:\\\/\\\/www.trend4ward.de\\\/trendblog\\\/?s={search_term_string}\"},\"query-input\":{\"@type\":\"PropertyValueSpecification\",\"valueRequired\":true,\"valueName\":\"search_term_string\"}}],\"inLanguage\":\"de\"},{\"@type\":[\"Person\",\"Organization\"],\"@id\":\"https:\\\/\\\/www.trend4ward.de\\\/trendblog\\\/#\\\/schema\\\/person\\\/c65dd8afd2fda04893d121f31b2a8ea4\",\"name\":\"Evelyn Steinbach\",\"image\":{\"@type\":\"ImageObject\",\"inLanguage\":\"de\",\"@id\":\"https:\\\/\\\/www.trend4ward.de\\\/trendblog\\\/wp-content\\\/uploads\\\/2020\\\/11\\\/cropped-cropped-IMG_6744-e1692617617527.png\",\"url\":\"https:\\\/\\\/www.trend4ward.de\\\/trendblog\\\/wp-content\\\/uploads\\\/2020\\\/11\\\/cropped-cropped-IMG_6744-e1692617617527.png\",\"contentUrl\":\"https:\\\/\\\/www.trend4ward.de\\\/trendblog\\\/wp-content\\\/uploads\\\/2020\\\/11\\\/cropped-cropped-IMG_6744-e1692617617527.png\",\"width\":200,\"height\":183,\"caption\":\"Evelyn Steinbach\"},\"logo\":{\"@id\":\"https:\\\/\\\/www.trend4ward.de\\\/trendblog\\\/wp-content\\\/uploads\\\/2020\\\/11\\\/cropped-cropped-IMG_6744-e1692617617527.png\"},\"sameAs\":[\"http:\\\/\\\/www.trend4ward.de\"],\"url\":\"https:\\\/\\\/www.trend4ward.de\\\/trendblog\\\/author\\\/eve\\\/\"}]}<\/script>\n<!-- \/ Yoast SEO plugin. -->","yoast_head_json":{"title":"Wohnen als digitaler Nomade: Bastian und seine geplante Officeflucht (Teil 3) &#8226; trendBlog \u2013 Wohnen, Reisen, Leben und Kultur","description":"Arbeiten und Urlaub verbinden. Diesen Traum erf\u00fcllen sich digitale Nomaden wie Bastian, der die Officeflucht Deutschlands angetreten ist.","robots":{"index":"index","follow":"follow","max-snippet":"max-snippet:-1","max-image-preview":"max-image-preview:large","max-video-preview":"max-video-preview:-1"},"canonical":"https:\/\/www.trend4ward.de\/trendblog\/wohnen-als-digitaler-nomade-bastian-und-seine-geplante-officeflucht-teil-3\/","og_locale":"de_DE","og_type":"article","og_title":"Wohnen als digitaler Nomade: Bastian und seine geplante Officeflucht (Teil 3) &#8226; trendBlog \u2013 Wohnen, Reisen, Leben und Kultur","og_description":"Arbeiten und Urlaub verbinden. Diesen Traum erf\u00fcllen sich digitale Nomaden wie Bastian, der die Officeflucht Deutschlands angetreten ist.","og_url":"https:\/\/www.trend4ward.de\/trendblog\/wohnen-als-digitaler-nomade-bastian-und-seine-geplante-officeflucht-teil-3\/","og_site_name":"trendBlog \u2013 Wohnen, Reisen, Leben und Kultur","article_published_time":"2017-10-13T05:00:22+00:00","article_modified_time":"2017-11-03T19:02:47+00:00","og_image":[{"width":2448,"height":2448,"url":"https:\/\/www.trend4ward.de\/trendblog\/wp-content\/uploads\/2017\/10\/IMG_4241-e1507653229117.jpg","type":"image\/jpeg"}],"author":"Evelyn Steinbach","twitter_misc":{"Verfasst von":"Evelyn Steinbach","Gesch\u00e4tzte Lesezeit":"2\u00a0Minuten"},"schema":{"@context":"https:\/\/schema.org","@graph":[{"@type":"Article","@id":"https:\/\/www.trend4ward.de\/trendblog\/wohnen-als-digitaler-nomade-bastian-und-seine-geplante-officeflucht-teil-3\/#article","isPartOf":{"@id":"https:\/\/www.trend4ward.de\/trendblog\/wohnen-als-digitaler-nomade-bastian-und-seine-geplante-officeflucht-teil-3\/"},"author":{"name":"Evelyn Steinbach","@id":"https:\/\/www.trend4ward.de\/trendblog\/#\/schema\/person\/c65dd8afd2fda04893d121f31b2a8ea4"},"headline":"Wohnen als digitaler Nomade: Bastian und seine geplante Officeflucht (Teil 3)","datePublished":"2017-10-13T05:00:22+00:00","dateModified":"2017-11-03T19:02:47+00:00","mainEntityOfPage":{"@id":"https:\/\/www.trend4ward.de\/trendblog\/wohnen-als-digitaler-nomade-bastian-und-seine-geplante-officeflucht-teil-3\/"},"wordCount":324,"commentCount":0,"publisher":{"@id":"https:\/\/www.trend4ward.de\/trendblog\/#\/schema\/person\/c65dd8afd2fda04893d121f31b2a8ea4"},"image":{"@id":"https:\/\/www.trend4ward.de\/trendblog\/wohnen-als-digitaler-nomade-bastian-und-seine-geplante-officeflucht-teil-3\/#primaryimage"},"thumbnailUrl":"https:\/\/www.trend4ward.de\/trendblog\/wp-content\/uploads\/2017\/10\/IMG_4241-e1507653229117.jpg","articleSection":["Leben &amp; Gesellschaft","trendBarometer"],"inLanguage":"de","potentialAction":[{"@type":"CommentAction","name":"Comment","target":["https:\/\/www.trend4ward.de\/trendblog\/wohnen-als-digitaler-nomade-bastian-und-seine-geplante-officeflucht-teil-3\/#respond"]}]},{"@type":"WebPage","@id":"https:\/\/www.trend4ward.de\/trendblog\/wohnen-als-digitaler-nomade-bastian-und-seine-geplante-officeflucht-teil-3\/","url":"https:\/\/www.trend4ward.de\/trendblog\/wohnen-als-digitaler-nomade-bastian-und-seine-geplante-officeflucht-teil-3\/","name":"Wohnen als digitaler Nomade: Bastian und seine geplante Officeflucht (Teil 3) &#8226; trendBlog \u2013 Wohnen, Reisen, Leben und Kultur","isPartOf":{"@id":"https:\/\/www.trend4ward.de\/trendblog\/#website"},"primaryImageOfPage":{"@id":"https:\/\/www.trend4ward.de\/trendblog\/wohnen-als-digitaler-nomade-bastian-und-seine-geplante-officeflucht-teil-3\/#primaryimage"},"image":{"@id":"https:\/\/www.trend4ward.de\/trendblog\/wohnen-als-digitaler-nomade-bastian-und-seine-geplante-officeflucht-teil-3\/#primaryimage"},"thumbnailUrl":"https:\/\/www.trend4ward.de\/trendblog\/wp-content\/uploads\/2017\/10\/IMG_4241-e1507653229117.jpg","datePublished":"2017-10-13T05:00:22+00:00","dateModified":"2017-11-03T19:02:47+00:00","description":"Arbeiten und Urlaub verbinden. Diesen Traum erf\u00fcllen sich digitale Nomaden wie Bastian, der die Officeflucht Deutschlands angetreten ist.","breadcrumb":{"@id":"https:\/\/www.trend4ward.de\/trendblog\/wohnen-als-digitaler-nomade-bastian-und-seine-geplante-officeflucht-teil-3\/#breadcrumb"},"inLanguage":"de","potentialAction":[{"@type":"ReadAction","target":["https:\/\/www.trend4ward.de\/trendblog\/wohnen-als-digitaler-nomade-bastian-und-seine-geplante-officeflucht-teil-3\/"]}]},{"@type":"ImageObject","inLanguage":"de","@id":"https:\/\/www.trend4ward.de\/trendblog\/wohnen-als-digitaler-nomade-bastian-und-seine-geplante-officeflucht-teil-3\/#primaryimage","url":"https:\/\/www.trend4ward.de\/trendblog\/wp-content\/uploads\/2017\/10\/IMG_4241-e1507653229117.jpg","contentUrl":"https:\/\/www.trend4ward.de\/trendblog\/wp-content\/uploads\/2017\/10\/IMG_4241-e1507653229117.jpg","width":2448,"height":2448},{"@type":"BreadcrumbList","@id":"https:\/\/www.trend4ward.de\/trendblog\/wohnen-als-digitaler-nomade-bastian-und-seine-geplante-officeflucht-teil-3\/#breadcrumb","itemListElement":[{"@type":"ListItem","position":1,"name":"Home","item":"https:\/\/www.trend4ward.de\/trendblog\/"},{"@type":"ListItem","position":2,"name":"Wohnen als digitaler Nomade: Bastian und seine geplante Officeflucht (Teil 3)"}]},{"@type":"WebSite","@id":"https:\/\/www.trend4ward.de\/trendblog\/#website","url":"https:\/\/www.trend4ward.de\/trendblog\/","name":"trendBlog \u2013 Wohnen, Reisen, Leben und Kultur","description":"Portr\u00e4ts, Reportagen, Ratgeber. Seit 2009. Von Evelyn Steinbach.","publisher":{"@id":"https:\/\/www.trend4ward.de\/trendblog\/#\/schema\/person\/c65dd8afd2fda04893d121f31b2a8ea4"},"potentialAction":[{"@type":"SearchAction","target":{"@type":"EntryPoint","urlTemplate":"https:\/\/www.trend4ward.de\/trendblog\/?s={search_term_string}"},"query-input":{"@type":"PropertyValueSpecification","valueRequired":true,"valueName":"search_term_string"}}],"inLanguage":"de"},{"@type":["Person","Organization"],"@id":"https:\/\/www.trend4ward.de\/trendblog\/#\/schema\/person\/c65dd8afd2fda04893d121f31b2a8ea4","name":"Evelyn Steinbach","image":{"@type":"ImageObject","inLanguage":"de","@id":"https:\/\/www.trend4ward.de\/trendblog\/wp-content\/uploads\/2020\/11\/cropped-cropped-IMG_6744-e1692617617527.png","url":"https:\/\/www.trend4ward.de\/trendblog\/wp-content\/uploads\/2020\/11\/cropped-cropped-IMG_6744-e1692617617527.png","contentUrl":"https:\/\/www.trend4ward.de\/trendblog\/wp-content\/uploads\/2020\/11\/cropped-cropped-IMG_6744-e1692617617527.png","width":200,"height":183,"caption":"Evelyn Steinbach"},"logo":{"@id":"https:\/\/www.trend4ward.de\/trendblog\/wp-content\/uploads\/2020\/11\/cropped-cropped-IMG_6744-e1692617617527.png"},"sameAs":["http:\/\/www.trend4ward.de"],"url":"https:\/\/www.trend4ward.de\/trendblog\/author\/eve\/"}]}},"jetpack_featured_media_url":"https:\/\/www.trend4ward.de\/trendblog\/wp-content\/uploads\/2017\/10\/IMG_4241-e1507653229117.jpg","jetpack_sharing_enabled":true,"_links":{"self":[{"href":"https:\/\/www.trend4ward.de\/trendblog\/wp-json\/wp\/v2\/posts\/3951","targetHints":{"allow":["GET"]}}],"collection":[{"href":"https:\/\/www.trend4ward.de\/trendblog\/wp-json\/wp\/v2\/posts"}],"about":[{"href":"https:\/\/www.trend4ward.de\/trendblog\/wp-json\/wp\/v2\/types\/post"}],"author":[{"embeddable":true,"href":"https:\/\/www.trend4ward.de\/trendblog\/wp-json\/wp\/v2\/users\/1"}],"replies":[{"embeddable":true,"href":"https:\/\/www.trend4ward.de\/trendblog\/wp-json\/wp\/v2\/comments?post=3951"}],"version-history":[{"count":6,"href":"https:\/\/www.trend4ward.de\/trendblog\/wp-json\/wp\/v2\/posts\/3951\/revisions"}],"predecessor-version":[{"id":4123,"href":"https:\/\/www.trend4ward.de\/trendblog\/wp-json\/wp\/v2\/posts\/3951\/revisions\/4123"}],"wp:featuredmedia":[{"embeddable":true,"href":"https:\/\/www.trend4ward.de\/trendblog\/wp-json\/wp\/v2\/media\/3959"}],"wp:attachment":[{"href":"https:\/\/www.trend4ward.de\/trendblog\/wp-json\/wp\/v2\/media?parent=3951"}],"wp:term":[{"taxonomy":"category","embeddable":true,"href":"https:\/\/www.trend4ward.de\/trendblog\/wp-json\/wp\/v2\/categories?post=3951"},{"taxonomy":"post_tag","embeddable":true,"href":"https:\/\/www.trend4ward.de\/trendblog\/wp-json\/wp\/v2\/tags?post=3951"}],"curies":[{"name":"wp","href":"https:\/\/api.w.org\/{rel}","templated":true}]}}