{"id":4307,"date":"2018-04-24T18:17:24","date_gmt":"2018-04-24T16:17:24","guid":{"rendered":"https:\/\/www.trend4ward.de\/trendblog\/?p=4307"},"modified":"2019-05-06T16:46:16","modified_gmt":"2019-05-06T14:46:16","slug":"166-tage-im-all-mit-alexander-gerst","status":"publish","type":"post","link":"https:\/\/www.trend4ward.de\/trendblog\/166-tage-im-all-mit-alexander-gerst\/","title":{"rendered":"166 Tage im All mit Alexander Gerst"},"content":{"rendered":"<p><strong>Die Erde mit anderen Augen sehen: Alexander Gerst erz\u00e4hlt in der Neuauflage des Bildbandes &#8222;166 Tage im All&#8220; vom Leben auf der ISS und den Vorbereitungen auf die &#8222;Horizons&#8220;-Mission.<\/strong><!--more--><\/p>\n<p>Mit seinen Tweets von der Raumstation ISS hat Alexander Gerst Hunderttausende auf der Erde begeistert. Die neue Mission &#8222;Horizons&#8220;<em>&nbsp;<\/em>f\u00fchrt den beliebten Astronauten nun in wenigen Wochen als Kommandant zur ISS. Von seinen Vorbereitungen erz\u00e4hlt er in seinem neuaufgelegten Bildband &#8222;166 Tage im All&#8220;.<\/p>\n<p>Gemeinsam mit dem GEO-Reporter Lars Abromeit gibt Alexander Gerst Einblicke in sein Tagebuch, zeigt spektakul\u00e4re Bilder seiner ersten &#8222;Blue Dot&#8220;-Mission und schildert authentische Eindr\u00fccke seiner Reise ins All.<\/p>\n<figure id=\"attachment_4310\" aria-describedby=\"caption-attachment-4310\" style=\"width: 1000px\" class=\"wp-caption aligncenter\"><a href=\"https:\/\/www.trend4ward.de\/trendblog\/wp-content\/uploads\/2018\/04\/129A1030-2.jpg\"><img loading=\"lazy\" decoding=\"async\" class=\"wp-image-4310 size-large\" src=\"https:\/\/www.trend4ward.de\/trendblog\/wp-content\/uploads\/2018\/04\/129A1030-2-1024x682.jpg\" alt=\"Alexander Gerst im All\" width=\"1000\" height=\"666\" srcset=\"https:\/\/www.trend4ward.de\/trendblog\/wp-content\/uploads\/2018\/04\/129A1030-2-1024x682.jpg 1024w, https:\/\/www.trend4ward.de\/trendblog\/wp-content\/uploads\/2018\/04\/129A1030-2-300x200.jpg 300w, https:\/\/www.trend4ward.de\/trendblog\/wp-content\/uploads\/2018\/04\/129A1030-2-768x511.jpg 768w, https:\/\/www.trend4ward.de\/trendblog\/wp-content\/uploads\/2018\/04\/129A1030-2-960x640.jpg 960w, https:\/\/www.trend4ward.de\/trendblog\/wp-content\/uploads\/2018\/04\/129A1030-2-451x300.jpg 451w, https:\/\/www.trend4ward.de\/trendblog\/wp-content\/uploads\/2018\/04\/129A1030-2-90x60.jpg 90w\" sizes=\"auto, (max-width: 1000px) 100vw, 1000px\" \/><\/a><figcaption id=\"caption-attachment-4310\" class=\"wp-caption-text\"><strong>Alle Fotos:&nbsp;\u00a9 Bruckmann\/ESA\/Gerst\/Abromeit<\/strong><\/figcaption><\/figure>\n<p><a href=\"https:\/\/www.trend4ward.de\/trendblog\/wp-content\/uploads\/2018\/04\/iss040e006174.jpg\"><img loading=\"lazy\" decoding=\"async\" class=\"aligncenter wp-image-4311 size-large\" src=\"https:\/\/www.trend4ward.de\/trendblog\/wp-content\/uploads\/2018\/04\/iss040e006174-1024x680.jpg\" alt=\"166 Tage im All\" width=\"1000\" height=\"664\" srcset=\"https:\/\/www.trend4ward.de\/trendblog\/wp-content\/uploads\/2018\/04\/iss040e006174-1024x680.jpg 1024w, https:\/\/www.trend4ward.de\/trendblog\/wp-content\/uploads\/2018\/04\/iss040e006174-300x199.jpg 300w, https:\/\/www.trend4ward.de\/trendblog\/wp-content\/uploads\/2018\/04\/iss040e006174-768x510.jpg 768w, https:\/\/www.trend4ward.de\/trendblog\/wp-content\/uploads\/2018\/04\/iss040e006174-452x300.jpg 452w, https:\/\/www.trend4ward.de\/trendblog\/wp-content\/uploads\/2018\/04\/iss040e006174-90x60.jpg 90w\" sizes=\"auto, (max-width: 1000px) 100vw, 1000px\" \/><\/a><\/p>\n<p><a href=\"https:\/\/www.trend4ward.de\/trendblog\/wp-content\/uploads\/2018\/04\/128A0837.jpg\"><img loading=\"lazy\" decoding=\"async\" class=\"aligncenter wp-image-4312 size-large\" src=\"https:\/\/www.trend4ward.de\/trendblog\/wp-content\/uploads\/2018\/04\/128A0837-1024x682.jpg\" alt=\"Das Trio beim Start ins Weltall\" width=\"1000\" height=\"666\" srcset=\"https:\/\/www.trend4ward.de\/trendblog\/wp-content\/uploads\/2018\/04\/128A0837-1024x682.jpg 1024w, https:\/\/www.trend4ward.de\/trendblog\/wp-content\/uploads\/2018\/04\/128A0837-300x200.jpg 300w, https:\/\/www.trend4ward.de\/trendblog\/wp-content\/uploads\/2018\/04\/128A0837-768x511.jpg 768w, https:\/\/www.trend4ward.de\/trendblog\/wp-content\/uploads\/2018\/04\/128A0837-960x640.jpg 960w, https:\/\/www.trend4ward.de\/trendblog\/wp-content\/uploads\/2018\/04\/128A0837-451x300.jpg 451w, https:\/\/www.trend4ward.de\/trendblog\/wp-content\/uploads\/2018\/04\/128A0837-90x60.jpg 90w\" sizes=\"auto, (max-width: 1000px) 100vw, 1000px\" \/><\/a><\/p>\n<p><a href=\"https:\/\/www.trend4ward.de\/trendblog\/wp-content\/uploads\/2018\/04\/\u00a9-Bruckmann_ESA_Gerst_Abromeit_2.jpg\"><img loading=\"lazy\" decoding=\"async\" class=\"aligncenter wp-image-4315 size-large\" src=\"https:\/\/www.trend4ward.de\/trendblog\/wp-content\/uploads\/2018\/04\/\u00a9-Bruckmann_ESA_Gerst_Abromeit_2-1024x680.jpg\" alt=\"Alexander Gerst im All\" width=\"1000\" height=\"664\" srcset=\"https:\/\/www.trend4ward.de\/trendblog\/wp-content\/uploads\/2018\/04\/\u00a9-Bruckmann_ESA_Gerst_Abromeit_2.jpg 1024w, https:\/\/www.trend4ward.de\/trendblog\/wp-content\/uploads\/2018\/04\/\u00a9-Bruckmann_ESA_Gerst_Abromeit_2-300x199.jpg 300w, https:\/\/www.trend4ward.de\/trendblog\/wp-content\/uploads\/2018\/04\/\u00a9-Bruckmann_ESA_Gerst_Abromeit_2-768x510.jpg 768w, https:\/\/www.trend4ward.de\/trendblog\/wp-content\/uploads\/2018\/04\/\u00a9-Bruckmann_ESA_Gerst_Abromeit_2-452x300.jpg 452w, https:\/\/www.trend4ward.de\/trendblog\/wp-content\/uploads\/2018\/04\/\u00a9-Bruckmann_ESA_Gerst_Abromeit_2-90x60.jpg 90w\" sizes=\"auto, (max-width: 1000px) 100vw, 1000px\" \/>&#8211;<\/a> <a href=\"https:\/\/www.trend4ward.de\/trendblog\/wp-content\/uploads\/2018\/04\/\u00a9-Bruckmann_ESA_Gerst_Abromeit_3.jpg\"><img loading=\"lazy\" decoding=\"async\" class=\"aligncenter wp-image-4316 size-large\" src=\"https:\/\/www.trend4ward.de\/trendblog\/wp-content\/uploads\/2018\/04\/\u00a9-Bruckmann_ESA_Gerst_Abromeit_3-1024x681.jpg\" alt=\"\" width=\"1000\" height=\"665\" srcset=\"https:\/\/www.trend4ward.de\/trendblog\/wp-content\/uploads\/2018\/04\/\u00a9-Bruckmann_ESA_Gerst_Abromeit_3.jpg 1024w, https:\/\/www.trend4ward.de\/trendblog\/wp-content\/uploads\/2018\/04\/\u00a9-Bruckmann_ESA_Gerst_Abromeit_3-300x200.jpg 300w, https:\/\/www.trend4ward.de\/trendblog\/wp-content\/uploads\/2018\/04\/\u00a9-Bruckmann_ESA_Gerst_Abromeit_3-768x511.jpg 768w, https:\/\/www.trend4ward.de\/trendblog\/wp-content\/uploads\/2018\/04\/\u00a9-Bruckmann_ESA_Gerst_Abromeit_3-451x300.jpg 451w, https:\/\/www.trend4ward.de\/trendblog\/wp-content\/uploads\/2018\/04\/\u00a9-Bruckmann_ESA_Gerst_Abromeit_3-90x60.jpg 90w\" sizes=\"auto, (max-width: 1000px) 100vw, 1000px\" \/>&#8211;<\/a> <a href=\"https:\/\/www.trend4ward.de\/trendblog\/wp-content\/uploads\/2018\/04\/\u00a9-Bruckmann_ESA_Gerst_Abromeit_4.jpg\"><img loading=\"lazy\" decoding=\"async\" class=\"aligncenter wp-image-4317 size-large\" src=\"https:\/\/www.trend4ward.de\/trendblog\/wp-content\/uploads\/2018\/04\/\u00a9-Bruckmann_ESA_Gerst_Abromeit_4-1024x681.jpg\" alt=\"Alexander Gerst im All\" width=\"1000\" height=\"665\" srcset=\"https:\/\/www.trend4ward.de\/trendblog\/wp-content\/uploads\/2018\/04\/\u00a9-Bruckmann_ESA_Gerst_Abromeit_4.jpg 1024w, https:\/\/www.trend4ward.de\/trendblog\/wp-content\/uploads\/2018\/04\/\u00a9-Bruckmann_ESA_Gerst_Abromeit_4-300x200.jpg 300w, https:\/\/www.trend4ward.de\/trendblog\/wp-content\/uploads\/2018\/04\/\u00a9-Bruckmann_ESA_Gerst_Abromeit_4-768x511.jpg 768w, https:\/\/www.trend4ward.de\/trendblog\/wp-content\/uploads\/2018\/04\/\u00a9-Bruckmann_ESA_Gerst_Abromeit_4-451x300.jpg 451w, https:\/\/www.trend4ward.de\/trendblog\/wp-content\/uploads\/2018\/04\/\u00a9-Bruckmann_ESA_Gerst_Abromeit_4-90x60.jpg 90w\" sizes=\"auto, (max-width: 1000px) 100vw, 1000px\" \/>&#8211;<\/a> <a href=\"https:\/\/www.trend4ward.de\/trendblog\/wp-content\/uploads\/2018\/04\/\u00a9-Bruckmann_ESA_Gerst_Abromeit.jpg\"><img loading=\"lazy\" decoding=\"async\" class=\"aligncenter wp-image-4318 size-large\" src=\"https:\/\/www.trend4ward.de\/trendblog\/wp-content\/uploads\/2018\/04\/\u00a9-Bruckmann_ESA_Gerst_Abromeit-1024x681.jpg\" alt=\"Alexander Gerst im All\" width=\"1000\" height=\"665\" srcset=\"https:\/\/www.trend4ward.de\/trendblog\/wp-content\/uploads\/2018\/04\/\u00a9-Bruckmann_ESA_Gerst_Abromeit.jpg 1024w, https:\/\/www.trend4ward.de\/trendblog\/wp-content\/uploads\/2018\/04\/\u00a9-Bruckmann_ESA_Gerst_Abromeit-300x200.jpg 300w, https:\/\/www.trend4ward.de\/trendblog\/wp-content\/uploads\/2018\/04\/\u00a9-Bruckmann_ESA_Gerst_Abromeit-768x511.jpg 768w, https:\/\/www.trend4ward.de\/trendblog\/wp-content\/uploads\/2018\/04\/\u00a9-Bruckmann_ESA_Gerst_Abromeit-451x300.jpg 451w, https:\/\/www.trend4ward.de\/trendblog\/wp-content\/uploads\/2018\/04\/\u00a9-Bruckmann_ESA_Gerst_Abromeit-90x60.jpg 90w\" sizes=\"auto, (max-width: 1000px) 100vw, 1000px\" \/><\/a><\/p>\n<p>&nbsp;<\/p>\n<h2><strong>\u00dcber die Autoren<\/strong><\/h2>\n<p><strong>Dr. Alexander Gerst<\/strong>, geboren 1976 im hohenlohischen K\u00fcnzelsau, erforschte als Geophysiker die Vulkangebiete der Erde, bevor er 2009 unter rund 8400 Mitbewerbern f\u00fcr das europ\u00e4ische Astronautenprogramm ausgew\u00e4hlt wurde. 2014 brach er zur \u00bbBlue Dot\u00ab-Mission auf. F\u00fcr seine wissenschaftliche Arbeit und sein Engagement erhielt&nbsp; Gerst zahlreiche Ehrungen. 2018 soll er in einer neuen Mission als erster Deutscher f\u00fcr mehrere Monate das Kommando \u00fcber die Raumstation ISS \u00fcbernehmen.<\/p>\n<p><strong>Lars Abromeit<\/strong>, geboren 1974 in Berlin, schreibt als vielfach pr\u00e4mierter GEO-Reporter und Autor \u00fcber die Abenteuer der Forschung: Er begleitet Expeditionen auf den &nbsp;Ozeanen, in H\u00f6hlensystemen, Regenw\u00e4ldern und Eisw\u00fcsten. Bei einer Recherchereise in der Antarktis hat er Gerst im Jahr 2005 kennengelernt \u2013 und dessen Abenteuer als Wissenschaftler und Astronaut seither eng verfolgt.<\/p>\n<p><a href=\"https:\/\/www.trend4ward.de\/trendblog\/wp-content\/uploads\/2018\/04\/Cover_166_Tage_im_All.jpg\"><img loading=\"lazy\" decoding=\"async\" class=\"size-medium wp-image-4314 alignleft\" src=\"https:\/\/www.trend4ward.de\/trendblog\/wp-content\/uploads\/2018\/04\/Cover_166_Tage_im_All-278x300.jpg\" alt=\"\" width=\"278\" height=\"300\" srcset=\"https:\/\/www.trend4ward.de\/trendblog\/wp-content\/uploads\/2018\/04\/Cover_166_Tage_im_All-278x300.jpg 278w, https:\/\/www.trend4ward.de\/trendblog\/wp-content\/uploads\/2018\/04\/Cover_166_Tage_im_All-56x60.jpg 56w, https:\/\/www.trend4ward.de\/trendblog\/wp-content\/uploads\/2018\/04\/Cover_166_Tage_im_All.jpg 556w\" sizes=\"auto, (max-width: 278px) 100vw, 278px\" \/><\/a><\/p>\n<div class=\"small\">208 Seiten, ca. 156 Abbildungen,<\/div>\n<div class=\"small\">Format 26,8 x 28,9 cm, Hardcover<\/div>\n<div class=\"small\">ISBN-13: 978-3-95416-198-0<\/div>\n<p>&nbsp;<\/p>\n","protected":false},"excerpt":{"rendered":"<p>Die Erde mit anderen Augen sehen: Alexander Gerst erz\u00e4hlt in der Neuauflage des Bildbandes &#8222;166 Tage im All&#8220; vom Leben auf der ISS und den Vorbereitungen auf die &#8222;Horizons&#8220;-Mission.<\/p>\n","protected":false},"author":1,"featured_media":4309,"comment_status":"open","ping_status":"open","sticky":false,"template":"","format":"standard","meta":{"om_disable_all_campaigns":false,"_monsterinsights_skip_tracking":false,"_monsterinsights_sitenote_active":false,"_monsterinsights_sitenote_note":"","_monsterinsights_sitenote_category":0,"_uf_show_specific_survey":0,"_uf_disable_surveys":false,"neve_meta_sidebar":"","neve_meta_container":"","neve_meta_enable_content_width":"","neve_meta_content_width":0,"neve_meta_title_alignment":"","neve_meta_author_avatar":"","neve_post_elements_order":"","neve_meta_disable_header":"","neve_meta_disable_footer":"","neve_meta_disable_title":"","ngg_post_thumbnail":0,"_jetpack_memberships_contains_paid_content":false,"footnotes":""},"categories":[3],"tags":[133],"class_list":["post-4307","post","type-post","status-publish","format-standard","has-post-thumbnail","hentry","category-trendbarometer","tag-buchtipp"],"yoast_head":"<!-- This site is optimized with the Yoast SEO plugin v27.4 - https:\/\/yoast.com\/product\/yoast-seo-wordpress\/ -->\n<title>166 Tage im All mit Alexander Gerst &#8226; trendBlog \u2013 Wohnen, Reisen, Leben und Kultur<\/title>\n<meta name=\"description\" content=\"166 Tage im Weltall: Neuer Bildband von Alexander Gerst \u00fcber seine Vorbereitungen f\u00fcr die Reise ins Weltall. Mehr Infos hier.\" \/>\n<meta name=\"robots\" content=\"index, follow, max-snippet:-1, max-image-preview:large, max-video-preview:-1\" \/>\n<link rel=\"canonical\" href=\"https:\/\/www.trend4ward.de\/trendblog\/166-tage-im-all-mit-alexander-gerst\/\" \/>\n<meta property=\"og:locale\" content=\"de_DE\" \/>\n<meta property=\"og:type\" content=\"article\" \/>\n<meta property=\"og:title\" content=\"166 Tage im All mit Alexander Gerst &#8226; trendBlog \u2013 Wohnen, Reisen, Leben und Kultur\" \/>\n<meta property=\"og:description\" content=\"166 Tage im Weltall: Neuer Bildband von Alexander Gerst \u00fcber seine Vorbereitungen f\u00fcr die Reise ins Weltall. Mehr Infos hier.\" \/>\n<meta property=\"og:url\" content=\"https:\/\/www.trend4ward.de\/trendblog\/166-tage-im-all-mit-alexander-gerst\/\" \/>\n<meta property=\"og:site_name\" content=\"trendBlog \u2013 Wohnen, Reisen, Leben und Kultur\" \/>\n<meta property=\"article:published_time\" content=\"2018-04-24T16:17:24+00:00\" \/>\n<meta property=\"article:modified_time\" content=\"2019-05-06T14:46:16+00:00\" \/>\n<meta property=\"og:image\" content=\"https:\/\/www.trend4ward.de\/trendblog\/wp-content\/uploads\/2018\/04\/0148K05_16198-1024x706.jpg\" \/>\n\t<meta property=\"og:image:width\" content=\"1024\" \/>\n\t<meta property=\"og:image:height\" content=\"706\" \/>\n\t<meta property=\"og:image:type\" content=\"image\/jpeg\" \/>\n<meta name=\"author\" content=\"Evelyn Steinbach\" \/>\n<meta name=\"twitter:label1\" content=\"Verfasst von\" \/>\n\t<meta name=\"twitter:data1\" content=\"Evelyn Steinbach\" \/>\n\t<meta name=\"twitter:label2\" content=\"Gesch\u00e4tzte Lesezeit\" \/>\n\t<meta name=\"twitter:data2\" content=\"1\u00a0Minute\" \/>\n<script type=\"application\/ld+json\" class=\"yoast-schema-graph\">{\"@context\":\"https:\\\/\\\/schema.org\",\"@graph\":[{\"@type\":\"Article\",\"@id\":\"https:\\\/\\\/www.trend4ward.de\\\/trendblog\\\/166-tage-im-all-mit-alexander-gerst\\\/#article\",\"isPartOf\":{\"@id\":\"https:\\\/\\\/www.trend4ward.de\\\/trendblog\\\/166-tage-im-all-mit-alexander-gerst\\\/\"},\"author\":{\"name\":\"Evelyn Steinbach\",\"@id\":\"https:\\\/\\\/www.trend4ward.de\\\/trendblog\\\/#\\\/schema\\\/person\\\/c65dd8afd2fda04893d121f31b2a8ea4\"},\"headline\":\"166 Tage im All mit Alexander Gerst\",\"datePublished\":\"2018-04-24T16:17:24+00:00\",\"dateModified\":\"2019-05-06T14:46:16+00:00\",\"mainEntityOfPage\":{\"@id\":\"https:\\\/\\\/www.trend4ward.de\\\/trendblog\\\/166-tage-im-all-mit-alexander-gerst\\\/\"},\"wordCount\":271,\"commentCount\":0,\"publisher\":{\"@id\":\"https:\\\/\\\/www.trend4ward.de\\\/trendblog\\\/#\\\/schema\\\/person\\\/c65dd8afd2fda04893d121f31b2a8ea4\"},\"image\":{\"@id\":\"https:\\\/\\\/www.trend4ward.de\\\/trendblog\\\/166-tage-im-all-mit-alexander-gerst\\\/#primaryimage\"},\"thumbnailUrl\":\"https:\\\/\\\/www.trend4ward.de\\\/trendblog\\\/wp-content\\\/uploads\\\/2018\\\/04\\\/0148K05_16198.jpg\",\"keywords\":[\"Buchtipps\"],\"articleSection\":[\"trendBarometer\"],\"inLanguage\":\"de\",\"potentialAction\":[{\"@type\":\"CommentAction\",\"name\":\"Comment\",\"target\":[\"https:\\\/\\\/www.trend4ward.de\\\/trendblog\\\/166-tage-im-all-mit-alexander-gerst\\\/#respond\"]}]},{\"@type\":\"WebPage\",\"@id\":\"https:\\\/\\\/www.trend4ward.de\\\/trendblog\\\/166-tage-im-all-mit-alexander-gerst\\\/\",\"url\":\"https:\\\/\\\/www.trend4ward.de\\\/trendblog\\\/166-tage-im-all-mit-alexander-gerst\\\/\",\"name\":\"166 Tage im All mit Alexander Gerst &#8226; trendBlog \u2013 Wohnen, Reisen, Leben und Kultur\",\"isPartOf\":{\"@id\":\"https:\\\/\\\/www.trend4ward.de\\\/trendblog\\\/#website\"},\"primaryImageOfPage\":{\"@id\":\"https:\\\/\\\/www.trend4ward.de\\\/trendblog\\\/166-tage-im-all-mit-alexander-gerst\\\/#primaryimage\"},\"image\":{\"@id\":\"https:\\\/\\\/www.trend4ward.de\\\/trendblog\\\/166-tage-im-all-mit-alexander-gerst\\\/#primaryimage\"},\"thumbnailUrl\":\"https:\\\/\\\/www.trend4ward.de\\\/trendblog\\\/wp-content\\\/uploads\\\/2018\\\/04\\\/0148K05_16198.jpg\",\"datePublished\":\"2018-04-24T16:17:24+00:00\",\"dateModified\":\"2019-05-06T14:46:16+00:00\",\"description\":\"166 Tage im Weltall: Neuer Bildband von Alexander Gerst \u00fcber seine Vorbereitungen f\u00fcr die Reise ins Weltall. Mehr Infos hier.\",\"breadcrumb\":{\"@id\":\"https:\\\/\\\/www.trend4ward.de\\\/trendblog\\\/166-tage-im-all-mit-alexander-gerst\\\/#breadcrumb\"},\"inLanguage\":\"de\",\"potentialAction\":[{\"@type\":\"ReadAction\",\"target\":[\"https:\\\/\\\/www.trend4ward.de\\\/trendblog\\\/166-tage-im-all-mit-alexander-gerst\\\/\"]}]},{\"@type\":\"ImageObject\",\"inLanguage\":\"de\",\"@id\":\"https:\\\/\\\/www.trend4ward.de\\\/trendblog\\\/166-tage-im-all-mit-alexander-gerst\\\/#primaryimage\",\"url\":\"https:\\\/\\\/www.trend4ward.de\\\/trendblog\\\/wp-content\\\/uploads\\\/2018\\\/04\\\/0148K05_16198.jpg\",\"contentUrl\":\"https:\\\/\\\/www.trend4ward.de\\\/trendblog\\\/wp-content\\\/uploads\\\/2018\\\/04\\\/0148K05_16198.jpg\",\"width\":3621,\"height\":2495},{\"@type\":\"BreadcrumbList\",\"@id\":\"https:\\\/\\\/www.trend4ward.de\\\/trendblog\\\/166-tage-im-all-mit-alexander-gerst\\\/#breadcrumb\",\"itemListElement\":[{\"@type\":\"ListItem\",\"position\":1,\"name\":\"Home\",\"item\":\"https:\\\/\\\/www.trend4ward.de\\\/trendblog\\\/\"},{\"@type\":\"ListItem\",\"position\":2,\"name\":\"166 Tage im All mit Alexander Gerst\"}]},{\"@type\":\"WebSite\",\"@id\":\"https:\\\/\\\/www.trend4ward.de\\\/trendblog\\\/#website\",\"url\":\"https:\\\/\\\/www.trend4ward.de\\\/trendblog\\\/\",\"name\":\"trendBlog \u2013 Wohnen, Reisen, Leben und Kultur\",\"description\":\"Portr\u00e4ts, Reportagen, Ratgeber. Seit 2009. Von Evelyn Steinbach.\",\"publisher\":{\"@id\":\"https:\\\/\\\/www.trend4ward.de\\\/trendblog\\\/#\\\/schema\\\/person\\\/c65dd8afd2fda04893d121f31b2a8ea4\"},\"potentialAction\":[{\"@type\":\"SearchAction\",\"target\":{\"@type\":\"EntryPoint\",\"urlTemplate\":\"https:\\\/\\\/www.trend4ward.de\\\/trendblog\\\/?s={search_term_string}\"},\"query-input\":{\"@type\":\"PropertyValueSpecification\",\"valueRequired\":true,\"valueName\":\"search_term_string\"}}],\"inLanguage\":\"de\"},{\"@type\":[\"Person\",\"Organization\"],\"@id\":\"https:\\\/\\\/www.trend4ward.de\\\/trendblog\\\/#\\\/schema\\\/person\\\/c65dd8afd2fda04893d121f31b2a8ea4\",\"name\":\"Evelyn Steinbach\",\"image\":{\"@type\":\"ImageObject\",\"inLanguage\":\"de\",\"@id\":\"https:\\\/\\\/www.trend4ward.de\\\/trendblog\\\/wp-content\\\/uploads\\\/2020\\\/11\\\/cropped-cropped-IMG_6744-e1692617617527.png\",\"url\":\"https:\\\/\\\/www.trend4ward.de\\\/trendblog\\\/wp-content\\\/uploads\\\/2020\\\/11\\\/cropped-cropped-IMG_6744-e1692617617527.png\",\"contentUrl\":\"https:\\\/\\\/www.trend4ward.de\\\/trendblog\\\/wp-content\\\/uploads\\\/2020\\\/11\\\/cropped-cropped-IMG_6744-e1692617617527.png\",\"width\":200,\"height\":183,\"caption\":\"Evelyn Steinbach\"},\"logo\":{\"@id\":\"https:\\\/\\\/www.trend4ward.de\\\/trendblog\\\/wp-content\\\/uploads\\\/2020\\\/11\\\/cropped-cropped-IMG_6744-e1692617617527.png\"},\"sameAs\":[\"http:\\\/\\\/www.trend4ward.de\"],\"url\":\"https:\\\/\\\/www.trend4ward.de\\\/trendblog\\\/author\\\/eve\\\/\"}]}<\/script>\n<!-- \/ Yoast SEO plugin. -->","yoast_head_json":{"title":"166 Tage im All mit Alexander Gerst &#8226; trendBlog \u2013 Wohnen, Reisen, Leben und Kultur","description":"166 Tage im Weltall: Neuer Bildband von Alexander Gerst \u00fcber seine Vorbereitungen f\u00fcr die Reise ins Weltall. Mehr Infos hier.","robots":{"index":"index","follow":"follow","max-snippet":"max-snippet:-1","max-image-preview":"max-image-preview:large","max-video-preview":"max-video-preview:-1"},"canonical":"https:\/\/www.trend4ward.de\/trendblog\/166-tage-im-all-mit-alexander-gerst\/","og_locale":"de_DE","og_type":"article","og_title":"166 Tage im All mit Alexander Gerst &#8226; trendBlog \u2013 Wohnen, Reisen, Leben und Kultur","og_description":"166 Tage im Weltall: Neuer Bildband von Alexander Gerst \u00fcber seine Vorbereitungen f\u00fcr die Reise ins Weltall. Mehr Infos hier.","og_url":"https:\/\/www.trend4ward.de\/trendblog\/166-tage-im-all-mit-alexander-gerst\/","og_site_name":"trendBlog \u2013 Wohnen, Reisen, Leben und Kultur","article_published_time":"2018-04-24T16:17:24+00:00","article_modified_time":"2019-05-06T14:46:16+00:00","og_image":[{"width":1024,"height":706,"url":"https:\/\/www.trend4ward.de\/trendblog\/wp-content\/uploads\/2018\/04\/0148K05_16198-1024x706.jpg","type":"image\/jpeg"}],"author":"Evelyn Steinbach","twitter_misc":{"Verfasst von":"Evelyn Steinbach","Gesch\u00e4tzte Lesezeit":"1\u00a0Minute"},"schema":{"@context":"https:\/\/schema.org","@graph":[{"@type":"Article","@id":"https:\/\/www.trend4ward.de\/trendblog\/166-tage-im-all-mit-alexander-gerst\/#article","isPartOf":{"@id":"https:\/\/www.trend4ward.de\/trendblog\/166-tage-im-all-mit-alexander-gerst\/"},"author":{"name":"Evelyn Steinbach","@id":"https:\/\/www.trend4ward.de\/trendblog\/#\/schema\/person\/c65dd8afd2fda04893d121f31b2a8ea4"},"headline":"166 Tage im All mit Alexander Gerst","datePublished":"2018-04-24T16:17:24+00:00","dateModified":"2019-05-06T14:46:16+00:00","mainEntityOfPage":{"@id":"https:\/\/www.trend4ward.de\/trendblog\/166-tage-im-all-mit-alexander-gerst\/"},"wordCount":271,"commentCount":0,"publisher":{"@id":"https:\/\/www.trend4ward.de\/trendblog\/#\/schema\/person\/c65dd8afd2fda04893d121f31b2a8ea4"},"image":{"@id":"https:\/\/www.trend4ward.de\/trendblog\/166-tage-im-all-mit-alexander-gerst\/#primaryimage"},"thumbnailUrl":"https:\/\/www.trend4ward.de\/trendblog\/wp-content\/uploads\/2018\/04\/0148K05_16198.jpg","keywords":["Buchtipps"],"articleSection":["trendBarometer"],"inLanguage":"de","potentialAction":[{"@type":"CommentAction","name":"Comment","target":["https:\/\/www.trend4ward.de\/trendblog\/166-tage-im-all-mit-alexander-gerst\/#respond"]}]},{"@type":"WebPage","@id":"https:\/\/www.trend4ward.de\/trendblog\/166-tage-im-all-mit-alexander-gerst\/","url":"https:\/\/www.trend4ward.de\/trendblog\/166-tage-im-all-mit-alexander-gerst\/","name":"166 Tage im All mit Alexander Gerst &#8226; trendBlog \u2013 Wohnen, Reisen, Leben und Kultur","isPartOf":{"@id":"https:\/\/www.trend4ward.de\/trendblog\/#website"},"primaryImageOfPage":{"@id":"https:\/\/www.trend4ward.de\/trendblog\/166-tage-im-all-mit-alexander-gerst\/#primaryimage"},"image":{"@id":"https:\/\/www.trend4ward.de\/trendblog\/166-tage-im-all-mit-alexander-gerst\/#primaryimage"},"thumbnailUrl":"https:\/\/www.trend4ward.de\/trendblog\/wp-content\/uploads\/2018\/04\/0148K05_16198.jpg","datePublished":"2018-04-24T16:17:24+00:00","dateModified":"2019-05-06T14:46:16+00:00","description":"166 Tage im Weltall: Neuer Bildband von Alexander Gerst \u00fcber seine Vorbereitungen f\u00fcr die Reise ins Weltall. Mehr Infos hier.","breadcrumb":{"@id":"https:\/\/www.trend4ward.de\/trendblog\/166-tage-im-all-mit-alexander-gerst\/#breadcrumb"},"inLanguage":"de","potentialAction":[{"@type":"ReadAction","target":["https:\/\/www.trend4ward.de\/trendblog\/166-tage-im-all-mit-alexander-gerst\/"]}]},{"@type":"ImageObject","inLanguage":"de","@id":"https:\/\/www.trend4ward.de\/trendblog\/166-tage-im-all-mit-alexander-gerst\/#primaryimage","url":"https:\/\/www.trend4ward.de\/trendblog\/wp-content\/uploads\/2018\/04\/0148K05_16198.jpg","contentUrl":"https:\/\/www.trend4ward.de\/trendblog\/wp-content\/uploads\/2018\/04\/0148K05_16198.jpg","width":3621,"height":2495},{"@type":"BreadcrumbList","@id":"https:\/\/www.trend4ward.de\/trendblog\/166-tage-im-all-mit-alexander-gerst\/#breadcrumb","itemListElement":[{"@type":"ListItem","position":1,"name":"Home","item":"https:\/\/www.trend4ward.de\/trendblog\/"},{"@type":"ListItem","position":2,"name":"166 Tage im All mit Alexander Gerst"}]},{"@type":"WebSite","@id":"https:\/\/www.trend4ward.de\/trendblog\/#website","url":"https:\/\/www.trend4ward.de\/trendblog\/","name":"trendBlog \u2013 Wohnen, Reisen, Leben und Kultur","description":"Portr\u00e4ts, Reportagen, Ratgeber. Seit 2009. Von Evelyn Steinbach.","publisher":{"@id":"https:\/\/www.trend4ward.de\/trendblog\/#\/schema\/person\/c65dd8afd2fda04893d121f31b2a8ea4"},"potentialAction":[{"@type":"SearchAction","target":{"@type":"EntryPoint","urlTemplate":"https:\/\/www.trend4ward.de\/trendblog\/?s={search_term_string}"},"query-input":{"@type":"PropertyValueSpecification","valueRequired":true,"valueName":"search_term_string"}}],"inLanguage":"de"},{"@type":["Person","Organization"],"@id":"https:\/\/www.trend4ward.de\/trendblog\/#\/schema\/person\/c65dd8afd2fda04893d121f31b2a8ea4","name":"Evelyn Steinbach","image":{"@type":"ImageObject","inLanguage":"de","@id":"https:\/\/www.trend4ward.de\/trendblog\/wp-content\/uploads\/2020\/11\/cropped-cropped-IMG_6744-e1692617617527.png","url":"https:\/\/www.trend4ward.de\/trendblog\/wp-content\/uploads\/2020\/11\/cropped-cropped-IMG_6744-e1692617617527.png","contentUrl":"https:\/\/www.trend4ward.de\/trendblog\/wp-content\/uploads\/2020\/11\/cropped-cropped-IMG_6744-e1692617617527.png","width":200,"height":183,"caption":"Evelyn Steinbach"},"logo":{"@id":"https:\/\/www.trend4ward.de\/trendblog\/wp-content\/uploads\/2020\/11\/cropped-cropped-IMG_6744-e1692617617527.png"},"sameAs":["http:\/\/www.trend4ward.de"],"url":"https:\/\/www.trend4ward.de\/trendblog\/author\/eve\/"}]}},"jetpack_featured_media_url":"https:\/\/www.trend4ward.de\/trendblog\/wp-content\/uploads\/2018\/04\/0148K05_16198.jpg","jetpack_sharing_enabled":true,"_links":{"self":[{"href":"https:\/\/www.trend4ward.de\/trendblog\/wp-json\/wp\/v2\/posts\/4307","targetHints":{"allow":["GET"]}}],"collection":[{"href":"https:\/\/www.trend4ward.de\/trendblog\/wp-json\/wp\/v2\/posts"}],"about":[{"href":"https:\/\/www.trend4ward.de\/trendblog\/wp-json\/wp\/v2\/types\/post"}],"author":[{"embeddable":true,"href":"https:\/\/www.trend4ward.de\/trendblog\/wp-json\/wp\/v2\/users\/1"}],"replies":[{"embeddable":true,"href":"https:\/\/www.trend4ward.de\/trendblog\/wp-json\/wp\/v2\/comments?post=4307"}],"version-history":[{"count":7,"href":"https:\/\/www.trend4ward.de\/trendblog\/wp-json\/wp\/v2\/posts\/4307\/revisions"}],"predecessor-version":[{"id":4733,"href":"https:\/\/www.trend4ward.de\/trendblog\/wp-json\/wp\/v2\/posts\/4307\/revisions\/4733"}],"wp:featuredmedia":[{"embeddable":true,"href":"https:\/\/www.trend4ward.de\/trendblog\/wp-json\/wp\/v2\/media\/4309"}],"wp:attachment":[{"href":"https:\/\/www.trend4ward.de\/trendblog\/wp-json\/wp\/v2\/media?parent=4307"}],"wp:term":[{"taxonomy":"category","embeddable":true,"href":"https:\/\/www.trend4ward.de\/trendblog\/wp-json\/wp\/v2\/categories?post=4307"},{"taxonomy":"post_tag","embeddable":true,"href":"https:\/\/www.trend4ward.de\/trendblog\/wp-json\/wp\/v2\/tags?post=4307"}],"curies":[{"name":"wp","href":"https:\/\/api.w.org\/{rel}","templated":true}]}}