{"id":4405,"date":"2023-04-06T11:06:59","date_gmt":"2023-04-06T09:06:59","guid":{"rendered":"https:\/\/www.trend4ward.de\/trendblog\/?p=4405"},"modified":"2023-04-26T12:41:11","modified_gmt":"2023-04-26T10:41:11","slug":"tipps-und-aktionstage-fuer-mehr-nachhaltigkeit","status":"publish","type":"post","link":"https:\/\/www.trend4ward.de\/trendblog\/tipps-und-aktionstage-fuer-mehr-nachhaltigkeit\/","title":{"rendered":"Tipps f\u00fcr mehr Nachhaltigkeit im Alltag"},"content":{"rendered":"<p><strong>Ein nachhaltiger, klimafreundlicher Lebensstil ist gar nicht so schwer. Mit diesen Tipps reduzieren Sie jede Menge CO2 und tun noch etwas f\u00fcr Ihre Gesundheit.<\/strong><!--more--><\/p>\n<h2>&nbsp;<b>1.&nbsp;<\/b><b>Ern\u00e4hrung: bio, regional und unverpackt<\/b><\/h2>\n<ul>\n<li>&nbsp;Achten Sie beim Einkaufen von Lebensmitteln auf Bio-, Fairtrade- und Nachhaltigkeitssiegel sowie auf regionale Herstellung und saisonale Produkte.<\/li>\n<li>Bauen Sie Obst- oder Gem\u00fcse im eigenen kleinen Garten oder Kr\u00e4uter in der K\u00fcche an. Aus Obst k\u00f6nnen Sie Saft oder Marmelade herstellen. Erg\u00e4nzung: In den Gro\u00dfst\u00e4dten boomt das Urban Gardening. Nutzen Sie also &#8222;kollektive G\u00e4rten&#8220; der Stadt sowie den eigenen Balkon oder die Terrasse, um Obst und Gem\u00fcse anzubauen. Mehr dazu lesen Sie <a href=\"https:\/\/www.trend4ward.de\/trendblog\/wo-aepfel-und-birnen-auch-wachsen-fruechte-vom-eigenen-obstbau\/\">hier (eigener Obstanbau)<\/a> und <a href=\"https:\/\/www.trend4ward.de\/trendblog\/balkongemuese-tomaten-und-paprika-aus-eigener-balkonernte\/\">hier (Tomaten und Paprika vom Balkon)<\/a>.<\/li>\n<li>Haben Sie einmal zu viel eingekauft oder eine gute eigene Ernte, frieren Sie die \u00fcbersch\u00fcssigen Lebensmittel f\u00fcr den sp\u00e4teren Verzehr ein oder verschenken Sie diese.<\/li>\n<li>Vermeiden Sie es, Lebensmittel wegzuwerfen.<\/li>\n<li>Achten sie auf kurze Herstellungs- und Transportketten von Lebensmitteln. Was bringt es, einen Apfel aus Neuseeland im Supermarkt zu kaufen, wenn dieser auch hier w\u00e4chst?<\/li>\n<li>Vermeiden Sie Verpackungen und Wegwerfartikel. Nutzen Sie eigene Aufbewahrungsdosen und f\u00fcllen Sie Lebensmittel ab oder kaufen Sie unverpackte Waren. Nutzen Sie Mehrwegsysteme und greifen Sie auf Glas anstelle von Plastik zur\u00fcck.<\/li>\n<li>Greifen Sie auf Leitungswasser zur\u00fcck statt teures Wasser aus dem Ausland zu kaufen.<\/li>\n<\/ul>\n<p>&nbsp;<\/p>\n<figure id=\"attachment_4087\" aria-describedby=\"caption-attachment-4087\" style=\"width: 400px\" class=\"wp-caption aligncenter\"><a href=\"https:\/\/www.trend4ward.de\/trendblog\/wp-content\/uploads\/2017\/11\/csm_Bosch_Badaufbewahrung_Glaeser_04_bcbc8971e0.jpg\"><img loading=\"lazy\" decoding=\"async\" class=\"wp-image-4087 size-full\" src=\"https:\/\/www.trend4ward.de\/trendblog\/wp-content\/uploads\/2017\/11\/csm_Bosch_Badaufbewahrung_Glaeser_04_bcbc8971e0.jpg\" alt=\"Nachhaltig\" width=\"400\" height=\"267\" srcset=\"https:\/\/www.trend4ward.de\/trendblog\/wp-content\/uploads\/2017\/11\/csm_Bosch_Badaufbewahrung_Glaeser_04_bcbc8971e0.jpg 400w, https:\/\/www.trend4ward.de\/trendblog\/wp-content\/uploads\/2017\/11\/csm_Bosch_Badaufbewahrung_Glaeser_04_bcbc8971e0-300x200.jpg 300w, https:\/\/www.trend4ward.de\/trendblog\/wp-content\/uploads\/2017\/11\/csm_Bosch_Badaufbewahrung_Glaeser_04_bcbc8971e0-90x60.jpg 90w\" sizes=\"auto, (max-width: 400px) 100vw, 400px\" \/><\/a><figcaption id=\"caption-attachment-4087\" class=\"wp-caption-text\">Regal f\u00fcr Utensilien selbst bauen. Foto: Bosch<\/figcaption><\/figure>\n<h2><b>&nbsp;2.&nbsp;<\/b><b>Wohnen: energiesparsam, \u00f6kologisch und mit mehr Upcycling<\/b><\/h2>\n<ul>\n<li>Verwenden Sie Reinigungsmittel ohne umwelttoxische Chemie. Bei vielen Verschmutzungen helfen Hausmittel wie Backpulver oder Essig. <a href=\"https:\/\/www.trend4ward.de\/trendblog\/putzmittel-selber-machen\/\">Mehr zu umweltfreundlichen Putzmitteln hier.<\/a><\/li>\n<li>Gehen Sie achtsam mit Strom, W\u00e4rme und Wasser um. Vermeiden Sie Stand-by-Funktionen, schalten Sie das Licht und technische Ger\u00e4te dort aus, wo Sie es nicht brauchen. Ersetzen Sie alte Gl\u00fchbirnen durch nachhaltigere Lampen (z.&nbsp; B. LED) und bringen Sie in bestimmten R\u00e4umen oder in G\u00e4rten Bewegungslichtsensoren an. <a href=\"https:\/\/www.trend4ward.de\/trendblog\/energiespartipps\/\">Weitere Tipps lesen Sie hier.<\/a><\/li>\n<li>Kaufen Sie energieeffiziente Elektroger\u00e4te sowie langlebige und modulare Wohnutensilien.<\/li>\n<li>Beim Hausbau, Restaurationen oder Renovierungen ist Nachhaltigkeit elemantar. Dabei z\u00e4hlt vor allem die Minimierung des Ge- und Verbrauchs von Energie und Ressourcen. <a href=\"https:\/\/www.trend4ward.de\/trendblog\/solarstromspeicher_solarenergier_zuhause\/\" target=\"_blank\" rel=\"noopener noreferrer\">Tipps zu Solarstrom lesen Sie hier.<\/a><\/li>\n<li>Achten Sie bei der Wahl von Wandfarben, Estrichen und Bodenbel\u00e4gen auf Materialen und G\u00fctesiegel sowie Umweltsiegel (z. B. Blauer Engel) &#8211; so ersparen Sie sich viele Schadstoffe.<\/li>\n<li>Bevor Sie ausrangierte M\u00f6bel einfach wegwerfen, \u00fcberlegen Sie doch mal, ob Sie nicht daraus etwas ganz Neues und Eigenes erschaffen k\u00f6nnen. Kreative Tipps zum Upcycling lesen Sie hier:\n<ul>\n<li><a href=\"https:\/\/www.trend4ward.de\/trendblog\/upcycling-mit-farbresten\/\">Upcycling mit Farbresten<\/a><\/li>\n<li><a href=\"https:\/\/www.trend4ward.de\/trendblog\/upcycling-buch\/\">Buchtipp Upcycling<\/a><\/li>\n<li><a href=\"https:\/\/www.trend4ward.de\/trendblog\/designtrend-recyclingmoebel\/\">Recyclingm\u00f6bel<\/a><\/li>\n<\/ul>\n<\/li>\n<\/ul>\n<h2>&nbsp;<\/h2>\n<h2>&nbsp;<b>3.&nbsp;<\/b><b>Mobilit\u00e4t: Carsharing und \u00f6ffentlicher Nahverkehr<\/b><\/h2>\n<ul>\n<li>&nbsp;Lassen Sie f\u00fcr kurze Strecken das Auto stehen und nutzen Sie stattdessen das Fahrrad oder gehen zu Fu\u00df &#8211; so tun Sie sowohl Ihrem K\u00f6rper als auch der Umwelt einen gro\u00dfen Gefallen.<\/li>\n<li>Der \u00d6PNV sowie Bahnfahren sind gute Alternativen.<\/li>\n<li>Wenn Sie aufs Auto angewiesen sind, bilden Sie Fahrgemeinschaften oder fahren Sie spritsparend. Wenn Sie halten, stellen Sie den Motor ab.<\/li>\n<li>F\u00fcr Wenigfahrer kann auch Carsharing oder das Elektroautomobil eine echte Alternative darstellen.<\/li>\n<li>Vermeiden Sie Flugreisen.<\/li>\n<\/ul>\n<p>&nbsp;<\/p>\n<figure id=\"attachment_2477\" aria-describedby=\"caption-attachment-2477\" style=\"width: 300px\" class=\"wp-caption aligncenter\"><a href=\"https:\/\/www.trend4ward.de\/trendblog\/wp-content\/uploads\/2016\/02\/OLIMAR_Piemont_Spezialitaeten.jpg\"><img loading=\"lazy\" decoding=\"async\" class=\"wp-image-2477 size-medium\" src=\"https:\/\/www.trend4ward.de\/trendblog\/wp-content\/uploads\/2016\/02\/OLIMAR_Piemont_Spezialitaeten-300x230.jpg\" alt=\"Nachhaltig\" width=\"300\" height=\"230\" srcset=\"https:\/\/www.trend4ward.de\/trendblog\/wp-content\/uploads\/2016\/02\/OLIMAR_Piemont_Spezialitaeten-300x230.jpg 300w, https:\/\/www.trend4ward.de\/trendblog\/wp-content\/uploads\/2016\/02\/OLIMAR_Piemont_Spezialitaeten-768x588.jpg 768w, https:\/\/www.trend4ward.de\/trendblog\/wp-content\/uploads\/2016\/02\/OLIMAR_Piemont_Spezialitaeten-1024x784.jpg 1024w, https:\/\/www.trend4ward.de\/trendblog\/wp-content\/uploads\/2016\/02\/OLIMAR_Piemont_Spezialitaeten-78x60.jpg 78w, https:\/\/www.trend4ward.de\/trendblog\/wp-content\/uploads\/2016\/02\/OLIMAR_Piemont_Spezialitaeten.jpg 1189w\" sizes=\"auto, (max-width: 300px) 100vw, 300px\" \/><\/a><figcaption id=\"caption-attachment-2477\" class=\"wp-caption-text\">Spezialit\u00e4ten aus Italien: Im Urlaub lernt man sie selbst zubereiten Foto: OLIMAR Reisen<\/figcaption><\/figure>\n<h2><b>&nbsp;4.&nbsp;<\/b><b>Urlaub und Tourismus: achtsam und lieber in der N\u00e4he<\/b><\/h2>\n<ul>\n<li>Denken Sie auch im Urlaub an Natur- und Umweltschutz sowie Nachhaltigkeit.<\/li>\n<li>Muss es Urlaub mit dem Flieger sein \u2013 oder bietet die eigene Region, das eigene Land vielf\u00e4ltige Erholungsm\u00f6glichkeiten? Vermeiden Sie Flugreisen und kompensieren Sie Flugreisen, z. B. durch Pflanzen von B\u00e4umen oder Investitionen in Klimaschutzprojekte.<\/li>\n<li>Greifen Sie auf Bio- oder Nachhaltigkeitshotels oder -unterk\u00fcnfte zur\u00fcck.<\/li>\n<li>Sind Sie im fernen Ausland unterwegs? Dann unterst\u00fctzen Sie regionale Wertsch\u00f6pfungsketten, die Bauern vor Ort und greifen Sie auf \u00f6rtliche Produkte zur\u00fcck.<\/li>\n<li>Suchen Sie lokale und nachhaltigkeitsausgerichtete Restaurants auf.<\/li>\n<li><a href=\"https:\/\/www.trend4ward.de\/trendblog\/nachhaltiges-reisen-studie-2018\/\">Mehr Tipps hierzu lesen Sie unter folgendem Link.<\/a><\/li>\n<li><a href=\"https:\/\/www.trend4ward.de\/trendblog\/fair_reisen\/\">Buchtipp FAIRReisen.<\/a><\/li>\n<\/ul>\n<p>&nbsp;<\/p>\n<figure id=\"attachment_1118\" aria-describedby=\"caption-attachment-1118\" style=\"width: 300px\" class=\"wp-caption aligncenter\"><a href=\"https:\/\/www.trend4ward.de\/trendblog\/wp-content\/uploads\/2014\/12\/baumwolle.jpg\"><img loading=\"lazy\" decoding=\"async\" class=\"wp-image-1118 size-medium\" src=\"https:\/\/www.trend4ward.de\/trendblog\/wp-content\/uploads\/2014\/12\/baumwolle-300x199.jpg\" alt=\"Nachhaltig Bio-Baumwolle\" width=\"300\" height=\"199\" srcset=\"https:\/\/www.trend4ward.de\/trendblog\/wp-content\/uploads\/2014\/12\/baumwolle-300x199.jpg 300w, https:\/\/www.trend4ward.de\/trendblog\/wp-content\/uploads\/2014\/12\/baumwolle-1024x679.jpg 1024w, https:\/\/www.trend4ward.de\/trendblog\/wp-content\/uploads\/2014\/12\/baumwolle-90x60.jpg 90w, https:\/\/www.trend4ward.de\/trendblog\/wp-content\/uploads\/2014\/12\/baumwolle.jpg 1509w\" sizes=\"auto, (max-width: 300px) 100vw, 300px\" \/><\/a><figcaption id=\"caption-attachment-1118\" class=\"wp-caption-text\">Baumwolle ist eine kostbares Gut. Daher sollte sie am besten biologisch und fair angebaut werden.<\/figcaption><\/figure>\n<h2><b>&nbsp;5.&nbsp;<\/b><b>Mode und Sch\u00f6nheit: Bio- und Naturmaterialien<\/b><\/h2>\n<ul>\n<li>Kaufen Sie bevorzugt Kleidung, die aus Biostoffen oder <a href=\"https:\/\/www.nachhaltigkeit.info\/artikel\/recycling_und_wiederverwertung_1656.htm\">recycelten&nbsp;<\/a>Materialien hergestellt wird, gebrauchte Sachen oder Produkte von Labels, die lokal produzieren. <a href=\"https:\/\/www.trend4ward.de\/trendblog\/auf-bio-baumwolle-achten-so-erkennt-man-oekologische-kleidung\/\">Mehr Tipps zur Biomode lesen Sie hier.<\/a><\/li>\n<li>Achten Sie auf die verwendeten Stoffe sowie \u00d6ko- und Nachhaltigkeitssiegel. Reine Stoffe (Baumwolle, Wolle, Polyester etc.) sind Mischstoffen (Baumwoll-Polyester-Mix) vorzuziehen. <a href=\"https:\/\/www.trend4ward.de\/trendblog\/bio-mode-die-wichtigsten-guetesigel-fuer-kleidung\/\" target=\"_blank\" rel=\"noopener noreferrer\">Tipps zu Bio-Siegeln finden Sie hier.<\/a><\/li>\n<li>Bevor Sie Kleidung wegwerfen, verschenken oder tauschen Sie diese, bringen Sie in Secondhandl\u00e4den oder kreieren etwas Neues daraus.<\/li>\n<li>Babykleidung l\u00e4sst sich auch leasen.<\/li>\n<li>Achten Sie beim Kauf von Kosmetika stets auf die Inhaltsstoffe.<\/li>\n<li>Vermeiden Sie synthetische Duftstoffe und Farbstoffe sowie Silikone.<\/li>\n<li>Vermeiden Sie Mikrok\u00fcgelchen bzw. Mikroplastik. Achten Sie auf und reduzieren Sie die folgenden Kunststoffarten: Polyethylen (PE), Polypropylen (PP), Polyethylenterephthalat (PET), Polymethylmethacrylat (PMMA), Polytetrafluorethylen (PTFE) und Nylon.<\/li>\n<\/ul>\n<h2>&nbsp;<\/h2>\n<h2><b>&nbsp;6.&nbsp;<\/b><b>Allgemeiner Konsum mit weniger Plastik<\/b><\/h2>\n<ul>\n<li>Kaufen Sie regional, saisonal, bio, fairtrade und nachhaltig.<\/li>\n<li>Gehen Sie auf Flohm\u00e4rkte oder in Secondhandl\u00e4den. Vieles ist noch zu gut, um entsorgt zu werden. Das spart sowohl Geld als auch Ressourcen.<\/li>\n<li>Verwenden Sie Dinge mehrfach oder gemeinsam, z. B. nutzen Sie Tauschb\u00f6rsen, mieten Sie Sachen, geben Sie Kleinanzeigen auf).<\/li>\n<li>Steigen Sie auf \u00d6kostrom um.<\/li>\n<li>Wer Abfall korrekt trennt, schont unsere Umwelt. Zu sortieren sind Bio- und Restm\u00fcll, Glas sowie Kunststoff und Altpapier. Batterien und Medikamente d\u00fcrfen niemals \u00fcber den Hausm\u00fcll entsorgt werden! Sammeln Sie Altpapier und geben es auf Sammelstellen ab.<\/li>\n<li>Melden Sie \u201ewilde\u201c (illegale) M\u00fcllfunde.<\/li>\n<li>Vermeiden Sie Verpackungen und M\u00fcll. Verwenden Sie wiederverwendbare Verpackungsmaterialien. Nehmen Sie Getr\u00e4nke in eigenen Beh\u00e4ltern und Verpflegung in wiederverwendbaren Dosen mit. Verwenden Sie beim Einkaufen langlebige Stoffbeutel anstelle von Plastikt\u00fcten.<\/li>\n<li>Vermeiden Sie Plastik und entsorgen Sie Plastik sachgem\u00e4\u00df. <a href=\"https:\/\/www.trend4ward.de\/trendblog\/weniger-plastik-im-alltag\/\" target=\"_blank\" rel=\"noopener noreferrer\">(Buchtipp: Weniger Plastik im Alltag)<\/a><\/li>\n<\/ul>\n<h2><b>&nbsp;<\/b><\/h2>\n<h2><b>7.&nbsp;<\/b><b>Information und Kommunikation: Gutes Vorbild sein<\/b><\/h2>\n<ul>\n<li>Informieren Sie sich \u00fcber und kommunizieren Sie Nachhaltigkeit. Geben Sie Tipps und Anregungen weiter. Wenden Sie sich bei Fragen direkt an die Hersteller.<\/li>\n<li>Schalten Sie Stand-by-Einstellungen aus. Schalten Sie auch \u00f6fter Ihr Handy aus.<\/li>\n<li>Ziehen Sie Ladekabel heraus, sobald die Funktion des Ladens erf\u00fcllt ist.<\/li>\n<li>Nutzen Sie Ger\u00e4te mit sehr guter Energieeffizienzklasse.<\/li>\n<li>Lebensdauer und Nutzungsdauer sind wichtig: Kaufen Sie langlebige Produkte und nutzen Sie diese auch lange.<\/li>\n<li>Teilen Sie sich Ger\u00e4te und Informationsmaterialien mit Nachbar\/innen oder Freund\/innen.<\/li>\n<\/ul>\n<h2><b>&nbsp;<\/b><\/h2>\n<h2><b>8.&nbsp;<\/b><b>Freizeit: Achtsam leben<\/b><\/h2>\n<ul>\n<li>J\u00e4hrlich finden die Aktionstage f\u00fcr Nachhaltigkeit statt. Machen auch Sie mit!<\/li>\n<li>Besuchen Sie \u00abGreen Events\u00bb! Bei Gro\u00dfveranstaltungen entstehen Belastungen durch Verkehr und Abfall. Oberstes Ziel ist stets der nachhaltige Schutz der nat\u00fcrlichen Ressourcen. Lassen Sie keinen M\u00fcll fallen und entsorgen Sie M\u00fcll sachgem\u00e4\u00df. Bilden Sie Fahrgemeinschaften oder nutzen Sie den \u00d6PNV.<\/li>\n<li>Auch das Ausf\u00fchren sportlicher Aktivit\u00e4ten wirkt sich auf die Umwelt aus. Achten Sie bei der Sportkleidung auf das Material sowie umweltschonende Herstellung.<\/li>\n<li>Kaufen Sie Spielzeug aus nachwachsenden Rohstoffen (Holz, Bambus) und ohne Schadstoffe in Farben und Lacken. Stellen Sie Spielzeug selbst her &#8211; es gibt zahlreiche Anleitungen f\u00fcr kreative Ideen, bei denen Kinder auch selbst mitwirken k\u00f6nnen.<\/li>\n<li>Lassen Sie gern h\u00e4ufiger die digitale Welt ruhen und legen Sie Smartphone, PC, E-Reader und Co. beiseite. Greifen Sie zu einem klassischen Buch. Spielen Sie \u00f6fter mit Familie und Freunden. Erhalten Sie Bindung oder bauen Sie Bindung wieder auf.<\/li>\n<li>Nehmen Sie Getr\u00e4nke und Essen in eigenen Beh\u00e4ltnissen mit.<\/li>\n<li>Sammeln Sie unterwegs \u00f6fter einmal M\u00fcll und entsorgen Sie diesen sachgem\u00e4\u00df.<\/li>\n<\/ul>\n<h2><b>&nbsp;<\/b><\/h2>\n<h2><b>9.&nbsp;<\/b><b>Bildung und lebenslanges Lernen <\/b><\/h2>\n<p>&nbsp;Es gibt unterschiedliche Bildungsangebote, welche das Thema \u201eNachhaltigkeit\u201c im Fokus haben. Dazu z\u00e4hlen grundst\u00e4ndige oder weiterbildende Studieng\u00e4nge, Zertifikatsprogramme, Vortr\u00e4ge oder engagierte Vereinigungen oder Gruppen, z. B. Agenda 21, Carlowitz-Gesellschaft e. V., NATUC etc.&nbsp;&nbsp;Nachhaltige Berufsfelder sind z. B. Wasserwirtschaft, Waldwirtschaft oder St\u00e4dteplanung.<\/p>\n<h2><b>&nbsp;<\/b><\/h2>\n<h2><b>10.&nbsp;<\/b><b>Arbeit und Geldverdienen: Andere zu mehr Nachhaltigkeit animieren<\/b><\/h2>\n<ul>\n<li>Engagieren Sie sich in Netzwerken zur nachhaltiger(en) Arbeitswelt.<\/li>\n<li>Gestalten Sie Ihre gesamte Wertsch\u00f6pfungskette gr\u00fcn und nachhaltig. Schaffen Sie Ger\u00e4te an, die Umwelt- und Sozialsiegel aufweisen, z. B. <a href=\"https:\/\/www.blauer-engel.de\/de\">Blauer Engel<\/a>, <a href=\"https:\/\/www.c2ccertified.org\/resources\/detail\/cradle_to_cradle_certified_product_standard\">Cradle to Cradle Certified\u2122 Product Standard<\/a> etc.<\/li>\n<li>Nutzen und implementieren Sie nachhaltige Verhaltenscodices, Zertifikate und Managementsysteme in Ihre Arbeitswelt, z. B. <a href=\"https:\/\/www.deutscher-nachhaltigkeitskodex.de\/\">Deutscher Nachhaltigkeitskodex<\/a>, <a href=\"http:\/\/www.emas.de\/\">EMAS<\/a>, <a href=\"http:\/\/www.ilo.org\/\">ILO<\/a>, <a href=\"https:\/\/www.iso.org\/iso-26000-social-responsibility.html\">ISO 26000<\/a>, <a href=\"http:\/\/www.14001news.de\/\">ISO 14001<\/a>, OECD-Leits\u00e4tze f\u00fcr multinationale Unternehmen, OHSAS 18001, UN-Konvention gegen Korruption, UN Global Compact, UN-Menschenrechtserkl\u00e4rung etc.<\/li>\n<li>Ermutigen Sie Ihre Mitarbeitenden oder Kolleg\/innen zu nachhaltigen Verhaltensweisen und honorieren Sie diese. Seien Sie ein Nachhaltigkeitspionier \u2013 als Chef\/in oder Mitarbeiter\/in.<\/li>\n<\/ul>\n<p>&nbsp;<\/p>\n<p>&nbsp;<\/p>\n","protected":false},"excerpt":{"rendered":"<p>Nachhaltig zu leben ist gar nicht so schwer. Mit diesen Schritten fangen Sie an.<\/p>\n","protected":false},"author":1,"featured_media":4218,"comment_status":"open","ping_status":"open","sticky":false,"template":"","format":"standard","meta":{"om_disable_all_campaigns":false,"_monsterinsights_skip_tracking":false,"_monsterinsights_sitenote_active":false,"_monsterinsights_sitenote_note":"","_monsterinsights_sitenote_category":0,"_uf_show_specific_survey":0,"_uf_disable_surveys":false,"neve_meta_sidebar":"","neve_meta_container":"","neve_meta_enable_content_width":"","neve_meta_content_width":0,"neve_meta_title_alignment":"","neve_meta_author_avatar":"","neve_post_elements_order":"","neve_meta_disable_header":"","neve_meta_disable_footer":"","neve_meta_disable_title":"","ngg_post_thumbnail":0,"_jetpack_memberships_contains_paid_content":false,"footnotes":""},"categories":[76,15],"tags":[107,198,35],"class_list":["post-4405","post","type-post","status-publish","format-standard","has-post-thumbnail","hentry","category-leben-und-gesellschaft","category-wohnen","tag-lebensstil","tag-nachhaltig-und-oekologisch","tag-zukunft"],"yoast_head":"<!-- This site is optimized with the Yoast SEO plugin v27.4 - https:\/\/yoast.com\/product\/yoast-seo-wordpress\/ -->\n<title>Tipps f\u00fcr mehr Nachhaltigkeit im Alltag &#8226; trendBlog \u2013 Wohnen, Reisen, Leben und Kultur<\/title>\n<meta name=\"description\" content=\"Die n\u00e4chsten Aktionstage f\u00fcr Nachhaltigkeit finden zwischen dem 30. Mai und dem 5. Juni 2018 statt.\u00a0Daf\u00fcr hat die Professur f\u00fcr Betriebliche Umwelt\u00f6konomie und Nachhaltigkeit an der Technischen Universit\u00e4t Chemnitz einige Anregungen f\u00fcr mehr Nachhaltigkeit im Alltag zusammengefasst.\u00a0\" \/>\n<meta name=\"robots\" content=\"index, follow, max-snippet:-1, max-image-preview:large, max-video-preview:-1\" \/>\n<link rel=\"canonical\" href=\"https:\/\/www.trend4ward.de\/trendblog\/tipps-und-aktionstage-fuer-mehr-nachhaltigkeit\/\" \/>\n<meta property=\"og:locale\" content=\"de_DE\" \/>\n<meta property=\"og:type\" content=\"article\" \/>\n<meta property=\"og:title\" content=\"Tipps f\u00fcr mehr Nachhaltigkeit im Alltag &#8226; trendBlog \u2013 Wohnen, Reisen, Leben und Kultur\" \/>\n<meta property=\"og:description\" content=\"Die n\u00e4chsten Aktionstage f\u00fcr Nachhaltigkeit finden zwischen dem 30. Mai und dem 5. Juni 2018 statt.\u00a0Daf\u00fcr hat die Professur f\u00fcr Betriebliche Umwelt\u00f6konomie und Nachhaltigkeit an der Technischen Universit\u00e4t Chemnitz einige Anregungen f\u00fcr mehr Nachhaltigkeit im Alltag zusammengefasst.\u00a0\" \/>\n<meta property=\"og:url\" content=\"https:\/\/www.trend4ward.de\/trendblog\/tipps-und-aktionstage-fuer-mehr-nachhaltigkeit\/\" \/>\n<meta property=\"og:site_name\" content=\"trendBlog \u2013 Wohnen, Reisen, Leben und Kultur\" \/>\n<meta property=\"article:published_time\" content=\"2023-04-06T09:06:59+00:00\" \/>\n<meta property=\"article:modified_time\" content=\"2023-04-26T10:41:11+00:00\" \/>\n<meta property=\"og:image\" content=\"https:\/\/www.trend4ward.de\/trendblog\/wp-content\/uploads\/2018\/01\/csm_Djooz_2_Digitaldruck_Blume_1_978b9dca25-1.jpg\" \/>\n\t<meta property=\"og:image:width\" content=\"1000\" \/>\n\t<meta property=\"og:image:height\" content=\"686\" \/>\n\t<meta property=\"og:image:type\" content=\"image\/jpeg\" \/>\n<meta name=\"author\" content=\"Evelyn Steinbach\" \/>\n<meta name=\"twitter:label1\" content=\"Verfasst von\" \/>\n\t<meta name=\"twitter:data1\" content=\"Evelyn Steinbach\" \/>\n\t<meta name=\"twitter:label2\" content=\"Gesch\u00e4tzte Lesezeit\" \/>\n\t<meta name=\"twitter:data2\" content=\"8\u00a0Minuten\" \/>\n<script type=\"application\/ld+json\" class=\"yoast-schema-graph\">{\"@context\":\"https:\\\/\\\/schema.org\",\"@graph\":[{\"@type\":\"Article\",\"@id\":\"https:\\\/\\\/www.trend4ward.de\\\/trendblog\\\/tipps-und-aktionstage-fuer-mehr-nachhaltigkeit\\\/#article\",\"isPartOf\":{\"@id\":\"https:\\\/\\\/www.trend4ward.de\\\/trendblog\\\/tipps-und-aktionstage-fuer-mehr-nachhaltigkeit\\\/\"},\"author\":{\"name\":\"Evelyn Steinbach\",\"@id\":\"https:\\\/\\\/www.trend4ward.de\\\/trendblog\\\/#\\\/schema\\\/person\\\/c65dd8afd2fda04893d121f31b2a8ea4\"},\"headline\":\"Tipps f\u00fcr mehr Nachhaltigkeit im Alltag\",\"datePublished\":\"2023-04-06T09:06:59+00:00\",\"dateModified\":\"2023-04-26T10:41:11+00:00\",\"mainEntityOfPage\":{\"@id\":\"https:\\\/\\\/www.trend4ward.de\\\/trendblog\\\/tipps-und-aktionstage-fuer-mehr-nachhaltigkeit\\\/\"},\"wordCount\":1428,\"commentCount\":0,\"publisher\":{\"@id\":\"https:\\\/\\\/www.trend4ward.de\\\/trendblog\\\/#\\\/schema\\\/person\\\/c65dd8afd2fda04893d121f31b2a8ea4\"},\"image\":{\"@id\":\"https:\\\/\\\/www.trend4ward.de\\\/trendblog\\\/tipps-und-aktionstage-fuer-mehr-nachhaltigkeit\\\/#primaryimage\"},\"thumbnailUrl\":\"https:\\\/\\\/www.trend4ward.de\\\/trendblog\\\/wp-content\\\/uploads\\\/2018\\\/01\\\/csm_Djooz_2_Digitaldruck_Blume_1_978b9dca25-1.jpg\",\"keywords\":[\"Lebensstil\",\"Nachhaltig &amp; \u00f6kologisch\",\"Zukunft\"],\"articleSection\":[\"Leben &amp; Gesellschaft\",\"Wohnen &amp; Einrichten\"],\"inLanguage\":\"de\",\"potentialAction\":[{\"@type\":\"CommentAction\",\"name\":\"Comment\",\"target\":[\"https:\\\/\\\/www.trend4ward.de\\\/trendblog\\\/tipps-und-aktionstage-fuer-mehr-nachhaltigkeit\\\/#respond\"]}]},{\"@type\":\"WebPage\",\"@id\":\"https:\\\/\\\/www.trend4ward.de\\\/trendblog\\\/tipps-und-aktionstage-fuer-mehr-nachhaltigkeit\\\/\",\"url\":\"https:\\\/\\\/www.trend4ward.de\\\/trendblog\\\/tipps-und-aktionstage-fuer-mehr-nachhaltigkeit\\\/\",\"name\":\"Tipps f\u00fcr mehr Nachhaltigkeit im Alltag &#8226; trendBlog \u2013 Wohnen, Reisen, Leben und Kultur\",\"isPartOf\":{\"@id\":\"https:\\\/\\\/www.trend4ward.de\\\/trendblog\\\/#website\"},\"primaryImageOfPage\":{\"@id\":\"https:\\\/\\\/www.trend4ward.de\\\/trendblog\\\/tipps-und-aktionstage-fuer-mehr-nachhaltigkeit\\\/#primaryimage\"},\"image\":{\"@id\":\"https:\\\/\\\/www.trend4ward.de\\\/trendblog\\\/tipps-und-aktionstage-fuer-mehr-nachhaltigkeit\\\/#primaryimage\"},\"thumbnailUrl\":\"https:\\\/\\\/www.trend4ward.de\\\/trendblog\\\/wp-content\\\/uploads\\\/2018\\\/01\\\/csm_Djooz_2_Digitaldruck_Blume_1_978b9dca25-1.jpg\",\"datePublished\":\"2023-04-06T09:06:59+00:00\",\"dateModified\":\"2023-04-26T10:41:11+00:00\",\"description\":\"Die n\u00e4chsten Aktionstage f\u00fcr Nachhaltigkeit finden zwischen dem 30. Mai und dem 5. Juni 2018 statt.\u00a0Daf\u00fcr hat die Professur f\u00fcr Betriebliche Umwelt\u00f6konomie und Nachhaltigkeit an der Technischen Universit\u00e4t Chemnitz einige Anregungen f\u00fcr mehr Nachhaltigkeit im Alltag zusammengefasst.\u00a0\",\"breadcrumb\":{\"@id\":\"https:\\\/\\\/www.trend4ward.de\\\/trendblog\\\/tipps-und-aktionstage-fuer-mehr-nachhaltigkeit\\\/#breadcrumb\"},\"inLanguage\":\"de\",\"potentialAction\":[{\"@type\":\"ReadAction\",\"target\":[\"https:\\\/\\\/www.trend4ward.de\\\/trendblog\\\/tipps-und-aktionstage-fuer-mehr-nachhaltigkeit\\\/\"]}]},{\"@type\":\"ImageObject\",\"inLanguage\":\"de\",\"@id\":\"https:\\\/\\\/www.trend4ward.de\\\/trendblog\\\/tipps-und-aktionstage-fuer-mehr-nachhaltigkeit\\\/#primaryimage\",\"url\":\"https:\\\/\\\/www.trend4ward.de\\\/trendblog\\\/wp-content\\\/uploads\\\/2018\\\/01\\\/csm_Djooz_2_Digitaldruck_Blume_1_978b9dca25-1.jpg\",\"contentUrl\":\"https:\\\/\\\/www.trend4ward.de\\\/trendblog\\\/wp-content\\\/uploads\\\/2018\\\/01\\\/csm_Djooz_2_Digitaldruck_Blume_1_978b9dca25-1.jpg\",\"width\":1000,\"height\":686,\"caption\":\"Foto: Djooz\"},{\"@type\":\"BreadcrumbList\",\"@id\":\"https:\\\/\\\/www.trend4ward.de\\\/trendblog\\\/tipps-und-aktionstage-fuer-mehr-nachhaltigkeit\\\/#breadcrumb\",\"itemListElement\":[{\"@type\":\"ListItem\",\"position\":1,\"name\":\"Home\",\"item\":\"https:\\\/\\\/www.trend4ward.de\\\/trendblog\\\/\"},{\"@type\":\"ListItem\",\"position\":2,\"name\":\"Tipps f\u00fcr mehr Nachhaltigkeit im Alltag\"}]},{\"@type\":\"WebSite\",\"@id\":\"https:\\\/\\\/www.trend4ward.de\\\/trendblog\\\/#website\",\"url\":\"https:\\\/\\\/www.trend4ward.de\\\/trendblog\\\/\",\"name\":\"trendBlog \u2013 Wohnen, Reisen, Leben und Kultur\",\"description\":\"Portr\u00e4ts, Reportagen, Ratgeber. Seit 2009. Von Evelyn Steinbach.\",\"publisher\":{\"@id\":\"https:\\\/\\\/www.trend4ward.de\\\/trendblog\\\/#\\\/schema\\\/person\\\/c65dd8afd2fda04893d121f31b2a8ea4\"},\"potentialAction\":[{\"@type\":\"SearchAction\",\"target\":{\"@type\":\"EntryPoint\",\"urlTemplate\":\"https:\\\/\\\/www.trend4ward.de\\\/trendblog\\\/?s={search_term_string}\"},\"query-input\":{\"@type\":\"PropertyValueSpecification\",\"valueRequired\":true,\"valueName\":\"search_term_string\"}}],\"inLanguage\":\"de\"},{\"@type\":[\"Person\",\"Organization\"],\"@id\":\"https:\\\/\\\/www.trend4ward.de\\\/trendblog\\\/#\\\/schema\\\/person\\\/c65dd8afd2fda04893d121f31b2a8ea4\",\"name\":\"Evelyn Steinbach\",\"image\":{\"@type\":\"ImageObject\",\"inLanguage\":\"de\",\"@id\":\"https:\\\/\\\/www.trend4ward.de\\\/trendblog\\\/wp-content\\\/uploads\\\/2020\\\/11\\\/cropped-cropped-IMG_6744-e1692617617527.png\",\"url\":\"https:\\\/\\\/www.trend4ward.de\\\/trendblog\\\/wp-content\\\/uploads\\\/2020\\\/11\\\/cropped-cropped-IMG_6744-e1692617617527.png\",\"contentUrl\":\"https:\\\/\\\/www.trend4ward.de\\\/trendblog\\\/wp-content\\\/uploads\\\/2020\\\/11\\\/cropped-cropped-IMG_6744-e1692617617527.png\",\"width\":200,\"height\":183,\"caption\":\"Evelyn Steinbach\"},\"logo\":{\"@id\":\"https:\\\/\\\/www.trend4ward.de\\\/trendblog\\\/wp-content\\\/uploads\\\/2020\\\/11\\\/cropped-cropped-IMG_6744-e1692617617527.png\"},\"sameAs\":[\"http:\\\/\\\/www.trend4ward.de\"],\"url\":\"https:\\\/\\\/www.trend4ward.de\\\/trendblog\\\/author\\\/eve\\\/\"}]}<\/script>\n<!-- \/ Yoast SEO plugin. -->","yoast_head_json":{"title":"Tipps f\u00fcr mehr Nachhaltigkeit im Alltag &#8226; trendBlog \u2013 Wohnen, Reisen, Leben und Kultur","description":"Die n\u00e4chsten Aktionstage f\u00fcr Nachhaltigkeit finden zwischen dem 30. Mai und dem 5. Juni 2018 statt.\u00a0Daf\u00fcr hat die Professur f\u00fcr Betriebliche Umwelt\u00f6konomie und Nachhaltigkeit an der Technischen Universit\u00e4t Chemnitz einige Anregungen f\u00fcr mehr Nachhaltigkeit im Alltag zusammengefasst.\u00a0","robots":{"index":"index","follow":"follow","max-snippet":"max-snippet:-1","max-image-preview":"max-image-preview:large","max-video-preview":"max-video-preview:-1"},"canonical":"https:\/\/www.trend4ward.de\/trendblog\/tipps-und-aktionstage-fuer-mehr-nachhaltigkeit\/","og_locale":"de_DE","og_type":"article","og_title":"Tipps f\u00fcr mehr Nachhaltigkeit im Alltag &#8226; trendBlog \u2013 Wohnen, Reisen, Leben und Kultur","og_description":"Die n\u00e4chsten Aktionstage f\u00fcr Nachhaltigkeit finden zwischen dem 30. Mai und dem 5. Juni 2018 statt.\u00a0Daf\u00fcr hat die Professur f\u00fcr Betriebliche Umwelt\u00f6konomie und Nachhaltigkeit an der Technischen Universit\u00e4t Chemnitz einige Anregungen f\u00fcr mehr Nachhaltigkeit im Alltag zusammengefasst.\u00a0","og_url":"https:\/\/www.trend4ward.de\/trendblog\/tipps-und-aktionstage-fuer-mehr-nachhaltigkeit\/","og_site_name":"trendBlog \u2013 Wohnen, Reisen, Leben und Kultur","article_published_time":"2023-04-06T09:06:59+00:00","article_modified_time":"2023-04-26T10:41:11+00:00","og_image":[{"width":1000,"height":686,"url":"https:\/\/www.trend4ward.de\/trendblog\/wp-content\/uploads\/2018\/01\/csm_Djooz_2_Digitaldruck_Blume_1_978b9dca25-1.jpg","type":"image\/jpeg"}],"author":"Evelyn Steinbach","twitter_misc":{"Verfasst von":"Evelyn Steinbach","Gesch\u00e4tzte Lesezeit":"8\u00a0Minuten"},"schema":{"@context":"https:\/\/schema.org","@graph":[{"@type":"Article","@id":"https:\/\/www.trend4ward.de\/trendblog\/tipps-und-aktionstage-fuer-mehr-nachhaltigkeit\/#article","isPartOf":{"@id":"https:\/\/www.trend4ward.de\/trendblog\/tipps-und-aktionstage-fuer-mehr-nachhaltigkeit\/"},"author":{"name":"Evelyn Steinbach","@id":"https:\/\/www.trend4ward.de\/trendblog\/#\/schema\/person\/c65dd8afd2fda04893d121f31b2a8ea4"},"headline":"Tipps f\u00fcr mehr Nachhaltigkeit im Alltag","datePublished":"2023-04-06T09:06:59+00:00","dateModified":"2023-04-26T10:41:11+00:00","mainEntityOfPage":{"@id":"https:\/\/www.trend4ward.de\/trendblog\/tipps-und-aktionstage-fuer-mehr-nachhaltigkeit\/"},"wordCount":1428,"commentCount":0,"publisher":{"@id":"https:\/\/www.trend4ward.de\/trendblog\/#\/schema\/person\/c65dd8afd2fda04893d121f31b2a8ea4"},"image":{"@id":"https:\/\/www.trend4ward.de\/trendblog\/tipps-und-aktionstage-fuer-mehr-nachhaltigkeit\/#primaryimage"},"thumbnailUrl":"https:\/\/www.trend4ward.de\/trendblog\/wp-content\/uploads\/2018\/01\/csm_Djooz_2_Digitaldruck_Blume_1_978b9dca25-1.jpg","keywords":["Lebensstil","Nachhaltig &amp; \u00f6kologisch","Zukunft"],"articleSection":["Leben &amp; Gesellschaft","Wohnen &amp; Einrichten"],"inLanguage":"de","potentialAction":[{"@type":"CommentAction","name":"Comment","target":["https:\/\/www.trend4ward.de\/trendblog\/tipps-und-aktionstage-fuer-mehr-nachhaltigkeit\/#respond"]}]},{"@type":"WebPage","@id":"https:\/\/www.trend4ward.de\/trendblog\/tipps-und-aktionstage-fuer-mehr-nachhaltigkeit\/","url":"https:\/\/www.trend4ward.de\/trendblog\/tipps-und-aktionstage-fuer-mehr-nachhaltigkeit\/","name":"Tipps f\u00fcr mehr Nachhaltigkeit im Alltag &#8226; trendBlog \u2013 Wohnen, Reisen, Leben und Kultur","isPartOf":{"@id":"https:\/\/www.trend4ward.de\/trendblog\/#website"},"primaryImageOfPage":{"@id":"https:\/\/www.trend4ward.de\/trendblog\/tipps-und-aktionstage-fuer-mehr-nachhaltigkeit\/#primaryimage"},"image":{"@id":"https:\/\/www.trend4ward.de\/trendblog\/tipps-und-aktionstage-fuer-mehr-nachhaltigkeit\/#primaryimage"},"thumbnailUrl":"https:\/\/www.trend4ward.de\/trendblog\/wp-content\/uploads\/2018\/01\/csm_Djooz_2_Digitaldruck_Blume_1_978b9dca25-1.jpg","datePublished":"2023-04-06T09:06:59+00:00","dateModified":"2023-04-26T10:41:11+00:00","description":"Die n\u00e4chsten Aktionstage f\u00fcr Nachhaltigkeit finden zwischen dem 30. Mai und dem 5. Juni 2018 statt.\u00a0Daf\u00fcr hat die Professur f\u00fcr Betriebliche Umwelt\u00f6konomie und Nachhaltigkeit an der Technischen Universit\u00e4t Chemnitz einige Anregungen f\u00fcr mehr Nachhaltigkeit im Alltag zusammengefasst.\u00a0","breadcrumb":{"@id":"https:\/\/www.trend4ward.de\/trendblog\/tipps-und-aktionstage-fuer-mehr-nachhaltigkeit\/#breadcrumb"},"inLanguage":"de","potentialAction":[{"@type":"ReadAction","target":["https:\/\/www.trend4ward.de\/trendblog\/tipps-und-aktionstage-fuer-mehr-nachhaltigkeit\/"]}]},{"@type":"ImageObject","inLanguage":"de","@id":"https:\/\/www.trend4ward.de\/trendblog\/tipps-und-aktionstage-fuer-mehr-nachhaltigkeit\/#primaryimage","url":"https:\/\/www.trend4ward.de\/trendblog\/wp-content\/uploads\/2018\/01\/csm_Djooz_2_Digitaldruck_Blume_1_978b9dca25-1.jpg","contentUrl":"https:\/\/www.trend4ward.de\/trendblog\/wp-content\/uploads\/2018\/01\/csm_Djooz_2_Digitaldruck_Blume_1_978b9dca25-1.jpg","width":1000,"height":686,"caption":"Foto: Djooz"},{"@type":"BreadcrumbList","@id":"https:\/\/www.trend4ward.de\/trendblog\/tipps-und-aktionstage-fuer-mehr-nachhaltigkeit\/#breadcrumb","itemListElement":[{"@type":"ListItem","position":1,"name":"Home","item":"https:\/\/www.trend4ward.de\/trendblog\/"},{"@type":"ListItem","position":2,"name":"Tipps f\u00fcr mehr Nachhaltigkeit im Alltag"}]},{"@type":"WebSite","@id":"https:\/\/www.trend4ward.de\/trendblog\/#website","url":"https:\/\/www.trend4ward.de\/trendblog\/","name":"trendBlog \u2013 Wohnen, Reisen, Leben und Kultur","description":"Portr\u00e4ts, Reportagen, Ratgeber. Seit 2009. Von Evelyn Steinbach.","publisher":{"@id":"https:\/\/www.trend4ward.de\/trendblog\/#\/schema\/person\/c65dd8afd2fda04893d121f31b2a8ea4"},"potentialAction":[{"@type":"SearchAction","target":{"@type":"EntryPoint","urlTemplate":"https:\/\/www.trend4ward.de\/trendblog\/?s={search_term_string}"},"query-input":{"@type":"PropertyValueSpecification","valueRequired":true,"valueName":"search_term_string"}}],"inLanguage":"de"},{"@type":["Person","Organization"],"@id":"https:\/\/www.trend4ward.de\/trendblog\/#\/schema\/person\/c65dd8afd2fda04893d121f31b2a8ea4","name":"Evelyn Steinbach","image":{"@type":"ImageObject","inLanguage":"de","@id":"https:\/\/www.trend4ward.de\/trendblog\/wp-content\/uploads\/2020\/11\/cropped-cropped-IMG_6744-e1692617617527.png","url":"https:\/\/www.trend4ward.de\/trendblog\/wp-content\/uploads\/2020\/11\/cropped-cropped-IMG_6744-e1692617617527.png","contentUrl":"https:\/\/www.trend4ward.de\/trendblog\/wp-content\/uploads\/2020\/11\/cropped-cropped-IMG_6744-e1692617617527.png","width":200,"height":183,"caption":"Evelyn Steinbach"},"logo":{"@id":"https:\/\/www.trend4ward.de\/trendblog\/wp-content\/uploads\/2020\/11\/cropped-cropped-IMG_6744-e1692617617527.png"},"sameAs":["http:\/\/www.trend4ward.de"],"url":"https:\/\/www.trend4ward.de\/trendblog\/author\/eve\/"}]}},"jetpack_featured_media_url":"https:\/\/www.trend4ward.de\/trendblog\/wp-content\/uploads\/2018\/01\/csm_Djooz_2_Digitaldruck_Blume_1_978b9dca25-1.jpg","jetpack_sharing_enabled":true,"_links":{"self":[{"href":"https:\/\/www.trend4ward.de\/trendblog\/wp-json\/wp\/v2\/posts\/4405","targetHints":{"allow":["GET"]}}],"collection":[{"href":"https:\/\/www.trend4ward.de\/trendblog\/wp-json\/wp\/v2\/posts"}],"about":[{"href":"https:\/\/www.trend4ward.de\/trendblog\/wp-json\/wp\/v2\/types\/post"}],"author":[{"embeddable":true,"href":"https:\/\/www.trend4ward.de\/trendblog\/wp-json\/wp\/v2\/users\/1"}],"replies":[{"embeddable":true,"href":"https:\/\/www.trend4ward.de\/trendblog\/wp-json\/wp\/v2\/comments?post=4405"}],"version-history":[{"count":14,"href":"https:\/\/www.trend4ward.de\/trendblog\/wp-json\/wp\/v2\/posts\/4405\/revisions"}],"predecessor-version":[{"id":6134,"href":"https:\/\/www.trend4ward.de\/trendblog\/wp-json\/wp\/v2\/posts\/4405\/revisions\/6134"}],"wp:featuredmedia":[{"embeddable":true,"href":"https:\/\/www.trend4ward.de\/trendblog\/wp-json\/wp\/v2\/media\/4218"}],"wp:attachment":[{"href":"https:\/\/www.trend4ward.de\/trendblog\/wp-json\/wp\/v2\/media?parent=4405"}],"wp:term":[{"taxonomy":"category","embeddable":true,"href":"https:\/\/www.trend4ward.de\/trendblog\/wp-json\/wp\/v2\/categories?post=4405"},{"taxonomy":"post_tag","embeddable":true,"href":"https:\/\/www.trend4ward.de\/trendblog\/wp-json\/wp\/v2\/tags?post=4405"}],"curies":[{"name":"wp","href":"https:\/\/api.w.org\/{rel}","templated":true}]}}