{"id":4527,"date":"2018-10-02T14:20:12","date_gmt":"2018-10-02T12:20:12","guid":{"rendered":"https:\/\/www.trend4ward.de\/trendblog\/?p=4527"},"modified":"2018-10-02T14:26:46","modified_gmt":"2018-10-02T12:26:46","slug":"so-wohnen-digitale-nomaden-studie-2018","status":"publish","type":"post","link":"https:\/\/www.trend4ward.de\/trendblog\/so-wohnen-digitale-nomaden-studie-2018\/","title":{"rendered":"So wohnen digitale Nomaden"},"content":{"rendered":"<p class=\"p2\"><strong>Wie muss das Apartment eines digitalen Nomaden gestaltet sein, wenn er sich f\u00fcr mehrere Monate an einem Ort niederl\u00e4sst? Was erwartet er auf Reisen und worauf kann er verzichten? BelForm, der M\u00fcnchner Spezialist f\u00fcr tempor\u00e4re Wohnformen und Micro-Living, hat in Kooperation mit dem Reiseblogger Matthias Derhake eine Umfrage unter 100 digitalen Nomaden durchgef\u00fchrt, um diese Fragen zu kl\u00e4ren. <\/strong><!--more--><\/p>\n<h2 class=\"p2\"><b>WLAN gerne, aber nicht f\u00fcr Alexa und SmartHome <\/b><\/h2>\n<p class=\"p2\">Befragt wurden \u201eDigitale Nomaden\u201c, also \u00fcberwiegend junge Menschen im Alter zwischen 24 und 42 Jahren, die ihren Lebensunterhalt ausschlie\u00dflich digital verdienen. Die Arbeit kann ortsunabh\u00e4ngig durchgef\u00fchrt werden, solange eine Internetverbindung vorhanden ist. Entsprechend ist die Forderung nach freiem WLAN in den Apartments nicht verwunderlich. 96 Prozent der Befragten gaben dies als notwendig an, die restlichen vier Prozent immerhin als w\u00fcnschenswert. Im gleichen Ma\u00dfe waren sich die Befragten der Studie aber auch dar\u00fcber einig, dass sie auf intelligente Sprachsteuerungen, wie etwa Amazons Alexa, gut verzichten k\u00f6nnen. \u201eDieses Ergebnis hat uns doch einigerma\u00dfen erstaunt, da diese Systeme immer beliebter werden, besonders in der j\u00fcngeren und damit digital-affinen Zielgruppe\u201c, so Benjamin Oeckl,&nbsp;Gesch\u00e4ftsf\u00fchrer von BelForm.<\/p>\n<p class=\"p2\">Eine \u00e4hnliche Einigkeit herrscht beim Thema SmartHome: Die gro\u00dfe Mehrheit, also immerhin 76 Prozent, erachten SmartHome als \u00fcberfl\u00fcssig. \u00c4hnlich sieht es beim SmartTV aus. \u201eWir f\u00fchren dieses Ergebnis darauf zur\u00fcck, dass die Befragten durch ihre st\u00e4ndig wechselnden Wohnorte ihr Nutzungsverhalten entsprechend angepasst haben, um unabh\u00e4ngig von den technischen M\u00f6glichkeiten vor Ort zu sein\u201c, erkl\u00e4rt er dieses Ergebnis.<\/p>\n<h2 class=\"p1\"><b>Ankommen und Wohlf\u00fchlen als digitaler Nomade<\/b><\/h2>\n<p class=\"p1\">Dieses Ergebnis verdeutlicht aber auch eines: Digitale Nomaden wollen, ebenso wie andere Nachfragegruppen im Bereich des m\u00f6blierten Wohnens, im Zuhause auf Zeit einziehen und direkt ankommen. Sie m\u00f6chten sich nicht mit der Personalisierung ihres neuen Domizils besch\u00e4ftigen. Der Umfrage zu Folge sprachen sich 64 Prozent dagegen aus, das Apartment auch etwa mit eigenen Bildern, Accessoires oder pers\u00f6nlichen Gegenst\u00e4nden ausstatten zu wollen. Wichtiger ist hingegen, dass das Design stimmt. F\u00fcr knapp die H\u00e4lfte der Befragten ist au\u00dferdem die Kommunikation mit anderen Bewohnern in Gemeinschaftsr\u00e4umen und der gebotene Service, wie Zimmer- oder W\u00e4schereinigung wichtig.<\/p>\n<h2 class=\"p1\"><b>Preis schl\u00e4gt Lage: Zentrum ist kein Muss <\/b><\/h2>\n<p class=\"p1\">Auch beim Thema Mobilit\u00e4t ticken die Digitalen Nomaden anders, als man es zun\u00e4chst annehmen k\u00f6nnte. Ist in der Stadt eine gute Verkehrsanbindung gegeben, nehmen sie gerne eine etwas abgelegenere Wohnlage in Kauf, die unter Umst\u00e4nden auch g\u00fcnstiger im Preis ist. \u201eDiese Zielgruppe ist mobil und daran gew\u00f6hnt, sich in fremden St\u00e4dten zu orientieren und mit \u00f6ffentlichen Verkehrsmitteln fortzubewegen. In ihrem Alltag spielt die Mobilit\u00e4t zwar eine gro\u00dfe Rolle, jedoch nicht die mit dem Auto\u201c, betont er. Diesen Eindruck best\u00e4tigt auch die Umfrage: Die wenigsten halten Car-Sharing f\u00fcr notwendig. Die M\u00f6glichkeit sich vor Ort ein Fahrrad zu leihen, um sich damit in der Stadt fortzubewegen, wird dagegen \u00fcberwiegend positiv bewertet.<\/p>\n<p class=\"p1\"><a href=\"https:\/\/www.trend4ward.de\/trendblog\/wp-content\/uploads\/2018\/10\/Infografik_BelForm_Digitale-Nomaden.pdf\">Infografik BelForm Digitale Nomaden (PDF) &gt;&gt;<\/a><\/p>\n<p class=\"p1\"><a href=\"https:\/\/www.trend4ward.de\/trendblog\/wp-content\/uploads\/2018\/10\/Bildschirmfoto-2018-10-02-um-14.17.59.png\"><img loading=\"lazy\" decoding=\"async\" class=\"alignleft wp-image-4530 size-full\" src=\"https:\/\/www.trend4ward.de\/trendblog\/wp-content\/uploads\/2018\/10\/Bildschirmfoto-2018-10-02-um-14.17.59.png\" alt=\"Studie digitale Wohnformen\" width=\"848\" height=\"2566\" srcset=\"https:\/\/www.trend4ward.de\/trendblog\/wp-content\/uploads\/2018\/10\/Bildschirmfoto-2018-10-02-um-14.17.59.png 848w, https:\/\/www.trend4ward.de\/trendblog\/wp-content\/uploads\/2018\/10\/Bildschirmfoto-2018-10-02-um-14.17.59-99x300.png 99w, https:\/\/www.trend4ward.de\/trendblog\/wp-content\/uploads\/2018\/10\/Bildschirmfoto-2018-10-02-um-14.17.59-768x2324.png 768w, https:\/\/www.trend4ward.de\/trendblog\/wp-content\/uploads\/2018\/10\/Bildschirmfoto-2018-10-02-um-14.17.59-338x1024.png 338w, https:\/\/www.trend4ward.de\/trendblog\/wp-content\/uploads\/2018\/10\/Bildschirmfoto-2018-10-02-um-14.17.59-20x60.png 20w\" sizes=\"auto, (max-width: 848px) 100vw, 848px\" \/><\/a><\/p>\n","protected":false},"excerpt":{"rendered":"<p>Wie muss das Apartment eines digitalen Nomaden gestaltet sein, wenn er sich f\u00fcr mehrere Monate an einem Ort niederl\u00e4sst? Was erwartet er auf Reisen und worauf kann er verzichten? BelForm, der M\u00fcnchner Spezialist f\u00fcr tempor\u00e4re Wohnformen und Micro-Living, hat in Kooperation mit dem Reiseblogger Matthias Derhake eine Umfrage unter 100 digitalen Nomaden durchgef\u00fchrt, um diese&hellip;&nbsp;<a href=\"https:\/\/www.trend4ward.de\/trendblog\/so-wohnen-digitale-nomaden-studie-2018\/\" rel=\"bookmark\">Weiterlesen &raquo;<span class=\"screen-reader-text\">So wohnen digitale Nomaden<\/span><\/a><\/p>\n","protected":false},"author":1,"featured_media":4528,"comment_status":"open","ping_status":"open","sticky":false,"template":"","format":"standard","meta":{"om_disable_all_campaigns":false,"_monsterinsights_skip_tracking":false,"_monsterinsights_sitenote_active":false,"_monsterinsights_sitenote_note":"","_monsterinsights_sitenote_category":0,"_uf_show_specific_survey":0,"_uf_disable_surveys":false,"neve_meta_sidebar":"","neve_meta_container":"","neve_meta_enable_content_width":"","neve_meta_content_width":0,"neve_meta_title_alignment":"","neve_meta_author_avatar":"","neve_post_elements_order":"","neve_meta_disable_header":"","neve_meta_disable_footer":"","neve_meta_disable_title":"","ngg_post_thumbnail":0,"_jetpack_memberships_contains_paid_content":false,"footnotes":""},"categories":[76,15],"tags":[39,92,107,48,93,34,35],"class_list":["post-4527","post","type-post","status-publish","format-standard","has-post-thumbnail","hentry","category-leben-und-gesellschaft","category-wohnen","tag-haus","tag-homing","tag-lebensstil","tag-moebel","tag-wohntrends","tag-zielgruppen","tag-zukunft"],"yoast_head":"<!-- This site is optimized with the Yoast SEO plugin v27.2 - https:\/\/yoast.com\/product\/yoast-seo-wordpress\/ -->\n<title>So wohnen digitale Nomaden &#8226; trendBlog \u2013 Wohnen, Reisen, Leben und Kultur<\/title>\n<meta name=\"description\" content=\"Wie muss das Apartment eines digitalen Nomaden gestaltet sein, wenn er sich f\u00fcr mehrere Monate an einem Ort niederl\u00e4sst? Neue Studie 2018.\" \/>\n<meta name=\"robots\" content=\"index, follow, max-snippet:-1, max-image-preview:large, max-video-preview:-1\" \/>\n<link rel=\"canonical\" href=\"https:\/\/www.trend4ward.de\/trendblog\/so-wohnen-digitale-nomaden-studie-2018\/\" \/>\n<meta property=\"og:locale\" content=\"de_DE\" \/>\n<meta property=\"og:type\" content=\"article\" \/>\n<meta property=\"og:title\" content=\"So wohnen digitale Nomaden &#8226; trendBlog \u2013 Wohnen, Reisen, Leben und Kultur\" \/>\n<meta property=\"og:description\" content=\"Wie muss das Apartment eines digitalen Nomaden gestaltet sein, wenn er sich f\u00fcr mehrere Monate an einem Ort niederl\u00e4sst? Neue Studie 2018.\" \/>\n<meta property=\"og:url\" content=\"https:\/\/www.trend4ward.de\/trendblog\/so-wohnen-digitale-nomaden-studie-2018\/\" \/>\n<meta property=\"og:site_name\" content=\"trendBlog \u2013 Wohnen, Reisen, Leben und Kultur\" \/>\n<meta property=\"article:published_time\" content=\"2018-10-02T12:20:12+00:00\" \/>\n<meta property=\"article:modified_time\" content=\"2018-10-02T12:26:46+00:00\" \/>\n<meta property=\"og:image\" content=\"https:\/\/www.trend4ward.de\/trendblog\/wp-content\/uploads\/2018\/10\/Fotocredit-BelForm-1024x683.jpg\" \/>\n\t<meta property=\"og:image:width\" content=\"1024\" \/>\n\t<meta property=\"og:image:height\" content=\"683\" \/>\n\t<meta property=\"og:image:type\" content=\"image\/jpeg\" \/>\n<meta name=\"author\" content=\"Evelyn Steinbach\" \/>\n<meta name=\"twitter:label1\" content=\"Verfasst von\" \/>\n\t<meta name=\"twitter:data1\" content=\"Evelyn Steinbach\" \/>\n\t<meta name=\"twitter:label2\" content=\"Gesch\u00e4tzte Lesezeit\" \/>\n\t<meta name=\"twitter:data2\" content=\"3\u00a0Minuten\" \/>\n<script type=\"application\/ld+json\" class=\"yoast-schema-graph\">{\"@context\":\"https:\/\/schema.org\",\"@graph\":[{\"@type\":\"Article\",\"@id\":\"https:\/\/www.trend4ward.de\/trendblog\/so-wohnen-digitale-nomaden-studie-2018\/#article\",\"isPartOf\":{\"@id\":\"https:\/\/www.trend4ward.de\/trendblog\/so-wohnen-digitale-nomaden-studie-2018\/\"},\"author\":{\"name\":\"Evelyn Steinbach\",\"@id\":\"https:\/\/www.trend4ward.de\/trendblog\/#\/schema\/person\/c65dd8afd2fda04893d121f31b2a8ea4\"},\"headline\":\"So wohnen digitale Nomaden\",\"datePublished\":\"2018-10-02T12:20:12+00:00\",\"dateModified\":\"2018-10-02T12:26:46+00:00\",\"mainEntityOfPage\":{\"@id\":\"https:\/\/www.trend4ward.de\/trendblog\/so-wohnen-digitale-nomaden-studie-2018\/\"},\"wordCount\":506,\"commentCount\":0,\"publisher\":{\"@id\":\"https:\/\/www.trend4ward.de\/trendblog\/#\/schema\/person\/c65dd8afd2fda04893d121f31b2a8ea4\"},\"image\":{\"@id\":\"https:\/\/www.trend4ward.de\/trendblog\/so-wohnen-digitale-nomaden-studie-2018\/#primaryimage\"},\"thumbnailUrl\":\"https:\/\/www.trend4ward.de\/trendblog\/wp-content\/uploads\/2018\/10\/Fotocredit-BelForm.jpg\",\"keywords\":[\"Haus &amp; Immobilien\",\"Homing\",\"Lebensstil\",\"M\u00f6bel\",\"Wohntrends\",\"Zielgruppen\",\"Zukunft\"],\"articleSection\":[\"Leben &amp; Gesellschaft\",\"Wohnen &amp; Einrichten\"],\"inLanguage\":\"de\",\"potentialAction\":[{\"@type\":\"CommentAction\",\"name\":\"Comment\",\"target\":[\"https:\/\/www.trend4ward.de\/trendblog\/so-wohnen-digitale-nomaden-studie-2018\/#respond\"]}]},{\"@type\":\"WebPage\",\"@id\":\"https:\/\/www.trend4ward.de\/trendblog\/so-wohnen-digitale-nomaden-studie-2018\/\",\"url\":\"https:\/\/www.trend4ward.de\/trendblog\/so-wohnen-digitale-nomaden-studie-2018\/\",\"name\":\"So wohnen digitale Nomaden &#8226; trendBlog \u2013 Wohnen, Reisen, Leben und Kultur\",\"isPartOf\":{\"@id\":\"https:\/\/www.trend4ward.de\/trendblog\/#website\"},\"primaryImageOfPage\":{\"@id\":\"https:\/\/www.trend4ward.de\/trendblog\/so-wohnen-digitale-nomaden-studie-2018\/#primaryimage\"},\"image\":{\"@id\":\"https:\/\/www.trend4ward.de\/trendblog\/so-wohnen-digitale-nomaden-studie-2018\/#primaryimage\"},\"thumbnailUrl\":\"https:\/\/www.trend4ward.de\/trendblog\/wp-content\/uploads\/2018\/10\/Fotocredit-BelForm.jpg\",\"datePublished\":\"2018-10-02T12:20:12+00:00\",\"dateModified\":\"2018-10-02T12:26:46+00:00\",\"description\":\"Wie muss das Apartment eines digitalen Nomaden gestaltet sein, wenn er sich f\u00fcr mehrere Monate an einem Ort niederl\u00e4sst? Neue Studie 2018.\",\"breadcrumb\":{\"@id\":\"https:\/\/www.trend4ward.de\/trendblog\/so-wohnen-digitale-nomaden-studie-2018\/#breadcrumb\"},\"inLanguage\":\"de\",\"potentialAction\":[{\"@type\":\"ReadAction\",\"target\":[\"https:\/\/www.trend4ward.de\/trendblog\/so-wohnen-digitale-nomaden-studie-2018\/\"]}]},{\"@type\":\"ImageObject\",\"inLanguage\":\"de\",\"@id\":\"https:\/\/www.trend4ward.de\/trendblog\/so-wohnen-digitale-nomaden-studie-2018\/#primaryimage\",\"url\":\"https:\/\/www.trend4ward.de\/trendblog\/wp-content\/uploads\/2018\/10\/Fotocredit-BelForm.jpg\",\"contentUrl\":\"https:\/\/www.trend4ward.de\/trendblog\/wp-content\/uploads\/2018\/10\/Fotocredit-BelForm.jpg\",\"width\":5500,\"height\":3671,\"caption\":\"So wohnen digitale Nomaden\"},{\"@type\":\"BreadcrumbList\",\"@id\":\"https:\/\/www.trend4ward.de\/trendblog\/so-wohnen-digitale-nomaden-studie-2018\/#breadcrumb\",\"itemListElement\":[{\"@type\":\"ListItem\",\"position\":1,\"name\":\"Home\",\"item\":\"https:\/\/www.trend4ward.de\/trendblog\/\"},{\"@type\":\"ListItem\",\"position\":2,\"name\":\"So wohnen digitale Nomaden\"}]},{\"@type\":\"WebSite\",\"@id\":\"https:\/\/www.trend4ward.de\/trendblog\/#website\",\"url\":\"https:\/\/www.trend4ward.de\/trendblog\/\",\"name\":\"trendBlog \u2013 Wohnen, Reisen, Leben und Kultur\",\"description\":\"Portr\u00e4ts, Reportagen, Ratgeber. Seit 2009. Von Evelyn Steinbach.\",\"publisher\":{\"@id\":\"https:\/\/www.trend4ward.de\/trendblog\/#\/schema\/person\/c65dd8afd2fda04893d121f31b2a8ea4\"},\"potentialAction\":[{\"@type\":\"SearchAction\",\"target\":{\"@type\":\"EntryPoint\",\"urlTemplate\":\"https:\/\/www.trend4ward.de\/trendblog\/?s={search_term_string}\"},\"query-input\":{\"@type\":\"PropertyValueSpecification\",\"valueRequired\":true,\"valueName\":\"search_term_string\"}}],\"inLanguage\":\"de\"},{\"@type\":[\"Person\",\"Organization\"],\"@id\":\"https:\/\/www.trend4ward.de\/trendblog\/#\/schema\/person\/c65dd8afd2fda04893d121f31b2a8ea4\",\"name\":\"Evelyn Steinbach\",\"image\":{\"@type\":\"ImageObject\",\"inLanguage\":\"de\",\"@id\":\"https:\/\/www.trend4ward.de\/trendblog\/wp-content\/uploads\/2020\/11\/cropped-cropped-IMG_6744-e1692617617527.png\",\"url\":\"https:\/\/www.trend4ward.de\/trendblog\/wp-content\/uploads\/2020\/11\/cropped-cropped-IMG_6744-e1692617617527.png\",\"contentUrl\":\"https:\/\/www.trend4ward.de\/trendblog\/wp-content\/uploads\/2020\/11\/cropped-cropped-IMG_6744-e1692617617527.png\",\"width\":200,\"height\":183,\"caption\":\"Evelyn Steinbach\"},\"logo\":{\"@id\":\"https:\/\/www.trend4ward.de\/trendblog\/wp-content\/uploads\/2020\/11\/cropped-cropped-IMG_6744-e1692617617527.png\"},\"sameAs\":[\"http:\/\/www.trend4ward.de\"],\"url\":\"https:\/\/www.trend4ward.de\/trendblog\/author\/eve\/\"}]}<\/script>\n<!-- \/ Yoast SEO plugin. -->","yoast_head_json":{"title":"So wohnen digitale Nomaden &#8226; trendBlog \u2013 Wohnen, Reisen, Leben und Kultur","description":"Wie muss das Apartment eines digitalen Nomaden gestaltet sein, wenn er sich f\u00fcr mehrere Monate an einem Ort niederl\u00e4sst? Neue Studie 2018.","robots":{"index":"index","follow":"follow","max-snippet":"max-snippet:-1","max-image-preview":"max-image-preview:large","max-video-preview":"max-video-preview:-1"},"canonical":"https:\/\/www.trend4ward.de\/trendblog\/so-wohnen-digitale-nomaden-studie-2018\/","og_locale":"de_DE","og_type":"article","og_title":"So wohnen digitale Nomaden &#8226; trendBlog \u2013 Wohnen, Reisen, Leben und Kultur","og_description":"Wie muss das Apartment eines digitalen Nomaden gestaltet sein, wenn er sich f\u00fcr mehrere Monate an einem Ort niederl\u00e4sst? Neue Studie 2018.","og_url":"https:\/\/www.trend4ward.de\/trendblog\/so-wohnen-digitale-nomaden-studie-2018\/","og_site_name":"trendBlog \u2013 Wohnen, Reisen, Leben und Kultur","article_published_time":"2018-10-02T12:20:12+00:00","article_modified_time":"2018-10-02T12:26:46+00:00","og_image":[{"width":1024,"height":683,"url":"https:\/\/www.trend4ward.de\/trendblog\/wp-content\/uploads\/2018\/10\/Fotocredit-BelForm-1024x683.jpg","type":"image\/jpeg"}],"author":"Evelyn Steinbach","twitter_misc":{"Verfasst von":"Evelyn Steinbach","Gesch\u00e4tzte Lesezeit":"3\u00a0Minuten"},"schema":{"@context":"https:\/\/schema.org","@graph":[{"@type":"Article","@id":"https:\/\/www.trend4ward.de\/trendblog\/so-wohnen-digitale-nomaden-studie-2018\/#article","isPartOf":{"@id":"https:\/\/www.trend4ward.de\/trendblog\/so-wohnen-digitale-nomaden-studie-2018\/"},"author":{"name":"Evelyn Steinbach","@id":"https:\/\/www.trend4ward.de\/trendblog\/#\/schema\/person\/c65dd8afd2fda04893d121f31b2a8ea4"},"headline":"So wohnen digitale Nomaden","datePublished":"2018-10-02T12:20:12+00:00","dateModified":"2018-10-02T12:26:46+00:00","mainEntityOfPage":{"@id":"https:\/\/www.trend4ward.de\/trendblog\/so-wohnen-digitale-nomaden-studie-2018\/"},"wordCount":506,"commentCount":0,"publisher":{"@id":"https:\/\/www.trend4ward.de\/trendblog\/#\/schema\/person\/c65dd8afd2fda04893d121f31b2a8ea4"},"image":{"@id":"https:\/\/www.trend4ward.de\/trendblog\/so-wohnen-digitale-nomaden-studie-2018\/#primaryimage"},"thumbnailUrl":"https:\/\/www.trend4ward.de\/trendblog\/wp-content\/uploads\/2018\/10\/Fotocredit-BelForm.jpg","keywords":["Haus &amp; Immobilien","Homing","Lebensstil","M\u00f6bel","Wohntrends","Zielgruppen","Zukunft"],"articleSection":["Leben &amp; Gesellschaft","Wohnen &amp; Einrichten"],"inLanguage":"de","potentialAction":[{"@type":"CommentAction","name":"Comment","target":["https:\/\/www.trend4ward.de\/trendblog\/so-wohnen-digitale-nomaden-studie-2018\/#respond"]}]},{"@type":"WebPage","@id":"https:\/\/www.trend4ward.de\/trendblog\/so-wohnen-digitale-nomaden-studie-2018\/","url":"https:\/\/www.trend4ward.de\/trendblog\/so-wohnen-digitale-nomaden-studie-2018\/","name":"So wohnen digitale Nomaden &#8226; trendBlog \u2013 Wohnen, Reisen, Leben und Kultur","isPartOf":{"@id":"https:\/\/www.trend4ward.de\/trendblog\/#website"},"primaryImageOfPage":{"@id":"https:\/\/www.trend4ward.de\/trendblog\/so-wohnen-digitale-nomaden-studie-2018\/#primaryimage"},"image":{"@id":"https:\/\/www.trend4ward.de\/trendblog\/so-wohnen-digitale-nomaden-studie-2018\/#primaryimage"},"thumbnailUrl":"https:\/\/www.trend4ward.de\/trendblog\/wp-content\/uploads\/2018\/10\/Fotocredit-BelForm.jpg","datePublished":"2018-10-02T12:20:12+00:00","dateModified":"2018-10-02T12:26:46+00:00","description":"Wie muss das Apartment eines digitalen Nomaden gestaltet sein, wenn er sich f\u00fcr mehrere Monate an einem Ort niederl\u00e4sst? Neue Studie 2018.","breadcrumb":{"@id":"https:\/\/www.trend4ward.de\/trendblog\/so-wohnen-digitale-nomaden-studie-2018\/#breadcrumb"},"inLanguage":"de","potentialAction":[{"@type":"ReadAction","target":["https:\/\/www.trend4ward.de\/trendblog\/so-wohnen-digitale-nomaden-studie-2018\/"]}]},{"@type":"ImageObject","inLanguage":"de","@id":"https:\/\/www.trend4ward.de\/trendblog\/so-wohnen-digitale-nomaden-studie-2018\/#primaryimage","url":"https:\/\/www.trend4ward.de\/trendblog\/wp-content\/uploads\/2018\/10\/Fotocredit-BelForm.jpg","contentUrl":"https:\/\/www.trend4ward.de\/trendblog\/wp-content\/uploads\/2018\/10\/Fotocredit-BelForm.jpg","width":5500,"height":3671,"caption":"So wohnen digitale Nomaden"},{"@type":"BreadcrumbList","@id":"https:\/\/www.trend4ward.de\/trendblog\/so-wohnen-digitale-nomaden-studie-2018\/#breadcrumb","itemListElement":[{"@type":"ListItem","position":1,"name":"Home","item":"https:\/\/www.trend4ward.de\/trendblog\/"},{"@type":"ListItem","position":2,"name":"So wohnen digitale Nomaden"}]},{"@type":"WebSite","@id":"https:\/\/www.trend4ward.de\/trendblog\/#website","url":"https:\/\/www.trend4ward.de\/trendblog\/","name":"trendBlog \u2013 Wohnen, Reisen, Leben und Kultur","description":"Portr\u00e4ts, Reportagen, Ratgeber. Seit 2009. Von Evelyn Steinbach.","publisher":{"@id":"https:\/\/www.trend4ward.de\/trendblog\/#\/schema\/person\/c65dd8afd2fda04893d121f31b2a8ea4"},"potentialAction":[{"@type":"SearchAction","target":{"@type":"EntryPoint","urlTemplate":"https:\/\/www.trend4ward.de\/trendblog\/?s={search_term_string}"},"query-input":{"@type":"PropertyValueSpecification","valueRequired":true,"valueName":"search_term_string"}}],"inLanguage":"de"},{"@type":["Person","Organization"],"@id":"https:\/\/www.trend4ward.de\/trendblog\/#\/schema\/person\/c65dd8afd2fda04893d121f31b2a8ea4","name":"Evelyn Steinbach","image":{"@type":"ImageObject","inLanguage":"de","@id":"https:\/\/www.trend4ward.de\/trendblog\/wp-content\/uploads\/2020\/11\/cropped-cropped-IMG_6744-e1692617617527.png","url":"https:\/\/www.trend4ward.de\/trendblog\/wp-content\/uploads\/2020\/11\/cropped-cropped-IMG_6744-e1692617617527.png","contentUrl":"https:\/\/www.trend4ward.de\/trendblog\/wp-content\/uploads\/2020\/11\/cropped-cropped-IMG_6744-e1692617617527.png","width":200,"height":183,"caption":"Evelyn Steinbach"},"logo":{"@id":"https:\/\/www.trend4ward.de\/trendblog\/wp-content\/uploads\/2020\/11\/cropped-cropped-IMG_6744-e1692617617527.png"},"sameAs":["http:\/\/www.trend4ward.de"],"url":"https:\/\/www.trend4ward.de\/trendblog\/author\/eve\/"}]}},"jetpack_featured_media_url":"https:\/\/www.trend4ward.de\/trendblog\/wp-content\/uploads\/2018\/10\/Fotocredit-BelForm.jpg","jetpack_sharing_enabled":true,"_links":{"self":[{"href":"https:\/\/www.trend4ward.de\/trendblog\/wp-json\/wp\/v2\/posts\/4527","targetHints":{"allow":["GET"]}}],"collection":[{"href":"https:\/\/www.trend4ward.de\/trendblog\/wp-json\/wp\/v2\/posts"}],"about":[{"href":"https:\/\/www.trend4ward.de\/trendblog\/wp-json\/wp\/v2\/types\/post"}],"author":[{"embeddable":true,"href":"https:\/\/www.trend4ward.de\/trendblog\/wp-json\/wp\/v2\/users\/1"}],"replies":[{"embeddable":true,"href":"https:\/\/www.trend4ward.de\/trendblog\/wp-json\/wp\/v2\/comments?post=4527"}],"version-history":[{"count":1,"href":"https:\/\/www.trend4ward.de\/trendblog\/wp-json\/wp\/v2\/posts\/4527\/revisions"}],"predecessor-version":[{"id":4531,"href":"https:\/\/www.trend4ward.de\/trendblog\/wp-json\/wp\/v2\/posts\/4527\/revisions\/4531"}],"wp:featuredmedia":[{"embeddable":true,"href":"https:\/\/www.trend4ward.de\/trendblog\/wp-json\/wp\/v2\/media\/4528"}],"wp:attachment":[{"href":"https:\/\/www.trend4ward.de\/trendblog\/wp-json\/wp\/v2\/media?parent=4527"}],"wp:term":[{"taxonomy":"category","embeddable":true,"href":"https:\/\/www.trend4ward.de\/trendblog\/wp-json\/wp\/v2\/categories?post=4527"},{"taxonomy":"post_tag","embeddable":true,"href":"https:\/\/www.trend4ward.de\/trendblog\/wp-json\/wp\/v2\/tags?post=4527"}],"curies":[{"name":"wp","href":"https:\/\/api.w.org\/{rel}","templated":true}]}}