{"id":4705,"date":"2024-03-06T16:14:49","date_gmt":"2024-03-06T15:14:49","guid":{"rendered":"https:\/\/www.trend4ward.de\/trendblog\/?p=4705"},"modified":"2026-02-19T15:45:00","modified_gmt":"2026-02-19T14:45:00","slug":"im-fruehling-an-die-algarve","status":"publish","type":"post","link":"https:\/\/www.trend4ward.de\/trendblog\/im-fruehling-an-die-algarve\/","title":{"rendered":"Im Fr\u00fchling an die Algarve"},"content":{"rendered":"<p><strong>Im S\u00fcdwesten von Portugal, wo einst Heinrich der Seefahrer seine Leute auf Eroberungsfahrt in die weite Welt schickte, befindet sich heute noch eine der spektakul\u00e4rsten K\u00fcstenlandschaften. Im Fr\u00fchling wird die Algarve zu einem besonderen Naturschauspiel.<\/strong><!--more--><\/p>\n<p>Jetzt, wo nur ein paar Wanderer, Fahrradfahrer und Surfer, die S\u00fcdwestk\u00fcste erkunden, zeigen sich die unz\u00e4hligen Str\u00e4nde und Buchten von ihrer ganzen nat\u00fcrlichen Sch\u00f6nheit. Bis zu 50 Meter hoch ragen die ber\u00fchmten gelb-r\u00f6tlichen Kalk- und Sandsteinfelsen senkrecht aus dem Atlantik. Sie werden mal sanft, mal rau von den glitzernden, windumtosten Fluten des Meeres umsp\u00fclt. Idyllische, einsame Buchten tauchen immer wieder an der malerischen Steilk\u00fcste hervor. Mal versteckt, und nur \u00fcber einen einzigen schmalen Zugang zu erreichen, mal breit und in voller Pracht, so dass selbst den Strandjoggern nicht zu langweilig wird. Ringsherum liegt der Duft der Fr\u00fchbl\u00fcher in der Luft. Mandelb\u00e4ume bl\u00fchen hier schon oft im Januar \u2013es folgen Ginster, Kirschlorbeer, Strelitzien und viele andere mediterrane Pflanzen.<\/p>\n<p>Das von den Arabern kultivierte Land verf\u00fcgt noch heute \u00fcber eine ausgepr\u00e4gte Landwirtschaft. Oliven, Feigen und Zitrusfr\u00fcchte werden angebaut. Hiesige Winzer produzieren mittlerweile so gute Weine \u2013 darunter auch einige Wei\u00dfweine \u2013 dass sie mit den Spitzensorten aus Nordportugal und dem Alentejo problemlos mithalten k\u00f6nnen. Ein Tipp ist die Quinta dos Vales in Estombar-Lagoa. Auf dem Anwesen lernen Besucher die moderne Weinproduktion kennen und k\u00f6nnen an einer Verkostung der preisgekr\u00f6nten Algarve-Weine teilnehmen. Anschlie\u00dfend empfiehlt sich ein Spaziergang durch den Skulpturen-Garten des Weingutes. Denn Wein und Kunst geh\u00f6ren auf diesem Anwesen zusammen. Inhaber Karl Heinz Stock hat viele von den Skulpturen selbst entworfen, einige sind zusammen mit lokalen K\u00fcnstlern entstanden.<\/p>\n<p>\u00dcbrigens gaben die Mauren dem sonnenreichsten K\u00fcstenstrich auf der Iberischen Halbinsel den Namen \u201eal garb\u201c, zu deutsch: der Westen, woraus sp\u00e4ter das Wort Algarve entstand. Von der arabischen Hochkultur ist fast nichts \u00fcbrig geblieben, denn nahezu alle Geb\u00e4ude in S\u00fcdportugal wurden bei einem Erdbeben im Jahr 1755 vernichtet. Aber mit viel Energie und Liebe zu ihrem Heimatland bauten die Portugiesen neu, daher zeigen sich die meisten Orte mit einer Architektur aus dem 18. Jahrhundert.<\/p>\n<h2>&nbsp;<\/h2>\n<h2><strong>Urspr\u00fcngliches Hinterland \u2013 die Bergd\u00f6rfer der Algarve<\/strong><\/h2>\n<p>Neben sch\u00f6nen Str\u00e4nden, Buchten und einer abwechslungsreichen Landschaft, lohnt insbesondere im Fr\u00fchling an der Algarve ein Ausflug ins Hinterland.<\/p>\n<p><strong>Silves, die einstige Hochburg der Mauren<\/strong><\/p>\n<p><a href=\"https:\/\/www.trend4ward.de\/trendblog\/wp-content\/uploads\/2019\/05\/IMG_4847.jpg\"><img loading=\"lazy\" decoding=\"async\" class=\"alignright size-medium wp-image-4767\" src=\"https:\/\/www.trend4ward.de\/trendblog\/wp-content\/uploads\/2019\/05\/IMG_4847-300x200.jpg\" alt=\"D\u00f6rfer Algarve\" width=\"300\" height=\"200\" srcset=\"https:\/\/www.trend4ward.de\/trendblog\/wp-content\/uploads\/2019\/05\/IMG_4847-300x200.jpg 300w, https:\/\/www.trend4ward.de\/trendblog\/wp-content\/uploads\/2019\/05\/IMG_4847-768x512.jpg 768w, https:\/\/www.trend4ward.de\/trendblog\/wp-content\/uploads\/2019\/05\/IMG_4847-480x320.jpg 480w, https:\/\/www.trend4ward.de\/trendblog\/wp-content\/uploads\/2019\/05\/IMG_4847-90x60.jpg 90w, https:\/\/www.trend4ward.de\/trendblog\/wp-content\/uploads\/2019\/05\/IMG_4847.jpg 800w\" sizes=\"auto, (max-width: 300px) 100vw, 300px\" \/><\/a>Wie zum Beispiel Silves, die ehemalige Hauptstadt der Algarve und eines der gr\u00f6\u00dften maurischen Zentren im 12. Jahrhundert. Der Wiederaufbau der fast v\u00f6llig zerst\u00f6rten Stadt zog sich \u00fcber mehrere Jahrhunderte hin. Das Castelo dos Mouros, die h\u00fcbsche Burg aus rotem Sandstein, ist heute das Wahrzeichen der Stadt. Auch die \u00dcberreste der maurischen Zisternen, die von vier bis sieben Meter hohen B\u00f6gen umgeben sind, sollte man sich anschauen. Anstelle der fr\u00fcheren Moschee wurde 1189 mit dem Bau der dreischiffigen Kathedrale\u201eS\u00e9\u201cbegonnen. Sie wurde nach dem Erdbeben im gotischen Stil wieder aufgebaut mit ein paar \u00c4nderungen aufgrund der vielen Restaurierungsarbeiten.<\/p>\n<p><strong>Die Algarve zu F\u00fc\u00dfen: Aussicht vom Bergdorf Monchique<\/strong><\/p>\n<p>Von Silves etwa eine Stunde mit dem Auto entfernt liegt ruhig eingebettet in eine Landschaft aus Zitruspflanzen, Korkeichen und Olivenb\u00e4umen das Bergd\u00f6rfchen Monchique. Monchique ist ein R\u00fcckzugsort mit mildem Klima und \u00fcppiger Vegetation, der zu einem Aufenthalt in jahrhundertealten Thermen einl\u00e4dt. Au\u00dferdem kann man einen Aufstieg zum 902 Meter hohen \u201ePico da F\u00f3ia\u201c, dem h\u00f6chsten Punkt der Algarve, unternehmen oder an einem Aussichtspunkt stoppen, von dem man einen Teil der Westalgarve und des n\u00f6rdlich angrenzenden Alentejo sowie den unendlich glitzernden Meereshorizont erblicken kann.<\/p>\n<p>&nbsp;<\/p>\n<h2><strong>Die Westk\u00fcste der Algarve: Costa Vicentina und Kap des Heiligen Vincent&nbsp;<\/strong><\/h2>\n<p>Wer an der S\u00fcdwestalgarve unterwegs ist oder vom Alentejo sich dem S\u00fcden von westlicher Seite n\u00e4hert, sollte eine Tour durch das Naturschutzgebiet an der vicentinischen K\u00fcste einplanen. Die Costa Vicentina erstreckt sich auf einer L\u00e4nge von 350 km an der s\u00fcdwestlichen Atlantikk\u00fcste.<\/p>\n<p>Mit ihren weiten Sand- und D\u00fcnenstr\u00e4nden, die sich von Sagres bis zum Alentejo ziehen, zeigt sich der K\u00fcstenstreifen als reizvolle, unber\u00fchrte und zugleich wilde Landschaft. Der Atlantik ist hier wesentlich rauer als an den S\u00fcdstr\u00e4nden der Felsalgarve. Es weht st\u00e4ndig ein frischer Wind. Dennoch finden sich auch hier zahlreiche einsame, aber daf\u00fcr \u00e4u\u00dferst idyllisch gelegene Str\u00e4nde, die&nbsp;von spektakul\u00e4ren Klippen und Felsformationen eingerahmt sind. Die K\u00fcste ist ein Paradies f\u00fcr jeden Surfer, aber auch Fahrradfahrer, Natur- und Erholungssuchende werden diese Gegend lieben. Denn die Rota Vicentina l\u00e4sst sich komplett mit dem Fahrrad erkunden. Zu empfehlen sind Stopps an den Str\u00e4nden Arrifana, Monte Clerigo, Praia do Amado und Carrapateira.<\/p>\n<p>Bei dem Ausflug an die Westk\u00fcste darf ein Abstecher zum Cabo de S\u00e3o Vicente nicht fehlen.Dieses Kap ist der s\u00fcdwestlichste Zipfel des europ\u00e4ischen Festlandes. Mit seinen fast senkrecht ins Meer abfallenden Klippenschafft das sogenannte \u201eEnde der Welt\u201c, mit seinem lichtst\u00e4rksten Leuchtturm des europ\u00e4ischen Festlands ein au\u00dfergew\u00f6hnliches Ambiente.Er ist zudem einer der gr\u00f6\u00dften Leuchtt\u00fcrme Europas und wacht seit 1846 \u00fcber die Schiffsrouten auf dem Atlantik. Die portugiesische Marine hat ein Museum in diesem Leuchtturm untergebracht, um den Besuchern die Geschichte und Funktionsart dieses Monuments n\u00e4her zu bringen.<\/p>\n<p>Weiter \u00f6stlich befindet sich am \u201ePonta da Piedade\u201c ein Leuchtturm, der 1913 am Platz einer ehemaligen Kapelle gebaut wurde. Der Wachposten bietet einen guten Aussichtspunkt, um den Blick auf die imposante Felsk\u00fcste zu genie\u00dfen.<\/p>\n<p>Nicht weit entfernt liegt Sagres, die Hafenstadt. Heinrich der Seefahrer lebte \u00fcber 40 Jahre in Sagres, von wo aus er die portugiesischen Entdeckungsfahrten an der westafrikanischen K\u00fcste organisierte. In der Stadt mit der beeindruckenden Steilk\u00fcste versammelten sichzurdamaligen Zeit viele Kartografen, Astronomen und Seefahrer.<\/p>\n<p>&nbsp;<\/p>\n<h2><strong>Weitere Freizeittipps f\u00fcr die Algarve im Fr\u00fchling<\/strong><\/h2>\n<p>&nbsp;<\/p>\n<p><strong>Wandern<\/strong><\/p>\n<p><a href=\"https:\/\/www.trend4ward.de\/trendblog\/wp-content\/uploads\/2019\/05\/IMG_7537.jpg\"><img loading=\"lazy\" decoding=\"async\" class=\"alignright size-medium wp-image-4768\" src=\"https:\/\/www.trend4ward.de\/trendblog\/wp-content\/uploads\/2019\/05\/IMG_7537-300x200.jpg\" alt=\"Wandern Algarve\" width=\"300\" height=\"200\" srcset=\"https:\/\/www.trend4ward.de\/trendblog\/wp-content\/uploads\/2019\/05\/IMG_7537-300x200.jpg 300w, https:\/\/www.trend4ward.de\/trendblog\/wp-content\/uploads\/2019\/05\/IMG_7537-768x512.jpg 768w, https:\/\/www.trend4ward.de\/trendblog\/wp-content\/uploads\/2019\/05\/IMG_7537-480x320.jpg 480w, https:\/\/www.trend4ward.de\/trendblog\/wp-content\/uploads\/2019\/05\/IMG_7537-90x60.jpg 90w, https:\/\/www.trend4ward.de\/trendblog\/wp-content\/uploads\/2019\/05\/IMG_7537.jpg 800w\" sizes=\"auto, (max-width: 300px) 100vw, 300px\" \/><\/a>Einer der sch\u00f6nsten K\u00fcstenabschnitte f\u00fcr lange Spazierg\u00e4nge liegt zwischen der Ponta da Piedade bei Lagos und den Steilklippen am Cabo de S\u00e3o Vicente, dem s\u00fcdwestlichsten Zipfel des europ\u00e4ischen Festlands. Mal kraxelt man von einer menschenleeren Bucht zur n\u00e4chsten durch die Felsen, mal genie\u00dft man auf den Klippen den unverbauten Blick aufs Meer.<\/p>\n<p>Ideale Orte f\u00fcr ausdauernde Wanderer sind die Berge Serra de Monchique, Espinha\u00e7o de C\u00e3o und Caldeir\u00e3o, mit verschiedenen Schwierigkeitsstufen und Routen, die entsprechend den eigenen F\u00e4higkeiten und W\u00fcnschen ausgew\u00e4hlt werden k\u00f6nnen.<\/p>\n<p><strong>Rad fahren und Wandern entlang der Costa Vicentina<\/strong><\/p>\n<p>Infoseite \u00fcber das Naturschutzgebiet und die Rota Vicentina unter <a href=\"http:\/\/www.rotavicentina.com\" target=\"_blank\" rel=\"noopener noreferrer\">www.rotavicentina.com<\/a><\/p>\n<p><strong>Weingut besichtigen<\/strong><\/p>\n<p>Weingut Quinta dos Vales. Sitio dos Vales, Caixa P. 112, 8400-031 Estombar, Lagoa.<a href=\"http:\/\/www.quintadosvales.eu\" target=\"_blank\" rel=\"noopener noreferrer\"> www.quintadosvales.eu<\/a><\/p>\n<p>&nbsp;<\/p>\n","protected":false},"excerpt":{"rendered":"<p>Die schroffe Felslandschaft und die sch\u00f6nsten Str\u00e4nde Europas. Dazu urspr\u00fcngliche Bergd\u00f6rfer im Hinterland. Der Fr\u00fchling eignet sich f\u00fcr den Besuch der Algarve im S\u00fcden Portugals.<\/p>\n","protected":false},"author":1,"featured_media":4766,"comment_status":"open","ping_status":"open","sticky":false,"template":"","format":"standard","meta":{"om_disable_all_campaigns":false,"_monsterinsights_skip_tracking":false,"_monsterinsights_sitenote_active":false,"_monsterinsights_sitenote_note":"","_monsterinsights_sitenote_category":0,"_uf_show_specific_survey":0,"_uf_disable_surveys":false,"neve_meta_sidebar":"","neve_meta_container":"","neve_meta_enable_content_width":"","neve_meta_content_width":0,"neve_meta_title_alignment":"","neve_meta_author_avatar":"","neve_post_elements_order":"","neve_meta_disable_header":"","neve_meta_disable_footer":"","neve_meta_disable_title":"","ngg_post_thumbnail":0,"_jetpack_memberships_contains_paid_content":false,"footnotes":""},"categories":[204],"tags":[297,109,120,160,53,54,167],"class_list":["post-4705","post","type-post","status-publish","format-standard","has-post-thumbnail","hentry","category-urlaub-verreisen","tag-meer","tag-portugal","tag-reisefuehrer","tag-reisetrends","tag-strand","tag-urlaub","tag-wandern"],"yoast_head":"<!-- This site is optimized with the Yoast SEO plugin v27.4 - https:\/\/yoast.com\/product\/yoast-seo-wordpress\/ -->\n<title>Im Fr\u00fchling an die Algarve &#8226; trendBlog \u2013 Wohnen, Reisen, Leben und Kultur<\/title>\n<meta name=\"description\" content=\"Die schroffe Felslandschaft und die sch\u00f6nsten Str\u00e4nde Europas, dazu urspr\u00fcngliche Bergd\u00f6rfer im Hinterland: Im Fr\u00fchling gleicht die Algarve einem Naturschauspiel.\" \/>\n<meta name=\"robots\" content=\"index, follow, max-snippet:-1, max-image-preview:large, max-video-preview:-1\" \/>\n<link rel=\"canonical\" href=\"https:\/\/www.trend4ward.de\/trendblog\/im-fruehling-an-die-algarve\/\" \/>\n<meta property=\"og:locale\" content=\"de_DE\" \/>\n<meta property=\"og:type\" content=\"article\" \/>\n<meta property=\"og:title\" content=\"Im Fr\u00fchling an die Algarve &#8226; trendBlog \u2013 Wohnen, Reisen, Leben und Kultur\" \/>\n<meta property=\"og:description\" content=\"Die schroffe Felslandschaft und die sch\u00f6nsten Str\u00e4nde Europas, dazu urspr\u00fcngliche Bergd\u00f6rfer im Hinterland: Im Fr\u00fchling gleicht die Algarve einem Naturschauspiel.\" \/>\n<meta property=\"og:url\" content=\"https:\/\/www.trend4ward.de\/trendblog\/im-fruehling-an-die-algarve\/\" \/>\n<meta property=\"og:site_name\" content=\"trendBlog \u2013 Wohnen, Reisen, Leben und Kultur\" \/>\n<meta property=\"article:published_time\" content=\"2024-03-06T15:14:49+00:00\" \/>\n<meta property=\"article:modified_time\" content=\"2026-02-19T14:45:00+00:00\" \/>\n<meta property=\"og:image\" content=\"https:\/\/www.trend4ward.de\/trendblog\/wp-content\/uploads\/2019\/05\/IMG_4839.jpg\" \/>\n\t<meta property=\"og:image:width\" content=\"800\" \/>\n\t<meta property=\"og:image:height\" content=\"533\" \/>\n\t<meta property=\"og:image:type\" content=\"image\/jpeg\" \/>\n<meta name=\"author\" content=\"Evelyn Steinbach\" \/>\n<meta name=\"twitter:label1\" content=\"Verfasst von\" \/>\n\t<meta name=\"twitter:data1\" content=\"Evelyn Steinbach\" \/>\n\t<meta name=\"twitter:label2\" content=\"Gesch\u00e4tzte Lesezeit\" \/>\n\t<meta name=\"twitter:data2\" content=\"7\u00a0Minuten\" \/>\n<script type=\"application\/ld+json\" class=\"yoast-schema-graph\">{\"@context\":\"https:\\\/\\\/schema.org\",\"@graph\":[{\"@type\":\"Article\",\"@id\":\"https:\\\/\\\/www.trend4ward.de\\\/trendblog\\\/im-fruehling-an-die-algarve\\\/#article\",\"isPartOf\":{\"@id\":\"https:\\\/\\\/www.trend4ward.de\\\/trendblog\\\/im-fruehling-an-die-algarve\\\/\"},\"author\":{\"name\":\"Evelyn Steinbach\",\"@id\":\"https:\\\/\\\/www.trend4ward.de\\\/trendblog\\\/#\\\/schema\\\/person\\\/c65dd8afd2fda04893d121f31b2a8ea4\"},\"headline\":\"Im Fr\u00fchling an die Algarve\",\"datePublished\":\"2024-03-06T15:14:49+00:00\",\"dateModified\":\"2026-02-19T14:45:00+00:00\",\"mainEntityOfPage\":{\"@id\":\"https:\\\/\\\/www.trend4ward.de\\\/trendblog\\\/im-fruehling-an-die-algarve\\\/\"},\"wordCount\":1120,\"commentCount\":0,\"publisher\":{\"@id\":\"https:\\\/\\\/www.trend4ward.de\\\/trendblog\\\/#\\\/schema\\\/person\\\/c65dd8afd2fda04893d121f31b2a8ea4\"},\"image\":{\"@id\":\"https:\\\/\\\/www.trend4ward.de\\\/trendblog\\\/im-fruehling-an-die-algarve\\\/#primaryimage\"},\"thumbnailUrl\":\"https:\\\/\\\/www.trend4ward.de\\\/trendblog\\\/wp-content\\\/uploads\\\/2019\\\/05\\\/IMG_4839.jpg\",\"keywords\":[\"Meer\",\"Portugal\",\"Reisef\u00fchrer\",\"Reisetrends\",\"Strand\",\"Urlaub\",\"Wandern\"],\"articleSection\":[\"Urlaub &amp; Verreisen\"],\"inLanguage\":\"de\",\"potentialAction\":[{\"@type\":\"CommentAction\",\"name\":\"Comment\",\"target\":[\"https:\\\/\\\/www.trend4ward.de\\\/trendblog\\\/im-fruehling-an-die-algarve\\\/#respond\"]}]},{\"@type\":\"WebPage\",\"@id\":\"https:\\\/\\\/www.trend4ward.de\\\/trendblog\\\/im-fruehling-an-die-algarve\\\/\",\"url\":\"https:\\\/\\\/www.trend4ward.de\\\/trendblog\\\/im-fruehling-an-die-algarve\\\/\",\"name\":\"Im Fr\u00fchling an die Algarve &#8226; trendBlog \u2013 Wohnen, Reisen, Leben und Kultur\",\"isPartOf\":{\"@id\":\"https:\\\/\\\/www.trend4ward.de\\\/trendblog\\\/#website\"},\"primaryImageOfPage\":{\"@id\":\"https:\\\/\\\/www.trend4ward.de\\\/trendblog\\\/im-fruehling-an-die-algarve\\\/#primaryimage\"},\"image\":{\"@id\":\"https:\\\/\\\/www.trend4ward.de\\\/trendblog\\\/im-fruehling-an-die-algarve\\\/#primaryimage\"},\"thumbnailUrl\":\"https:\\\/\\\/www.trend4ward.de\\\/trendblog\\\/wp-content\\\/uploads\\\/2019\\\/05\\\/IMG_4839.jpg\",\"datePublished\":\"2024-03-06T15:14:49+00:00\",\"dateModified\":\"2026-02-19T14:45:00+00:00\",\"description\":\"Die schroffe Felslandschaft und die sch\u00f6nsten Str\u00e4nde Europas, dazu urspr\u00fcngliche Bergd\u00f6rfer im Hinterland: Im Fr\u00fchling gleicht die Algarve einem Naturschauspiel.\",\"breadcrumb\":{\"@id\":\"https:\\\/\\\/www.trend4ward.de\\\/trendblog\\\/im-fruehling-an-die-algarve\\\/#breadcrumb\"},\"inLanguage\":\"de\",\"potentialAction\":[{\"@type\":\"ReadAction\",\"target\":[\"https:\\\/\\\/www.trend4ward.de\\\/trendblog\\\/im-fruehling-an-die-algarve\\\/\"]}]},{\"@type\":\"ImageObject\",\"inLanguage\":\"de\",\"@id\":\"https:\\\/\\\/www.trend4ward.de\\\/trendblog\\\/im-fruehling-an-die-algarve\\\/#primaryimage\",\"url\":\"https:\\\/\\\/www.trend4ward.de\\\/trendblog\\\/wp-content\\\/uploads\\\/2019\\\/05\\\/IMG_4839.jpg\",\"contentUrl\":\"https:\\\/\\\/www.trend4ward.de\\\/trendblog\\\/wp-content\\\/uploads\\\/2019\\\/05\\\/IMG_4839.jpg\",\"width\":800,\"height\":533,\"caption\":\"Algarve im Fr\u00fchling\"},{\"@type\":\"BreadcrumbList\",\"@id\":\"https:\\\/\\\/www.trend4ward.de\\\/trendblog\\\/im-fruehling-an-die-algarve\\\/#breadcrumb\",\"itemListElement\":[{\"@type\":\"ListItem\",\"position\":1,\"name\":\"Home\",\"item\":\"https:\\\/\\\/www.trend4ward.de\\\/trendblog\\\/\"},{\"@type\":\"ListItem\",\"position\":2,\"name\":\"Im Fr\u00fchling an die Algarve\"}]},{\"@type\":\"WebSite\",\"@id\":\"https:\\\/\\\/www.trend4ward.de\\\/trendblog\\\/#website\",\"url\":\"https:\\\/\\\/www.trend4ward.de\\\/trendblog\\\/\",\"name\":\"trendBlog \u2013 Wohnen, Reisen, Leben und Kultur\",\"description\":\"Portr\u00e4ts, Reportagen, Ratgeber. Seit 2009. Von Evelyn Steinbach.\",\"publisher\":{\"@id\":\"https:\\\/\\\/www.trend4ward.de\\\/trendblog\\\/#\\\/schema\\\/person\\\/c65dd8afd2fda04893d121f31b2a8ea4\"},\"potentialAction\":[{\"@type\":\"SearchAction\",\"target\":{\"@type\":\"EntryPoint\",\"urlTemplate\":\"https:\\\/\\\/www.trend4ward.de\\\/trendblog\\\/?s={search_term_string}\"},\"query-input\":{\"@type\":\"PropertyValueSpecification\",\"valueRequired\":true,\"valueName\":\"search_term_string\"}}],\"inLanguage\":\"de\"},{\"@type\":[\"Person\",\"Organization\"],\"@id\":\"https:\\\/\\\/www.trend4ward.de\\\/trendblog\\\/#\\\/schema\\\/person\\\/c65dd8afd2fda04893d121f31b2a8ea4\",\"name\":\"Evelyn Steinbach\",\"image\":{\"@type\":\"ImageObject\",\"inLanguage\":\"de\",\"@id\":\"https:\\\/\\\/www.trend4ward.de\\\/trendblog\\\/wp-content\\\/uploads\\\/2020\\\/11\\\/cropped-cropped-IMG_6744-e1692617617527.png\",\"url\":\"https:\\\/\\\/www.trend4ward.de\\\/trendblog\\\/wp-content\\\/uploads\\\/2020\\\/11\\\/cropped-cropped-IMG_6744-e1692617617527.png\",\"contentUrl\":\"https:\\\/\\\/www.trend4ward.de\\\/trendblog\\\/wp-content\\\/uploads\\\/2020\\\/11\\\/cropped-cropped-IMG_6744-e1692617617527.png\",\"width\":200,\"height\":183,\"caption\":\"Evelyn Steinbach\"},\"logo\":{\"@id\":\"https:\\\/\\\/www.trend4ward.de\\\/trendblog\\\/wp-content\\\/uploads\\\/2020\\\/11\\\/cropped-cropped-IMG_6744-e1692617617527.png\"},\"sameAs\":[\"http:\\\/\\\/www.trend4ward.de\"],\"url\":\"https:\\\/\\\/www.trend4ward.de\\\/trendblog\\\/author\\\/eve\\\/\"}]}<\/script>\n<!-- \/ Yoast SEO plugin. -->","yoast_head_json":{"title":"Im Fr\u00fchling an die Algarve &#8226; trendBlog \u2013 Wohnen, Reisen, Leben und Kultur","description":"Die schroffe Felslandschaft und die sch\u00f6nsten Str\u00e4nde Europas, dazu urspr\u00fcngliche Bergd\u00f6rfer im Hinterland: Im Fr\u00fchling gleicht die Algarve einem Naturschauspiel.","robots":{"index":"index","follow":"follow","max-snippet":"max-snippet:-1","max-image-preview":"max-image-preview:large","max-video-preview":"max-video-preview:-1"},"canonical":"https:\/\/www.trend4ward.de\/trendblog\/im-fruehling-an-die-algarve\/","og_locale":"de_DE","og_type":"article","og_title":"Im Fr\u00fchling an die Algarve &#8226; trendBlog \u2013 Wohnen, Reisen, Leben und Kultur","og_description":"Die schroffe Felslandschaft und die sch\u00f6nsten Str\u00e4nde Europas, dazu urspr\u00fcngliche Bergd\u00f6rfer im Hinterland: Im Fr\u00fchling gleicht die Algarve einem Naturschauspiel.","og_url":"https:\/\/www.trend4ward.de\/trendblog\/im-fruehling-an-die-algarve\/","og_site_name":"trendBlog \u2013 Wohnen, Reisen, Leben und Kultur","article_published_time":"2024-03-06T15:14:49+00:00","article_modified_time":"2026-02-19T14:45:00+00:00","og_image":[{"width":800,"height":533,"url":"https:\/\/www.trend4ward.de\/trendblog\/wp-content\/uploads\/2019\/05\/IMG_4839.jpg","type":"image\/jpeg"}],"author":"Evelyn Steinbach","twitter_misc":{"Verfasst von":"Evelyn Steinbach","Gesch\u00e4tzte Lesezeit":"7\u00a0Minuten"},"schema":{"@context":"https:\/\/schema.org","@graph":[{"@type":"Article","@id":"https:\/\/www.trend4ward.de\/trendblog\/im-fruehling-an-die-algarve\/#article","isPartOf":{"@id":"https:\/\/www.trend4ward.de\/trendblog\/im-fruehling-an-die-algarve\/"},"author":{"name":"Evelyn Steinbach","@id":"https:\/\/www.trend4ward.de\/trendblog\/#\/schema\/person\/c65dd8afd2fda04893d121f31b2a8ea4"},"headline":"Im Fr\u00fchling an die Algarve","datePublished":"2024-03-06T15:14:49+00:00","dateModified":"2026-02-19T14:45:00+00:00","mainEntityOfPage":{"@id":"https:\/\/www.trend4ward.de\/trendblog\/im-fruehling-an-die-algarve\/"},"wordCount":1120,"commentCount":0,"publisher":{"@id":"https:\/\/www.trend4ward.de\/trendblog\/#\/schema\/person\/c65dd8afd2fda04893d121f31b2a8ea4"},"image":{"@id":"https:\/\/www.trend4ward.de\/trendblog\/im-fruehling-an-die-algarve\/#primaryimage"},"thumbnailUrl":"https:\/\/www.trend4ward.de\/trendblog\/wp-content\/uploads\/2019\/05\/IMG_4839.jpg","keywords":["Meer","Portugal","Reisef\u00fchrer","Reisetrends","Strand","Urlaub","Wandern"],"articleSection":["Urlaub &amp; Verreisen"],"inLanguage":"de","potentialAction":[{"@type":"CommentAction","name":"Comment","target":["https:\/\/www.trend4ward.de\/trendblog\/im-fruehling-an-die-algarve\/#respond"]}]},{"@type":"WebPage","@id":"https:\/\/www.trend4ward.de\/trendblog\/im-fruehling-an-die-algarve\/","url":"https:\/\/www.trend4ward.de\/trendblog\/im-fruehling-an-die-algarve\/","name":"Im Fr\u00fchling an die Algarve &#8226; trendBlog \u2013 Wohnen, Reisen, Leben und Kultur","isPartOf":{"@id":"https:\/\/www.trend4ward.de\/trendblog\/#website"},"primaryImageOfPage":{"@id":"https:\/\/www.trend4ward.de\/trendblog\/im-fruehling-an-die-algarve\/#primaryimage"},"image":{"@id":"https:\/\/www.trend4ward.de\/trendblog\/im-fruehling-an-die-algarve\/#primaryimage"},"thumbnailUrl":"https:\/\/www.trend4ward.de\/trendblog\/wp-content\/uploads\/2019\/05\/IMG_4839.jpg","datePublished":"2024-03-06T15:14:49+00:00","dateModified":"2026-02-19T14:45:00+00:00","description":"Die schroffe Felslandschaft und die sch\u00f6nsten Str\u00e4nde Europas, dazu urspr\u00fcngliche Bergd\u00f6rfer im Hinterland: Im Fr\u00fchling gleicht die Algarve einem Naturschauspiel.","breadcrumb":{"@id":"https:\/\/www.trend4ward.de\/trendblog\/im-fruehling-an-die-algarve\/#breadcrumb"},"inLanguage":"de","potentialAction":[{"@type":"ReadAction","target":["https:\/\/www.trend4ward.de\/trendblog\/im-fruehling-an-die-algarve\/"]}]},{"@type":"ImageObject","inLanguage":"de","@id":"https:\/\/www.trend4ward.de\/trendblog\/im-fruehling-an-die-algarve\/#primaryimage","url":"https:\/\/www.trend4ward.de\/trendblog\/wp-content\/uploads\/2019\/05\/IMG_4839.jpg","contentUrl":"https:\/\/www.trend4ward.de\/trendblog\/wp-content\/uploads\/2019\/05\/IMG_4839.jpg","width":800,"height":533,"caption":"Algarve im Fr\u00fchling"},{"@type":"BreadcrumbList","@id":"https:\/\/www.trend4ward.de\/trendblog\/im-fruehling-an-die-algarve\/#breadcrumb","itemListElement":[{"@type":"ListItem","position":1,"name":"Home","item":"https:\/\/www.trend4ward.de\/trendblog\/"},{"@type":"ListItem","position":2,"name":"Im Fr\u00fchling an die Algarve"}]},{"@type":"WebSite","@id":"https:\/\/www.trend4ward.de\/trendblog\/#website","url":"https:\/\/www.trend4ward.de\/trendblog\/","name":"trendBlog \u2013 Wohnen, Reisen, Leben und Kultur","description":"Portr\u00e4ts, Reportagen, Ratgeber. Seit 2009. Von Evelyn Steinbach.","publisher":{"@id":"https:\/\/www.trend4ward.de\/trendblog\/#\/schema\/person\/c65dd8afd2fda04893d121f31b2a8ea4"},"potentialAction":[{"@type":"SearchAction","target":{"@type":"EntryPoint","urlTemplate":"https:\/\/www.trend4ward.de\/trendblog\/?s={search_term_string}"},"query-input":{"@type":"PropertyValueSpecification","valueRequired":true,"valueName":"search_term_string"}}],"inLanguage":"de"},{"@type":["Person","Organization"],"@id":"https:\/\/www.trend4ward.de\/trendblog\/#\/schema\/person\/c65dd8afd2fda04893d121f31b2a8ea4","name":"Evelyn Steinbach","image":{"@type":"ImageObject","inLanguage":"de","@id":"https:\/\/www.trend4ward.de\/trendblog\/wp-content\/uploads\/2020\/11\/cropped-cropped-IMG_6744-e1692617617527.png","url":"https:\/\/www.trend4ward.de\/trendblog\/wp-content\/uploads\/2020\/11\/cropped-cropped-IMG_6744-e1692617617527.png","contentUrl":"https:\/\/www.trend4ward.de\/trendblog\/wp-content\/uploads\/2020\/11\/cropped-cropped-IMG_6744-e1692617617527.png","width":200,"height":183,"caption":"Evelyn Steinbach"},"logo":{"@id":"https:\/\/www.trend4ward.de\/trendblog\/wp-content\/uploads\/2020\/11\/cropped-cropped-IMG_6744-e1692617617527.png"},"sameAs":["http:\/\/www.trend4ward.de"],"url":"https:\/\/www.trend4ward.de\/trendblog\/author\/eve\/"}]}},"jetpack_featured_media_url":"https:\/\/www.trend4ward.de\/trendblog\/wp-content\/uploads\/2019\/05\/IMG_4839.jpg","jetpack_sharing_enabled":true,"_links":{"self":[{"href":"https:\/\/www.trend4ward.de\/trendblog\/wp-json\/wp\/v2\/posts\/4705","targetHints":{"allow":["GET"]}}],"collection":[{"href":"https:\/\/www.trend4ward.de\/trendblog\/wp-json\/wp\/v2\/posts"}],"about":[{"href":"https:\/\/www.trend4ward.de\/trendblog\/wp-json\/wp\/v2\/types\/post"}],"author":[{"embeddable":true,"href":"https:\/\/www.trend4ward.de\/trendblog\/wp-json\/wp\/v2\/users\/1"}],"replies":[{"embeddable":true,"href":"https:\/\/www.trend4ward.de\/trendblog\/wp-json\/wp\/v2\/comments?post=4705"}],"version-history":[{"count":6,"href":"https:\/\/www.trend4ward.de\/trendblog\/wp-json\/wp\/v2\/posts\/4705\/revisions"}],"predecessor-version":[{"id":6301,"href":"https:\/\/www.trend4ward.de\/trendblog\/wp-json\/wp\/v2\/posts\/4705\/revisions\/6301"}],"wp:featuredmedia":[{"embeddable":true,"href":"https:\/\/www.trend4ward.de\/trendblog\/wp-json\/wp\/v2\/media\/4766"}],"wp:attachment":[{"href":"https:\/\/www.trend4ward.de\/trendblog\/wp-json\/wp\/v2\/media?parent=4705"}],"wp:term":[{"taxonomy":"category","embeddable":true,"href":"https:\/\/www.trend4ward.de\/trendblog\/wp-json\/wp\/v2\/categories?post=4705"},{"taxonomy":"post_tag","embeddable":true,"href":"https:\/\/www.trend4ward.de\/trendblog\/wp-json\/wp\/v2\/tags?post=4705"}],"curies":[{"name":"wp","href":"https:\/\/api.w.org\/{rel}","templated":true}]}}