{"id":4888,"date":"2019-10-30T11:34:41","date_gmt":"2019-10-30T10:34:41","guid":{"rendered":"https:\/\/www.trend4ward.de\/trendblog\/?p=4888"},"modified":"2019-10-30T11:36:18","modified_gmt":"2019-10-30T10:36:18","slug":"lamellenvorhang-motiv","status":"publish","type":"post","link":"https:\/\/www.trend4ward.de\/trendblog\/lamellenvorhang-motiv\/","title":{"rendered":"Lamelle mal anders"},"content":{"rendered":"<p><strong>Stoff-Vorhang, Rollo oder doch wieder Lamelle? Sicht- und Sonnenschutz f\u00fcrs Fenster sollte zur Einrichtung passen oder selbst stilgebend sein, wie diese aktuellen Lamellen-Dessins zeigen.<\/strong><!--more--><\/p>\n<div class=\"textLayer\">\n<div>\n<div>\n<div>Lamellenvorh\u00e4nge, auch Vertikaljalousien&nbsp;genannt, in&nbsp;wei\u00dfen oder&nbsp;grauen&nbsp;Lamellenstreifen wirken zwar zeitlos und unterst\u00fctzen ein puristisches Design, dieses kann auf Dauer aber auch k\u00fchl und langweilig wirken. Durch helle, freundliche Farben und Motive wirken R\u00e4ume oftmals&nbsp;gem\u00fctlicher. Um ein harmonisches Ambiente&nbsp;in Wohn-&nbsp;und Gesch\u00e4ftsr\u00e4umen&nbsp;zu schaffen,&nbsp;sollten sich die Farben bzw. Motive&nbsp;der&nbsp;Lamellenvorh\u00e4nge&nbsp;an der Einrichtung orientieren oder umgekehrt. Die Firma La-Melle aus dem nieders\u00e4chsischen Peine macht es beispielsweise m\u00f6glich, dass sich Kunden ihre eigene Grafik aus einer Datenbank mit 70.000 Motiven ausw\u00e4hlen. Ebenso ist das Ma\u00df der Vorh\u00e4nge auf das Fenster anpasspar bis zu einer Laufbreite von sechs Metern, so das Unternehmen.<\/div>\n<\/div>\n<\/div>\n<div>\n<div>\n<div>&nbsp;<\/div>\n<div>In den Lamellen mit Motiv sind&nbsp;Beschwerungsplatten&nbsp;im Stoff&nbsp;eingearbeitet. Diese bewirken, dass sich die Lamellen gerade ausrichten und so die Grafik besser zur Geltung kommt.&nbsp;Bedruckt werden die Lamellen auf Kunststoffen. &#8222;Wir empfehlen einen 230 Gramm&nbsp;schweren Dekostoff aus Polyester&nbsp;zu verwenden, der Tageslicht durchl\u00e4sst, aber vor direkter Sonneneinstrahlung sch\u00fctzt&#8220;, sagt Enrico Thurmann, Vertriebs-&nbsp;und Marketing-Manager von La-Melle.&nbsp;Dieser eigne sich f\u00fcr den Wohn- und Essbereich, Kinderzimmer, Winterg\u00e4rten &nbsp;sowie B\u00fcro- und Konferenzr\u00e4ume.<\/div>\n<div>&nbsp;<\/div>\n<\/div>\n<h2>Hier eine Inspiration der Lamellenvorh\u00e4nge mit Motiv:<\/h2>\n<\/div>\n<\/div>\n<div>&nbsp;<\/div>\n<div class=\"textLayer\">\n<div>\n<div class=\"textLayer\">\n<div class=\"endOfContent\">\n<p>&nbsp;<\/p>\n<p><a href=\"https:\/\/www.trend4ward.de\/trendblog\/wp-content\/uploads\/2019\/10\/@la-melle-Lamellenvorhang-B\u00fcro-abstraktives-Bergmotiv.jpg\"><img loading=\"lazy\" decoding=\"async\" class=\"aligncenter wp-image-4891 size-large\" src=\"https:\/\/www.trend4ward.de\/trendblog\/wp-content\/uploads\/2019\/10\/@la-melle-Lamellenvorhang-B\u00fcro-abstraktives-Bergmotiv-1024x683.jpg\" alt=\"B\u00fcro mit Lamellenvorhang La-Melle\" width=\"640\" height=\"427\" srcset=\"https:\/\/www.trend4ward.de\/trendblog\/wp-content\/uploads\/2019\/10\/@la-melle-Lamellenvorhang-B\u00fcro-abstraktives-Bergmotiv-1024x683.jpg 1024w, https:\/\/www.trend4ward.de\/trendblog\/wp-content\/uploads\/2019\/10\/@la-melle-Lamellenvorhang-B\u00fcro-abstraktives-Bergmotiv-300x200.jpg 300w, https:\/\/www.trend4ward.de\/trendblog\/wp-content\/uploads\/2019\/10\/@la-melle-Lamellenvorhang-B\u00fcro-abstraktives-Bergmotiv-768x512.jpg 768w, https:\/\/www.trend4ward.de\/trendblog\/wp-content\/uploads\/2019\/10\/@la-melle-Lamellenvorhang-B\u00fcro-abstraktives-Bergmotiv-480x320.jpg 480w, https:\/\/www.trend4ward.de\/trendblog\/wp-content\/uploads\/2019\/10\/@la-melle-Lamellenvorhang-B\u00fcro-abstraktives-Bergmotiv-90x60.jpg 90w, https:\/\/www.trend4ward.de\/trendblog\/wp-content\/uploads\/2019\/10\/@la-melle-Lamellenvorhang-B\u00fcro-abstraktives-Bergmotiv.jpg 1500w\" sizes=\"auto, (max-width: 640px) 100vw, 640px\" \/><\/a><a href=\"https:\/\/www.trend4ward.de\/trendblog\/wp-content\/uploads\/2019\/10\/@la-melle-Lamellenvorhand-Badezimmer.jpg\"><img loading=\"lazy\" decoding=\"async\" class=\"aligncenter wp-image-4890 size-large\" src=\"https:\/\/www.trend4ward.de\/trendblog\/wp-content\/uploads\/2019\/10\/@la-melle-Lamellenvorhand-Badezimmer-1024x696.jpg\" alt=\"Badezimmer mit Lamellenvorhang Orchidee\" width=\"640\" height=\"435\" srcset=\"https:\/\/www.trend4ward.de\/trendblog\/wp-content\/uploads\/2019\/10\/@la-melle-Lamellenvorhand-Badezimmer-1024x696.jpg 1024w, https:\/\/www.trend4ward.de\/trendblog\/wp-content\/uploads\/2019\/10\/@la-melle-Lamellenvorhand-Badezimmer-300x204.jpg 300w, https:\/\/www.trend4ward.de\/trendblog\/wp-content\/uploads\/2019\/10\/@la-melle-Lamellenvorhand-Badezimmer-768x522.jpg 768w, https:\/\/www.trend4ward.de\/trendblog\/wp-content\/uploads\/2019\/10\/@la-melle-Lamellenvorhand-Badezimmer-480x326.jpg 480w, https:\/\/www.trend4ward.de\/trendblog\/wp-content\/uploads\/2019\/10\/@la-melle-Lamellenvorhand-Badezimmer-88x60.jpg 88w, https:\/\/www.trend4ward.de\/trendblog\/wp-content\/uploads\/2019\/10\/@la-melle-Lamellenvorhand-Badezimmer.jpg 1500w\" sizes=\"auto, (max-width: 640px) 100vw, 640px\" \/><\/a><\/p>\n<figure id=\"attachment_4892\" aria-describedby=\"caption-attachment-4892\" style=\"width: 640px\" class=\"wp-caption aligncenter\"><a href=\"https:\/\/www.trend4ward.de\/trendblog\/wp-content\/uploads\/2019\/10\/@La-melle-Lamellenvorhang-B\u00fcro-blaues-Motiv.jpg\"><img loading=\"lazy\" decoding=\"async\" class=\"wp-image-4892 size-large\" src=\"https:\/\/www.trend4ward.de\/trendblog\/wp-content\/uploads\/2019\/10\/@La-melle-Lamellenvorhang-B\u00fcro-blaues-Motiv-1024x683.jpg\" alt=\"B\u00fcro mit Lamellenvorhang\" width=\"640\" height=\"427\" srcset=\"https:\/\/www.trend4ward.de\/trendblog\/wp-content\/uploads\/2019\/10\/@La-melle-Lamellenvorhang-B\u00fcro-blaues-Motiv-1024x683.jpg 1024w, https:\/\/www.trend4ward.de\/trendblog\/wp-content\/uploads\/2019\/10\/@La-melle-Lamellenvorhang-B\u00fcro-blaues-Motiv-300x200.jpg 300w, https:\/\/www.trend4ward.de\/trendblog\/wp-content\/uploads\/2019\/10\/@La-melle-Lamellenvorhang-B\u00fcro-blaues-Motiv-768x512.jpg 768w, https:\/\/www.trend4ward.de\/trendblog\/wp-content\/uploads\/2019\/10\/@La-melle-Lamellenvorhang-B\u00fcro-blaues-Motiv-480x320.jpg 480w, https:\/\/www.trend4ward.de\/trendblog\/wp-content\/uploads\/2019\/10\/@La-melle-Lamellenvorhang-B\u00fcro-blaues-Motiv-90x60.jpg 90w, https:\/\/www.trend4ward.de\/trendblog\/wp-content\/uploads\/2019\/10\/@La-melle-Lamellenvorhang-B\u00fcro-blaues-Motiv.jpg 1500w\" sizes=\"auto, (max-width: 640px) 100vw, 640px\" \/><\/a><figcaption id=\"caption-attachment-4892\" class=\"wp-caption-text\">Alle Fotos: La-Melle<\/figcaption><\/figure>\n<\/div>\n<\/div>\n<div class=\"annotationLayer\">&nbsp;<\/div>\n<\/div>\n<div class=\"endOfContent\">&nbsp;<\/div>\n<\/div>\n<div class=\"annotationLayer\">&nbsp;<\/div>\n","protected":false},"excerpt":{"rendered":"<p>Stoff-Vorhang, Rollo oder doch wieder Lamelle? Sicht- und Sonnenschutz f\u00fcrs Fenster sollte zur Einrichtung passen oder selbst stilgebend sein, wie diese aktuellen Lamellen-Dessins zeigen.<\/p>\n","protected":false},"author":1,"featured_media":4893,"comment_status":"open","ping_status":"open","sticky":false,"template":"","format":"standard","meta":{"om_disable_all_campaigns":false,"_monsterinsights_skip_tracking":false,"_monsterinsights_sitenote_active":false,"_monsterinsights_sitenote_note":"","_monsterinsights_sitenote_category":0,"_uf_show_specific_survey":0,"_uf_disable_surveys":false,"neve_meta_sidebar":"","neve_meta_container":"","neve_meta_enable_content_width":"","neve_meta_content_width":0,"neve_meta_title_alignment":"","neve_meta_author_avatar":"","neve_post_elements_order":"","neve_meta_disable_header":"","neve_meta_disable_footer":"","neve_meta_disable_title":"","ngg_post_thumbnail":0,"_jetpack_memberships_contains_paid_content":false,"footnotes":""},"categories":[15],"tags":[18,92,48],"class_list":["post-4888","post","type-post","status-publish","format-standard","has-post-thumbnail","hentry","category-wohnen","tag-dekoration","tag-homing","tag-moebel"],"yoast_head":"<!-- This site is optimized with the Yoast SEO plugin v27.4 - https:\/\/yoast.com\/product\/yoast-seo-wordpress\/ -->\n<title>Lamelle mal anders &#8226; trendBlog \u2013 Wohnen, Reisen, Leben und Kultur<\/title>\n<meta name=\"description\" content=\"Statt grau, besser bunt und mit Motiv: Wie Lamellenvorh\u00e4nge im B\u00fcro und der Wohnung heute aussehen, erfahren Sie hier.\" \/>\n<meta name=\"robots\" content=\"index, follow, max-snippet:-1, max-image-preview:large, max-video-preview:-1\" \/>\n<link rel=\"canonical\" href=\"https:\/\/www.trend4ward.de\/trendblog\/lamellenvorhang-motiv\/\" \/>\n<meta property=\"og:locale\" content=\"de_DE\" \/>\n<meta property=\"og:type\" content=\"article\" \/>\n<meta property=\"og:title\" content=\"Lamelle mal anders &#8226; trendBlog \u2013 Wohnen, Reisen, Leben und Kultur\" \/>\n<meta property=\"og:description\" content=\"Statt grau, besser bunt und mit Motiv: Wie Lamellenvorh\u00e4nge im B\u00fcro und der Wohnung heute aussehen, erfahren Sie hier.\" \/>\n<meta property=\"og:url\" content=\"https:\/\/www.trend4ward.de\/trendblog\/lamellenvorhang-motiv\/\" \/>\n<meta property=\"og:site_name\" content=\"trendBlog \u2013 Wohnen, Reisen, Leben und Kultur\" \/>\n<meta property=\"article:published_time\" content=\"2019-10-30T10:34:41+00:00\" \/>\n<meta property=\"article:modified_time\" content=\"2019-10-30T10:36:18+00:00\" \/>\n<meta property=\"og:image\" content=\"https:\/\/www.trend4ward.de\/trendblog\/wp-content\/uploads\/2019\/10\/@la-melle-Lamellenvorhang-Wohnzimmer-W\u00fcstenmotiv.jpg\" \/>\n\t<meta property=\"og:image:width\" content=\"1500\" \/>\n\t<meta property=\"og:image:height\" content=\"837\" \/>\n\t<meta property=\"og:image:type\" content=\"image\/jpeg\" \/>\n<meta name=\"author\" content=\"Evelyn Steinbach\" \/>\n<meta name=\"twitter:label1\" content=\"Verfasst von\" \/>\n\t<meta name=\"twitter:data1\" content=\"Evelyn Steinbach\" \/>\n\t<meta name=\"twitter:label2\" content=\"Gesch\u00e4tzte Lesezeit\" \/>\n\t<meta name=\"twitter:data2\" content=\"1\u00a0Minute\" \/>\n<script type=\"application\/ld+json\" class=\"yoast-schema-graph\">{\"@context\":\"https:\\\/\\\/schema.org\",\"@graph\":[{\"@type\":\"Article\",\"@id\":\"https:\\\/\\\/www.trend4ward.de\\\/trendblog\\\/lamellenvorhang-motiv\\\/#article\",\"isPartOf\":{\"@id\":\"https:\\\/\\\/www.trend4ward.de\\\/trendblog\\\/lamellenvorhang-motiv\\\/\"},\"author\":{\"name\":\"Evelyn Steinbach\",\"@id\":\"https:\\\/\\\/www.trend4ward.de\\\/trendblog\\\/#\\\/schema\\\/person\\\/c65dd8afd2fda04893d121f31b2a8ea4\"},\"headline\":\"Lamelle mal anders\",\"datePublished\":\"2019-10-30T10:34:41+00:00\",\"dateModified\":\"2019-10-30T10:36:18+00:00\",\"mainEntityOfPage\":{\"@id\":\"https:\\\/\\\/www.trend4ward.de\\\/trendblog\\\/lamellenvorhang-motiv\\\/\"},\"wordCount\":269,\"commentCount\":0,\"publisher\":{\"@id\":\"https:\\\/\\\/www.trend4ward.de\\\/trendblog\\\/#\\\/schema\\\/person\\\/c65dd8afd2fda04893d121f31b2a8ea4\"},\"image\":{\"@id\":\"https:\\\/\\\/www.trend4ward.de\\\/trendblog\\\/lamellenvorhang-motiv\\\/#primaryimage\"},\"thumbnailUrl\":\"https:\\\/\\\/www.trend4ward.de\\\/trendblog\\\/wp-content\\\/uploads\\\/2019\\\/10\\\/@la-melle-Lamellenvorhang-Wohnzimmer-W\u00fcstenmotiv.jpg\",\"keywords\":[\"Dekoideen\",\"Homing\",\"M\u00f6bel\"],\"articleSection\":[\"Wohnen &amp; Einrichten\"],\"inLanguage\":\"de\",\"potentialAction\":[{\"@type\":\"CommentAction\",\"name\":\"Comment\",\"target\":[\"https:\\\/\\\/www.trend4ward.de\\\/trendblog\\\/lamellenvorhang-motiv\\\/#respond\"]}]},{\"@type\":\"WebPage\",\"@id\":\"https:\\\/\\\/www.trend4ward.de\\\/trendblog\\\/lamellenvorhang-motiv\\\/\",\"url\":\"https:\\\/\\\/www.trend4ward.de\\\/trendblog\\\/lamellenvorhang-motiv\\\/\",\"name\":\"Lamelle mal anders &#8226; trendBlog \u2013 Wohnen, Reisen, Leben und Kultur\",\"isPartOf\":{\"@id\":\"https:\\\/\\\/www.trend4ward.de\\\/trendblog\\\/#website\"},\"primaryImageOfPage\":{\"@id\":\"https:\\\/\\\/www.trend4ward.de\\\/trendblog\\\/lamellenvorhang-motiv\\\/#primaryimage\"},\"image\":{\"@id\":\"https:\\\/\\\/www.trend4ward.de\\\/trendblog\\\/lamellenvorhang-motiv\\\/#primaryimage\"},\"thumbnailUrl\":\"https:\\\/\\\/www.trend4ward.de\\\/trendblog\\\/wp-content\\\/uploads\\\/2019\\\/10\\\/@la-melle-Lamellenvorhang-Wohnzimmer-W\u00fcstenmotiv.jpg\",\"datePublished\":\"2019-10-30T10:34:41+00:00\",\"dateModified\":\"2019-10-30T10:36:18+00:00\",\"description\":\"Statt grau, besser bunt und mit Motiv: Wie Lamellenvorh\u00e4nge im B\u00fcro und der Wohnung heute aussehen, erfahren Sie hier.\",\"breadcrumb\":{\"@id\":\"https:\\\/\\\/www.trend4ward.de\\\/trendblog\\\/lamellenvorhang-motiv\\\/#breadcrumb\"},\"inLanguage\":\"de\",\"potentialAction\":[{\"@type\":\"ReadAction\",\"target\":[\"https:\\\/\\\/www.trend4ward.de\\\/trendblog\\\/lamellenvorhang-motiv\\\/\"]}]},{\"@type\":\"ImageObject\",\"inLanguage\":\"de\",\"@id\":\"https:\\\/\\\/www.trend4ward.de\\\/trendblog\\\/lamellenvorhang-motiv\\\/#primaryimage\",\"url\":\"https:\\\/\\\/www.trend4ward.de\\\/trendblog\\\/wp-content\\\/uploads\\\/2019\\\/10\\\/@la-melle-Lamellenvorhang-Wohnzimmer-W\u00fcstenmotiv.jpg\",\"contentUrl\":\"https:\\\/\\\/www.trend4ward.de\\\/trendblog\\\/wp-content\\\/uploads\\\/2019\\\/10\\\/@la-melle-Lamellenvorhang-Wohnzimmer-W\u00fcstenmotiv.jpg\",\"width\":1500,\"height\":837,\"caption\":\"Lamelle mit Motiv Berge\"},{\"@type\":\"BreadcrumbList\",\"@id\":\"https:\\\/\\\/www.trend4ward.de\\\/trendblog\\\/lamellenvorhang-motiv\\\/#breadcrumb\",\"itemListElement\":[{\"@type\":\"ListItem\",\"position\":1,\"name\":\"Home\",\"item\":\"https:\\\/\\\/www.trend4ward.de\\\/trendblog\\\/\"},{\"@type\":\"ListItem\",\"position\":2,\"name\":\"Lamelle mal anders\"}]},{\"@type\":\"WebSite\",\"@id\":\"https:\\\/\\\/www.trend4ward.de\\\/trendblog\\\/#website\",\"url\":\"https:\\\/\\\/www.trend4ward.de\\\/trendblog\\\/\",\"name\":\"trendBlog \u2013 Wohnen, Reisen, Leben und Kultur\",\"description\":\"Portr\u00e4ts, Reportagen, Ratgeber. Seit 2009. Von Evelyn Steinbach.\",\"publisher\":{\"@id\":\"https:\\\/\\\/www.trend4ward.de\\\/trendblog\\\/#\\\/schema\\\/person\\\/c65dd8afd2fda04893d121f31b2a8ea4\"},\"potentialAction\":[{\"@type\":\"SearchAction\",\"target\":{\"@type\":\"EntryPoint\",\"urlTemplate\":\"https:\\\/\\\/www.trend4ward.de\\\/trendblog\\\/?s={search_term_string}\"},\"query-input\":{\"@type\":\"PropertyValueSpecification\",\"valueRequired\":true,\"valueName\":\"search_term_string\"}}],\"inLanguage\":\"de\"},{\"@type\":[\"Person\",\"Organization\"],\"@id\":\"https:\\\/\\\/www.trend4ward.de\\\/trendblog\\\/#\\\/schema\\\/person\\\/c65dd8afd2fda04893d121f31b2a8ea4\",\"name\":\"Evelyn Steinbach\",\"image\":{\"@type\":\"ImageObject\",\"inLanguage\":\"de\",\"@id\":\"https:\\\/\\\/www.trend4ward.de\\\/trendblog\\\/wp-content\\\/uploads\\\/2020\\\/11\\\/cropped-cropped-IMG_6744-e1692617617527.png\",\"url\":\"https:\\\/\\\/www.trend4ward.de\\\/trendblog\\\/wp-content\\\/uploads\\\/2020\\\/11\\\/cropped-cropped-IMG_6744-e1692617617527.png\",\"contentUrl\":\"https:\\\/\\\/www.trend4ward.de\\\/trendblog\\\/wp-content\\\/uploads\\\/2020\\\/11\\\/cropped-cropped-IMG_6744-e1692617617527.png\",\"width\":200,\"height\":183,\"caption\":\"Evelyn Steinbach\"},\"logo\":{\"@id\":\"https:\\\/\\\/www.trend4ward.de\\\/trendblog\\\/wp-content\\\/uploads\\\/2020\\\/11\\\/cropped-cropped-IMG_6744-e1692617617527.png\"},\"sameAs\":[\"http:\\\/\\\/www.trend4ward.de\"],\"url\":\"https:\\\/\\\/www.trend4ward.de\\\/trendblog\\\/author\\\/eve\\\/\"}]}<\/script>\n<!-- \/ Yoast SEO plugin. -->","yoast_head_json":{"title":"Lamelle mal anders &#8226; trendBlog \u2013 Wohnen, Reisen, Leben und Kultur","description":"Statt grau, besser bunt und mit Motiv: Wie Lamellenvorh\u00e4nge im B\u00fcro und der Wohnung heute aussehen, erfahren Sie hier.","robots":{"index":"index","follow":"follow","max-snippet":"max-snippet:-1","max-image-preview":"max-image-preview:large","max-video-preview":"max-video-preview:-1"},"canonical":"https:\/\/www.trend4ward.de\/trendblog\/lamellenvorhang-motiv\/","og_locale":"de_DE","og_type":"article","og_title":"Lamelle mal anders &#8226; trendBlog \u2013 Wohnen, Reisen, Leben und Kultur","og_description":"Statt grau, besser bunt und mit Motiv: Wie Lamellenvorh\u00e4nge im B\u00fcro und der Wohnung heute aussehen, erfahren Sie hier.","og_url":"https:\/\/www.trend4ward.de\/trendblog\/lamellenvorhang-motiv\/","og_site_name":"trendBlog \u2013 Wohnen, Reisen, Leben und Kultur","article_published_time":"2019-10-30T10:34:41+00:00","article_modified_time":"2019-10-30T10:36:18+00:00","og_image":[{"width":1500,"height":837,"url":"https:\/\/www.trend4ward.de\/trendblog\/wp-content\/uploads\/2019\/10\/@la-melle-Lamellenvorhang-Wohnzimmer-W\u00fcstenmotiv.jpg","type":"image\/jpeg"}],"author":"Evelyn Steinbach","twitter_misc":{"Verfasst von":"Evelyn Steinbach","Gesch\u00e4tzte Lesezeit":"1\u00a0Minute"},"schema":{"@context":"https:\/\/schema.org","@graph":[{"@type":"Article","@id":"https:\/\/www.trend4ward.de\/trendblog\/lamellenvorhang-motiv\/#article","isPartOf":{"@id":"https:\/\/www.trend4ward.de\/trendblog\/lamellenvorhang-motiv\/"},"author":{"name":"Evelyn Steinbach","@id":"https:\/\/www.trend4ward.de\/trendblog\/#\/schema\/person\/c65dd8afd2fda04893d121f31b2a8ea4"},"headline":"Lamelle mal anders","datePublished":"2019-10-30T10:34:41+00:00","dateModified":"2019-10-30T10:36:18+00:00","mainEntityOfPage":{"@id":"https:\/\/www.trend4ward.de\/trendblog\/lamellenvorhang-motiv\/"},"wordCount":269,"commentCount":0,"publisher":{"@id":"https:\/\/www.trend4ward.de\/trendblog\/#\/schema\/person\/c65dd8afd2fda04893d121f31b2a8ea4"},"image":{"@id":"https:\/\/www.trend4ward.de\/trendblog\/lamellenvorhang-motiv\/#primaryimage"},"thumbnailUrl":"https:\/\/www.trend4ward.de\/trendblog\/wp-content\/uploads\/2019\/10\/@la-melle-Lamellenvorhang-Wohnzimmer-W\u00fcstenmotiv.jpg","keywords":["Dekoideen","Homing","M\u00f6bel"],"articleSection":["Wohnen &amp; Einrichten"],"inLanguage":"de","potentialAction":[{"@type":"CommentAction","name":"Comment","target":["https:\/\/www.trend4ward.de\/trendblog\/lamellenvorhang-motiv\/#respond"]}]},{"@type":"WebPage","@id":"https:\/\/www.trend4ward.de\/trendblog\/lamellenvorhang-motiv\/","url":"https:\/\/www.trend4ward.de\/trendblog\/lamellenvorhang-motiv\/","name":"Lamelle mal anders &#8226; trendBlog \u2013 Wohnen, Reisen, Leben und Kultur","isPartOf":{"@id":"https:\/\/www.trend4ward.de\/trendblog\/#website"},"primaryImageOfPage":{"@id":"https:\/\/www.trend4ward.de\/trendblog\/lamellenvorhang-motiv\/#primaryimage"},"image":{"@id":"https:\/\/www.trend4ward.de\/trendblog\/lamellenvorhang-motiv\/#primaryimage"},"thumbnailUrl":"https:\/\/www.trend4ward.de\/trendblog\/wp-content\/uploads\/2019\/10\/@la-melle-Lamellenvorhang-Wohnzimmer-W\u00fcstenmotiv.jpg","datePublished":"2019-10-30T10:34:41+00:00","dateModified":"2019-10-30T10:36:18+00:00","description":"Statt grau, besser bunt und mit Motiv: Wie Lamellenvorh\u00e4nge im B\u00fcro und der Wohnung heute aussehen, erfahren Sie hier.","breadcrumb":{"@id":"https:\/\/www.trend4ward.de\/trendblog\/lamellenvorhang-motiv\/#breadcrumb"},"inLanguage":"de","potentialAction":[{"@type":"ReadAction","target":["https:\/\/www.trend4ward.de\/trendblog\/lamellenvorhang-motiv\/"]}]},{"@type":"ImageObject","inLanguage":"de","@id":"https:\/\/www.trend4ward.de\/trendblog\/lamellenvorhang-motiv\/#primaryimage","url":"https:\/\/www.trend4ward.de\/trendblog\/wp-content\/uploads\/2019\/10\/@la-melle-Lamellenvorhang-Wohnzimmer-W\u00fcstenmotiv.jpg","contentUrl":"https:\/\/www.trend4ward.de\/trendblog\/wp-content\/uploads\/2019\/10\/@la-melle-Lamellenvorhang-Wohnzimmer-W\u00fcstenmotiv.jpg","width":1500,"height":837,"caption":"Lamelle mit Motiv Berge"},{"@type":"BreadcrumbList","@id":"https:\/\/www.trend4ward.de\/trendblog\/lamellenvorhang-motiv\/#breadcrumb","itemListElement":[{"@type":"ListItem","position":1,"name":"Home","item":"https:\/\/www.trend4ward.de\/trendblog\/"},{"@type":"ListItem","position":2,"name":"Lamelle mal anders"}]},{"@type":"WebSite","@id":"https:\/\/www.trend4ward.de\/trendblog\/#website","url":"https:\/\/www.trend4ward.de\/trendblog\/","name":"trendBlog \u2013 Wohnen, Reisen, Leben und Kultur","description":"Portr\u00e4ts, Reportagen, Ratgeber. Seit 2009. Von Evelyn Steinbach.","publisher":{"@id":"https:\/\/www.trend4ward.de\/trendblog\/#\/schema\/person\/c65dd8afd2fda04893d121f31b2a8ea4"},"potentialAction":[{"@type":"SearchAction","target":{"@type":"EntryPoint","urlTemplate":"https:\/\/www.trend4ward.de\/trendblog\/?s={search_term_string}"},"query-input":{"@type":"PropertyValueSpecification","valueRequired":true,"valueName":"search_term_string"}}],"inLanguage":"de"},{"@type":["Person","Organization"],"@id":"https:\/\/www.trend4ward.de\/trendblog\/#\/schema\/person\/c65dd8afd2fda04893d121f31b2a8ea4","name":"Evelyn Steinbach","image":{"@type":"ImageObject","inLanguage":"de","@id":"https:\/\/www.trend4ward.de\/trendblog\/wp-content\/uploads\/2020\/11\/cropped-cropped-IMG_6744-e1692617617527.png","url":"https:\/\/www.trend4ward.de\/trendblog\/wp-content\/uploads\/2020\/11\/cropped-cropped-IMG_6744-e1692617617527.png","contentUrl":"https:\/\/www.trend4ward.de\/trendblog\/wp-content\/uploads\/2020\/11\/cropped-cropped-IMG_6744-e1692617617527.png","width":200,"height":183,"caption":"Evelyn Steinbach"},"logo":{"@id":"https:\/\/www.trend4ward.de\/trendblog\/wp-content\/uploads\/2020\/11\/cropped-cropped-IMG_6744-e1692617617527.png"},"sameAs":["http:\/\/www.trend4ward.de"],"url":"https:\/\/www.trend4ward.de\/trendblog\/author\/eve\/"}]}},"jetpack_featured_media_url":"https:\/\/www.trend4ward.de\/trendblog\/wp-content\/uploads\/2019\/10\/@la-melle-Lamellenvorhang-Wohnzimmer-W\u00fcstenmotiv.jpg","jetpack_sharing_enabled":true,"_links":{"self":[{"href":"https:\/\/www.trend4ward.de\/trendblog\/wp-json\/wp\/v2\/posts\/4888","targetHints":{"allow":["GET"]}}],"collection":[{"href":"https:\/\/www.trend4ward.de\/trendblog\/wp-json\/wp\/v2\/posts"}],"about":[{"href":"https:\/\/www.trend4ward.de\/trendblog\/wp-json\/wp\/v2\/types\/post"}],"author":[{"embeddable":true,"href":"https:\/\/www.trend4ward.de\/trendblog\/wp-json\/wp\/v2\/users\/1"}],"replies":[{"embeddable":true,"href":"https:\/\/www.trend4ward.de\/trendblog\/wp-json\/wp\/v2\/comments?post=4888"}],"version-history":[{"count":5,"href":"https:\/\/www.trend4ward.de\/trendblog\/wp-json\/wp\/v2\/posts\/4888\/revisions"}],"predecessor-version":[{"id":4897,"href":"https:\/\/www.trend4ward.de\/trendblog\/wp-json\/wp\/v2\/posts\/4888\/revisions\/4897"}],"wp:featuredmedia":[{"embeddable":true,"href":"https:\/\/www.trend4ward.de\/trendblog\/wp-json\/wp\/v2\/media\/4893"}],"wp:attachment":[{"href":"https:\/\/www.trend4ward.de\/trendblog\/wp-json\/wp\/v2\/media?parent=4888"}],"wp:term":[{"taxonomy":"category","embeddable":true,"href":"https:\/\/www.trend4ward.de\/trendblog\/wp-json\/wp\/v2\/categories?post=4888"},{"taxonomy":"post_tag","embeddable":true,"href":"https:\/\/www.trend4ward.de\/trendblog\/wp-json\/wp\/v2\/tags?post=4888"}],"curies":[{"name":"wp","href":"https:\/\/api.w.org\/{rel}","templated":true}]}}