{"id":5225,"date":"2020-06-30T11:54:28","date_gmt":"2020-06-30T09:54:28","guid":{"rendered":"https:\/\/www.trend4ward.de\/trendblog\/?p=5225"},"modified":"2020-07-15T12:49:32","modified_gmt":"2020-07-15T10:49:32","slug":"sommerbalkon-mit-geranien","status":"publish","type":"post","link":"https:\/\/www.trend4ward.de\/trendblog\/sommerbalkon-mit-geranien\/","title":{"rendered":"Sommerbalkon mit Geranien"},"content":{"rendered":"\n<p><strong>Ein Sommerurlaub auf  dem Balkon kann wunderbar erholsam sein. Mit sch\u00f6nen M\u00f6beln, Pflanzen und Accessoires l\u00e4sst es sich gut leben. <\/strong><\/p>\n\n\n\n<p>Gl\u00fccksinsel inmitten der Stadt: Kleine Fr\u00fcchte aus eigener Ernte, wohlriechende D\u00fcfte, farbenpr\u00e4chtige Bl\u00fcten und Accessoires, dieser kleine Stadtbalkon spricht alle Sinne an. Prachtvoll bl\u00fchende, bunte Geranien gedeihen neben Chilis, Tomaten, Erdbeeren und Kr\u00e4utern. Ein Orangen- und ein Olivenb\u00e4umchen verspr\u00fchen mediterranes Flair und \u00fcberall ziehen liebevoll ausgew\u00e4hlte Accessoires die Blicke auf sich.<\/p>\n\n\n\n<p class=\"has-background has-text-align-center has-large-font-size has-luminous-vivid-amber-background-color\"><strong>Hier ein paar sch\u00f6ne Einrichtungs-Ideen f\u00fcr den Sommerbalkon mit Geranien:<\/strong><\/p>\n\n\n\n<div class=\"wp-block-image\"><figure class=\"aligncenter size-large\"><img loading=\"lazy\" decoding=\"async\" width=\"683\" height=\"1024\" src=\"https:\/\/www.trend4ward.de\/trendblog\/wp-content\/uploads\/2020\/06\/2020_Geraniums_3000_ng-Geraniums_03-683x1024.jpg\" alt=\"\" class=\"wp-image-5226\" srcset=\"https:\/\/www.trend4ward.de\/trendblog\/wp-content\/uploads\/2020\/06\/2020_Geraniums_3000_ng-Geraniums_03-683x1024.jpg 683w, https:\/\/www.trend4ward.de\/trendblog\/wp-content\/uploads\/2020\/06\/2020_Geraniums_3000_ng-Geraniums_03-200x300.jpg 200w, https:\/\/www.trend4ward.de\/trendblog\/wp-content\/uploads\/2020\/06\/2020_Geraniums_3000_ng-Geraniums_03-768x1152.jpg 768w, https:\/\/www.trend4ward.de\/trendblog\/wp-content\/uploads\/2020\/06\/2020_Geraniums_3000_ng-Geraniums_03-480x720.jpg 480w, https:\/\/www.trend4ward.de\/trendblog\/wp-content\/uploads\/2020\/06\/2020_Geraniums_3000_ng-Geraniums_03-40x60.jpg 40w, https:\/\/www.trend4ward.de\/trendblog\/wp-content\/uploads\/2020\/06\/2020_Geraniums_3000_ng-Geraniums_03.jpg 1000w\" sizes=\"auto, (max-width: 683px) 100vw, 683px\" \/><figcaption>Gl\u00fccksinsel inmitten der Stadt: Frische Leckereien aus eigener Ernte, wohlriechende D\u00fcfte, farbenpr\u00e4chtige Bl\u00fcten und Accessoires. Dieser kleine Stadtbalkon spricht alle Sinne an. Prachtvoll bl\u00fchende, bunte Geranien gedeihen neben Chilis, Tomaten, Erdbeeren und Kr\u00e4utern. Ein Orangen- und ein Olivenb\u00e4umchen verspr\u00fchen mediterranes Flair und \u00fcberall ziehen liebevoll ausgew\u00e4hlte Accessoires die Blicke auf sich.<\/figcaption><\/figure><\/div>\n\n\n\n<div class=\"wp-block-image\"><figure class=\"aligncenter size-large\"><img loading=\"lazy\" decoding=\"async\" width=\"683\" height=\"1024\" src=\"https:\/\/www.trend4ward.de\/trendblog\/wp-content\/uploads\/2020\/06\/2020_Geraniums_3000_ng-Geraniums_12-683x1024.jpg\" alt=\"\" class=\"wp-image-5227\" srcset=\"https:\/\/www.trend4ward.de\/trendblog\/wp-content\/uploads\/2020\/06\/2020_Geraniums_3000_ng-Geraniums_12-683x1024.jpg 683w, https:\/\/www.trend4ward.de\/trendblog\/wp-content\/uploads\/2020\/06\/2020_Geraniums_3000_ng-Geraniums_12-200x300.jpg 200w, https:\/\/www.trend4ward.de\/trendblog\/wp-content\/uploads\/2020\/06\/2020_Geraniums_3000_ng-Geraniums_12-768x1152.jpg 768w, https:\/\/www.trend4ward.de\/trendblog\/wp-content\/uploads\/2020\/06\/2020_Geraniums_3000_ng-Geraniums_12-480x720.jpg 480w, https:\/\/www.trend4ward.de\/trendblog\/wp-content\/uploads\/2020\/06\/2020_Geraniums_3000_ng-Geraniums_12-40x60.jpg 40w, https:\/\/www.trend4ward.de\/trendblog\/wp-content\/uploads\/2020\/06\/2020_Geraniums_3000_ng-Geraniums_12.jpg 1000w\" sizes=\"auto, (max-width: 683px) 100vw, 683px\" \/><figcaption>Mit selbst gebauten M\u00f6beln, Pflanzen und bunten Accessoires wird auch der kleinste Stadtbalkon im Sommer zur Wellness-Oase, die zum Entspannen und Gl\u00fccklichsein einl\u00e4dt. F\u00fcr langanhaltenden Bl\u00fctenzauber sorgen farbenpr\u00e4chtige Geranien. Die Balkonsch\u00f6nheit liebt sonnige Standorte und ist wenig pflegeintensiv. Sie eignet sich deshalb auch sehr gut f\u00fcr Menschen mit wenig Zeit und Pflanzenerfahrung.<\/figcaption><\/figure><\/div>\n\n\n\n<div class=\"wp-block-image\"><figure class=\"aligncenter size-large\"><img loading=\"lazy\" decoding=\"async\" width=\"683\" height=\"1024\" src=\"https:\/\/www.trend4ward.de\/trendblog\/wp-content\/uploads\/2020\/06\/2020_Geraniums_3000_ng-Geraniums_01-683x1024.jpg\" alt=\"\" class=\"wp-image-5228\" srcset=\"https:\/\/www.trend4ward.de\/trendblog\/wp-content\/uploads\/2020\/06\/2020_Geraniums_3000_ng-Geraniums_01-683x1024.jpg 683w, https:\/\/www.trend4ward.de\/trendblog\/wp-content\/uploads\/2020\/06\/2020_Geraniums_3000_ng-Geraniums_01-200x300.jpg 200w, https:\/\/www.trend4ward.de\/trendblog\/wp-content\/uploads\/2020\/06\/2020_Geraniums_3000_ng-Geraniums_01-768x1152.jpg 768w, https:\/\/www.trend4ward.de\/trendblog\/wp-content\/uploads\/2020\/06\/2020_Geraniums_3000_ng-Geraniums_01-480x720.jpg 480w, https:\/\/www.trend4ward.de\/trendblog\/wp-content\/uploads\/2020\/06\/2020_Geraniums_3000_ng-Geraniums_01-40x60.jpg 40w, https:\/\/www.trend4ward.de\/trendblog\/wp-content\/uploads\/2020\/06\/2020_Geraniums_3000_ng-Geraniums_01.jpg 1000w\" sizes=\"auto, (max-width: 683px) 100vw, 683px\" \/><figcaption>Mit farbenfrohen M\u00f6beln, Pflanzen und Accessoires wird der Stadtbalkon im Sommer zur Wellness-Oase, die zum Entspannen, Genie\u00dfen und Gl\u00fccklichsein einl\u00e4dt. \u00dcppig bl\u00fchende Geranien, Tomatenpflanzen, ein Oliven- und ein Orangenb\u00e4umchen schaffen zusammen mit bunten M\u00f6beln und Deko-Elementen einen perfekten Rahmen f\u00fcr die kleine Auszeit vom Alltag. <strong>Alle Fotos:<\/strong> <strong>Pelargonium for Europe<\/strong><\/figcaption><\/figure><\/div>\n\n\n\n<p class=\"has-background has-text-align-center has-large-font-size has-luminous-vivid-amber-background-color\"><strong>Geranien-Pflegetipps f\u00fcr die besonders hei\u00dfen Sommertage<\/strong><\/p>\n\n\n\n<p class=\"has-medium-font-size\"><strong>Ausreichend Wasser<\/strong><\/p>\n\n\n\n<p>Geranien brauchen ausreichend Wasser. Zwar kann sie dank ihrer s\u00fcdafrikanischen Abstammung in ihren Stielen und dickwandigen Bl\u00e4ttern Feuchtigkeit speichern, so dass sie kurzzeitige&nbsp;Trockenheit problemlos \u00fcbersteht. Um immer wieder neue Bl\u00fcten zu bilden, ben\u00f6tigen Geranien jedoch&nbsp;regelm\u00e4\u00dfige Wassergaben, an besonders hei\u00dfen und sonnigen Tagen durchaus auch morgens und abends. Wichtig: Das Wasser sollte m\u00f6glichst umgebungswarm sein und direkt auf die Erde gegeben werden. Wem das zu viel Aufwand ist, kann auf spezielle Wasserspeicherk\u00e4sten bzw. auf automatische oder selbst gebaute Bew\u00e4sserungssysteme zur\u00fcckgreifen. Letztere lassen sich zum Beispiel mit PET Flaschen ganz einfach umsetzen.<\/p>\n\n\n\n<p class=\"has-medium-font-size\"><strong>Pflanzgef\u00e4\u00df: hell, gro\u00df und mit glatter Oberfl\u00e4che<\/strong><\/p>\n\n\n\n<p>Wieviel Wasser eine Pflanze ben\u00f6tigt, h\u00e4ngt auch von der Wahl des Pflanzgef\u00e4\u00dfes ab. Helle, gl\u00e4nzende Pflanzgef\u00e4\u00dfe reflektieren das Sonnenlicht. Hierdurch verdunstet Wasser in ihnen deutlich langsamer als in dunklen T\u00f6pfen und K\u00fcbeln. In&nbsp;<em>Terrakottagef\u00e4\u00dfe<\/em>n&nbsp;trocknet Erde schneller aus als in g<em>lasierte<\/em>n<em>&nbsp;T\u00f6pfe<\/em>noder&nbsp;<em>Kunststoffgef\u00e4\u00dfe<\/em>n, und gro\u00dfe Gef\u00e4\u00dfe haben aufgrund ihres h\u00f6heren Volumens eine h\u00f6here Wasserspeicherkapazit\u00e4t als kleine<em>.&nbsp;<\/em><\/p>\n\n\n\n<p class=\"has-medium-font-size\"><strong>Geranien st\u00e4rken<\/strong><\/p>\n\n\n\n<p>Pflanzen, die optimal mit N\u00e4hrstoffen versorgt sind, sind stressresistenter und vertragen auch gro\u00dfe Hitze besser. Als so genannte Starkzehrer haben Geranien einen besonders hohen N\u00e4hrstoffbedarf. Auch bei Verwendung vorged\u00fcngter Erde oder eines Langzeitd\u00fcngers ist es sinnvoll, das Gie\u00dfwasser etwa einmal pro Woche mit handels\u00fcblichem Geranien- oder Blumend\u00fcnger anzureichern. Bei vorged\u00fcngter Blumenerde sollte das Gie\u00dfwasser nach vier Wochen mit Fl\u00fcssigd\u00fcnger versehen werden. Bei Langzeitd\u00fcngern ist darauf zu achten, welcher Wirkungszeitraum f\u00fcr diesen D\u00fcnger angegeben wurde. Bei l\u00e4nger anhaltendender gro\u00dfer Hitze sollte auch schon vier Wochen vor dem angegebenen Wirkungsende mit der Fl\u00fcssigd\u00fcngung begonnen werden. Auch Pflanzenst\u00e4rkungsmittel wie zum Beispiel effektive Mikroorganismen unterst\u00fctzen die Pflanzen und machen sie auf nat\u00fcrliche Weise widerstandsf\u00e4higer.&nbsp;<\/p>\n\n\n\n<p class=\"has-medium-font-size\"><strong>Trockenzeiten \u00fcberbr\u00fccken<\/strong><\/p>\n\n\n\n<p>K\u00f6nnen Geranien w\u00e4hrend einer Sch\u00f6nwetterperiodeeinmalnicht ausreichend gegossen werden, ist es empfehlenswert<em>,&nbsp;<\/em>sie vor\u00fcbergehend an einen schattigen Standort zu stellen. Dies verringert den Wasserbedarf erheblich. Bei l\u00e4ngerer Abwesenheit kann man die Pflanze auch zur\u00fcckschneiden<em>.&nbsp;<\/em>Hierdurch b\u00fc\u00dft eine Geranie zwar vor\u00fcbergehend an Sch\u00f6nheit ein, doch w\u00e4chst sie hinterher in der Regel umso \u00fcppiger<em>.<\/em><\/p>\n\n\n\n<p><\/p>\n","protected":false},"excerpt":{"rendered":"<p>Ein Sommerurlaub auf dem Balkon kann wunderbar erholsam sein. Mit sch\u00f6nen M\u00f6beln, Pflanzen und Accessoires l\u00e4sst es sich gut leben. Gl\u00fccksinsel inmitten der Stadt: Kleine Fr\u00fcchte aus eigener Ernte, wohlriechende D\u00fcfte, farbenpr\u00e4chtige Bl\u00fcten und Accessoires, dieser kleine Stadtbalkon spricht alle Sinne an. Prachtvoll bl\u00fchende, bunte Geranien gedeihen neben Chilis, Tomaten, Erdbeeren und Kr\u00e4utern. Ein Orangen-&hellip;&nbsp;<a href=\"https:\/\/www.trend4ward.de\/trendblog\/sommerbalkon-mit-geranien\/\" rel=\"bookmark\">Weiterlesen &raquo;<span class=\"screen-reader-text\">Sommerbalkon mit Geranien<\/span><\/a><\/p>\n","protected":false},"author":1,"featured_media":5229,"comment_status":"open","ping_status":"open","sticky":false,"template":"","format":"standard","meta":{"om_disable_all_campaigns":false,"_monsterinsights_skip_tracking":false,"_monsterinsights_sitenote_active":false,"_monsterinsights_sitenote_note":"","_monsterinsights_sitenote_category":0,"_uf_show_specific_survey":0,"_uf_disable_surveys":false,"neve_meta_sidebar":"","neve_meta_container":"","neve_meta_enable_content_width":"","neve_meta_content_width":0,"neve_meta_title_alignment":"","neve_meta_author_avatar":"","neve_post_elements_order":"","neve_meta_disable_header":"","neve_meta_disable_footer":"","neve_meta_disable_title":"","ngg_post_thumbnail":0,"_jetpack_memberships_contains_paid_content":false,"footnotes":""},"categories":[68],"tags":[190,48],"class_list":["post-5225","post","type-post","status-publish","format-standard","has-post-thumbnail","hentry","category-garten","tag-gartenpflanzen","tag-moebel"],"yoast_head":"<!-- This site is optimized with the Yoast SEO plugin v27.4 - https:\/\/yoast.com\/product\/yoast-seo-wordpress\/ -->\n<title>Sommerbalkon mit Geranien &#8226; trendBlog \u2013 Wohnen, Reisen, Leben und Kultur<\/title>\n<meta name=\"description\" content=\"Ein Sommerurlaub auf dem Balkon kann wunderbar erholsam sein. Mit sch\u00f6nen M\u00f6beln und Pflanzen l\u00e4sst es sich gut leben. Hier zur Inspiration.\" \/>\n<meta name=\"robots\" content=\"index, follow, max-snippet:-1, max-image-preview:large, max-video-preview:-1\" \/>\n<link rel=\"canonical\" href=\"https:\/\/www.trend4ward.de\/trendblog\/sommerbalkon-mit-geranien\/\" \/>\n<meta property=\"og:locale\" content=\"de_DE\" \/>\n<meta property=\"og:type\" content=\"article\" \/>\n<meta property=\"og:title\" content=\"Sommerbalkon mit Geranien &#8226; trendBlog \u2013 Wohnen, Reisen, Leben und Kultur\" \/>\n<meta property=\"og:description\" content=\"Ein Sommerurlaub auf dem Balkon kann wunderbar erholsam sein. Mit sch\u00f6nen M\u00f6beln und Pflanzen l\u00e4sst es sich gut leben. Hier zur Inspiration.\" \/>\n<meta property=\"og:url\" content=\"https:\/\/www.trend4ward.de\/trendblog\/sommerbalkon-mit-geranien\/\" \/>\n<meta property=\"og:site_name\" content=\"trendBlog \u2013 Wohnen, Reisen, Leben und Kultur\" \/>\n<meta property=\"article:published_time\" content=\"2020-06-30T09:54:28+00:00\" \/>\n<meta property=\"article:modified_time\" content=\"2020-07-15T10:49:32+00:00\" \/>\n<meta property=\"og:image\" content=\"https:\/\/www.trend4ward.de\/trendblog\/wp-content\/uploads\/2020\/06\/2020_Geraniums_4000_a_of_Flowers_02.jpg\" \/>\n\t<meta property=\"og:image:width\" content=\"1000\" \/>\n\t<meta property=\"og:image:height\" content=\"1500\" \/>\n\t<meta property=\"og:image:type\" content=\"image\/jpeg\" \/>\n<meta name=\"author\" content=\"Evelyn Steinbach\" \/>\n<meta name=\"twitter:label1\" content=\"Verfasst von\" \/>\n\t<meta name=\"twitter:data1\" content=\"Evelyn Steinbach\" \/>\n\t<meta name=\"twitter:label2\" content=\"Gesch\u00e4tzte Lesezeit\" \/>\n\t<meta name=\"twitter:data2\" content=\"3\u00a0Minuten\" \/>\n<script type=\"application\/ld+json\" class=\"yoast-schema-graph\">{\"@context\":\"https:\\\/\\\/schema.org\",\"@graph\":[{\"@type\":\"Article\",\"@id\":\"https:\\\/\\\/www.trend4ward.de\\\/trendblog\\\/sommerbalkon-mit-geranien\\\/#article\",\"isPartOf\":{\"@id\":\"https:\\\/\\\/www.trend4ward.de\\\/trendblog\\\/sommerbalkon-mit-geranien\\\/\"},\"author\":{\"name\":\"Evelyn Steinbach\",\"@id\":\"https:\\\/\\\/www.trend4ward.de\\\/trendblog\\\/#\\\/schema\\\/person\\\/c65dd8afd2fda04893d121f31b2a8ea4\"},\"headline\":\"Sommerbalkon mit Geranien\",\"datePublished\":\"2020-06-30T09:54:28+00:00\",\"dateModified\":\"2020-07-15T10:49:32+00:00\",\"mainEntityOfPage\":{\"@id\":\"https:\\\/\\\/www.trend4ward.de\\\/trendblog\\\/sommerbalkon-mit-geranien\\\/\"},\"wordCount\":678,\"commentCount\":0,\"publisher\":{\"@id\":\"https:\\\/\\\/www.trend4ward.de\\\/trendblog\\\/#\\\/schema\\\/person\\\/c65dd8afd2fda04893d121f31b2a8ea4\"},\"image\":{\"@id\":\"https:\\\/\\\/www.trend4ward.de\\\/trendblog\\\/sommerbalkon-mit-geranien\\\/#primaryimage\"},\"thumbnailUrl\":\"https:\\\/\\\/www.trend4ward.de\\\/trendblog\\\/wp-content\\\/uploads\\\/2020\\\/06\\\/2020_Geraniums_4000_a_of_Flowers_02.jpg\",\"keywords\":[\"G\u00e4rtnern &amp; Gartenpflanzen\",\"M\u00f6bel\"],\"articleSection\":[\"Balkon &amp; Garten\"],\"inLanguage\":\"de\",\"potentialAction\":[{\"@type\":\"CommentAction\",\"name\":\"Comment\",\"target\":[\"https:\\\/\\\/www.trend4ward.de\\\/trendblog\\\/sommerbalkon-mit-geranien\\\/#respond\"]}]},{\"@type\":\"WebPage\",\"@id\":\"https:\\\/\\\/www.trend4ward.de\\\/trendblog\\\/sommerbalkon-mit-geranien\\\/\",\"url\":\"https:\\\/\\\/www.trend4ward.de\\\/trendblog\\\/sommerbalkon-mit-geranien\\\/\",\"name\":\"Sommerbalkon mit Geranien &#8226; trendBlog \u2013 Wohnen, Reisen, Leben und Kultur\",\"isPartOf\":{\"@id\":\"https:\\\/\\\/www.trend4ward.de\\\/trendblog\\\/#website\"},\"primaryImageOfPage\":{\"@id\":\"https:\\\/\\\/www.trend4ward.de\\\/trendblog\\\/sommerbalkon-mit-geranien\\\/#primaryimage\"},\"image\":{\"@id\":\"https:\\\/\\\/www.trend4ward.de\\\/trendblog\\\/sommerbalkon-mit-geranien\\\/#primaryimage\"},\"thumbnailUrl\":\"https:\\\/\\\/www.trend4ward.de\\\/trendblog\\\/wp-content\\\/uploads\\\/2020\\\/06\\\/2020_Geraniums_4000_a_of_Flowers_02.jpg\",\"datePublished\":\"2020-06-30T09:54:28+00:00\",\"dateModified\":\"2020-07-15T10:49:32+00:00\",\"description\":\"Ein Sommerurlaub auf dem Balkon kann wunderbar erholsam sein. Mit sch\u00f6nen M\u00f6beln und Pflanzen l\u00e4sst es sich gut leben. Hier zur Inspiration.\",\"breadcrumb\":{\"@id\":\"https:\\\/\\\/www.trend4ward.de\\\/trendblog\\\/sommerbalkon-mit-geranien\\\/#breadcrumb\"},\"inLanguage\":\"de\",\"potentialAction\":[{\"@type\":\"ReadAction\",\"target\":[\"https:\\\/\\\/www.trend4ward.de\\\/trendblog\\\/sommerbalkon-mit-geranien\\\/\"]}]},{\"@type\":\"ImageObject\",\"inLanguage\":\"de\",\"@id\":\"https:\\\/\\\/www.trend4ward.de\\\/trendblog\\\/sommerbalkon-mit-geranien\\\/#primaryimage\",\"url\":\"https:\\\/\\\/www.trend4ward.de\\\/trendblog\\\/wp-content\\\/uploads\\\/2020\\\/06\\\/2020_Geraniums_4000_a_of_Flowers_02.jpg\",\"contentUrl\":\"https:\\\/\\\/www.trend4ward.de\\\/trendblog\\\/wp-content\\\/uploads\\\/2020\\\/06\\\/2020_Geraniums_4000_a_of_Flowers_02.jpg\",\"width\":1000,\"height\":1500,\"caption\":\"Sommerbalkon Geranien\"},{\"@type\":\"BreadcrumbList\",\"@id\":\"https:\\\/\\\/www.trend4ward.de\\\/trendblog\\\/sommerbalkon-mit-geranien\\\/#breadcrumb\",\"itemListElement\":[{\"@type\":\"ListItem\",\"position\":1,\"name\":\"Home\",\"item\":\"https:\\\/\\\/www.trend4ward.de\\\/trendblog\\\/\"},{\"@type\":\"ListItem\",\"position\":2,\"name\":\"Sommerbalkon mit Geranien\"}]},{\"@type\":\"WebSite\",\"@id\":\"https:\\\/\\\/www.trend4ward.de\\\/trendblog\\\/#website\",\"url\":\"https:\\\/\\\/www.trend4ward.de\\\/trendblog\\\/\",\"name\":\"trendBlog \u2013 Wohnen, Reisen, Leben und Kultur\",\"description\":\"Portr\u00e4ts, Reportagen, Ratgeber. Seit 2009. Von Evelyn Steinbach.\",\"publisher\":{\"@id\":\"https:\\\/\\\/www.trend4ward.de\\\/trendblog\\\/#\\\/schema\\\/person\\\/c65dd8afd2fda04893d121f31b2a8ea4\"},\"potentialAction\":[{\"@type\":\"SearchAction\",\"target\":{\"@type\":\"EntryPoint\",\"urlTemplate\":\"https:\\\/\\\/www.trend4ward.de\\\/trendblog\\\/?s={search_term_string}\"},\"query-input\":{\"@type\":\"PropertyValueSpecification\",\"valueRequired\":true,\"valueName\":\"search_term_string\"}}],\"inLanguage\":\"de\"},{\"@type\":[\"Person\",\"Organization\"],\"@id\":\"https:\\\/\\\/www.trend4ward.de\\\/trendblog\\\/#\\\/schema\\\/person\\\/c65dd8afd2fda04893d121f31b2a8ea4\",\"name\":\"Evelyn Steinbach\",\"image\":{\"@type\":\"ImageObject\",\"inLanguage\":\"de\",\"@id\":\"https:\\\/\\\/www.trend4ward.de\\\/trendblog\\\/wp-content\\\/uploads\\\/2020\\\/11\\\/cropped-cropped-IMG_6744-e1692617617527.png\",\"url\":\"https:\\\/\\\/www.trend4ward.de\\\/trendblog\\\/wp-content\\\/uploads\\\/2020\\\/11\\\/cropped-cropped-IMG_6744-e1692617617527.png\",\"contentUrl\":\"https:\\\/\\\/www.trend4ward.de\\\/trendblog\\\/wp-content\\\/uploads\\\/2020\\\/11\\\/cropped-cropped-IMG_6744-e1692617617527.png\",\"width\":200,\"height\":183,\"caption\":\"Evelyn Steinbach\"},\"logo\":{\"@id\":\"https:\\\/\\\/www.trend4ward.de\\\/trendblog\\\/wp-content\\\/uploads\\\/2020\\\/11\\\/cropped-cropped-IMG_6744-e1692617617527.png\"},\"sameAs\":[\"http:\\\/\\\/www.trend4ward.de\"],\"url\":\"https:\\\/\\\/www.trend4ward.de\\\/trendblog\\\/author\\\/eve\\\/\"}]}<\/script>\n<!-- \/ Yoast SEO plugin. -->","yoast_head_json":{"title":"Sommerbalkon mit Geranien &#8226; trendBlog \u2013 Wohnen, Reisen, Leben und Kultur","description":"Ein Sommerurlaub auf dem Balkon kann wunderbar erholsam sein. Mit sch\u00f6nen M\u00f6beln und Pflanzen l\u00e4sst es sich gut leben. Hier zur Inspiration.","robots":{"index":"index","follow":"follow","max-snippet":"max-snippet:-1","max-image-preview":"max-image-preview:large","max-video-preview":"max-video-preview:-1"},"canonical":"https:\/\/www.trend4ward.de\/trendblog\/sommerbalkon-mit-geranien\/","og_locale":"de_DE","og_type":"article","og_title":"Sommerbalkon mit Geranien &#8226; trendBlog \u2013 Wohnen, Reisen, Leben und Kultur","og_description":"Ein Sommerurlaub auf dem Balkon kann wunderbar erholsam sein. Mit sch\u00f6nen M\u00f6beln und Pflanzen l\u00e4sst es sich gut leben. Hier zur Inspiration.","og_url":"https:\/\/www.trend4ward.de\/trendblog\/sommerbalkon-mit-geranien\/","og_site_name":"trendBlog \u2013 Wohnen, Reisen, Leben und Kultur","article_published_time":"2020-06-30T09:54:28+00:00","article_modified_time":"2020-07-15T10:49:32+00:00","og_image":[{"width":1000,"height":1500,"url":"https:\/\/www.trend4ward.de\/trendblog\/wp-content\/uploads\/2020\/06\/2020_Geraniums_4000_a_of_Flowers_02.jpg","type":"image\/jpeg"}],"author":"Evelyn Steinbach","twitter_misc":{"Verfasst von":"Evelyn Steinbach","Gesch\u00e4tzte Lesezeit":"3\u00a0Minuten"},"schema":{"@context":"https:\/\/schema.org","@graph":[{"@type":"Article","@id":"https:\/\/www.trend4ward.de\/trendblog\/sommerbalkon-mit-geranien\/#article","isPartOf":{"@id":"https:\/\/www.trend4ward.de\/trendblog\/sommerbalkon-mit-geranien\/"},"author":{"name":"Evelyn Steinbach","@id":"https:\/\/www.trend4ward.de\/trendblog\/#\/schema\/person\/c65dd8afd2fda04893d121f31b2a8ea4"},"headline":"Sommerbalkon mit Geranien","datePublished":"2020-06-30T09:54:28+00:00","dateModified":"2020-07-15T10:49:32+00:00","mainEntityOfPage":{"@id":"https:\/\/www.trend4ward.de\/trendblog\/sommerbalkon-mit-geranien\/"},"wordCount":678,"commentCount":0,"publisher":{"@id":"https:\/\/www.trend4ward.de\/trendblog\/#\/schema\/person\/c65dd8afd2fda04893d121f31b2a8ea4"},"image":{"@id":"https:\/\/www.trend4ward.de\/trendblog\/sommerbalkon-mit-geranien\/#primaryimage"},"thumbnailUrl":"https:\/\/www.trend4ward.de\/trendblog\/wp-content\/uploads\/2020\/06\/2020_Geraniums_4000_a_of_Flowers_02.jpg","keywords":["G\u00e4rtnern &amp; Gartenpflanzen","M\u00f6bel"],"articleSection":["Balkon &amp; Garten"],"inLanguage":"de","potentialAction":[{"@type":"CommentAction","name":"Comment","target":["https:\/\/www.trend4ward.de\/trendblog\/sommerbalkon-mit-geranien\/#respond"]}]},{"@type":"WebPage","@id":"https:\/\/www.trend4ward.de\/trendblog\/sommerbalkon-mit-geranien\/","url":"https:\/\/www.trend4ward.de\/trendblog\/sommerbalkon-mit-geranien\/","name":"Sommerbalkon mit Geranien &#8226; trendBlog \u2013 Wohnen, Reisen, Leben und Kultur","isPartOf":{"@id":"https:\/\/www.trend4ward.de\/trendblog\/#website"},"primaryImageOfPage":{"@id":"https:\/\/www.trend4ward.de\/trendblog\/sommerbalkon-mit-geranien\/#primaryimage"},"image":{"@id":"https:\/\/www.trend4ward.de\/trendblog\/sommerbalkon-mit-geranien\/#primaryimage"},"thumbnailUrl":"https:\/\/www.trend4ward.de\/trendblog\/wp-content\/uploads\/2020\/06\/2020_Geraniums_4000_a_of_Flowers_02.jpg","datePublished":"2020-06-30T09:54:28+00:00","dateModified":"2020-07-15T10:49:32+00:00","description":"Ein Sommerurlaub auf dem Balkon kann wunderbar erholsam sein. Mit sch\u00f6nen M\u00f6beln und Pflanzen l\u00e4sst es sich gut leben. Hier zur Inspiration.","breadcrumb":{"@id":"https:\/\/www.trend4ward.de\/trendblog\/sommerbalkon-mit-geranien\/#breadcrumb"},"inLanguage":"de","potentialAction":[{"@type":"ReadAction","target":["https:\/\/www.trend4ward.de\/trendblog\/sommerbalkon-mit-geranien\/"]}]},{"@type":"ImageObject","inLanguage":"de","@id":"https:\/\/www.trend4ward.de\/trendblog\/sommerbalkon-mit-geranien\/#primaryimage","url":"https:\/\/www.trend4ward.de\/trendblog\/wp-content\/uploads\/2020\/06\/2020_Geraniums_4000_a_of_Flowers_02.jpg","contentUrl":"https:\/\/www.trend4ward.de\/trendblog\/wp-content\/uploads\/2020\/06\/2020_Geraniums_4000_a_of_Flowers_02.jpg","width":1000,"height":1500,"caption":"Sommerbalkon Geranien"},{"@type":"BreadcrumbList","@id":"https:\/\/www.trend4ward.de\/trendblog\/sommerbalkon-mit-geranien\/#breadcrumb","itemListElement":[{"@type":"ListItem","position":1,"name":"Home","item":"https:\/\/www.trend4ward.de\/trendblog\/"},{"@type":"ListItem","position":2,"name":"Sommerbalkon mit Geranien"}]},{"@type":"WebSite","@id":"https:\/\/www.trend4ward.de\/trendblog\/#website","url":"https:\/\/www.trend4ward.de\/trendblog\/","name":"trendBlog \u2013 Wohnen, Reisen, Leben und Kultur","description":"Portr\u00e4ts, Reportagen, Ratgeber. Seit 2009. Von Evelyn Steinbach.","publisher":{"@id":"https:\/\/www.trend4ward.de\/trendblog\/#\/schema\/person\/c65dd8afd2fda04893d121f31b2a8ea4"},"potentialAction":[{"@type":"SearchAction","target":{"@type":"EntryPoint","urlTemplate":"https:\/\/www.trend4ward.de\/trendblog\/?s={search_term_string}"},"query-input":{"@type":"PropertyValueSpecification","valueRequired":true,"valueName":"search_term_string"}}],"inLanguage":"de"},{"@type":["Person","Organization"],"@id":"https:\/\/www.trend4ward.de\/trendblog\/#\/schema\/person\/c65dd8afd2fda04893d121f31b2a8ea4","name":"Evelyn Steinbach","image":{"@type":"ImageObject","inLanguage":"de","@id":"https:\/\/www.trend4ward.de\/trendblog\/wp-content\/uploads\/2020\/11\/cropped-cropped-IMG_6744-e1692617617527.png","url":"https:\/\/www.trend4ward.de\/trendblog\/wp-content\/uploads\/2020\/11\/cropped-cropped-IMG_6744-e1692617617527.png","contentUrl":"https:\/\/www.trend4ward.de\/trendblog\/wp-content\/uploads\/2020\/11\/cropped-cropped-IMG_6744-e1692617617527.png","width":200,"height":183,"caption":"Evelyn Steinbach"},"logo":{"@id":"https:\/\/www.trend4ward.de\/trendblog\/wp-content\/uploads\/2020\/11\/cropped-cropped-IMG_6744-e1692617617527.png"},"sameAs":["http:\/\/www.trend4ward.de"],"url":"https:\/\/www.trend4ward.de\/trendblog\/author\/eve\/"}]}},"jetpack_featured_media_url":"https:\/\/www.trend4ward.de\/trendblog\/wp-content\/uploads\/2020\/06\/2020_Geraniums_4000_a_of_Flowers_02.jpg","jetpack_sharing_enabled":true,"_links":{"self":[{"href":"https:\/\/www.trend4ward.de\/trendblog\/wp-json\/wp\/v2\/posts\/5225","targetHints":{"allow":["GET"]}}],"collection":[{"href":"https:\/\/www.trend4ward.de\/trendblog\/wp-json\/wp\/v2\/posts"}],"about":[{"href":"https:\/\/www.trend4ward.de\/trendblog\/wp-json\/wp\/v2\/types\/post"}],"author":[{"embeddable":true,"href":"https:\/\/www.trend4ward.de\/trendblog\/wp-json\/wp\/v2\/users\/1"}],"replies":[{"embeddable":true,"href":"https:\/\/www.trend4ward.de\/trendblog\/wp-json\/wp\/v2\/comments?post=5225"}],"version-history":[{"count":4,"href":"https:\/\/www.trend4ward.de\/trendblog\/wp-json\/wp\/v2\/posts\/5225\/revisions"}],"predecessor-version":[{"id":5246,"href":"https:\/\/www.trend4ward.de\/trendblog\/wp-json\/wp\/v2\/posts\/5225\/revisions\/5246"}],"wp:featuredmedia":[{"embeddable":true,"href":"https:\/\/www.trend4ward.de\/trendblog\/wp-json\/wp\/v2\/media\/5229"}],"wp:attachment":[{"href":"https:\/\/www.trend4ward.de\/trendblog\/wp-json\/wp\/v2\/media?parent=5225"}],"wp:term":[{"taxonomy":"category","embeddable":true,"href":"https:\/\/www.trend4ward.de\/trendblog\/wp-json\/wp\/v2\/categories?post=5225"},{"taxonomy":"post_tag","embeddable":true,"href":"https:\/\/www.trend4ward.de\/trendblog\/wp-json\/wp\/v2\/tags?post=5225"}],"curies":[{"name":"wp","href":"https:\/\/api.w.org\/{rel}","templated":true}]}}