{"id":5295,"date":"2020-10-19T17:40:32","date_gmt":"2020-10-19T15:40:32","guid":{"rendered":"https:\/\/www.trend4ward.de\/trendblog\/?p=5295"},"modified":"2022-02-23T12:16:26","modified_gmt":"2022-02-23T11:16:26","slug":"buchstuetzen_regal_pflanzen_diy","status":"publish","type":"post","link":"https:\/\/www.trend4ward.de\/trendblog\/buchstuetzen_regal_pflanzen_diy\/","title":{"rendered":"Buchst\u00fctzen-Regal f\u00fcr Pflanzen: So wird es \u00fcber dem Schreibtisch gr\u00fcner"},"content":{"rendered":"<div title=\"Page 1\">\n<p><strong>Auch ohne Fensterbank und Pflanzenhocker l\u00e4sst sich ein Zimmer gr\u00fcner gestalten. Man muss einfach viel mehr Pflanzen an die Wand bringen. Dies gelingt z. B. mit diesen selbst gefertigten Buchst\u00fctzen. Hier ist die Anleitung.<\/strong><\/p>\n<\/div>\n<p><!--more--><\/p>\n<p>&nbsp;<\/p>\n<div title=\"Page 1\">\n<p><strong>Das wird ben\u00f6tigt:<\/strong><\/p>\n<ul>\n<li>Buchstu\u0308tzen aus Holz 15 x 15 x 0,6 cm<\/li>\n<li>Acryllack in Schwarz, Grau, Gelb und Wei\u00df<\/li>\n<li>Pinsel<\/li>\n<li>Handbohrer \u00d8 4 mm<\/li>\n<li>kleines Scha\u0308lchen zum Anmischen der Farbe<\/li>\n<li>Lineal, Bleistift<\/li>\n<li>tesa\u00ae Malerband PERFECT, 50 m x 19 mm<\/li>\n<li>tesa\u00ae verstellbare Klebeschraube fu\u0308r Tapeten und Putz (1 kg) pro Stu\u0308tze 2 x<\/li>\n<li>tesa Protect\u00ae Filzgleiter wei\u00df \u00d8 18 mm<\/li>\n<\/ul>\n<p>&nbsp;<\/p>\n<p><strong>So wird\u2019s gemacht:<\/strong><\/p>\n<p>Auf einer Fla\u0308che der Buchstu\u0308tzen die Bohrlo\u0308cher ausmessen und mit Bleistift markieren: jeweils 1 cm von der oberen und 1,5 cm von der seitlichen Kante. Lo\u0308cher mit dem Handbohrer oder der Bohrmaschine in die Buchstu\u0308tzen bohren.<\/p>\n<p><a href=\"https:\/\/www.trend4ward.de\/trendblog\/wp-content\/uploads\/2020\/10\/tesa-trendpapier-27-idee-1-buchstuetzen-schritt-2.jpg\"><img loading=\"lazy\" decoding=\"async\" class=\"size-full wp-image-5302 aligncenter\" src=\"https:\/\/www.trend4ward.de\/trendblog\/wp-content\/uploads\/2020\/10\/tesa-trendpapier-27-idee-1-buchstuetzen-schritt-2.jpg\" alt=\"\" width=\"800\" height=\"800\" srcset=\"https:\/\/www.trend4ward.de\/trendblog\/wp-content\/uploads\/2020\/10\/tesa-trendpapier-27-idee-1-buchstuetzen-schritt-2.jpg 800w, https:\/\/www.trend4ward.de\/trendblog\/wp-content\/uploads\/2020\/10\/tesa-trendpapier-27-idee-1-buchstuetzen-schritt-2-300x300.jpg 300w, https:\/\/www.trend4ward.de\/trendblog\/wp-content\/uploads\/2020\/10\/tesa-trendpapier-27-idee-1-buchstuetzen-schritt-2-150x150.jpg 150w, https:\/\/www.trend4ward.de\/trendblog\/wp-content\/uploads\/2020\/10\/tesa-trendpapier-27-idee-1-buchstuetzen-schritt-2-768x768.jpg 768w, https:\/\/www.trend4ward.de\/trendblog\/wp-content\/uploads\/2020\/10\/tesa-trendpapier-27-idee-1-buchstuetzen-schritt-2-480x480.jpg 480w, https:\/\/www.trend4ward.de\/trendblog\/wp-content\/uploads\/2020\/10\/tesa-trendpapier-27-idee-1-buchstuetzen-schritt-2-60x60.jpg 60w\" sizes=\"auto, (max-width: 800px) 100vw, 800px\" \/><\/a><\/p>\n<p>Buchstu\u0308tzen jeweils in der gewu\u0308nschten Farbe mit dem Acryllack grundieren.<\/p>\n<p><a href=\"https:\/\/www.trend4ward.de\/trendblog\/wp-content\/uploads\/2020\/10\/tesa-trendpapier-27-idee-1-buchstuetzen-schritt-3.jpg\"><img loading=\"lazy\" decoding=\"async\" class=\"aligncenter size-full wp-image-5303\" src=\"https:\/\/www.trend4ward.de\/trendblog\/wp-content\/uploads\/2020\/10\/tesa-trendpapier-27-idee-1-buchstuetzen-schritt-3.jpg\" alt=\"\" width=\"800\" height=\"800\" srcset=\"https:\/\/www.trend4ward.de\/trendblog\/wp-content\/uploads\/2020\/10\/tesa-trendpapier-27-idee-1-buchstuetzen-schritt-3.jpg 800w, https:\/\/www.trend4ward.de\/trendblog\/wp-content\/uploads\/2020\/10\/tesa-trendpapier-27-idee-1-buchstuetzen-schritt-3-300x300.jpg 300w, https:\/\/www.trend4ward.de\/trendblog\/wp-content\/uploads\/2020\/10\/tesa-trendpapier-27-idee-1-buchstuetzen-schritt-3-150x150.jpg 150w, https:\/\/www.trend4ward.de\/trendblog\/wp-content\/uploads\/2020\/10\/tesa-trendpapier-27-idee-1-buchstuetzen-schritt-3-768x768.jpg 768w, https:\/\/www.trend4ward.de\/trendblog\/wp-content\/uploads\/2020\/10\/tesa-trendpapier-27-idee-1-buchstuetzen-schritt-3-480x480.jpg 480w, https:\/\/www.trend4ward.de\/trendblog\/wp-content\/uploads\/2020\/10\/tesa-trendpapier-27-idee-1-buchstuetzen-schritt-3-60x60.jpg 60w\" sizes=\"auto, (max-width: 800px) 100vw, 800px\" \/><\/a><\/p>\n<p>Nach dem Trocknen auf der senkrechten Ru\u0308ckseite eine Diagonale mit dem Malerband abkleben. Bei mehreren Stu\u0308tzen mal das obere, mal das untere Dreieck ausmalen. Soll das untere Dreieck farbig werden, zusa\u0308tzlich die Kante der Abstellfla\u0308che abkleben.<\/p>\n<p><a href=\"https:\/\/www.trend4ward.de\/trendblog\/wp-content\/uploads\/2020\/10\/tesa-trendpapier-27-idee-1-buchstuetzen-schritt-5.jpg\"><img loading=\"lazy\" decoding=\"async\" class=\"aligncenter size-full wp-image-5305\" src=\"https:\/\/www.trend4ward.de\/trendblog\/wp-content\/uploads\/2020\/10\/tesa-trendpapier-27-idee-1-buchstuetzen-schritt-5.jpg\" alt=\"\" width=\"800\" height=\"800\" srcset=\"https:\/\/www.trend4ward.de\/trendblog\/wp-content\/uploads\/2020\/10\/tesa-trendpapier-27-idee-1-buchstuetzen-schritt-5.jpg 800w, https:\/\/www.trend4ward.de\/trendblog\/wp-content\/uploads\/2020\/10\/tesa-trendpapier-27-idee-1-buchstuetzen-schritt-5-300x300.jpg 300w, https:\/\/www.trend4ward.de\/trendblog\/wp-content\/uploads\/2020\/10\/tesa-trendpapier-27-idee-1-buchstuetzen-schritt-5-150x150.jpg 150w, https:\/\/www.trend4ward.de\/trendblog\/wp-content\/uploads\/2020\/10\/tesa-trendpapier-27-idee-1-buchstuetzen-schritt-5-768x768.jpg 768w, https:\/\/www.trend4ward.de\/trendblog\/wp-content\/uploads\/2020\/10\/tesa-trendpapier-27-idee-1-buchstuetzen-schritt-5-480x480.jpg 480w, https:\/\/www.trend4ward.de\/trendblog\/wp-content\/uploads\/2020\/10\/tesa-trendpapier-27-idee-1-buchstuetzen-schritt-5-60x60.jpg 60w\" sizes=\"auto, (max-width: 800px) 100vw, 800px\" \/><\/a><\/p>\n<p>Die dreieckige Fla\u0308che mit dem mit Wei\u00df aufgehellten Grundton ausmalen.<\/p>\n<p><a href=\"https:\/\/www.trend4ward.de\/trendblog\/wp-content\/uploads\/2020\/10\/tesa-trendpapier-27-idee-1-buchstuetzen-schritt-6.jpg\"><img loading=\"lazy\" decoding=\"async\" class=\"aligncenter size-full wp-image-5306\" src=\"https:\/\/www.trend4ward.de\/trendblog\/wp-content\/uploads\/2020\/10\/tesa-trendpapier-27-idee-1-buchstuetzen-schritt-6.jpg\" alt=\"\" width=\"800\" height=\"800\" srcset=\"https:\/\/www.trend4ward.de\/trendblog\/wp-content\/uploads\/2020\/10\/tesa-trendpapier-27-idee-1-buchstuetzen-schritt-6.jpg 800w, https:\/\/www.trend4ward.de\/trendblog\/wp-content\/uploads\/2020\/10\/tesa-trendpapier-27-idee-1-buchstuetzen-schritt-6-300x300.jpg 300w, https:\/\/www.trend4ward.de\/trendblog\/wp-content\/uploads\/2020\/10\/tesa-trendpapier-27-idee-1-buchstuetzen-schritt-6-150x150.jpg 150w, https:\/\/www.trend4ward.de\/trendblog\/wp-content\/uploads\/2020\/10\/tesa-trendpapier-27-idee-1-buchstuetzen-schritt-6-768x768.jpg 768w, https:\/\/www.trend4ward.de\/trendblog\/wp-content\/uploads\/2020\/10\/tesa-trendpapier-27-idee-1-buchstuetzen-schritt-6-480x480.jpg 480w, https:\/\/www.trend4ward.de\/trendblog\/wp-content\/uploads\/2020\/10\/tesa-trendpapier-27-idee-1-buchstuetzen-schritt-6-60x60.jpg 60w\" sizes=\"auto, (max-width: 800px) 100vw, 800px\" \/><\/a><\/p>\n<p>Auf die Ru\u0308ckseite der Buchstu\u0308tzen unten links und rechts Filzgleiter als Abstandshalter aufkleben.<\/p>\n<p>Buchstu\u0308tzen an den gewu\u0308nschten Platz an der Wand halten und mit Bleistift Markierungen fu\u0308r die Klebeschrauben anzeichnen.<\/p>\n<p>Wandfla\u0308che von Staub befreien.<\/p>\n<p><a href=\"https:\/\/www.trend4ward.de\/trendblog\/wp-content\/uploads\/2020\/10\/tesa-trendpapier-27-idee-1-buchstuetzen-schritt-10.jpg\"><img loading=\"lazy\" decoding=\"async\" class=\"aligncenter size-full wp-image-5310\" src=\"https:\/\/www.trend4ward.de\/trendblog\/wp-content\/uploads\/2020\/10\/tesa-trendpapier-27-idee-1-buchstuetzen-schritt-10.jpg\" alt=\"\" width=\"800\" height=\"800\" srcset=\"https:\/\/www.trend4ward.de\/trendblog\/wp-content\/uploads\/2020\/10\/tesa-trendpapier-27-idee-1-buchstuetzen-schritt-10.jpg 800w, https:\/\/www.trend4ward.de\/trendblog\/wp-content\/uploads\/2020\/10\/tesa-trendpapier-27-idee-1-buchstuetzen-schritt-10-300x300.jpg 300w, https:\/\/www.trend4ward.de\/trendblog\/wp-content\/uploads\/2020\/10\/tesa-trendpapier-27-idee-1-buchstuetzen-schritt-10-150x150.jpg 150w, https:\/\/www.trend4ward.de\/trendblog\/wp-content\/uploads\/2020\/10\/tesa-trendpapier-27-idee-1-buchstuetzen-schritt-10-768x768.jpg 768w, https:\/\/www.trend4ward.de\/trendblog\/wp-content\/uploads\/2020\/10\/tesa-trendpapier-27-idee-1-buchstuetzen-schritt-10-480x480.jpg 480w, https:\/\/www.trend4ward.de\/trendblog\/wp-content\/uploads\/2020\/10\/tesa-trendpapier-27-idee-1-buchstuetzen-schritt-10-60x60.jpg 60w\" sizes=\"auto, (max-width: 800px) 100vw, 800px\" \/><\/a><\/p>\n<p>Powerstrip\u00ae vom Blatt abziehen und auf die gewu\u0308nschte Stelle an Wand kleben. Jeweils 5 Sekunden an mehreren Stellen fest andru\u0308cken. Schutzfolie abziehen.<\/p>\n<p><a href=\"https:\/\/www.trend4ward.de\/trendblog\/wp-content\/uploads\/2020\/10\/tesa-trendpapier-27-idee-1-buchstuetzen-schritt-11.jpg\"><img loading=\"lazy\" decoding=\"async\" class=\"aligncenter size-full wp-image-5311\" src=\"https:\/\/www.trend4ward.de\/trendblog\/wp-content\/uploads\/2020\/10\/tesa-trendpapier-27-idee-1-buchstuetzen-schritt-11.jpg\" alt=\"\" width=\"800\" height=\"800\" srcset=\"https:\/\/www.trend4ward.de\/trendblog\/wp-content\/uploads\/2020\/10\/tesa-trendpapier-27-idee-1-buchstuetzen-schritt-11.jpg 800w, https:\/\/www.trend4ward.de\/trendblog\/wp-content\/uploads\/2020\/10\/tesa-trendpapier-27-idee-1-buchstuetzen-schritt-11-300x300.jpg 300w, https:\/\/www.trend4ward.de\/trendblog\/wp-content\/uploads\/2020\/10\/tesa-trendpapier-27-idee-1-buchstuetzen-schritt-11-150x150.jpg 150w, https:\/\/www.trend4ward.de\/trendblog\/wp-content\/uploads\/2020\/10\/tesa-trendpapier-27-idee-1-buchstuetzen-schritt-11-768x768.jpg 768w, https:\/\/www.trend4ward.de\/trendblog\/wp-content\/uploads\/2020\/10\/tesa-trendpapier-27-idee-1-buchstuetzen-schritt-11-480x480.jpg 480w, https:\/\/www.trend4ward.de\/trendblog\/wp-content\/uploads\/2020\/10\/tesa-trendpapier-27-idee-1-buchstuetzen-schritt-11-60x60.jpg 60w\" sizes=\"auto, (max-width: 800px) 100vw, 800px\" \/><\/a><\/p>\n<p>Klebeschraube auf den Powerstrip\u00ae aufkleben und an mehreren Stellen jeweils 5 Sekunden fest andru\u0308cken.<\/p>\n<p><a href=\"https:\/\/www.trend4ward.de\/trendblog\/wp-content\/uploads\/2020\/10\/tesa-trendpapier-27-idee-1-buchstuetzen-schritt-12.jpg\"><img loading=\"lazy\" decoding=\"async\" class=\"aligncenter size-full wp-image-5312\" src=\"https:\/\/www.trend4ward.de\/trendblog\/wp-content\/uploads\/2020\/10\/tesa-trendpapier-27-idee-1-buchstuetzen-schritt-12.jpg\" alt=\"\" width=\"800\" height=\"800\" srcset=\"https:\/\/www.trend4ward.de\/trendblog\/wp-content\/uploads\/2020\/10\/tesa-trendpapier-27-idee-1-buchstuetzen-schritt-12.jpg 800w, https:\/\/www.trend4ward.de\/trendblog\/wp-content\/uploads\/2020\/10\/tesa-trendpapier-27-idee-1-buchstuetzen-schritt-12-300x300.jpg 300w, https:\/\/www.trend4ward.de\/trendblog\/wp-content\/uploads\/2020\/10\/tesa-trendpapier-27-idee-1-buchstuetzen-schritt-12-150x150.jpg 150w, https:\/\/www.trend4ward.de\/trendblog\/wp-content\/uploads\/2020\/10\/tesa-trendpapier-27-idee-1-buchstuetzen-schritt-12-768x768.jpg 768w, https:\/\/www.trend4ward.de\/trendblog\/wp-content\/uploads\/2020\/10\/tesa-trendpapier-27-idee-1-buchstuetzen-schritt-12-480x480.jpg 480w, https:\/\/www.trend4ward.de\/trendblog\/wp-content\/uploads\/2020\/10\/tesa-trendpapier-27-idee-1-buchstuetzen-schritt-12-60x60.jpg 60w\" sizes=\"auto, (max-width: 800px) 100vw, 800px\" \/><\/a><\/p>\n<p>Buchstu\u0308tzen auf die Schrauben ha\u0308ngen. Falls no\u0308tig die Schrauben in der Ho\u0308he verstellen. Mit den Gummimuttern fixieren. Fertig ist das neue Pflanzenregal.<\/p>\n<\/div>\n","protected":false},"excerpt":{"rendered":"<p>Auch ohne Fensterbank und Pflanzenhocker l\u00e4sst sich ein Zimmer gr\u00fcner gestalten. Man muss einfach viel mehr Pflanzen an die Wand bringen. Dies gelingt z. B. mit diesen selbst gefertigten Buchst\u00fctzen. Hier ist die Anleitung.<\/p>\n","protected":false},"author":1,"featured_media":5298,"comment_status":"open","ping_status":"open","sticky":false,"template":"","format":"standard","meta":{"om_disable_all_campaigns":false,"_monsterinsights_skip_tracking":false,"_monsterinsights_sitenote_active":false,"_monsterinsights_sitenote_note":"","_monsterinsights_sitenote_category":0,"_uf_show_specific_survey":0,"_uf_disable_surveys":false,"neve_meta_sidebar":"","neve_meta_container":"","neve_meta_enable_content_width":"","neve_meta_content_width":0,"neve_meta_title_alignment":"","neve_meta_author_avatar":"","neve_post_elements_order":"","neve_meta_disable_header":"","neve_meta_disable_footer":"","neve_meta_disable_title":"","ngg_post_thumbnail":0,"_jetpack_memberships_contains_paid_content":false,"footnotes":""},"categories":[15],"tags":[18,83,84,290,170],"class_list":["post-5295","post","type-post","status-publish","format-standard","has-post-thumbnail","hentry","category-wohnen","tag-dekoration","tag-diy","tag-heimwerken","tag-homeoffice","tag-blumen"],"yoast_head":"<!-- This site is optimized with the Yoast SEO plugin v27.4 - https:\/\/yoast.com\/product\/yoast-seo-wordpress\/ -->\n<title>Buchst\u00fctzen-Regal f\u00fcr Pflanzen: So wird es \u00fcber dem Schreibtisch gr\u00fcner &#8226; trendBlog \u2013 Wohnen, Reisen, Leben und Kultur<\/title>\n<meta name=\"description\" content=\"Auch ohne Fensterbank l\u00e4sst sich ein Zimmer gr\u00fcner gestalten \u2013 z. B. mit selbst gefertigten Buchst\u00fctzen f\u00fcr die Wand. Hier die DIY-Anleitung.\" \/>\n<meta name=\"robots\" content=\"index, follow, max-snippet:-1, max-image-preview:large, max-video-preview:-1\" \/>\n<link rel=\"canonical\" href=\"https:\/\/www.trend4ward.de\/trendblog\/buchstuetzen_regal_pflanzen_diy\/\" \/>\n<meta property=\"og:locale\" content=\"de_DE\" \/>\n<meta property=\"og:type\" content=\"article\" \/>\n<meta property=\"og:title\" content=\"Buchst\u00fctzen-Regal f\u00fcr Pflanzen: So wird es \u00fcber dem Schreibtisch gr\u00fcner &#8226; trendBlog \u2013 Wohnen, Reisen, Leben und Kultur\" \/>\n<meta property=\"og:description\" content=\"Auch ohne Fensterbank l\u00e4sst sich ein Zimmer gr\u00fcner gestalten \u2013 z. B. mit selbst gefertigten Buchst\u00fctzen f\u00fcr die Wand. Hier die DIY-Anleitung.\" \/>\n<meta property=\"og:url\" content=\"https:\/\/www.trend4ward.de\/trendblog\/buchstuetzen_regal_pflanzen_diy\/\" \/>\n<meta property=\"og:site_name\" content=\"trendBlog \u2013 Wohnen, Reisen, Leben und Kultur\" \/>\n<meta property=\"article:published_time\" content=\"2020-10-19T15:40:32+00:00\" \/>\n<meta property=\"article:modified_time\" content=\"2022-02-23T11:16:26+00:00\" \/>\n<meta property=\"og:image\" content=\"https:\/\/www.trend4ward.de\/trendblog\/wp-content\/uploads\/2020\/10\/tesa-trendpapier-27-idee-1-buchstuetzen-aufmacher-quer.jpg\" \/>\n\t<meta property=\"og:image:width\" content=\"800\" \/>\n\t<meta property=\"og:image:height\" content=\"450\" \/>\n\t<meta property=\"og:image:type\" content=\"image\/jpeg\" \/>\n<meta name=\"author\" content=\"Evelyn Steinbach\" \/>\n<meta name=\"twitter:label1\" content=\"Verfasst von\" \/>\n\t<meta name=\"twitter:data1\" content=\"Evelyn Steinbach\" \/>\n\t<meta name=\"twitter:label2\" content=\"Gesch\u00e4tzte Lesezeit\" \/>\n\t<meta name=\"twitter:data2\" content=\"2\u00a0Minuten\" \/>\n<script type=\"application\/ld+json\" class=\"yoast-schema-graph\">{\"@context\":\"https:\\\/\\\/schema.org\",\"@graph\":[{\"@type\":\"Article\",\"@id\":\"https:\\\/\\\/www.trend4ward.de\\\/trendblog\\\/buchstuetzen_regal_pflanzen_diy\\\/#article\",\"isPartOf\":{\"@id\":\"https:\\\/\\\/www.trend4ward.de\\\/trendblog\\\/buchstuetzen_regal_pflanzen_diy\\\/\"},\"author\":{\"name\":\"Evelyn Steinbach\",\"@id\":\"https:\\\/\\\/www.trend4ward.de\\\/trendblog\\\/#\\\/schema\\\/person\\\/c65dd8afd2fda04893d121f31b2a8ea4\"},\"headline\":\"Buchst\u00fctzen-Regal f\u00fcr Pflanzen: So wird es \u00fcber dem Schreibtisch gr\u00fcner\",\"datePublished\":\"2020-10-19T15:40:32+00:00\",\"dateModified\":\"2022-02-23T11:16:26+00:00\",\"mainEntityOfPage\":{\"@id\":\"https:\\\/\\\/www.trend4ward.de\\\/trendblog\\\/buchstuetzen_regal_pflanzen_diy\\\/\"},\"wordCount\":315,\"commentCount\":0,\"publisher\":{\"@id\":\"https:\\\/\\\/www.trend4ward.de\\\/trendblog\\\/#\\\/schema\\\/person\\\/c65dd8afd2fda04893d121f31b2a8ea4\"},\"image\":{\"@id\":\"https:\\\/\\\/www.trend4ward.de\\\/trendblog\\\/buchstuetzen_regal_pflanzen_diy\\\/#primaryimage\"},\"thumbnailUrl\":\"https:\\\/\\\/www.trend4ward.de\\\/trendblog\\\/wp-content\\\/uploads\\\/2020\\\/10\\\/tesa-trendpapier-27-idee-1-buchstuetzen-aufmacher-quer.jpg\",\"keywords\":[\"Dekoideen\",\"DIY\",\"Heimwerken\",\"Homeoffice\",\"Zimmerpflanzen\"],\"articleSection\":[\"Wohnen &amp; Einrichten\"],\"inLanguage\":\"de\",\"potentialAction\":[{\"@type\":\"CommentAction\",\"name\":\"Comment\",\"target\":[\"https:\\\/\\\/www.trend4ward.de\\\/trendblog\\\/buchstuetzen_regal_pflanzen_diy\\\/#respond\"]}]},{\"@type\":\"WebPage\",\"@id\":\"https:\\\/\\\/www.trend4ward.de\\\/trendblog\\\/buchstuetzen_regal_pflanzen_diy\\\/\",\"url\":\"https:\\\/\\\/www.trend4ward.de\\\/trendblog\\\/buchstuetzen_regal_pflanzen_diy\\\/\",\"name\":\"Buchst\u00fctzen-Regal f\u00fcr Pflanzen: So wird es \u00fcber dem Schreibtisch gr\u00fcner &#8226; trendBlog \u2013 Wohnen, Reisen, Leben und Kultur\",\"isPartOf\":{\"@id\":\"https:\\\/\\\/www.trend4ward.de\\\/trendblog\\\/#website\"},\"primaryImageOfPage\":{\"@id\":\"https:\\\/\\\/www.trend4ward.de\\\/trendblog\\\/buchstuetzen_regal_pflanzen_diy\\\/#primaryimage\"},\"image\":{\"@id\":\"https:\\\/\\\/www.trend4ward.de\\\/trendblog\\\/buchstuetzen_regal_pflanzen_diy\\\/#primaryimage\"},\"thumbnailUrl\":\"https:\\\/\\\/www.trend4ward.de\\\/trendblog\\\/wp-content\\\/uploads\\\/2020\\\/10\\\/tesa-trendpapier-27-idee-1-buchstuetzen-aufmacher-quer.jpg\",\"datePublished\":\"2020-10-19T15:40:32+00:00\",\"dateModified\":\"2022-02-23T11:16:26+00:00\",\"description\":\"Auch ohne Fensterbank l\u00e4sst sich ein Zimmer gr\u00fcner gestalten \u2013 z. B. mit selbst gefertigten Buchst\u00fctzen f\u00fcr die Wand. Hier die DIY-Anleitung.\",\"breadcrumb\":{\"@id\":\"https:\\\/\\\/www.trend4ward.de\\\/trendblog\\\/buchstuetzen_regal_pflanzen_diy\\\/#breadcrumb\"},\"inLanguage\":\"de\",\"potentialAction\":[{\"@type\":\"ReadAction\",\"target\":[\"https:\\\/\\\/www.trend4ward.de\\\/trendblog\\\/buchstuetzen_regal_pflanzen_diy\\\/\"]}]},{\"@type\":\"ImageObject\",\"inLanguage\":\"de\",\"@id\":\"https:\\\/\\\/www.trend4ward.de\\\/trendblog\\\/buchstuetzen_regal_pflanzen_diy\\\/#primaryimage\",\"url\":\"https:\\\/\\\/www.trend4ward.de\\\/trendblog\\\/wp-content\\\/uploads\\\/2020\\\/10\\\/tesa-trendpapier-27-idee-1-buchstuetzen-aufmacher-quer.jpg\",\"contentUrl\":\"https:\\\/\\\/www.trend4ward.de\\\/trendblog\\\/wp-content\\\/uploads\\\/2020\\\/10\\\/tesa-trendpapier-27-idee-1-buchstuetzen-aufmacher-quer.jpg\",\"width\":800,\"height\":450,\"caption\":\"Alle Fotos: tesa\"},{\"@type\":\"BreadcrumbList\",\"@id\":\"https:\\\/\\\/www.trend4ward.de\\\/trendblog\\\/buchstuetzen_regal_pflanzen_diy\\\/#breadcrumb\",\"itemListElement\":[{\"@type\":\"ListItem\",\"position\":1,\"name\":\"Home\",\"item\":\"https:\\\/\\\/www.trend4ward.de\\\/trendblog\\\/\"},{\"@type\":\"ListItem\",\"position\":2,\"name\":\"Buchst\u00fctzen-Regal f\u00fcr Pflanzen: So wird es \u00fcber dem Schreibtisch gr\u00fcner\"}]},{\"@type\":\"WebSite\",\"@id\":\"https:\\\/\\\/www.trend4ward.de\\\/trendblog\\\/#website\",\"url\":\"https:\\\/\\\/www.trend4ward.de\\\/trendblog\\\/\",\"name\":\"trendBlog \u2013 Wohnen, Reisen, Leben und Kultur\",\"description\":\"Portr\u00e4ts, Reportagen, Ratgeber. Seit 2009. Von Evelyn Steinbach.\",\"publisher\":{\"@id\":\"https:\\\/\\\/www.trend4ward.de\\\/trendblog\\\/#\\\/schema\\\/person\\\/c65dd8afd2fda04893d121f31b2a8ea4\"},\"potentialAction\":[{\"@type\":\"SearchAction\",\"target\":{\"@type\":\"EntryPoint\",\"urlTemplate\":\"https:\\\/\\\/www.trend4ward.de\\\/trendblog\\\/?s={search_term_string}\"},\"query-input\":{\"@type\":\"PropertyValueSpecification\",\"valueRequired\":true,\"valueName\":\"search_term_string\"}}],\"inLanguage\":\"de\"},{\"@type\":[\"Person\",\"Organization\"],\"@id\":\"https:\\\/\\\/www.trend4ward.de\\\/trendblog\\\/#\\\/schema\\\/person\\\/c65dd8afd2fda04893d121f31b2a8ea4\",\"name\":\"Evelyn Steinbach\",\"image\":{\"@type\":\"ImageObject\",\"inLanguage\":\"de\",\"@id\":\"https:\\\/\\\/www.trend4ward.de\\\/trendblog\\\/wp-content\\\/uploads\\\/2020\\\/11\\\/cropped-cropped-IMG_6744-e1692617617527.png\",\"url\":\"https:\\\/\\\/www.trend4ward.de\\\/trendblog\\\/wp-content\\\/uploads\\\/2020\\\/11\\\/cropped-cropped-IMG_6744-e1692617617527.png\",\"contentUrl\":\"https:\\\/\\\/www.trend4ward.de\\\/trendblog\\\/wp-content\\\/uploads\\\/2020\\\/11\\\/cropped-cropped-IMG_6744-e1692617617527.png\",\"width\":200,\"height\":183,\"caption\":\"Evelyn Steinbach\"},\"logo\":{\"@id\":\"https:\\\/\\\/www.trend4ward.de\\\/trendblog\\\/wp-content\\\/uploads\\\/2020\\\/11\\\/cropped-cropped-IMG_6744-e1692617617527.png\"},\"sameAs\":[\"http:\\\/\\\/www.trend4ward.de\"],\"url\":\"https:\\\/\\\/www.trend4ward.de\\\/trendblog\\\/author\\\/eve\\\/\"}]}<\/script>\n<!-- \/ Yoast SEO plugin. -->","yoast_head_json":{"title":"Buchst\u00fctzen-Regal f\u00fcr Pflanzen: So wird es \u00fcber dem Schreibtisch gr\u00fcner &#8226; trendBlog \u2013 Wohnen, Reisen, Leben und Kultur","description":"Auch ohne Fensterbank l\u00e4sst sich ein Zimmer gr\u00fcner gestalten \u2013 z. B. mit selbst gefertigten Buchst\u00fctzen f\u00fcr die Wand. Hier die DIY-Anleitung.","robots":{"index":"index","follow":"follow","max-snippet":"max-snippet:-1","max-image-preview":"max-image-preview:large","max-video-preview":"max-video-preview:-1"},"canonical":"https:\/\/www.trend4ward.de\/trendblog\/buchstuetzen_regal_pflanzen_diy\/","og_locale":"de_DE","og_type":"article","og_title":"Buchst\u00fctzen-Regal f\u00fcr Pflanzen: So wird es \u00fcber dem Schreibtisch gr\u00fcner &#8226; trendBlog \u2013 Wohnen, Reisen, Leben und Kultur","og_description":"Auch ohne Fensterbank l\u00e4sst sich ein Zimmer gr\u00fcner gestalten \u2013 z. B. mit selbst gefertigten Buchst\u00fctzen f\u00fcr die Wand. Hier die DIY-Anleitung.","og_url":"https:\/\/www.trend4ward.de\/trendblog\/buchstuetzen_regal_pflanzen_diy\/","og_site_name":"trendBlog \u2013 Wohnen, Reisen, Leben und Kultur","article_published_time":"2020-10-19T15:40:32+00:00","article_modified_time":"2022-02-23T11:16:26+00:00","og_image":[{"width":800,"height":450,"url":"https:\/\/www.trend4ward.de\/trendblog\/wp-content\/uploads\/2020\/10\/tesa-trendpapier-27-idee-1-buchstuetzen-aufmacher-quer.jpg","type":"image\/jpeg"}],"author":"Evelyn Steinbach","twitter_misc":{"Verfasst von":"Evelyn Steinbach","Gesch\u00e4tzte Lesezeit":"2\u00a0Minuten"},"schema":{"@context":"https:\/\/schema.org","@graph":[{"@type":"Article","@id":"https:\/\/www.trend4ward.de\/trendblog\/buchstuetzen_regal_pflanzen_diy\/#article","isPartOf":{"@id":"https:\/\/www.trend4ward.de\/trendblog\/buchstuetzen_regal_pflanzen_diy\/"},"author":{"name":"Evelyn Steinbach","@id":"https:\/\/www.trend4ward.de\/trendblog\/#\/schema\/person\/c65dd8afd2fda04893d121f31b2a8ea4"},"headline":"Buchst\u00fctzen-Regal f\u00fcr Pflanzen: So wird es \u00fcber dem Schreibtisch gr\u00fcner","datePublished":"2020-10-19T15:40:32+00:00","dateModified":"2022-02-23T11:16:26+00:00","mainEntityOfPage":{"@id":"https:\/\/www.trend4ward.de\/trendblog\/buchstuetzen_regal_pflanzen_diy\/"},"wordCount":315,"commentCount":0,"publisher":{"@id":"https:\/\/www.trend4ward.de\/trendblog\/#\/schema\/person\/c65dd8afd2fda04893d121f31b2a8ea4"},"image":{"@id":"https:\/\/www.trend4ward.de\/trendblog\/buchstuetzen_regal_pflanzen_diy\/#primaryimage"},"thumbnailUrl":"https:\/\/www.trend4ward.de\/trendblog\/wp-content\/uploads\/2020\/10\/tesa-trendpapier-27-idee-1-buchstuetzen-aufmacher-quer.jpg","keywords":["Dekoideen","DIY","Heimwerken","Homeoffice","Zimmerpflanzen"],"articleSection":["Wohnen &amp; Einrichten"],"inLanguage":"de","potentialAction":[{"@type":"CommentAction","name":"Comment","target":["https:\/\/www.trend4ward.de\/trendblog\/buchstuetzen_regal_pflanzen_diy\/#respond"]}]},{"@type":"WebPage","@id":"https:\/\/www.trend4ward.de\/trendblog\/buchstuetzen_regal_pflanzen_diy\/","url":"https:\/\/www.trend4ward.de\/trendblog\/buchstuetzen_regal_pflanzen_diy\/","name":"Buchst\u00fctzen-Regal f\u00fcr Pflanzen: So wird es \u00fcber dem Schreibtisch gr\u00fcner &#8226; trendBlog \u2013 Wohnen, Reisen, Leben und Kultur","isPartOf":{"@id":"https:\/\/www.trend4ward.de\/trendblog\/#website"},"primaryImageOfPage":{"@id":"https:\/\/www.trend4ward.de\/trendblog\/buchstuetzen_regal_pflanzen_diy\/#primaryimage"},"image":{"@id":"https:\/\/www.trend4ward.de\/trendblog\/buchstuetzen_regal_pflanzen_diy\/#primaryimage"},"thumbnailUrl":"https:\/\/www.trend4ward.de\/trendblog\/wp-content\/uploads\/2020\/10\/tesa-trendpapier-27-idee-1-buchstuetzen-aufmacher-quer.jpg","datePublished":"2020-10-19T15:40:32+00:00","dateModified":"2022-02-23T11:16:26+00:00","description":"Auch ohne Fensterbank l\u00e4sst sich ein Zimmer gr\u00fcner gestalten \u2013 z. B. mit selbst gefertigten Buchst\u00fctzen f\u00fcr die Wand. Hier die DIY-Anleitung.","breadcrumb":{"@id":"https:\/\/www.trend4ward.de\/trendblog\/buchstuetzen_regal_pflanzen_diy\/#breadcrumb"},"inLanguage":"de","potentialAction":[{"@type":"ReadAction","target":["https:\/\/www.trend4ward.de\/trendblog\/buchstuetzen_regal_pflanzen_diy\/"]}]},{"@type":"ImageObject","inLanguage":"de","@id":"https:\/\/www.trend4ward.de\/trendblog\/buchstuetzen_regal_pflanzen_diy\/#primaryimage","url":"https:\/\/www.trend4ward.de\/trendblog\/wp-content\/uploads\/2020\/10\/tesa-trendpapier-27-idee-1-buchstuetzen-aufmacher-quer.jpg","contentUrl":"https:\/\/www.trend4ward.de\/trendblog\/wp-content\/uploads\/2020\/10\/tesa-trendpapier-27-idee-1-buchstuetzen-aufmacher-quer.jpg","width":800,"height":450,"caption":"Alle Fotos: tesa"},{"@type":"BreadcrumbList","@id":"https:\/\/www.trend4ward.de\/trendblog\/buchstuetzen_regal_pflanzen_diy\/#breadcrumb","itemListElement":[{"@type":"ListItem","position":1,"name":"Home","item":"https:\/\/www.trend4ward.de\/trendblog\/"},{"@type":"ListItem","position":2,"name":"Buchst\u00fctzen-Regal f\u00fcr Pflanzen: So wird es \u00fcber dem Schreibtisch gr\u00fcner"}]},{"@type":"WebSite","@id":"https:\/\/www.trend4ward.de\/trendblog\/#website","url":"https:\/\/www.trend4ward.de\/trendblog\/","name":"trendBlog \u2013 Wohnen, Reisen, Leben und Kultur","description":"Portr\u00e4ts, Reportagen, Ratgeber. Seit 2009. Von Evelyn Steinbach.","publisher":{"@id":"https:\/\/www.trend4ward.de\/trendblog\/#\/schema\/person\/c65dd8afd2fda04893d121f31b2a8ea4"},"potentialAction":[{"@type":"SearchAction","target":{"@type":"EntryPoint","urlTemplate":"https:\/\/www.trend4ward.de\/trendblog\/?s={search_term_string}"},"query-input":{"@type":"PropertyValueSpecification","valueRequired":true,"valueName":"search_term_string"}}],"inLanguage":"de"},{"@type":["Person","Organization"],"@id":"https:\/\/www.trend4ward.de\/trendblog\/#\/schema\/person\/c65dd8afd2fda04893d121f31b2a8ea4","name":"Evelyn Steinbach","image":{"@type":"ImageObject","inLanguage":"de","@id":"https:\/\/www.trend4ward.de\/trendblog\/wp-content\/uploads\/2020\/11\/cropped-cropped-IMG_6744-e1692617617527.png","url":"https:\/\/www.trend4ward.de\/trendblog\/wp-content\/uploads\/2020\/11\/cropped-cropped-IMG_6744-e1692617617527.png","contentUrl":"https:\/\/www.trend4ward.de\/trendblog\/wp-content\/uploads\/2020\/11\/cropped-cropped-IMG_6744-e1692617617527.png","width":200,"height":183,"caption":"Evelyn Steinbach"},"logo":{"@id":"https:\/\/www.trend4ward.de\/trendblog\/wp-content\/uploads\/2020\/11\/cropped-cropped-IMG_6744-e1692617617527.png"},"sameAs":["http:\/\/www.trend4ward.de"],"url":"https:\/\/www.trend4ward.de\/trendblog\/author\/eve\/"}]}},"jetpack_featured_media_url":"https:\/\/www.trend4ward.de\/trendblog\/wp-content\/uploads\/2020\/10\/tesa-trendpapier-27-idee-1-buchstuetzen-aufmacher-quer.jpg","jetpack_sharing_enabled":true,"_links":{"self":[{"href":"https:\/\/www.trend4ward.de\/trendblog\/wp-json\/wp\/v2\/posts\/5295","targetHints":{"allow":["GET"]}}],"collection":[{"href":"https:\/\/www.trend4ward.de\/trendblog\/wp-json\/wp\/v2\/posts"}],"about":[{"href":"https:\/\/www.trend4ward.de\/trendblog\/wp-json\/wp\/v2\/types\/post"}],"author":[{"embeddable":true,"href":"https:\/\/www.trend4ward.de\/trendblog\/wp-json\/wp\/v2\/users\/1"}],"replies":[{"embeddable":true,"href":"https:\/\/www.trend4ward.de\/trendblog\/wp-json\/wp\/v2\/comments?post=5295"}],"version-history":[{"count":2,"href":"https:\/\/www.trend4ward.de\/trendblog\/wp-json\/wp\/v2\/posts\/5295\/revisions"}],"predecessor-version":[{"id":5316,"href":"https:\/\/www.trend4ward.de\/trendblog\/wp-json\/wp\/v2\/posts\/5295\/revisions\/5316"}],"wp:featuredmedia":[{"embeddable":true,"href":"https:\/\/www.trend4ward.de\/trendblog\/wp-json\/wp\/v2\/media\/5298"}],"wp:attachment":[{"href":"https:\/\/www.trend4ward.de\/trendblog\/wp-json\/wp\/v2\/media?parent=5295"}],"wp:term":[{"taxonomy":"category","embeddable":true,"href":"https:\/\/www.trend4ward.de\/trendblog\/wp-json\/wp\/v2\/categories?post=5295"},{"taxonomy":"post_tag","embeddable":true,"href":"https:\/\/www.trend4ward.de\/trendblog\/wp-json\/wp\/v2\/tags?post=5295"}],"curies":[{"name":"wp","href":"https:\/\/api.w.org\/{rel}","templated":true}]}}