{"id":5500,"date":"2020-10-28T10:47:17","date_gmt":"2020-10-28T09:47:17","guid":{"rendered":"https:\/\/www.trend4ward.de\/trendblog\/?p=5500"},"modified":"2020-12-10T10:49:21","modified_gmt":"2020-12-10T09:49:21","slug":"asterix-spricht-jetzt-koelsch-neues-heft-erschienen","status":"publish","type":"post","link":"https:\/\/www.trend4ward.de\/trendblog\/asterix-spricht-jetzt-koelsch-neues-heft-erschienen\/","title":{"rendered":"Asterix spricht jetzt Koelsch \u2013 neues Heft erschienen"},"content":{"rendered":"<p><strong>Sch\u00f6ne Abwechslung f\u00fcr alle K\u00f6lner und Rheinl\u00e4nder: Der Band &#8222;Asterix als Legion\u00e4r&#8220; wurde jetzt von drei K\u00f6lnerinnen in echter k\u00f6lscher Mundart neu aufgelegt. Neben der Autorin Vera Kettenbach, Cornelia Scheel hat auch TV-Ikone und Asterix-Fanin Hella von Sinnen mitgewirkt. Hier das Interview mit den dreien zum neuen Asterix-Heft.<\/strong><!--more--><\/p>\n<h2><a href=\"https:\/\/www.trend4ward.de\/trendblog\/wp-content\/uploads\/2020\/11\/Asterix-1.jpg\"><img loading=\"lazy\" decoding=\"async\" class=\"size-medium wp-image-5540 alignleft\" src=\"https:\/\/www.trend4ward.de\/trendblog\/wp-content\/uploads\/2020\/11\/Asterix-1-227x300.jpg\" alt=\"\" width=\"227\" height=\"300\" srcset=\"https:\/\/www.trend4ward.de\/trendblog\/wp-content\/uploads\/2020\/11\/Asterix-1-227x300.jpg 227w, https:\/\/www.trend4ward.de\/trendblog\/wp-content\/uploads\/2020\/11\/Asterix-1-480x636.jpg 480w, https:\/\/www.trend4ward.de\/trendblog\/wp-content\/uploads\/2020\/11\/Asterix-1-45x60.jpg 45w, https:\/\/www.trend4ward.de\/trendblog\/wp-content\/uploads\/2020\/11\/Asterix-1.jpg 540w\" sizes=\"auto, (max-width: 227px) 100vw, 227px\" \/><\/a><\/h2>\n<p>&nbsp;<\/p>\n<p><strong>\u201eAsterix k\u00fctt nohm Kommiss\u201c<\/strong> (ISBN: 978-3-7704-4115-0, Euro 14,00)<\/p>\n<p>ist seit dem 5. November im Buchhandel erh\u00e4ltlich.&nbsp;<\/p>\n<p>Alle Fotos: \u00a9 Egmont Comic Collection<\/p>\n<p>&nbsp;<\/p>\n<p>&nbsp;<\/p>\n<p>&nbsp;<\/p>\n<p>&nbsp;<\/p>\n<p>&nbsp;<\/p>\n<p>&nbsp;<\/p>\n","protected":false},"excerpt":{"rendered":"<p>Sch\u00f6ne Abwechslung f\u00fcr alle K\u00f6lner und Rheinl\u00e4nder: Der Band &#8222;Asterix als Legion\u00e4r&#8220; wurde jetzt von drei K\u00f6lnerinnen in echter k\u00f6lscher Mundart neu aufgelegt. Neben der Autorin Vera Kettenbach, Cornelia Scheel hat auch TV-Ikone und Asterix-Fanin Hella von Sinnen mitgewirkt. Hier das Interview mit den dreien zum neuen Asterix-Heft.<\/p>\n","protected":false},"author":1,"featured_media":5503,"comment_status":"open","ping_status":"open","sticky":false,"template":"","format":"standard","meta":{"om_disable_all_campaigns":false,"_monsterinsights_skip_tracking":false,"_monsterinsights_sitenote_active":false,"_monsterinsights_sitenote_note":"","_monsterinsights_sitenote_category":0,"_uf_show_specific_survey":0,"_uf_disable_surveys":false,"neve_meta_sidebar":"","neve_meta_container":"","neve_meta_enable_content_width":"","neve_meta_content_width":0,"neve_meta_title_alignment":"","neve_meta_author_avatar":"","neve_post_elements_order":"","neve_meta_disable_header":"","neve_meta_disable_footer":"","neve_meta_disable_title":"","ngg_post_thumbnail":0,"_jetpack_memberships_contains_paid_content":false,"footnotes":""},"categories":[16],"tags":[133],"class_list":["post-5500","post","type-post","status-publish","format-standard","has-post-thumbnail","hentry","category-koeln","tag-buchtipp"],"yoast_head":"<!-- This site is optimized with the Yoast SEO plugin v27.4 - https:\/\/yoast.com\/product\/yoast-seo-wordpress\/ -->\n<title>Asterix spricht jetzt Koelsch \u2013 neues Heft erschienen &#8226; trendBlog \u2013 Wohnen, Reisen, Leben und Kultur<\/title>\n<meta name=\"description\" content=\"Sch\u00f6ne Idee: Der Band &quot;Asterix als Legion\u00e4r&quot; wurde jetzt von drei K\u00f6lnerinnen in echter k\u00f6lscher Mundart neu aufgelegt.\" \/>\n<meta name=\"robots\" content=\"index, follow, max-snippet:-1, max-image-preview:large, max-video-preview:-1\" \/>\n<link rel=\"canonical\" href=\"https:\/\/www.trend4ward.de\/trendblog\/asterix-spricht-jetzt-koelsch-neues-heft-erschienen\/\" \/>\n<meta property=\"og:locale\" content=\"de_DE\" \/>\n<meta property=\"og:type\" content=\"article\" \/>\n<meta property=\"og:title\" content=\"Asterix spricht jetzt Koelsch \u2013 neues Heft erschienen &#8226; trendBlog \u2013 Wohnen, Reisen, Leben und Kultur\" \/>\n<meta property=\"og:description\" content=\"Sch\u00f6ne Idee: Der Band &quot;Asterix als Legion\u00e4r&quot; wurde jetzt von drei K\u00f6lnerinnen in echter k\u00f6lscher Mundart neu aufgelegt.\" \/>\n<meta property=\"og:url\" content=\"https:\/\/www.trend4ward.de\/trendblog\/asterix-spricht-jetzt-koelsch-neues-heft-erschienen\/\" \/>\n<meta property=\"og:site_name\" content=\"trendBlog \u2013 Wohnen, Reisen, Leben und Kultur\" \/>\n<meta property=\"article:published_time\" content=\"2020-10-28T09:47:17+00:00\" \/>\n<meta property=\"article:modified_time\" content=\"2020-12-10T09:49:21+00:00\" \/>\n<meta property=\"og:image\" content=\"https:\/\/www.trend4ward.de\/trendblog\/wp-content\/uploads\/2020\/11\/Asterix-ko\u0308lsche-Gallierinnen-e1605174598383.jpg\" \/>\n\t<meta property=\"og:image:width\" content=\"1000\" \/>\n\t<meta property=\"og:image:height\" content=\"732\" \/>\n\t<meta property=\"og:image:type\" content=\"image\/jpeg\" \/>\n<meta name=\"author\" content=\"Evelyn Steinbach\" \/>\n<meta name=\"twitter:label1\" content=\"Verfasst von\" \/>\n\t<meta name=\"twitter:data1\" content=\"Evelyn Steinbach\" \/>\n<script type=\"application\/ld+json\" class=\"yoast-schema-graph\">{\"@context\":\"https:\\\/\\\/schema.org\",\"@graph\":[{\"@type\":\"Article\",\"@id\":\"https:\\\/\\\/www.trend4ward.de\\\/trendblog\\\/asterix-spricht-jetzt-koelsch-neues-heft-erschienen\\\/#article\",\"isPartOf\":{\"@id\":\"https:\\\/\\\/www.trend4ward.de\\\/trendblog\\\/asterix-spricht-jetzt-koelsch-neues-heft-erschienen\\\/\"},\"author\":{\"name\":\"Evelyn Steinbach\",\"@id\":\"https:\\\/\\\/www.trend4ward.de\\\/trendblog\\\/#\\\/schema\\\/person\\\/c65dd8afd2fda04893d121f31b2a8ea4\"},\"headline\":\"Asterix spricht jetzt Koelsch \u2013 neues Heft erschienen\",\"datePublished\":\"2020-10-28T09:47:17+00:00\",\"dateModified\":\"2020-12-10T09:49:21+00:00\",\"mainEntityOfPage\":{\"@id\":\"https:\\\/\\\/www.trend4ward.de\\\/trendblog\\\/asterix-spricht-jetzt-koelsch-neues-heft-erschienen\\\/\"},\"wordCount\":94,\"commentCount\":0,\"publisher\":{\"@id\":\"https:\\\/\\\/www.trend4ward.de\\\/trendblog\\\/#\\\/schema\\\/person\\\/c65dd8afd2fda04893d121f31b2a8ea4\"},\"image\":{\"@id\":\"https:\\\/\\\/www.trend4ward.de\\\/trendblog\\\/asterix-spricht-jetzt-koelsch-neues-heft-erschienen\\\/#primaryimage\"},\"thumbnailUrl\":\"https:\\\/\\\/www.trend4ward.de\\\/trendblog\\\/wp-content\\\/uploads\\\/2020\\\/11\\\/Asterix-ko\u0308lsche-Gallierinnen-e1605174598383.jpg\",\"keywords\":[\"Buchtipps\"],\"articleSection\":[\"K\u00f6ln &amp; Kultur\"],\"inLanguage\":\"de\",\"potentialAction\":[{\"@type\":\"CommentAction\",\"name\":\"Comment\",\"target\":[\"https:\\\/\\\/www.trend4ward.de\\\/trendblog\\\/asterix-spricht-jetzt-koelsch-neues-heft-erschienen\\\/#respond\"]}]},{\"@type\":\"WebPage\",\"@id\":\"https:\\\/\\\/www.trend4ward.de\\\/trendblog\\\/asterix-spricht-jetzt-koelsch-neues-heft-erschienen\\\/\",\"url\":\"https:\\\/\\\/www.trend4ward.de\\\/trendblog\\\/asterix-spricht-jetzt-koelsch-neues-heft-erschienen\\\/\",\"name\":\"Asterix spricht jetzt Koelsch \u2013 neues Heft erschienen &#8226; trendBlog \u2013 Wohnen, Reisen, Leben und Kultur\",\"isPartOf\":{\"@id\":\"https:\\\/\\\/www.trend4ward.de\\\/trendblog\\\/#website\"},\"primaryImageOfPage\":{\"@id\":\"https:\\\/\\\/www.trend4ward.de\\\/trendblog\\\/asterix-spricht-jetzt-koelsch-neues-heft-erschienen\\\/#primaryimage\"},\"image\":{\"@id\":\"https:\\\/\\\/www.trend4ward.de\\\/trendblog\\\/asterix-spricht-jetzt-koelsch-neues-heft-erschienen\\\/#primaryimage\"},\"thumbnailUrl\":\"https:\\\/\\\/www.trend4ward.de\\\/trendblog\\\/wp-content\\\/uploads\\\/2020\\\/11\\\/Asterix-ko\u0308lsche-Gallierinnen-e1605174598383.jpg\",\"datePublished\":\"2020-10-28T09:47:17+00:00\",\"dateModified\":\"2020-12-10T09:49:21+00:00\",\"description\":\"Sch\u00f6ne Idee: Der Band \\\"Asterix als Legion\u00e4r\\\" wurde jetzt von drei K\u00f6lnerinnen in echter k\u00f6lscher Mundart neu aufgelegt.\",\"breadcrumb\":{\"@id\":\"https:\\\/\\\/www.trend4ward.de\\\/trendblog\\\/asterix-spricht-jetzt-koelsch-neues-heft-erschienen\\\/#breadcrumb\"},\"inLanguage\":\"de\",\"potentialAction\":[{\"@type\":\"ReadAction\",\"target\":[\"https:\\\/\\\/www.trend4ward.de\\\/trendblog\\\/asterix-spricht-jetzt-koelsch-neues-heft-erschienen\\\/\"]}]},{\"@type\":\"ImageObject\",\"inLanguage\":\"de\",\"@id\":\"https:\\\/\\\/www.trend4ward.de\\\/trendblog\\\/asterix-spricht-jetzt-koelsch-neues-heft-erschienen\\\/#primaryimage\",\"url\":\"https:\\\/\\\/www.trend4ward.de\\\/trendblog\\\/wp-content\\\/uploads\\\/2020\\\/11\\\/Asterix-ko\u0308lsche-Gallierinnen-e1605174598383.jpg\",\"contentUrl\":\"https:\\\/\\\/www.trend4ward.de\\\/trendblog\\\/wp-content\\\/uploads\\\/2020\\\/11\\\/Asterix-ko\u0308lsche-Gallierinnen-e1605174598383.jpg\",\"width\":1000,\"height\":732,\"caption\":\"Asterix op K\u00f6lsch\"},{\"@type\":\"BreadcrumbList\",\"@id\":\"https:\\\/\\\/www.trend4ward.de\\\/trendblog\\\/asterix-spricht-jetzt-koelsch-neues-heft-erschienen\\\/#breadcrumb\",\"itemListElement\":[{\"@type\":\"ListItem\",\"position\":1,\"name\":\"Home\",\"item\":\"https:\\\/\\\/www.trend4ward.de\\\/trendblog\\\/\"},{\"@type\":\"ListItem\",\"position\":2,\"name\":\"Asterix spricht jetzt Koelsch \u2013 neues Heft erschienen\"}]},{\"@type\":\"WebSite\",\"@id\":\"https:\\\/\\\/www.trend4ward.de\\\/trendblog\\\/#website\",\"url\":\"https:\\\/\\\/www.trend4ward.de\\\/trendblog\\\/\",\"name\":\"trendBlog \u2013 Wohnen, Reisen, Leben und Kultur\",\"description\":\"Portr\u00e4ts, Reportagen, Ratgeber. Seit 2009. Von Evelyn Steinbach.\",\"publisher\":{\"@id\":\"https:\\\/\\\/www.trend4ward.de\\\/trendblog\\\/#\\\/schema\\\/person\\\/c65dd8afd2fda04893d121f31b2a8ea4\"},\"potentialAction\":[{\"@type\":\"SearchAction\",\"target\":{\"@type\":\"EntryPoint\",\"urlTemplate\":\"https:\\\/\\\/www.trend4ward.de\\\/trendblog\\\/?s={search_term_string}\"},\"query-input\":{\"@type\":\"PropertyValueSpecification\",\"valueRequired\":true,\"valueName\":\"search_term_string\"}}],\"inLanguage\":\"de\"},{\"@type\":[\"Person\",\"Organization\"],\"@id\":\"https:\\\/\\\/www.trend4ward.de\\\/trendblog\\\/#\\\/schema\\\/person\\\/c65dd8afd2fda04893d121f31b2a8ea4\",\"name\":\"Evelyn Steinbach\",\"image\":{\"@type\":\"ImageObject\",\"inLanguage\":\"de\",\"@id\":\"https:\\\/\\\/www.trend4ward.de\\\/trendblog\\\/wp-content\\\/uploads\\\/2020\\\/11\\\/cropped-cropped-IMG_6744-e1692617617527.png\",\"url\":\"https:\\\/\\\/www.trend4ward.de\\\/trendblog\\\/wp-content\\\/uploads\\\/2020\\\/11\\\/cropped-cropped-IMG_6744-e1692617617527.png\",\"contentUrl\":\"https:\\\/\\\/www.trend4ward.de\\\/trendblog\\\/wp-content\\\/uploads\\\/2020\\\/11\\\/cropped-cropped-IMG_6744-e1692617617527.png\",\"width\":200,\"height\":183,\"caption\":\"Evelyn Steinbach\"},\"logo\":{\"@id\":\"https:\\\/\\\/www.trend4ward.de\\\/trendblog\\\/wp-content\\\/uploads\\\/2020\\\/11\\\/cropped-cropped-IMG_6744-e1692617617527.png\"},\"sameAs\":[\"http:\\\/\\\/www.trend4ward.de\"],\"url\":\"https:\\\/\\\/www.trend4ward.de\\\/trendblog\\\/author\\\/eve\\\/\"}]}<\/script>\n<!-- \/ Yoast SEO plugin. -->","yoast_head_json":{"title":"Asterix spricht jetzt Koelsch \u2013 neues Heft erschienen &#8226; trendBlog \u2013 Wohnen, Reisen, Leben und Kultur","description":"Sch\u00f6ne Idee: Der Band \"Asterix als Legion\u00e4r\" wurde jetzt von drei K\u00f6lnerinnen in echter k\u00f6lscher Mundart neu aufgelegt.","robots":{"index":"index","follow":"follow","max-snippet":"max-snippet:-1","max-image-preview":"max-image-preview:large","max-video-preview":"max-video-preview:-1"},"canonical":"https:\/\/www.trend4ward.de\/trendblog\/asterix-spricht-jetzt-koelsch-neues-heft-erschienen\/","og_locale":"de_DE","og_type":"article","og_title":"Asterix spricht jetzt Koelsch \u2013 neues Heft erschienen &#8226; trendBlog \u2013 Wohnen, Reisen, Leben und Kultur","og_description":"Sch\u00f6ne Idee: Der Band \"Asterix als Legion\u00e4r\" wurde jetzt von drei K\u00f6lnerinnen in echter k\u00f6lscher Mundart neu aufgelegt.","og_url":"https:\/\/www.trend4ward.de\/trendblog\/asterix-spricht-jetzt-koelsch-neues-heft-erschienen\/","og_site_name":"trendBlog \u2013 Wohnen, Reisen, Leben und Kultur","article_published_time":"2020-10-28T09:47:17+00:00","article_modified_time":"2020-12-10T09:49:21+00:00","og_image":[{"width":1000,"height":732,"url":"https:\/\/www.trend4ward.de\/trendblog\/wp-content\/uploads\/2020\/11\/Asterix-ko\u0308lsche-Gallierinnen-e1605174598383.jpg","type":"image\/jpeg"}],"author":"Evelyn Steinbach","twitter_misc":{"Verfasst von":"Evelyn Steinbach"},"schema":{"@context":"https:\/\/schema.org","@graph":[{"@type":"Article","@id":"https:\/\/www.trend4ward.de\/trendblog\/asterix-spricht-jetzt-koelsch-neues-heft-erschienen\/#article","isPartOf":{"@id":"https:\/\/www.trend4ward.de\/trendblog\/asterix-spricht-jetzt-koelsch-neues-heft-erschienen\/"},"author":{"name":"Evelyn Steinbach","@id":"https:\/\/www.trend4ward.de\/trendblog\/#\/schema\/person\/c65dd8afd2fda04893d121f31b2a8ea4"},"headline":"Asterix spricht jetzt Koelsch \u2013 neues Heft erschienen","datePublished":"2020-10-28T09:47:17+00:00","dateModified":"2020-12-10T09:49:21+00:00","mainEntityOfPage":{"@id":"https:\/\/www.trend4ward.de\/trendblog\/asterix-spricht-jetzt-koelsch-neues-heft-erschienen\/"},"wordCount":94,"commentCount":0,"publisher":{"@id":"https:\/\/www.trend4ward.de\/trendblog\/#\/schema\/person\/c65dd8afd2fda04893d121f31b2a8ea4"},"image":{"@id":"https:\/\/www.trend4ward.de\/trendblog\/asterix-spricht-jetzt-koelsch-neues-heft-erschienen\/#primaryimage"},"thumbnailUrl":"https:\/\/www.trend4ward.de\/trendblog\/wp-content\/uploads\/2020\/11\/Asterix-ko\u0308lsche-Gallierinnen-e1605174598383.jpg","keywords":["Buchtipps"],"articleSection":["K\u00f6ln &amp; Kultur"],"inLanguage":"de","potentialAction":[{"@type":"CommentAction","name":"Comment","target":["https:\/\/www.trend4ward.de\/trendblog\/asterix-spricht-jetzt-koelsch-neues-heft-erschienen\/#respond"]}]},{"@type":"WebPage","@id":"https:\/\/www.trend4ward.de\/trendblog\/asterix-spricht-jetzt-koelsch-neues-heft-erschienen\/","url":"https:\/\/www.trend4ward.de\/trendblog\/asterix-spricht-jetzt-koelsch-neues-heft-erschienen\/","name":"Asterix spricht jetzt Koelsch \u2013 neues Heft erschienen &#8226; trendBlog \u2013 Wohnen, Reisen, Leben und Kultur","isPartOf":{"@id":"https:\/\/www.trend4ward.de\/trendblog\/#website"},"primaryImageOfPage":{"@id":"https:\/\/www.trend4ward.de\/trendblog\/asterix-spricht-jetzt-koelsch-neues-heft-erschienen\/#primaryimage"},"image":{"@id":"https:\/\/www.trend4ward.de\/trendblog\/asterix-spricht-jetzt-koelsch-neues-heft-erschienen\/#primaryimage"},"thumbnailUrl":"https:\/\/www.trend4ward.de\/trendblog\/wp-content\/uploads\/2020\/11\/Asterix-ko\u0308lsche-Gallierinnen-e1605174598383.jpg","datePublished":"2020-10-28T09:47:17+00:00","dateModified":"2020-12-10T09:49:21+00:00","description":"Sch\u00f6ne Idee: Der Band \"Asterix als Legion\u00e4r\" wurde jetzt von drei K\u00f6lnerinnen in echter k\u00f6lscher Mundart neu aufgelegt.","breadcrumb":{"@id":"https:\/\/www.trend4ward.de\/trendblog\/asterix-spricht-jetzt-koelsch-neues-heft-erschienen\/#breadcrumb"},"inLanguage":"de","potentialAction":[{"@type":"ReadAction","target":["https:\/\/www.trend4ward.de\/trendblog\/asterix-spricht-jetzt-koelsch-neues-heft-erschienen\/"]}]},{"@type":"ImageObject","inLanguage":"de","@id":"https:\/\/www.trend4ward.de\/trendblog\/asterix-spricht-jetzt-koelsch-neues-heft-erschienen\/#primaryimage","url":"https:\/\/www.trend4ward.de\/trendblog\/wp-content\/uploads\/2020\/11\/Asterix-ko\u0308lsche-Gallierinnen-e1605174598383.jpg","contentUrl":"https:\/\/www.trend4ward.de\/trendblog\/wp-content\/uploads\/2020\/11\/Asterix-ko\u0308lsche-Gallierinnen-e1605174598383.jpg","width":1000,"height":732,"caption":"Asterix op K\u00f6lsch"},{"@type":"BreadcrumbList","@id":"https:\/\/www.trend4ward.de\/trendblog\/asterix-spricht-jetzt-koelsch-neues-heft-erschienen\/#breadcrumb","itemListElement":[{"@type":"ListItem","position":1,"name":"Home","item":"https:\/\/www.trend4ward.de\/trendblog\/"},{"@type":"ListItem","position":2,"name":"Asterix spricht jetzt Koelsch \u2013 neues Heft erschienen"}]},{"@type":"WebSite","@id":"https:\/\/www.trend4ward.de\/trendblog\/#website","url":"https:\/\/www.trend4ward.de\/trendblog\/","name":"trendBlog \u2013 Wohnen, Reisen, Leben und Kultur","description":"Portr\u00e4ts, Reportagen, Ratgeber. Seit 2009. Von Evelyn Steinbach.","publisher":{"@id":"https:\/\/www.trend4ward.de\/trendblog\/#\/schema\/person\/c65dd8afd2fda04893d121f31b2a8ea4"},"potentialAction":[{"@type":"SearchAction","target":{"@type":"EntryPoint","urlTemplate":"https:\/\/www.trend4ward.de\/trendblog\/?s={search_term_string}"},"query-input":{"@type":"PropertyValueSpecification","valueRequired":true,"valueName":"search_term_string"}}],"inLanguage":"de"},{"@type":["Person","Organization"],"@id":"https:\/\/www.trend4ward.de\/trendblog\/#\/schema\/person\/c65dd8afd2fda04893d121f31b2a8ea4","name":"Evelyn Steinbach","image":{"@type":"ImageObject","inLanguage":"de","@id":"https:\/\/www.trend4ward.de\/trendblog\/wp-content\/uploads\/2020\/11\/cropped-cropped-IMG_6744-e1692617617527.png","url":"https:\/\/www.trend4ward.de\/trendblog\/wp-content\/uploads\/2020\/11\/cropped-cropped-IMG_6744-e1692617617527.png","contentUrl":"https:\/\/www.trend4ward.de\/trendblog\/wp-content\/uploads\/2020\/11\/cropped-cropped-IMG_6744-e1692617617527.png","width":200,"height":183,"caption":"Evelyn Steinbach"},"logo":{"@id":"https:\/\/www.trend4ward.de\/trendblog\/wp-content\/uploads\/2020\/11\/cropped-cropped-IMG_6744-e1692617617527.png"},"sameAs":["http:\/\/www.trend4ward.de"],"url":"https:\/\/www.trend4ward.de\/trendblog\/author\/eve\/"}]}},"jetpack_featured_media_url":"https:\/\/www.trend4ward.de\/trendblog\/wp-content\/uploads\/2020\/11\/Asterix-ko\u0308lsche-Gallierinnen-e1605174598383.jpg","jetpack_sharing_enabled":true,"_links":{"self":[{"href":"https:\/\/www.trend4ward.de\/trendblog\/wp-json\/wp\/v2\/posts\/5500","targetHints":{"allow":["GET"]}}],"collection":[{"href":"https:\/\/www.trend4ward.de\/trendblog\/wp-json\/wp\/v2\/posts"}],"about":[{"href":"https:\/\/www.trend4ward.de\/trendblog\/wp-json\/wp\/v2\/types\/post"}],"author":[{"embeddable":true,"href":"https:\/\/www.trend4ward.de\/trendblog\/wp-json\/wp\/v2\/users\/1"}],"replies":[{"embeddable":true,"href":"https:\/\/www.trend4ward.de\/trendblog\/wp-json\/wp\/v2\/comments?post=5500"}],"version-history":[{"count":5,"href":"https:\/\/www.trend4ward.de\/trendblog\/wp-json\/wp\/v2\/posts\/5500\/revisions"}],"predecessor-version":[{"id":5543,"href":"https:\/\/www.trend4ward.de\/trendblog\/wp-json\/wp\/v2\/posts\/5500\/revisions\/5543"}],"wp:featuredmedia":[{"embeddable":true,"href":"https:\/\/www.trend4ward.de\/trendblog\/wp-json\/wp\/v2\/media\/5503"}],"wp:attachment":[{"href":"https:\/\/www.trend4ward.de\/trendblog\/wp-json\/wp\/v2\/media?parent=5500"}],"wp:term":[{"taxonomy":"category","embeddable":true,"href":"https:\/\/www.trend4ward.de\/trendblog\/wp-json\/wp\/v2\/categories?post=5500"},{"taxonomy":"post_tag","embeddable":true,"href":"https:\/\/www.trend4ward.de\/trendblog\/wp-json\/wp\/v2\/tags?post=5500"}],"curies":[{"name":"wp","href":"https:\/\/api.w.org\/{rel}","templated":true}]}}