{"id":5838,"date":"2022-01-03T07:50:14","date_gmt":"2022-01-03T06:50:14","guid":{"rendered":"https:\/\/www.trend4ward.de\/trendblog\/?p=5838"},"modified":"2024-04-04T15:27:14","modified_gmt":"2024-04-04T13:27:14","slug":"5-trends-fuers-badezimmer-2022","status":"publish","type":"post","link":"https:\/\/www.trend4ward.de\/trendblog\/5-trends-fuers-badezimmer-2022\/","title":{"rendered":"5 Trends f\u00fcrs Badezimmer"},"content":{"rendered":"<p><strong>Das Badezimmer wird wohnlicher und moderner. Wir zeigen aktuelle Ideen und Trends f\u00fcr Armaturen, Badewanne, Waschtische &amp; Co. <\/strong><strong>So richten Sie sich garantiert individuell und gem\u00fctlich an.<\/strong><!--more--><\/p>\n<h2><strong>1. Schwarz im Bad ist modern<\/strong><\/h2>\n<figure id=\"attachment_5844\" aria-describedby=\"caption-attachment-5844\" style=\"width: 300px\" class=\"wp-caption alignright\"><a href=\"https:\/\/www.trend4ward.de\/trendblog\/wp-content\/uploads\/2021\/11\/HANSALIVING_WANNENARMTUR_HANSA_LOFT_AUSLAUF_HANSABASICJET_BRAUSE-scaled.jpg\"><img loading=\"lazy\" decoding=\"async\" class=\"size-medium wp-image-5844\" src=\"https:\/\/www.trend4ward.de\/trendblog\/wp-content\/uploads\/2021\/11\/HANSALIVING_WANNENARMTUR_HANSA_LOFT_AUSLAUF_HANSABASICJET_BRAUSE-300x237.jpg\" alt=\"\" width=\"300\" height=\"237\" srcset=\"https:\/\/www.trend4ward.de\/trendblog\/wp-content\/uploads\/2021\/11\/HANSALIVING_WANNENARMTUR_HANSA_LOFT_AUSLAUF_HANSABASICJET_BRAUSE-300x237.jpg 300w, https:\/\/www.trend4ward.de\/trendblog\/wp-content\/uploads\/2021\/11\/HANSALIVING_WANNENARMTUR_HANSA_LOFT_AUSLAUF_HANSABASICJET_BRAUSE-1024x808.jpg 1024w, https:\/\/www.trend4ward.de\/trendblog\/wp-content\/uploads\/2021\/11\/HANSALIVING_WANNENARMTUR_HANSA_LOFT_AUSLAUF_HANSABASICJET_BRAUSE-768x606.jpg 768w, https:\/\/www.trend4ward.de\/trendblog\/wp-content\/uploads\/2021\/11\/HANSALIVING_WANNENARMTUR_HANSA_LOFT_AUSLAUF_HANSABASICJET_BRAUSE-1536x1211.jpg 1536w, https:\/\/www.trend4ward.de\/trendblog\/wp-content\/uploads\/2021\/11\/HANSALIVING_WANNENARMTUR_HANSA_LOFT_AUSLAUF_HANSABASICJET_BRAUSE-2048x1615.jpg 2048w, https:\/\/www.trend4ward.de\/trendblog\/wp-content\/uploads\/2021\/11\/HANSALIVING_WANNENARMTUR_HANSA_LOFT_AUSLAUF_HANSABASICJET_BRAUSE-480x379.jpg 480w, https:\/\/www.trend4ward.de\/trendblog\/wp-content\/uploads\/2021\/11\/HANSALIVING_WANNENARMTUR_HANSA_LOFT_AUSLAUF_HANSABASICJET_BRAUSE-76x60.jpg 76w\" sizes=\"auto, (max-width: 300px) 100vw, 300px\" \/><\/a><figcaption id=\"caption-attachment-5844\" class=\"wp-caption-text\">Foto: Hansa<\/figcaption><\/figure>\n<p>Lange war sie verp\u00f6nt: die Farbe Schwarz im Badezimmer. Doch Interior-Designer sind sich einig: Schwarz kann in Kombination mit Wei\u00df ganz schick und modern aussehen. Damit die Einrichtung nicht zu k\u00fchl wirkt, ist die Wahl der Materialien entscheidend. Durch dunkle Fronten des Badezimmerschranks kann die Holzmaserung durchschimmern.<\/p>\n<p>&nbsp;<\/p>\n<h2><strong>2. Holzboden statt Fliesen<\/strong><\/h2>\n<p>Fliesen sind im Bad immer noch die erste Wahl. Mit ihnen k\u00f6nnen formsch\u00f6ne Muster gelegt werden und Bereiche akzentuiert werden. Doch es gibt mittlerweile auch Alternativen. Wasserfestes Laminat oder impr\u00e4gnierte Dielen bringen W\u00e4rme ins Badezimmer. Ebenso nat\u00fcrlich sind Natursteine. Wer nicht auf klassische Feinsteinzugfliesen verzichten m\u00f6chte, kann mit einer Imitation arbeiten. Fliesen im Format von Bodenpaneelen t\u00e4uschen haptische Strukturen und Farben von Holzb\u00f6den nach.<\/p>\n<figure id=\"attachment_5855\" aria-describedby=\"caption-attachment-5855\" style=\"width: 640px\" class=\"wp-caption aligncenter\"><a href=\"https:\/\/www.trend4ward.de\/trendblog\/wp-content\/uploads\/2021\/11\/Parador_Bad-scaled.jpg\"><img loading=\"lazy\" decoding=\"async\" class=\"size-large wp-image-5855\" src=\"https:\/\/www.trend4ward.de\/trendblog\/wp-content\/uploads\/2021\/11\/Parador_Bad-1024x823.jpg\" alt=\"\" width=\"640\" height=\"514\" srcset=\"https:\/\/www.trend4ward.de\/trendblog\/wp-content\/uploads\/2021\/11\/Parador_Bad-1024x823.jpg 1024w, https:\/\/www.trend4ward.de\/trendblog\/wp-content\/uploads\/2021\/11\/Parador_Bad-300x241.jpg 300w, https:\/\/www.trend4ward.de\/trendblog\/wp-content\/uploads\/2021\/11\/Parador_Bad-768x617.jpg 768w, https:\/\/www.trend4ward.de\/trendblog\/wp-content\/uploads\/2021\/11\/Parador_Bad-1536x1235.jpg 1536w, https:\/\/www.trend4ward.de\/trendblog\/wp-content\/uploads\/2021\/11\/Parador_Bad-2048x1647.jpg 2048w, https:\/\/www.trend4ward.de\/trendblog\/wp-content\/uploads\/2021\/11\/Parador_Bad-480x386.jpg 480w, https:\/\/www.trend4ward.de\/trendblog\/wp-content\/uploads\/2021\/11\/Parador_Bad-75x60.jpg 75w\" sizes=\"auto, (max-width: 640px) 100vw, 640px\" \/><\/a><figcaption id=\"caption-attachment-5855\" class=\"wp-caption-text\">Foto: Parador<\/figcaption><\/figure>\n<h2><strong>3. Spiegel mit LED<\/strong><\/h2>\n<figure id=\"attachment_5846\" aria-describedby=\"caption-attachment-5846\" style=\"width: 300px\" class=\"wp-caption alignright\"><a href=\"https:\/\/www.trend4ward.de\/trendblog\/wp-content\/uploads\/2021\/11\/Cape_Cod_small_bathroom_02.jpg\"><img loading=\"lazy\" decoding=\"async\" class=\"size-medium wp-image-5846\" src=\"https:\/\/www.trend4ward.de\/trendblog\/wp-content\/uploads\/2021\/11\/Cape_Cod_small_bathroom_02-300x225.jpg\" alt=\"\" width=\"300\" height=\"225\" srcset=\"https:\/\/www.trend4ward.de\/trendblog\/wp-content\/uploads\/2021\/11\/Cape_Cod_small_bathroom_02-300x225.jpg 300w, https:\/\/www.trend4ward.de\/trendblog\/wp-content\/uploads\/2021\/11\/Cape_Cod_small_bathroom_02-1024x768.jpg 1024w, https:\/\/www.trend4ward.de\/trendblog\/wp-content\/uploads\/2021\/11\/Cape_Cod_small_bathroom_02-768x576.jpg 768w, https:\/\/www.trend4ward.de\/trendblog\/wp-content\/uploads\/2021\/11\/Cape_Cod_small_bathroom_02-1536x1152.jpg 1536w, https:\/\/www.trend4ward.de\/trendblog\/wp-content\/uploads\/2021\/11\/Cape_Cod_small_bathroom_02-480x360.jpg 480w, https:\/\/www.trend4ward.de\/trendblog\/wp-content\/uploads\/2021\/11\/Cape_Cod_small_bathroom_02-80x60.jpg 80w, https:\/\/www.trend4ward.de\/trendblog\/wp-content\/uploads\/2021\/11\/Cape_Cod_small_bathroom_02.jpg 1800w\" sizes=\"auto, (max-width: 300px) 100vw, 300px\" \/><\/a><figcaption id=\"caption-attachment-5846\" class=\"wp-caption-text\">Foto: Duravit<\/figcaption><\/figure>\n<p>Spiegel mit LED-Rahmen liegen im Trend. Sie sorgen f\u00fcr eine blendfreie sch\u00f6ne Ausleuchtung des Waschtisches und Spiegelbildes. Dimmbare Varianten, die sich von Warmwei\u00df auch auf Neutralwei\u00df und Tageslichtwei\u00df einstellen lassen, sind zwar etwas teurer, erzeugen aber ein realistischeres Spiegelbild. Ebenso l\u00e4sst sich hiermit die Lichtstimmung je nach Uhrzeit und Badnutzung anpassen.<\/p>\n<p><strong>&nbsp;<\/strong><\/p>\n<h2><strong>4. Filigrane Badkeramik<\/strong><\/h2>\n<figure id=\"attachment_5840\" aria-describedby=\"caption-attachment-5840\" style=\"width: 300px\" class=\"wp-caption alignleft\"><a href=\"https:\/\/www.trend4ward.de\/trendblog\/wp-content\/uploads\/2021\/11\/ev_0721_sanipa_bild-02.jpg\"><img loading=\"lazy\" decoding=\"async\" class=\"size-medium wp-image-5840\" src=\"https:\/\/www.trend4ward.de\/trendblog\/wp-content\/uploads\/2021\/11\/ev_0721_sanipa_bild-02-300x197.jpg\" alt=\"\" width=\"300\" height=\"197\" srcset=\"https:\/\/www.trend4ward.de\/trendblog\/wp-content\/uploads\/2021\/11\/ev_0721_sanipa_bild-02-300x197.jpg 300w, https:\/\/www.trend4ward.de\/trendblog\/wp-content\/uploads\/2021\/11\/ev_0721_sanipa_bild-02-1024x674.jpg 1024w, https:\/\/www.trend4ward.de\/trendblog\/wp-content\/uploads\/2021\/11\/ev_0721_sanipa_bild-02-768x505.jpg 768w, https:\/\/www.trend4ward.de\/trendblog\/wp-content\/uploads\/2021\/11\/ev_0721_sanipa_bild-02-1536x1010.jpg 1536w, https:\/\/www.trend4ward.de\/trendblog\/wp-content\/uploads\/2021\/11\/ev_0721_sanipa_bild-02-480x316.jpg 480w, https:\/\/www.trend4ward.de\/trendblog\/wp-content\/uploads\/2021\/11\/ev_0721_sanipa_bild-02-90x60.jpg 90w, https:\/\/www.trend4ward.de\/trendblog\/wp-content\/uploads\/2021\/11\/ev_0721_sanipa_bild-02.jpg 1920w\" sizes=\"auto, (max-width: 300px) 100vw, 300px\" \/><\/a><figcaption id=\"caption-attachment-5840\" class=\"wp-caption-text\">Foto: Sanipa<\/figcaption><\/figure>\n<p>Ovale Waschbecken, schmale Badewannenr\u00e4nder: Filigrane Keramik im Badezimmer wirkt edel und modern. Statt klotzige Waschbecken mit schweren Kanten, sind leichte und schwerelos wirkende Produkte im Trend. M\u00f6glich sind runde und ovale, quadratische und rechteckige Formen. Gro\u00dfe Ablagefl\u00e4chen erg\u00e4nzen den Waschtisch mit den d\u00fcnnen Kanten. Badewanne und WC nehmen das filigrane Design ebenfalls auf.<\/p>\n<p><strong>&nbsp;<\/strong><\/p>\n<h2><strong>5. Sp\u00fclrandlose Toiletten und Dusch-WC<\/strong><\/h2>\n<figure id=\"attachment_5842\" aria-describedby=\"caption-attachment-5842\" style=\"width: 300px\" class=\"wp-caption alignright\"><a href=\"https:\/\/www.trend4ward.de\/trendblog\/wp-content\/uploads\/2021\/11\/ev-0821_villeroy-boch_bild-03.jpg\"><img loading=\"lazy\" decoding=\"async\" class=\"size-medium wp-image-5842\" src=\"https:\/\/www.trend4ward.de\/trendblog\/wp-content\/uploads\/2021\/11\/ev-0821_villeroy-boch_bild-03-300x202.jpg\" alt=\"\" width=\"300\" height=\"202\" srcset=\"https:\/\/www.trend4ward.de\/trendblog\/wp-content\/uploads\/2021\/11\/ev-0821_villeroy-boch_bild-03-300x202.jpg 300w, https:\/\/www.trend4ward.de\/trendblog\/wp-content\/uploads\/2021\/11\/ev-0821_villeroy-boch_bild-03-1024x689.jpg 1024w, https:\/\/www.trend4ward.de\/trendblog\/wp-content\/uploads\/2021\/11\/ev-0821_villeroy-boch_bild-03-768x516.jpg 768w, https:\/\/www.trend4ward.de\/trendblog\/wp-content\/uploads\/2021\/11\/ev-0821_villeroy-boch_bild-03-1536x1033.jpg 1536w, https:\/\/www.trend4ward.de\/trendblog\/wp-content\/uploads\/2021\/11\/ev-0821_villeroy-boch_bild-03-480x323.jpg 480w, https:\/\/www.trend4ward.de\/trendblog\/wp-content\/uploads\/2021\/11\/ev-0821_villeroy-boch_bild-03-90x60.jpg 90w, https:\/\/www.trend4ward.de\/trendblog\/wp-content\/uploads\/2021\/11\/ev-0821_villeroy-boch_bild-03.jpg 1920w\" sizes=\"auto, (max-width: 300px) 100vw, 300px\" \/><\/a><figcaption id=\"caption-attachment-5842\" class=\"wp-caption-text\">Foto: Villeroy Boch<\/figcaption><\/figure>\n<p>In Japan und Korea sind&nbsp;Dusch-WCs gew\u00f6hnlich. Hierzulande sind sie etwas f\u00fcr Trendsetter und Individualisten. Die Kombination aus Toilette und Bidet reinigen mit warmen Wasser. Oft ist kein Toilettenpapier mehr notwendig. Ebenso angesagt sind sp\u00fclrandlose Toiletten. Durch das Fehlen des Sp\u00fclrands entfallen die Stellen in der Toilette, wo sich h\u00e4ufig Schmutz sammelt. Toiletten ohne Sp\u00fclrand sind daher einfacher zu reinigen als klassische WCs.<\/p>\n<p>&nbsp;<\/p>\n<p>&nbsp;<\/p>\n","protected":false},"excerpt":{"rendered":"<p>Das Badezimmer wird wohnlicher und moderner. Wir zeigen aktuelle Ideen und Trends f\u00fcr Armaturen, Badewanne, Waschtische &amp; Co. So richten Sie sich garantiert individuell und gem\u00fctlich an.<\/p>\n","protected":false},"author":1,"featured_media":5853,"comment_status":"open","ping_status":"open","sticky":false,"template":"","format":"standard","meta":{"om_disable_all_campaigns":false,"_monsterinsights_skip_tracking":false,"_monsterinsights_sitenote_active":false,"_monsterinsights_sitenote_note":"","_monsterinsights_sitenote_category":0,"_uf_show_specific_survey":0,"_uf_disable_surveys":false,"neve_meta_sidebar":"","neve_meta_container":"","neve_meta_enable_content_width":"","neve_meta_content_width":0,"neve_meta_title_alignment":"","neve_meta_author_avatar":"","neve_post_elements_order":"","neve_meta_disable_header":"","neve_meta_disable_footer":"","neve_meta_disable_title":"","ngg_post_thumbnail":0,"_jetpack_memberships_contains_paid_content":false,"footnotes":""},"categories":[3,15],"tags":[186,152,92,93],"class_list":["post-5838","post","type-post","status-publish","format-standard","has-post-thumbnail","hentry","category-trendbarometer","category-wohnen","tag-badezimmer","tag-farbtrends","tag-homing","tag-wohntrends"],"yoast_head":"<!-- This site is optimized with the Yoast SEO plugin v27.4 - https:\/\/yoast.com\/product\/yoast-seo-wordpress\/ -->\n<title>5 Trends f\u00fcrs Badezimmer &#8226; trendBlog \u2013 Wohnen, Reisen, Leben und Kultur<\/title>\n<meta name=\"description\" content=\"Das Badezimmer wird wohnlicher und moderner. Wir zeigen aktuelle Ideen und Trends f\u00fcr Armaturen, Badewanne, Waschtische &amp; Co. So richten Sie sich garantiert individuell und gem\u00fctlich an.\" \/>\n<meta name=\"robots\" content=\"index, follow, max-snippet:-1, max-image-preview:large, max-video-preview:-1\" \/>\n<link rel=\"canonical\" href=\"https:\/\/www.trend4ward.de\/trendblog\/5-trends-fuers-badezimmer-2022\/\" \/>\n<meta property=\"og:locale\" content=\"de_DE\" \/>\n<meta property=\"og:type\" content=\"article\" \/>\n<meta property=\"og:title\" content=\"5 Trends f\u00fcrs Badezimmer &#8226; trendBlog \u2013 Wohnen, Reisen, Leben und Kultur\" \/>\n<meta property=\"og:description\" content=\"Das Badezimmer wird wohnlicher und moderner. Wir zeigen aktuelle Ideen und Trends f\u00fcr Armaturen, Badewanne, Waschtische &amp; Co. So richten Sie sich garantiert individuell und gem\u00fctlich an.\" \/>\n<meta property=\"og:url\" content=\"https:\/\/www.trend4ward.de\/trendblog\/5-trends-fuers-badezimmer-2022\/\" \/>\n<meta property=\"og:site_name\" content=\"trendBlog \u2013 Wohnen, Reisen, Leben und Kultur\" \/>\n<meta property=\"article:published_time\" content=\"2022-01-03T06:50:14+00:00\" \/>\n<meta property=\"article:modified_time\" content=\"2024-04-04T13:27:14+00:00\" \/>\n<meta property=\"og:image\" content=\"https:\/\/www.trend4ward.de\/trendblog\/wp-content\/uploads\/2021\/11\/Paulmann_2019_03_01-1024x683.jpg\" \/>\n\t<meta property=\"og:image:width\" content=\"1024\" \/>\n\t<meta property=\"og:image:height\" content=\"683\" \/>\n\t<meta property=\"og:image:type\" content=\"image\/jpeg\" \/>\n<meta name=\"author\" content=\"Evelyn Steinbach\" \/>\n<meta name=\"twitter:label1\" content=\"Verfasst von\" \/>\n\t<meta name=\"twitter:data1\" content=\"Evelyn Steinbach\" \/>\n\t<meta name=\"twitter:label2\" content=\"Gesch\u00e4tzte Lesezeit\" \/>\n\t<meta name=\"twitter:data2\" content=\"4\u00a0Minuten\" \/>\n<script type=\"application\/ld+json\" class=\"yoast-schema-graph\">{\"@context\":\"https:\\\/\\\/schema.org\",\"@graph\":[{\"@type\":\"Article\",\"@id\":\"https:\\\/\\\/www.trend4ward.de\\\/trendblog\\\/5-trends-fuers-badezimmer-2022\\\/#article\",\"isPartOf\":{\"@id\":\"https:\\\/\\\/www.trend4ward.de\\\/trendblog\\\/5-trends-fuers-badezimmer-2022\\\/\"},\"author\":{\"name\":\"Evelyn Steinbach\",\"@id\":\"https:\\\/\\\/www.trend4ward.de\\\/trendblog\\\/#\\\/schema\\\/person\\\/c65dd8afd2fda04893d121f31b2a8ea4\"},\"headline\":\"5 Trends f\u00fcrs Badezimmer\",\"datePublished\":\"2022-01-03T06:50:14+00:00\",\"dateModified\":\"2024-04-04T13:27:14+00:00\",\"mainEntityOfPage\":{\"@id\":\"https:\\\/\\\/www.trend4ward.de\\\/trendblog\\\/5-trends-fuers-badezimmer-2022\\\/\"},\"wordCount\":406,\"commentCount\":0,\"publisher\":{\"@id\":\"https:\\\/\\\/www.trend4ward.de\\\/trendblog\\\/#\\\/schema\\\/person\\\/c65dd8afd2fda04893d121f31b2a8ea4\"},\"image\":{\"@id\":\"https:\\\/\\\/www.trend4ward.de\\\/trendblog\\\/5-trends-fuers-badezimmer-2022\\\/#primaryimage\"},\"thumbnailUrl\":\"https:\\\/\\\/www.trend4ward.de\\\/trendblog\\\/wp-content\\\/uploads\\\/2021\\\/11\\\/Paulmann_2019_03_01.jpg\",\"keywords\":[\"Badezimmer\",\"Farbtrends\",\"Homing\",\"Wohntrends\"],\"articleSection\":[\"trendBarometer\",\"Wohnen &amp; Einrichten\"],\"inLanguage\":\"de\",\"potentialAction\":[{\"@type\":\"CommentAction\",\"name\":\"Comment\",\"target\":[\"https:\\\/\\\/www.trend4ward.de\\\/trendblog\\\/5-trends-fuers-badezimmer-2022\\\/#respond\"]}]},{\"@type\":\"WebPage\",\"@id\":\"https:\\\/\\\/www.trend4ward.de\\\/trendblog\\\/5-trends-fuers-badezimmer-2022\\\/\",\"url\":\"https:\\\/\\\/www.trend4ward.de\\\/trendblog\\\/5-trends-fuers-badezimmer-2022\\\/\",\"name\":\"5 Trends f\u00fcrs Badezimmer &#8226; trendBlog \u2013 Wohnen, Reisen, Leben und Kultur\",\"isPartOf\":{\"@id\":\"https:\\\/\\\/www.trend4ward.de\\\/trendblog\\\/#website\"},\"primaryImageOfPage\":{\"@id\":\"https:\\\/\\\/www.trend4ward.de\\\/trendblog\\\/5-trends-fuers-badezimmer-2022\\\/#primaryimage\"},\"image\":{\"@id\":\"https:\\\/\\\/www.trend4ward.de\\\/trendblog\\\/5-trends-fuers-badezimmer-2022\\\/#primaryimage\"},\"thumbnailUrl\":\"https:\\\/\\\/www.trend4ward.de\\\/trendblog\\\/wp-content\\\/uploads\\\/2021\\\/11\\\/Paulmann_2019_03_01.jpg\",\"datePublished\":\"2022-01-03T06:50:14+00:00\",\"dateModified\":\"2024-04-04T13:27:14+00:00\",\"description\":\"Das Badezimmer wird wohnlicher und moderner. Wir zeigen aktuelle Ideen und Trends f\u00fcr Armaturen, Badewanne, Waschtische & Co. So richten Sie sich garantiert individuell und gem\u00fctlich an.\",\"breadcrumb\":{\"@id\":\"https:\\\/\\\/www.trend4ward.de\\\/trendblog\\\/5-trends-fuers-badezimmer-2022\\\/#breadcrumb\"},\"inLanguage\":\"de\",\"potentialAction\":[{\"@type\":\"ReadAction\",\"target\":[\"https:\\\/\\\/www.trend4ward.de\\\/trendblog\\\/5-trends-fuers-badezimmer-2022\\\/\"]}]},{\"@type\":\"ImageObject\",\"inLanguage\":\"de\",\"@id\":\"https:\\\/\\\/www.trend4ward.de\\\/trendblog\\\/5-trends-fuers-badezimmer-2022\\\/#primaryimage\",\"url\":\"https:\\\/\\\/www.trend4ward.de\\\/trendblog\\\/wp-content\\\/uploads\\\/2021\\\/11\\\/Paulmann_2019_03_01.jpg\",\"contentUrl\":\"https:\\\/\\\/www.trend4ward.de\\\/trendblog\\\/wp-content\\\/uploads\\\/2021\\\/11\\\/Paulmann_2019_03_01.jpg\",\"width\":2400,\"height\":1600,\"caption\":\"Foto: Paulmann\"},{\"@type\":\"BreadcrumbList\",\"@id\":\"https:\\\/\\\/www.trend4ward.de\\\/trendblog\\\/5-trends-fuers-badezimmer-2022\\\/#breadcrumb\",\"itemListElement\":[{\"@type\":\"ListItem\",\"position\":1,\"name\":\"Home\",\"item\":\"https:\\\/\\\/www.trend4ward.de\\\/trendblog\\\/\"},{\"@type\":\"ListItem\",\"position\":2,\"name\":\"5 Trends f\u00fcrs Badezimmer\"}]},{\"@type\":\"WebSite\",\"@id\":\"https:\\\/\\\/www.trend4ward.de\\\/trendblog\\\/#website\",\"url\":\"https:\\\/\\\/www.trend4ward.de\\\/trendblog\\\/\",\"name\":\"trendBlog \u2013 Wohnen, Reisen, Leben und Kultur\",\"description\":\"Portr\u00e4ts, Reportagen, Ratgeber. Seit 2009. Von Evelyn Steinbach.\",\"publisher\":{\"@id\":\"https:\\\/\\\/www.trend4ward.de\\\/trendblog\\\/#\\\/schema\\\/person\\\/c65dd8afd2fda04893d121f31b2a8ea4\"},\"potentialAction\":[{\"@type\":\"SearchAction\",\"target\":{\"@type\":\"EntryPoint\",\"urlTemplate\":\"https:\\\/\\\/www.trend4ward.de\\\/trendblog\\\/?s={search_term_string}\"},\"query-input\":{\"@type\":\"PropertyValueSpecification\",\"valueRequired\":true,\"valueName\":\"search_term_string\"}}],\"inLanguage\":\"de\"},{\"@type\":[\"Person\",\"Organization\"],\"@id\":\"https:\\\/\\\/www.trend4ward.de\\\/trendblog\\\/#\\\/schema\\\/person\\\/c65dd8afd2fda04893d121f31b2a8ea4\",\"name\":\"Evelyn Steinbach\",\"image\":{\"@type\":\"ImageObject\",\"inLanguage\":\"de\",\"@id\":\"https:\\\/\\\/www.trend4ward.de\\\/trendblog\\\/wp-content\\\/uploads\\\/2020\\\/11\\\/cropped-cropped-IMG_6744-e1692617617527.png\",\"url\":\"https:\\\/\\\/www.trend4ward.de\\\/trendblog\\\/wp-content\\\/uploads\\\/2020\\\/11\\\/cropped-cropped-IMG_6744-e1692617617527.png\",\"contentUrl\":\"https:\\\/\\\/www.trend4ward.de\\\/trendblog\\\/wp-content\\\/uploads\\\/2020\\\/11\\\/cropped-cropped-IMG_6744-e1692617617527.png\",\"width\":200,\"height\":183,\"caption\":\"Evelyn Steinbach\"},\"logo\":{\"@id\":\"https:\\\/\\\/www.trend4ward.de\\\/trendblog\\\/wp-content\\\/uploads\\\/2020\\\/11\\\/cropped-cropped-IMG_6744-e1692617617527.png\"},\"sameAs\":[\"http:\\\/\\\/www.trend4ward.de\"],\"url\":\"https:\\\/\\\/www.trend4ward.de\\\/trendblog\\\/author\\\/eve\\\/\"}]}<\/script>\n<!-- \/ Yoast SEO plugin. -->","yoast_head_json":{"title":"5 Trends f\u00fcrs Badezimmer &#8226; trendBlog \u2013 Wohnen, Reisen, Leben und Kultur","description":"Das Badezimmer wird wohnlicher und moderner. Wir zeigen aktuelle Ideen und Trends f\u00fcr Armaturen, Badewanne, Waschtische & Co. So richten Sie sich garantiert individuell und gem\u00fctlich an.","robots":{"index":"index","follow":"follow","max-snippet":"max-snippet:-1","max-image-preview":"max-image-preview:large","max-video-preview":"max-video-preview:-1"},"canonical":"https:\/\/www.trend4ward.de\/trendblog\/5-trends-fuers-badezimmer-2022\/","og_locale":"de_DE","og_type":"article","og_title":"5 Trends f\u00fcrs Badezimmer &#8226; trendBlog \u2013 Wohnen, Reisen, Leben und Kultur","og_description":"Das Badezimmer wird wohnlicher und moderner. Wir zeigen aktuelle Ideen und Trends f\u00fcr Armaturen, Badewanne, Waschtische & Co. So richten Sie sich garantiert individuell und gem\u00fctlich an.","og_url":"https:\/\/www.trend4ward.de\/trendblog\/5-trends-fuers-badezimmer-2022\/","og_site_name":"trendBlog \u2013 Wohnen, Reisen, Leben und Kultur","article_published_time":"2022-01-03T06:50:14+00:00","article_modified_time":"2024-04-04T13:27:14+00:00","og_image":[{"width":1024,"height":683,"url":"https:\/\/www.trend4ward.de\/trendblog\/wp-content\/uploads\/2021\/11\/Paulmann_2019_03_01-1024x683.jpg","type":"image\/jpeg"}],"author":"Evelyn Steinbach","twitter_misc":{"Verfasst von":"Evelyn Steinbach","Gesch\u00e4tzte Lesezeit":"4\u00a0Minuten"},"schema":{"@context":"https:\/\/schema.org","@graph":[{"@type":"Article","@id":"https:\/\/www.trend4ward.de\/trendblog\/5-trends-fuers-badezimmer-2022\/#article","isPartOf":{"@id":"https:\/\/www.trend4ward.de\/trendblog\/5-trends-fuers-badezimmer-2022\/"},"author":{"name":"Evelyn Steinbach","@id":"https:\/\/www.trend4ward.de\/trendblog\/#\/schema\/person\/c65dd8afd2fda04893d121f31b2a8ea4"},"headline":"5 Trends f\u00fcrs Badezimmer","datePublished":"2022-01-03T06:50:14+00:00","dateModified":"2024-04-04T13:27:14+00:00","mainEntityOfPage":{"@id":"https:\/\/www.trend4ward.de\/trendblog\/5-trends-fuers-badezimmer-2022\/"},"wordCount":406,"commentCount":0,"publisher":{"@id":"https:\/\/www.trend4ward.de\/trendblog\/#\/schema\/person\/c65dd8afd2fda04893d121f31b2a8ea4"},"image":{"@id":"https:\/\/www.trend4ward.de\/trendblog\/5-trends-fuers-badezimmer-2022\/#primaryimage"},"thumbnailUrl":"https:\/\/www.trend4ward.de\/trendblog\/wp-content\/uploads\/2021\/11\/Paulmann_2019_03_01.jpg","keywords":["Badezimmer","Farbtrends","Homing","Wohntrends"],"articleSection":["trendBarometer","Wohnen &amp; Einrichten"],"inLanguage":"de","potentialAction":[{"@type":"CommentAction","name":"Comment","target":["https:\/\/www.trend4ward.de\/trendblog\/5-trends-fuers-badezimmer-2022\/#respond"]}]},{"@type":"WebPage","@id":"https:\/\/www.trend4ward.de\/trendblog\/5-trends-fuers-badezimmer-2022\/","url":"https:\/\/www.trend4ward.de\/trendblog\/5-trends-fuers-badezimmer-2022\/","name":"5 Trends f\u00fcrs Badezimmer &#8226; trendBlog \u2013 Wohnen, Reisen, Leben und Kultur","isPartOf":{"@id":"https:\/\/www.trend4ward.de\/trendblog\/#website"},"primaryImageOfPage":{"@id":"https:\/\/www.trend4ward.de\/trendblog\/5-trends-fuers-badezimmer-2022\/#primaryimage"},"image":{"@id":"https:\/\/www.trend4ward.de\/trendblog\/5-trends-fuers-badezimmer-2022\/#primaryimage"},"thumbnailUrl":"https:\/\/www.trend4ward.de\/trendblog\/wp-content\/uploads\/2021\/11\/Paulmann_2019_03_01.jpg","datePublished":"2022-01-03T06:50:14+00:00","dateModified":"2024-04-04T13:27:14+00:00","description":"Das Badezimmer wird wohnlicher und moderner. Wir zeigen aktuelle Ideen und Trends f\u00fcr Armaturen, Badewanne, Waschtische & Co. So richten Sie sich garantiert individuell und gem\u00fctlich an.","breadcrumb":{"@id":"https:\/\/www.trend4ward.de\/trendblog\/5-trends-fuers-badezimmer-2022\/#breadcrumb"},"inLanguage":"de","potentialAction":[{"@type":"ReadAction","target":["https:\/\/www.trend4ward.de\/trendblog\/5-trends-fuers-badezimmer-2022\/"]}]},{"@type":"ImageObject","inLanguage":"de","@id":"https:\/\/www.trend4ward.de\/trendblog\/5-trends-fuers-badezimmer-2022\/#primaryimage","url":"https:\/\/www.trend4ward.de\/trendblog\/wp-content\/uploads\/2021\/11\/Paulmann_2019_03_01.jpg","contentUrl":"https:\/\/www.trend4ward.de\/trendblog\/wp-content\/uploads\/2021\/11\/Paulmann_2019_03_01.jpg","width":2400,"height":1600,"caption":"Foto: Paulmann"},{"@type":"BreadcrumbList","@id":"https:\/\/www.trend4ward.de\/trendblog\/5-trends-fuers-badezimmer-2022\/#breadcrumb","itemListElement":[{"@type":"ListItem","position":1,"name":"Home","item":"https:\/\/www.trend4ward.de\/trendblog\/"},{"@type":"ListItem","position":2,"name":"5 Trends f\u00fcrs Badezimmer"}]},{"@type":"WebSite","@id":"https:\/\/www.trend4ward.de\/trendblog\/#website","url":"https:\/\/www.trend4ward.de\/trendblog\/","name":"trendBlog \u2013 Wohnen, Reisen, Leben und Kultur","description":"Portr\u00e4ts, Reportagen, Ratgeber. Seit 2009. Von Evelyn Steinbach.","publisher":{"@id":"https:\/\/www.trend4ward.de\/trendblog\/#\/schema\/person\/c65dd8afd2fda04893d121f31b2a8ea4"},"potentialAction":[{"@type":"SearchAction","target":{"@type":"EntryPoint","urlTemplate":"https:\/\/www.trend4ward.de\/trendblog\/?s={search_term_string}"},"query-input":{"@type":"PropertyValueSpecification","valueRequired":true,"valueName":"search_term_string"}}],"inLanguage":"de"},{"@type":["Person","Organization"],"@id":"https:\/\/www.trend4ward.de\/trendblog\/#\/schema\/person\/c65dd8afd2fda04893d121f31b2a8ea4","name":"Evelyn Steinbach","image":{"@type":"ImageObject","inLanguage":"de","@id":"https:\/\/www.trend4ward.de\/trendblog\/wp-content\/uploads\/2020\/11\/cropped-cropped-IMG_6744-e1692617617527.png","url":"https:\/\/www.trend4ward.de\/trendblog\/wp-content\/uploads\/2020\/11\/cropped-cropped-IMG_6744-e1692617617527.png","contentUrl":"https:\/\/www.trend4ward.de\/trendblog\/wp-content\/uploads\/2020\/11\/cropped-cropped-IMG_6744-e1692617617527.png","width":200,"height":183,"caption":"Evelyn Steinbach"},"logo":{"@id":"https:\/\/www.trend4ward.de\/trendblog\/wp-content\/uploads\/2020\/11\/cropped-cropped-IMG_6744-e1692617617527.png"},"sameAs":["http:\/\/www.trend4ward.de"],"url":"https:\/\/www.trend4ward.de\/trendblog\/author\/eve\/"}]}},"jetpack_featured_media_url":"https:\/\/www.trend4ward.de\/trendblog\/wp-content\/uploads\/2021\/11\/Paulmann_2019_03_01.jpg","jetpack_sharing_enabled":true,"_links":{"self":[{"href":"https:\/\/www.trend4ward.de\/trendblog\/wp-json\/wp\/v2\/posts\/5838","targetHints":{"allow":["GET"]}}],"collection":[{"href":"https:\/\/www.trend4ward.de\/trendblog\/wp-json\/wp\/v2\/posts"}],"about":[{"href":"https:\/\/www.trend4ward.de\/trendblog\/wp-json\/wp\/v2\/types\/post"}],"author":[{"embeddable":true,"href":"https:\/\/www.trend4ward.de\/trendblog\/wp-json\/wp\/v2\/users\/1"}],"replies":[{"embeddable":true,"href":"https:\/\/www.trend4ward.de\/trendblog\/wp-json\/wp\/v2\/comments?post=5838"}],"version-history":[{"count":7,"href":"https:\/\/www.trend4ward.de\/trendblog\/wp-json\/wp\/v2\/posts\/5838\/revisions"}],"predecessor-version":[{"id":6289,"href":"https:\/\/www.trend4ward.de\/trendblog\/wp-json\/wp\/v2\/posts\/5838\/revisions\/6289"}],"wp:featuredmedia":[{"embeddable":true,"href":"https:\/\/www.trend4ward.de\/trendblog\/wp-json\/wp\/v2\/media\/5853"}],"wp:attachment":[{"href":"https:\/\/www.trend4ward.de\/trendblog\/wp-json\/wp\/v2\/media?parent=5838"}],"wp:term":[{"taxonomy":"category","embeddable":true,"href":"https:\/\/www.trend4ward.de\/trendblog\/wp-json\/wp\/v2\/categories?post=5838"},{"taxonomy":"post_tag","embeddable":true,"href":"https:\/\/www.trend4ward.de\/trendblog\/wp-json\/wp\/v2\/tags?post=5838"}],"curies":[{"name":"wp","href":"https:\/\/api.w.org\/{rel}","templated":true}]}}