{"id":6144,"date":"2025-11-02T13:35:32","date_gmt":"2025-11-02T12:35:32","guid":{"rendered":"https:\/\/www.trend4ward.de\/trendblog\/?p=6144"},"modified":"2026-02-19T14:58:16","modified_gmt":"2026-02-19T13:58:16","slug":"gemeinsam_einrichten_wohngemeinschaft","status":"publish","type":"post","link":"https:\/\/www.trend4ward.de\/trendblog\/gemeinsam_einrichten_wohngemeinschaft\/","title":{"rendered":"Gemeinsam einrichten: Das macht eine Wohnung gem\u00fctlich"},"content":{"rendered":"<p><strong>Gem\u00fctlich und einladend: So sollte eine Wohnung sein. Doch wer Mitbewohner hat, wei\u00df, dass die Vorstellungen vom Wohnen oft auseinander gehen. <\/strong><!--more--><\/p>\n<p><strong>Wie werden gemeinsame R\u00e4ume wohnlich? Das beantworten die Ordnungsexpertin Marie Kondo und der Wohnpsychologe Uwe Linke.<\/strong><\/p>\n<p>Eine gem\u00fctliche Einrichtung zu schaffen, in der sich alle Bewohner wohlf\u00fchlen, macht eine Wohnung erst zu einem Zuhause. Hier sind einige Tipps, die helfen, gemeinsam eine solche Wohnumgebung zu schaffen:<\/p>\n<h2><strong>Alle beteiligen \u2013 ein gemeinsames Raumkonzept entwickeln<\/strong><\/h2>\n<p>Jeder Bewohner hat unterschiedliche Bed\u00fcrfnisse und Interessen. Diese sollte man bei der Raumplanung ber\u00fccksichtigen. \u201eDie Einrichtung sollte ein gemeinsames Projekt sein, damit alle zufrieden sind\u201c, r\u00e4t der M\u00fcnchner Wohnpsychologe Uwe Linke. Was bedeutet, dass gemeinschaftlich genutzte R\u00e4ume mit allen beraten werden. \u201eMan spricht sich ab, welche Aufgabe der Raum erhalten soll\u201c, erkl\u00e4rt er. Dabei gehe es sowohl um Funktionen, als auch um Emotionen, also die Frage, wie man sich im Raum f\u00fchlen will.<\/p>\n<p>Bewohner mit sehr unterschiedlichen Einrichtungsvorlieben tendieren dazu, einen Kompromiss zu finden. Das sei aber keine L\u00f6sung, so der Therapeut. \u201eMan einigt sich auf eine Einrichtung, mit der alle gerade noch so leben k\u00f6nnen.\u201c Besser sei, wenn sich die Einzelinteressen im Raum wiederfinden.<\/p>\n<h2><strong>Angenehme Atmosph\u00e4re schaffen \u2013 mit Farbe, Licht und Deko<\/strong><\/h2>\n<figure id=\"attachment_6150\" aria-describedby=\"caption-attachment-6150\" style=\"width: 300px\" class=\"wp-caption alignright\"><a href=\"https:\/\/www.trend4ward.de\/trendblog\/wp-content\/uploads\/2023\/07\/SWK_2022_03_A_MAG4632_21.jpg\"><img loading=\"lazy\" decoding=\"async\" class=\"size-medium wp-image-6150\" src=\"https:\/\/www.trend4ward.de\/trendblog\/wp-content\/uploads\/2023\/07\/SWK_2022_03_A_MAG4632_21-300x200.jpg\" alt=\"\" width=\"300\" height=\"200\" srcset=\"https:\/\/www.trend4ward.de\/trendblog\/wp-content\/uploads\/2023\/07\/SWK_2022_03_A_MAG4632_21-300x200.jpg 300w, https:\/\/www.trend4ward.de\/trendblog\/wp-content\/uploads\/2023\/07\/SWK_2022_03_A_MAG4632_21-768x511.jpg 768w, https:\/\/www.trend4ward.de\/trendblog\/wp-content\/uploads\/2023\/07\/SWK_2022_03_A_MAG4632_21-480x320.jpg 480w, https:\/\/www.trend4ward.de\/trendblog\/wp-content\/uploads\/2023\/07\/SWK_2022_03_A_MAG4632_21-90x60.jpg 90w, https:\/\/www.trend4ward.de\/trendblog\/wp-content\/uploads\/2023\/07\/SWK_2022_03_A_MAG4632_21.jpg 1000w\" sizes=\"auto, (max-width: 300px) 100vw, 300px\" \/><\/a><figcaption id=\"caption-attachment-6150\" class=\"wp-caption-text\">Foto: SWK<\/figcaption><\/figure>\n<p>Sch\u00f6n ist eine Wohnumgebung, die emotional anregt, so der Experte weiter. Etwa durch ihre Farben, Materialien, Deko und Pflanzen. \u201eEs bleibt oft bei wei\u00dfen W\u00e4nden, obwohl warme Farben viel gem\u00fctlicher sind\u201c, sagt er. Vorh\u00e4nge, Teppiche und nat\u00fcrliche Oberfl\u00e4chen aus Holz wirken wohnlich. Ebenso helles Licht und mehrere Lichtquellen im Raum. Die M\u00f6bel stehen am besten locker und nicht zu dicht. Von den Sitzm\u00f6beln sollte ein sch\u00f6ner Blickwinkel gegeben sein.<\/p>\n<p>Die Bestseller-Autorin Marie Kondo spricht den Eingangsbereich an, da er der erste Wohnungsteil ist, den man von au\u00dfen kommend betritt. \u201eSorgen Sie daf\u00fcr, dass der Raum einladend wirkt, indem Sie einen Platz f\u00fcr die Schuhe einrichten und eine Bank oder einen Stuhl aufstellen, damit man sich beim Ausziehen der Schuhe hinsetzen kann\u201c, r\u00e4t sie. Wenn gen\u00fcgend Platz vorhanden ist, empfiehlt sie einen Tisch mit Blumen oder Kerzen aufzustellen. Auch \u201eeinladende D\u00fcfte von Kerzen k\u00f6nnen die Atmosph\u00e4re eines jeden Raumes ver\u00e4ndern und ihm mehr Behaglichkeit verleihen\u201c, so die Expertin.<\/p>\n<p><strong>&nbsp;<\/strong><strong>Aufr\u00e4umen und Ordnung halten \u2013 aber nicht zu viel<\/strong><\/p>\n<p>Ordnung tr\u00e4gt dazu bei, dass man zur Ruhe findet, sich auf das Wesentliche konzentriert und einen gl\u00fccklichen Lebensstil f\u00fchrt. Unordentliche R\u00e4ume lenken hingegen schnell ab und verwirren, was Stress ausl\u00f6sen kann. Marie Kondo motiviert daher Menschen zum Aufr\u00e4umen und Aussortieren. F\u00fcr Gegenst\u00e4nde, die \u00fcbrig bleiben, empfiehlt sie einen festen Platz in der Wohnung.<\/p>\n<p>\u201eOrdnung ist ein t\u00e4glicher Prozess\u201c, sagt Uwe Linke. Allerdings sollte man es nicht \u00fcbertreiben. \u201ePerfekt aufger\u00e4umte R\u00e4ume, die nach Museum ausschauen, finden die meisten Menschen absto\u00dfend\u201c, sagt er. \u201eSie signalisieren uns, dass wir in der Kreation st\u00f6ren.\u201c Wohnlicher wird es, wenn die Decke auf dem Sofa nicht mehr sauber gefaltet ist und auch mal ein Buch oder eine Zeitschrift herumliegt, so der Experte.<\/p>\n<p>Decken zum \u00dcberwerfen sind f\u00fcr Marie Kondo ein gem\u00fctliches Wohnaccessoire. Sie empfiehlt: \u201eLegen Sie in den Herbst- und Wintermonaten zus\u00e4tzliche Decken in die Gemeinschaftsr\u00e4ume Ihres Hauses.\u201c Statt der Ablage auf dem Sitzm\u00f6bel schl\u00e4gt sie einen Korb vor, in dem sie ordentlich gefaltet sind.<\/p>\n<h2><strong>Raumgestaltung w\u00e4hlen \u2013 flexibel und mit Motto<\/strong><\/h2>\n<p>Einrichtungsstile sowie die Art, wie man die Einrichtung arrangiert, k\u00f6nnen unordentlich wirken, obwohl es aufger\u00e4umt ist. Daher braucht jeder Raum ein Motto, findet Uwe Linke. Das Motto ergibt sich oft mit der Ausstattung, die man nicht so schnell \u00e4ndern kann: zum Beispiel ein Holzfu\u00dfboden oder ein farbiger Heizk\u00f6rper. \u201eZu diesen Gegebenheiten stimmt man die restliche Einrichtung ab, um zu einer ruhigen Gestaltung zu kommen\u201c, erkl\u00e4rt er.<\/p>\n<p>Eine andere M\u00f6glichkeit ist, dass Motto selbst festzulegen. Etwa mit einer farbigen Wand, zu der passende M\u00f6bel und Accessoires einbezogen werden. Auch f\u00fcr die Deko hat er einen Tipp. \u201eZum Beispiel kann man Vasen und Pflanzen in einer Ecke gruppieren oder eine Wand mit Bildern in gleichen Rahmen und in gleicher H\u00f6he aufh\u00e4ngen.\u201c Sobald die Dinge geordnet sind, wirken sie ruhiger.<\/p>\n<p>Wichtig ist, die R\u00e4ume nicht zu \u00fcberf\u00fcllen, damit gen\u00fcgend Platz f\u00fcr die Bewohner und G\u00e4ste bleibt. \u201eEin Raum braucht Freir\u00e4ume, um Gem\u00fctlichkeit und Gro\u00dfz\u00fcgigkeit zu erzielen\u201c, erz\u00e4hlt er. Mehr Platz erm\u00f6glicht zudem eine flexible Nutzung. Denn: \u201eEin flexibles Wohnzimmer besteht nicht nur aus einer Couch und einem Fernseher, sondern auch aus einem Arbeitsbereich oder einer Freifl\u00e4che, wo man Yoga oder Sport machen kann\u201c, sagt er.<\/p>\n<p>&nbsp;<\/p>\n","protected":false},"excerpt":{"rendered":"<p>Gem\u00fctlich und einladend: So sollte eine Wohnung sein. Doch wer Mitbewohner hat, wei\u00df, dass die Vorstellungen vom Wohnen oft auseinander gehen. Wie werden gemeinsame R\u00e4ume wohnlich?<\/p>\n","protected":false},"author":1,"featured_media":6159,"comment_status":"open","ping_status":"open","sticky":false,"template":"","format":"standard","meta":{"om_disable_all_campaigns":false,"_monsterinsights_skip_tracking":false,"_monsterinsights_sitenote_active":false,"_monsterinsights_sitenote_note":"","_monsterinsights_sitenote_category":0,"_uf_show_specific_survey":0,"_uf_disable_surveys":false,"neve_meta_sidebar":"","neve_meta_container":"","neve_meta_enable_content_width":"off","neve_meta_content_width":70,"neve_meta_title_alignment":"","neve_meta_author_avatar":"","neve_post_elements_order":"","neve_meta_disable_header":"","neve_meta_disable_footer":"","neve_meta_disable_title":"","ngg_post_thumbnail":0,"_jetpack_memberships_contains_paid_content":false,"footnotes":""},"categories":[15],"tags":[18,97,101,92,107,217,34],"class_list":["post-6144","post","type-post","status-publish","format-standard","has-post-thumbnail","hentry","category-wohnen","tag-dekoration","tag-entspannung","tag-farben","tag-homing","tag-lebensstil","tag-ordnung","tag-zielgruppen"],"yoast_head":"<!-- This site is optimized with the Yoast SEO plugin v27.4 - https:\/\/yoast.com\/product\/yoast-seo-wordpress\/ -->\n<title>Gemeinsam einrichten: Das macht eine Wohnung gem\u00fctlich &#8226; trendBlog \u2013 Wohnen, Reisen, Leben und Kultur<\/title>\n<meta name=\"description\" content=\"Gem\u00fctlich und einladend: So sollte eine Wohnung sein. Doch wer Mitbewohner hat, wei\u00df, dass Vorstellungen oft auseinander gehen.\" \/>\n<meta name=\"robots\" content=\"index, follow, max-snippet:-1, max-image-preview:large, max-video-preview:-1\" \/>\n<link rel=\"canonical\" href=\"https:\/\/www.trend4ward.de\/trendblog\/gemeinsam_einrichten_wohngemeinschaft\/\" \/>\n<meta property=\"og:locale\" content=\"de_DE\" \/>\n<meta property=\"og:type\" content=\"article\" \/>\n<meta property=\"og:title\" content=\"Gemeinsam einrichten: Das macht eine Wohnung gem\u00fctlich &#8226; trendBlog \u2013 Wohnen, Reisen, Leben und Kultur\" \/>\n<meta property=\"og:description\" content=\"Gem\u00fctlich und einladend: So sollte eine Wohnung sein. Doch wer Mitbewohner hat, wei\u00df, dass Vorstellungen oft auseinander gehen.\" \/>\n<meta property=\"og:url\" content=\"https:\/\/www.trend4ward.de\/trendblog\/gemeinsam_einrichten_wohngemeinschaft\/\" \/>\n<meta property=\"og:site_name\" content=\"trendBlog \u2013 Wohnen, Reisen, Leben und Kultur\" \/>\n<meta property=\"article:published_time\" content=\"2025-11-02T12:35:32+00:00\" \/>\n<meta property=\"article:modified_time\" content=\"2026-02-19T13:58:16+00:00\" \/>\n<meta property=\"og:image\" content=\"https:\/\/www.trend4ward.de\/trendblog\/wp-content\/uploads\/2023\/07\/brooke-cagle-uHVRvDr7pg-unsplash-scaled.jpg\" \/>\n\t<meta property=\"og:image:width\" content=\"2560\" \/>\n\t<meta property=\"og:image:height\" content=\"1707\" \/>\n\t<meta property=\"og:image:type\" content=\"image\/jpeg\" \/>\n<meta name=\"author\" content=\"Evelyn Steinbach\" \/>\n<meta name=\"twitter:label1\" content=\"Verfasst von\" \/>\n\t<meta name=\"twitter:data1\" content=\"Evelyn Steinbach\" \/>\n\t<meta name=\"twitter:label2\" content=\"Gesch\u00e4tzte Lesezeit\" \/>\n\t<meta name=\"twitter:data2\" content=\"5\u00a0Minuten\" \/>\n<script type=\"application\/ld+json\" class=\"yoast-schema-graph\">{\"@context\":\"https:\\\/\\\/schema.org\",\"@graph\":[{\"@type\":\"Article\",\"@id\":\"https:\\\/\\\/www.trend4ward.de\\\/trendblog\\\/gemeinsam_einrichten_wohngemeinschaft\\\/#article\",\"isPartOf\":{\"@id\":\"https:\\\/\\\/www.trend4ward.de\\\/trendblog\\\/gemeinsam_einrichten_wohngemeinschaft\\\/\"},\"author\":{\"name\":\"Evelyn Steinbach\",\"@id\":\"https:\\\/\\\/www.trend4ward.de\\\/trendblog\\\/#\\\/schema\\\/person\\\/c65dd8afd2fda04893d121f31b2a8ea4\"},\"headline\":\"Gemeinsam einrichten: Das macht eine Wohnung gem\u00fctlich\",\"datePublished\":\"2025-11-02T12:35:32+00:00\",\"dateModified\":\"2026-02-19T13:58:16+00:00\",\"mainEntityOfPage\":{\"@id\":\"https:\\\/\\\/www.trend4ward.de\\\/trendblog\\\/gemeinsam_einrichten_wohngemeinschaft\\\/\"},\"wordCount\":813,\"commentCount\":0,\"publisher\":{\"@id\":\"https:\\\/\\\/www.trend4ward.de\\\/trendblog\\\/#\\\/schema\\\/person\\\/c65dd8afd2fda04893d121f31b2a8ea4\"},\"image\":{\"@id\":\"https:\\\/\\\/www.trend4ward.de\\\/trendblog\\\/gemeinsam_einrichten_wohngemeinschaft\\\/#primaryimage\"},\"thumbnailUrl\":\"https:\\\/\\\/www.trend4ward.de\\\/trendblog\\\/wp-content\\\/uploads\\\/2023\\\/07\\\/brooke-cagle-uHVRvDr7pg-unsplash-scaled.jpg\",\"keywords\":[\"Dekoideen\",\"Entspannung\",\"Farben &amp; Streichen\",\"Homing\",\"Lebensstil\",\"Ordnung\",\"Zielgruppen\"],\"articleSection\":[\"Wohnen &amp; Einrichten\"],\"inLanguage\":\"de\",\"potentialAction\":[{\"@type\":\"CommentAction\",\"name\":\"Comment\",\"target\":[\"https:\\\/\\\/www.trend4ward.de\\\/trendblog\\\/gemeinsam_einrichten_wohngemeinschaft\\\/#respond\"]}]},{\"@type\":\"WebPage\",\"@id\":\"https:\\\/\\\/www.trend4ward.de\\\/trendblog\\\/gemeinsam_einrichten_wohngemeinschaft\\\/\",\"url\":\"https:\\\/\\\/www.trend4ward.de\\\/trendblog\\\/gemeinsam_einrichten_wohngemeinschaft\\\/\",\"name\":\"Gemeinsam einrichten: Das macht eine Wohnung gem\u00fctlich &#8226; trendBlog \u2013 Wohnen, Reisen, Leben und Kultur\",\"isPartOf\":{\"@id\":\"https:\\\/\\\/www.trend4ward.de\\\/trendblog\\\/#website\"},\"primaryImageOfPage\":{\"@id\":\"https:\\\/\\\/www.trend4ward.de\\\/trendblog\\\/gemeinsam_einrichten_wohngemeinschaft\\\/#primaryimage\"},\"image\":{\"@id\":\"https:\\\/\\\/www.trend4ward.de\\\/trendblog\\\/gemeinsam_einrichten_wohngemeinschaft\\\/#primaryimage\"},\"thumbnailUrl\":\"https:\\\/\\\/www.trend4ward.de\\\/trendblog\\\/wp-content\\\/uploads\\\/2023\\\/07\\\/brooke-cagle-uHVRvDr7pg-unsplash-scaled.jpg\",\"datePublished\":\"2025-11-02T12:35:32+00:00\",\"dateModified\":\"2026-02-19T13:58:16+00:00\",\"description\":\"Gem\u00fctlich und einladend: So sollte eine Wohnung sein. Doch wer Mitbewohner hat, wei\u00df, dass Vorstellungen oft auseinander gehen.\",\"breadcrumb\":{\"@id\":\"https:\\\/\\\/www.trend4ward.de\\\/trendblog\\\/gemeinsam_einrichten_wohngemeinschaft\\\/#breadcrumb\"},\"inLanguage\":\"de\",\"potentialAction\":[{\"@type\":\"ReadAction\",\"target\":[\"https:\\\/\\\/www.trend4ward.de\\\/trendblog\\\/gemeinsam_einrichten_wohngemeinschaft\\\/\"]}]},{\"@type\":\"ImageObject\",\"inLanguage\":\"de\",\"@id\":\"https:\\\/\\\/www.trend4ward.de\\\/trendblog\\\/gemeinsam_einrichten_wohngemeinschaft\\\/#primaryimage\",\"url\":\"https:\\\/\\\/www.trend4ward.de\\\/trendblog\\\/wp-content\\\/uploads\\\/2023\\\/07\\\/brooke-cagle-uHVRvDr7pg-unsplash-scaled.jpg\",\"contentUrl\":\"https:\\\/\\\/www.trend4ward.de\\\/trendblog\\\/wp-content\\\/uploads\\\/2023\\\/07\\\/brooke-cagle-uHVRvDr7pg-unsplash-scaled.jpg\",\"width\":2560,\"height\":1707},{\"@type\":\"BreadcrumbList\",\"@id\":\"https:\\\/\\\/www.trend4ward.de\\\/trendblog\\\/gemeinsam_einrichten_wohngemeinschaft\\\/#breadcrumb\",\"itemListElement\":[{\"@type\":\"ListItem\",\"position\":1,\"name\":\"Home\",\"item\":\"https:\\\/\\\/www.trend4ward.de\\\/trendblog\\\/\"},{\"@type\":\"ListItem\",\"position\":2,\"name\":\"Gemeinsam einrichten: Das macht eine Wohnung gem\u00fctlich\"}]},{\"@type\":\"WebSite\",\"@id\":\"https:\\\/\\\/www.trend4ward.de\\\/trendblog\\\/#website\",\"url\":\"https:\\\/\\\/www.trend4ward.de\\\/trendblog\\\/\",\"name\":\"trendBlog \u2013 Wohnen, Reisen, Leben und Kultur\",\"description\":\"Portr\u00e4ts, Reportagen, Ratgeber. Seit 2009. Von Evelyn Steinbach.\",\"publisher\":{\"@id\":\"https:\\\/\\\/www.trend4ward.de\\\/trendblog\\\/#\\\/schema\\\/person\\\/c65dd8afd2fda04893d121f31b2a8ea4\"},\"potentialAction\":[{\"@type\":\"SearchAction\",\"target\":{\"@type\":\"EntryPoint\",\"urlTemplate\":\"https:\\\/\\\/www.trend4ward.de\\\/trendblog\\\/?s={search_term_string}\"},\"query-input\":{\"@type\":\"PropertyValueSpecification\",\"valueRequired\":true,\"valueName\":\"search_term_string\"}}],\"inLanguage\":\"de\"},{\"@type\":[\"Person\",\"Organization\"],\"@id\":\"https:\\\/\\\/www.trend4ward.de\\\/trendblog\\\/#\\\/schema\\\/person\\\/c65dd8afd2fda04893d121f31b2a8ea4\",\"name\":\"Evelyn Steinbach\",\"image\":{\"@type\":\"ImageObject\",\"inLanguage\":\"de\",\"@id\":\"https:\\\/\\\/www.trend4ward.de\\\/trendblog\\\/wp-content\\\/uploads\\\/2020\\\/11\\\/cropped-cropped-IMG_6744-e1692617617527.png\",\"url\":\"https:\\\/\\\/www.trend4ward.de\\\/trendblog\\\/wp-content\\\/uploads\\\/2020\\\/11\\\/cropped-cropped-IMG_6744-e1692617617527.png\",\"contentUrl\":\"https:\\\/\\\/www.trend4ward.de\\\/trendblog\\\/wp-content\\\/uploads\\\/2020\\\/11\\\/cropped-cropped-IMG_6744-e1692617617527.png\",\"width\":200,\"height\":183,\"caption\":\"Evelyn Steinbach\"},\"logo\":{\"@id\":\"https:\\\/\\\/www.trend4ward.de\\\/trendblog\\\/wp-content\\\/uploads\\\/2020\\\/11\\\/cropped-cropped-IMG_6744-e1692617617527.png\"},\"sameAs\":[\"http:\\\/\\\/www.trend4ward.de\"],\"url\":\"https:\\\/\\\/www.trend4ward.de\\\/trendblog\\\/author\\\/eve\\\/\"}]}<\/script>\n<!-- \/ Yoast SEO plugin. -->","yoast_head_json":{"title":"Gemeinsam einrichten: Das macht eine Wohnung gem\u00fctlich &#8226; trendBlog \u2013 Wohnen, Reisen, Leben und Kultur","description":"Gem\u00fctlich und einladend: So sollte eine Wohnung sein. Doch wer Mitbewohner hat, wei\u00df, dass Vorstellungen oft auseinander gehen.","robots":{"index":"index","follow":"follow","max-snippet":"max-snippet:-1","max-image-preview":"max-image-preview:large","max-video-preview":"max-video-preview:-1"},"canonical":"https:\/\/www.trend4ward.de\/trendblog\/gemeinsam_einrichten_wohngemeinschaft\/","og_locale":"de_DE","og_type":"article","og_title":"Gemeinsam einrichten: Das macht eine Wohnung gem\u00fctlich &#8226; trendBlog \u2013 Wohnen, Reisen, Leben und Kultur","og_description":"Gem\u00fctlich und einladend: So sollte eine Wohnung sein. Doch wer Mitbewohner hat, wei\u00df, dass Vorstellungen oft auseinander gehen.","og_url":"https:\/\/www.trend4ward.de\/trendblog\/gemeinsam_einrichten_wohngemeinschaft\/","og_site_name":"trendBlog \u2013 Wohnen, Reisen, Leben und Kultur","article_published_time":"2025-11-02T12:35:32+00:00","article_modified_time":"2026-02-19T13:58:16+00:00","og_image":[{"width":2560,"height":1707,"url":"https:\/\/www.trend4ward.de\/trendblog\/wp-content\/uploads\/2023\/07\/brooke-cagle-uHVRvDr7pg-unsplash-scaled.jpg","type":"image\/jpeg"}],"author":"Evelyn Steinbach","twitter_misc":{"Verfasst von":"Evelyn Steinbach","Gesch\u00e4tzte Lesezeit":"5\u00a0Minuten"},"schema":{"@context":"https:\/\/schema.org","@graph":[{"@type":"Article","@id":"https:\/\/www.trend4ward.de\/trendblog\/gemeinsam_einrichten_wohngemeinschaft\/#article","isPartOf":{"@id":"https:\/\/www.trend4ward.de\/trendblog\/gemeinsam_einrichten_wohngemeinschaft\/"},"author":{"name":"Evelyn Steinbach","@id":"https:\/\/www.trend4ward.de\/trendblog\/#\/schema\/person\/c65dd8afd2fda04893d121f31b2a8ea4"},"headline":"Gemeinsam einrichten: Das macht eine Wohnung gem\u00fctlich","datePublished":"2025-11-02T12:35:32+00:00","dateModified":"2026-02-19T13:58:16+00:00","mainEntityOfPage":{"@id":"https:\/\/www.trend4ward.de\/trendblog\/gemeinsam_einrichten_wohngemeinschaft\/"},"wordCount":813,"commentCount":0,"publisher":{"@id":"https:\/\/www.trend4ward.de\/trendblog\/#\/schema\/person\/c65dd8afd2fda04893d121f31b2a8ea4"},"image":{"@id":"https:\/\/www.trend4ward.de\/trendblog\/gemeinsam_einrichten_wohngemeinschaft\/#primaryimage"},"thumbnailUrl":"https:\/\/www.trend4ward.de\/trendblog\/wp-content\/uploads\/2023\/07\/brooke-cagle-uHVRvDr7pg-unsplash-scaled.jpg","keywords":["Dekoideen","Entspannung","Farben &amp; Streichen","Homing","Lebensstil","Ordnung","Zielgruppen"],"articleSection":["Wohnen &amp; Einrichten"],"inLanguage":"de","potentialAction":[{"@type":"CommentAction","name":"Comment","target":["https:\/\/www.trend4ward.de\/trendblog\/gemeinsam_einrichten_wohngemeinschaft\/#respond"]}]},{"@type":"WebPage","@id":"https:\/\/www.trend4ward.de\/trendblog\/gemeinsam_einrichten_wohngemeinschaft\/","url":"https:\/\/www.trend4ward.de\/trendblog\/gemeinsam_einrichten_wohngemeinschaft\/","name":"Gemeinsam einrichten: Das macht eine Wohnung gem\u00fctlich &#8226; trendBlog \u2013 Wohnen, Reisen, Leben und Kultur","isPartOf":{"@id":"https:\/\/www.trend4ward.de\/trendblog\/#website"},"primaryImageOfPage":{"@id":"https:\/\/www.trend4ward.de\/trendblog\/gemeinsam_einrichten_wohngemeinschaft\/#primaryimage"},"image":{"@id":"https:\/\/www.trend4ward.de\/trendblog\/gemeinsam_einrichten_wohngemeinschaft\/#primaryimage"},"thumbnailUrl":"https:\/\/www.trend4ward.de\/trendblog\/wp-content\/uploads\/2023\/07\/brooke-cagle-uHVRvDr7pg-unsplash-scaled.jpg","datePublished":"2025-11-02T12:35:32+00:00","dateModified":"2026-02-19T13:58:16+00:00","description":"Gem\u00fctlich und einladend: So sollte eine Wohnung sein. Doch wer Mitbewohner hat, wei\u00df, dass Vorstellungen oft auseinander gehen.","breadcrumb":{"@id":"https:\/\/www.trend4ward.de\/trendblog\/gemeinsam_einrichten_wohngemeinschaft\/#breadcrumb"},"inLanguage":"de","potentialAction":[{"@type":"ReadAction","target":["https:\/\/www.trend4ward.de\/trendblog\/gemeinsam_einrichten_wohngemeinschaft\/"]}]},{"@type":"ImageObject","inLanguage":"de","@id":"https:\/\/www.trend4ward.de\/trendblog\/gemeinsam_einrichten_wohngemeinschaft\/#primaryimage","url":"https:\/\/www.trend4ward.de\/trendblog\/wp-content\/uploads\/2023\/07\/brooke-cagle-uHVRvDr7pg-unsplash-scaled.jpg","contentUrl":"https:\/\/www.trend4ward.de\/trendblog\/wp-content\/uploads\/2023\/07\/brooke-cagle-uHVRvDr7pg-unsplash-scaled.jpg","width":2560,"height":1707},{"@type":"BreadcrumbList","@id":"https:\/\/www.trend4ward.de\/trendblog\/gemeinsam_einrichten_wohngemeinschaft\/#breadcrumb","itemListElement":[{"@type":"ListItem","position":1,"name":"Home","item":"https:\/\/www.trend4ward.de\/trendblog\/"},{"@type":"ListItem","position":2,"name":"Gemeinsam einrichten: Das macht eine Wohnung gem\u00fctlich"}]},{"@type":"WebSite","@id":"https:\/\/www.trend4ward.de\/trendblog\/#website","url":"https:\/\/www.trend4ward.de\/trendblog\/","name":"trendBlog \u2013 Wohnen, Reisen, Leben und Kultur","description":"Portr\u00e4ts, Reportagen, Ratgeber. Seit 2009. Von Evelyn Steinbach.","publisher":{"@id":"https:\/\/www.trend4ward.de\/trendblog\/#\/schema\/person\/c65dd8afd2fda04893d121f31b2a8ea4"},"potentialAction":[{"@type":"SearchAction","target":{"@type":"EntryPoint","urlTemplate":"https:\/\/www.trend4ward.de\/trendblog\/?s={search_term_string}"},"query-input":{"@type":"PropertyValueSpecification","valueRequired":true,"valueName":"search_term_string"}}],"inLanguage":"de"},{"@type":["Person","Organization"],"@id":"https:\/\/www.trend4ward.de\/trendblog\/#\/schema\/person\/c65dd8afd2fda04893d121f31b2a8ea4","name":"Evelyn Steinbach","image":{"@type":"ImageObject","inLanguage":"de","@id":"https:\/\/www.trend4ward.de\/trendblog\/wp-content\/uploads\/2020\/11\/cropped-cropped-IMG_6744-e1692617617527.png","url":"https:\/\/www.trend4ward.de\/trendblog\/wp-content\/uploads\/2020\/11\/cropped-cropped-IMG_6744-e1692617617527.png","contentUrl":"https:\/\/www.trend4ward.de\/trendblog\/wp-content\/uploads\/2020\/11\/cropped-cropped-IMG_6744-e1692617617527.png","width":200,"height":183,"caption":"Evelyn Steinbach"},"logo":{"@id":"https:\/\/www.trend4ward.de\/trendblog\/wp-content\/uploads\/2020\/11\/cropped-cropped-IMG_6744-e1692617617527.png"},"sameAs":["http:\/\/www.trend4ward.de"],"url":"https:\/\/www.trend4ward.de\/trendblog\/author\/eve\/"}]}},"jetpack_featured_media_url":"https:\/\/www.trend4ward.de\/trendblog\/wp-content\/uploads\/2023\/07\/brooke-cagle-uHVRvDr7pg-unsplash-scaled.jpg","jetpack_sharing_enabled":true,"_links":{"self":[{"href":"https:\/\/www.trend4ward.de\/trendblog\/wp-json\/wp\/v2\/posts\/6144","targetHints":{"allow":["GET"]}}],"collection":[{"href":"https:\/\/www.trend4ward.de\/trendblog\/wp-json\/wp\/v2\/posts"}],"about":[{"href":"https:\/\/www.trend4ward.de\/trendblog\/wp-json\/wp\/v2\/types\/post"}],"author":[{"embeddable":true,"href":"https:\/\/www.trend4ward.de\/trendblog\/wp-json\/wp\/v2\/users\/1"}],"replies":[{"embeddable":true,"href":"https:\/\/www.trend4ward.de\/trendblog\/wp-json\/wp\/v2\/comments?post=6144"}],"version-history":[{"count":5,"href":"https:\/\/www.trend4ward.de\/trendblog\/wp-json\/wp\/v2\/posts\/6144\/revisions"}],"predecessor-version":[{"id":6559,"href":"https:\/\/www.trend4ward.de\/trendblog\/wp-json\/wp\/v2\/posts\/6144\/revisions\/6559"}],"wp:featuredmedia":[{"embeddable":true,"href":"https:\/\/www.trend4ward.de\/trendblog\/wp-json\/wp\/v2\/media\/6159"}],"wp:attachment":[{"href":"https:\/\/www.trend4ward.de\/trendblog\/wp-json\/wp\/v2\/media?parent=6144"}],"wp:term":[{"taxonomy":"category","embeddable":true,"href":"https:\/\/www.trend4ward.de\/trendblog\/wp-json\/wp\/v2\/categories?post=6144"},{"taxonomy":"post_tag","embeddable":true,"href":"https:\/\/www.trend4ward.de\/trendblog\/wp-json\/wp\/v2\/tags?post=6144"}],"curies":[{"name":"wp","href":"https:\/\/api.w.org\/{rel}","templated":true}]}}