{"id":6448,"date":"2025-03-06T11:01:20","date_gmt":"2025-03-06T10:01:20","guid":{"rendered":"https:\/\/www.trend4ward.de\/trendblog\/?p=6448"},"modified":"2025-09-19T19:08:24","modified_gmt":"2025-09-19T17:08:24","slug":"80-jahre-pippi-langstrumpf-ein-festjahr-in-smaland","status":"publish","type":"post","link":"https:\/\/www.trend4ward.de\/trendblog\/80-jahre-pippi-langstrumpf-ein-festjahr-in-smaland\/","title":{"rendered":"80 Jahre Pippi Langstrumpf: Ein Festjahr in Sm\u00e5land"},"content":{"rendered":"<div class=\"page\" title=\"Page 1\">\n<div class=\"layoutArea\">\n<div class=\"column\">\n<p><strong>In Sm\u00e5land gibt es Grund zu feiern: Pippi Langstrumpf, die wohl ber\u00fchmteste Abenteuerheldin Schwedens, wird in diesem Jahr 80 Jahre alt.<\/strong><\/p>\n<\/div>\n<div class=\"column\">\n<p><!--more--><\/p>\n<p>1945 erschien das erste Buch von Astrid Lindgren \u00fcber das starke M\u00e4dchen mit den roten Z\u00f6pfen, das allein mit Affe und Pferd in der Villa Kunterbunt lebt. Seitdem inspiriert Pippi Kinder jeden Alters und in aller Welt, mutig zu sein und an sich selbst zu glauben.<\/p>\n<h2><strong>Kindheit in Sm\u00e5land: Die Wurzeln von Astrid Lindgrens Fantasie<\/strong><\/h2>\n<p>Inspiration f\u00fcr ihre Erz\u00e4hlungen sch\u00f6pfte Astrid Lindgren zu gro\u00dfen Teilen aus ihrer eigenen Kindheit in Sm\u00e5land. In ihrem Geburtsort Vimmerby wuchs sie gl\u00fccklich mit ihren Geschwistern und Nachbarskindern auf, umgeben von der schwedischen Natur zwischen Seen und W\u00e4ldern, die zu gro\u00dfen und kleinen Abenteuern einluden.<\/p>\n<h2><strong>Sm\u00e5land als Sehnsuchtsort f\u00fcr Pippi-Fans<\/strong><\/h2>\n<p>\u201eAstrid Lindgren war die erste Botschafterin unserer Region\u201c, sagt Emma Dahlgren von International Marketing Sm\u00e5land &amp; \u00d6land. \u201eWir sind stolz darauf, dass ihre Charaktere bei uns zu Hause sind und Sm\u00e5land f\u00fcr Pippi-Fans auf der ganzen Welt ein Sehnsuchtsort ist.\u201c<\/p>\n<h2><strong>Ein Pippi Langstrumpf-Festjahr voller Erlebnisse<\/strong><\/h2>\n<p>Sm\u00e5land ist eine wahre Bullerb\u00fc-Idylle, die die Geschichten von Astrid Lindgren zum Leben erweckt. Anl\u00e4sslich des 80-j\u00e4hrigen Jubil\u00e4ums finden das ganze Jahr \u00fcber Feierlichkeiten zu Ehren Pippi Langstrumpfs und ihrer Sch\u00f6pferin statt. Das Geburtshaus der Schriftstellerin, Astrid Lindgrens N\u00e4s in Vimmerby, ist heute ein Museum, das Besucherinnen und Besucher auf gef\u00fchrten Touren durch ihr Leben und ihre gr\u00f6\u00dfte Inspirationsquelle f\u00fchrt.<\/p>\n<h2><strong>Astrid Lindgrens Welt: Mittendrin im Abenteuer<\/strong><\/h2>\n<p>In Astrid Lindgrens V\u00e4rld, der Astrid Lindgren Welt, sind die Kulissen der Abenteuer liebevoll nachgebaut: G\u00e4ste k\u00f6nnen die Villa Kunterbunt besichtigen, durch die Krachmacherstra\u00dfe spazieren, Nangijala einen Besuch abstatten oder ihre Heldinnen und Helden pers\u00f6nlich treffen.<\/p>\n<h2><strong>Filmbyn: Ein Blick hinter die Kulissen von Pippi Langstrumpf<\/strong><\/h2>\n<p>Das interaktive Museum Filmbyn erm\u00f6glicht einen Blick hinter die Kulissen der klassischen Verfilmungen von Astrid Lindgrens B\u00fcchern. Film-Enthusiasten k\u00f6nnen originale Filmsets und Kost\u00fcme bestaunen oder eigene kurze Filmszenen im ikonischen Pippi-Stil drehen. Wer es aktiver mag, erkundet auf einer gef\u00fchrten Radtour von &#8222;Cykla i Filmlandskapet&#8220; die Schaupl\u00e4tze der Verfilmungen hautnah.<\/p>\n<h2><strong>Sm\u00e5land: Natur und Freiheit erleben<\/strong><\/h2>\n<p>Sm\u00e5land ist nicht nur ein Ort f\u00fcr Pippi-Fans, sondern auch f\u00fcr alle, die Natur und Freiheit hautnah erleben m\u00f6chten. Kinder und Eltern k\u00f6nnen wie Pippi durch dichte W\u00e4lder streifen, Beeren pfl\u00fccken oder an einem der unz\u00e4hligen klaren Seen baden. Auch Wandern, Kajakfahren oder Radfahren bieten naturnahe Erlebnisse. Abenteuerlustige k\u00f6nnen beim Wildcampen unter dem offenen Himmel Sm\u00e5lands schlafen oder in den typisch roten Holzh\u00e4usern \u00fcbernachten.<\/p>\n<h2><strong>Be more Pippi: Eine weltweite Bewegung<\/strong><\/h2>\n<p>Unter dem Motto \u201eBe more Pippi\u201c ruft die Astrid Lindgren Company in diesem Jahr Kinder und Erwachsene weltweit dazu auf, sich von Pippis unerschrockenem, mutigem und lebensfrohem Charakter inspirieren zu lassen. Die Geschichten von Pippi Langstrumpf wurden inzwischen in 100 Sprachen \u00fcbersetzt und mehr als 66 Millionen Mal verkauft, davon allein acht Millionen Exemplare in Deutschland. Hierzulande begann ihr Siegeszug 1949 mit der Erstver\u00f6ffentlichung im Hamburger Verlag Friedrich Oetinger.<\/p>\n<p>Sm\u00e5land bleibt damit nicht nur ein magischer Ort f\u00fcr Fans von Astrid Lindgrens Geschichten, sondern auch ein lebendiges Symbol f\u00fcr Fantasie, Freiheit und Abenteuer.<\/p>\n<\/div>\n<\/div>\n<\/div>\n<p>&nbsp;<\/p>\n<p>&nbsp;<\/p>\n","protected":false},"excerpt":{"rendered":"<p>Pippi Langstrumpf wird 80. In Sm\u00e5land, der Heimat von Astrid Lindgren, wird das ganze Jahr \u00fcber gefeiert. Von Museumsbesuchen \u00fcber interaktive Erlebnisse bis hin zu Outdoor-Abenteuern.<\/p>\n","protected":false},"author":1,"featured_media":6449,"comment_status":"open","ping_status":"open","sticky":false,"template":"","format":"standard","meta":{"om_disable_all_campaigns":false,"_monsterinsights_skip_tracking":false,"_monsterinsights_sitenote_active":false,"_monsterinsights_sitenote_note":"","_monsterinsights_sitenote_category":0,"_uf_show_specific_survey":0,"_uf_disable_surveys":false,"neve_meta_sidebar":"left","neve_meta_container":"","neve_meta_enable_content_width":"off","neve_meta_content_width":70,"neve_meta_title_alignment":"","neve_meta_author_avatar":"","neve_post_elements_order":"","neve_meta_disable_header":"","neve_meta_disable_footer":"","neve_meta_disable_title":"","ngg_post_thumbnail":0,"_jetpack_memberships_contains_paid_content":false,"footnotes":""},"categories":[204],"tags":[289,160,54],"class_list":["post-6448","post","type-post","status-publish","format-standard","has-post-thumbnail","hentry","category-urlaub-verreisen","tag-kinder","tag-reisetrends","tag-urlaub"],"yoast_head":"<!-- This site is optimized with the Yoast SEO plugin v27.4 - https:\/\/yoast.com\/product\/yoast-seo-wordpress\/ -->\n<title>80 Jahre Pippi Langstrumpf: Ein Festjahr in Sm\u00e5land &#8226; trendBlog \u2013 Wohnen, Reisen, Leben und Kultur<\/title>\n<meta name=\"description\" content=\"Pippi Langstrumpf feiert 80. Geburtstag! Sm\u00e5land ehrt Astrid Lindgrens ber\u00fchmteste Figur mit einem Festjahr voller Erlebnisse.\" \/>\n<meta name=\"robots\" content=\"index, follow, max-snippet:-1, max-image-preview:large, max-video-preview:-1\" \/>\n<link rel=\"canonical\" href=\"https:\/\/www.trend4ward.de\/trendblog\/80-jahre-pippi-langstrumpf-ein-festjahr-in-smaland\/\" \/>\n<meta property=\"og:locale\" content=\"de_DE\" \/>\n<meta property=\"og:type\" content=\"article\" \/>\n<meta property=\"og:title\" content=\"80 Jahre Pippi Langstrumpf: Ein Festjahr in Sm\u00e5land &#8226; trendBlog \u2013 Wohnen, Reisen, Leben und Kultur\" \/>\n<meta property=\"og:description\" content=\"Pippi Langstrumpf feiert 80. Geburtstag! Sm\u00e5land ehrt Astrid Lindgrens ber\u00fchmteste Figur mit einem Festjahr voller Erlebnisse.\" \/>\n<meta property=\"og:url\" content=\"https:\/\/www.trend4ward.de\/trendblog\/80-jahre-pippi-langstrumpf-ein-festjahr-in-smaland\/\" \/>\n<meta property=\"og:site_name\" content=\"trendBlog \u2013 Wohnen, Reisen, Leben und Kultur\" \/>\n<meta property=\"article:published_time\" content=\"2025-03-06T10:01:20+00:00\" \/>\n<meta property=\"article:modified_time\" content=\"2025-09-19T17:08:24+00:00\" \/>\n<meta property=\"og:image\" content=\"https:\/\/www.trend4ward.de\/trendblog\/wp-content\/uploads\/2025\/03\/PippiLangstrumpf_AstridLindgrensVaerld.jpg\" \/>\n\t<meta property=\"og:image:width\" content=\"1280\" \/>\n\t<meta property=\"og:image:height\" content=\"640\" \/>\n\t<meta property=\"og:image:type\" content=\"image\/jpeg\" \/>\n<meta name=\"author\" content=\"Evelyn Steinbach\" \/>\n<meta name=\"twitter:label1\" content=\"Verfasst von\" \/>\n\t<meta name=\"twitter:data1\" content=\"Evelyn Steinbach\" \/>\n\t<meta name=\"twitter:label2\" content=\"Gesch\u00e4tzte Lesezeit\" \/>\n\t<meta name=\"twitter:data2\" content=\"3\u00a0Minuten\" \/>\n<script type=\"application\/ld+json\" class=\"yoast-schema-graph\">{\"@context\":\"https:\\\/\\\/schema.org\",\"@graph\":[{\"@type\":\"Article\",\"@id\":\"https:\\\/\\\/www.trend4ward.de\\\/trendblog\\\/80-jahre-pippi-langstrumpf-ein-festjahr-in-smaland\\\/#article\",\"isPartOf\":{\"@id\":\"https:\\\/\\\/www.trend4ward.de\\\/trendblog\\\/80-jahre-pippi-langstrumpf-ein-festjahr-in-smaland\\\/\"},\"author\":{\"name\":\"Evelyn Steinbach\",\"@id\":\"https:\\\/\\\/www.trend4ward.de\\\/trendblog\\\/#\\\/schema\\\/person\\\/c65dd8afd2fda04893d121f31b2a8ea4\"},\"headline\":\"80 Jahre Pippi Langstrumpf: Ein Festjahr in Sm\u00e5land\",\"datePublished\":\"2025-03-06T10:01:20+00:00\",\"dateModified\":\"2025-09-19T17:08:24+00:00\",\"mainEntityOfPage\":{\"@id\":\"https:\\\/\\\/www.trend4ward.de\\\/trendblog\\\/80-jahre-pippi-langstrumpf-ein-festjahr-in-smaland\\\/\"},\"wordCount\":560,\"commentCount\":0,\"publisher\":{\"@id\":\"https:\\\/\\\/www.trend4ward.de\\\/trendblog\\\/#\\\/schema\\\/person\\\/c65dd8afd2fda04893d121f31b2a8ea4\"},\"image\":{\"@id\":\"https:\\\/\\\/www.trend4ward.de\\\/trendblog\\\/80-jahre-pippi-langstrumpf-ein-festjahr-in-smaland\\\/#primaryimage\"},\"thumbnailUrl\":\"https:\\\/\\\/www.trend4ward.de\\\/trendblog\\\/wp-content\\\/uploads\\\/2025\\\/03\\\/PippiLangstrumpf_AstridLindgrensVaerld.jpg\",\"keywords\":[\"Kinder\",\"Reisetrends\",\"Urlaub\"],\"articleSection\":[\"Urlaub &amp; Verreisen\"],\"inLanguage\":\"de\",\"potentialAction\":[{\"@type\":\"CommentAction\",\"name\":\"Comment\",\"target\":[\"https:\\\/\\\/www.trend4ward.de\\\/trendblog\\\/80-jahre-pippi-langstrumpf-ein-festjahr-in-smaland\\\/#respond\"]}]},{\"@type\":\"WebPage\",\"@id\":\"https:\\\/\\\/www.trend4ward.de\\\/trendblog\\\/80-jahre-pippi-langstrumpf-ein-festjahr-in-smaland\\\/\",\"url\":\"https:\\\/\\\/www.trend4ward.de\\\/trendblog\\\/80-jahre-pippi-langstrumpf-ein-festjahr-in-smaland\\\/\",\"name\":\"80 Jahre Pippi Langstrumpf: Ein Festjahr in Sm\u00e5land &#8226; trendBlog \u2013 Wohnen, Reisen, Leben und Kultur\",\"isPartOf\":{\"@id\":\"https:\\\/\\\/www.trend4ward.de\\\/trendblog\\\/#website\"},\"primaryImageOfPage\":{\"@id\":\"https:\\\/\\\/www.trend4ward.de\\\/trendblog\\\/80-jahre-pippi-langstrumpf-ein-festjahr-in-smaland\\\/#primaryimage\"},\"image\":{\"@id\":\"https:\\\/\\\/www.trend4ward.de\\\/trendblog\\\/80-jahre-pippi-langstrumpf-ein-festjahr-in-smaland\\\/#primaryimage\"},\"thumbnailUrl\":\"https:\\\/\\\/www.trend4ward.de\\\/trendblog\\\/wp-content\\\/uploads\\\/2025\\\/03\\\/PippiLangstrumpf_AstridLindgrensVaerld.jpg\",\"datePublished\":\"2025-03-06T10:01:20+00:00\",\"dateModified\":\"2025-09-19T17:08:24+00:00\",\"description\":\"Pippi Langstrumpf feiert 80. Geburtstag! Sm\u00e5land ehrt Astrid Lindgrens ber\u00fchmteste Figur mit einem Festjahr voller Erlebnisse.\",\"breadcrumb\":{\"@id\":\"https:\\\/\\\/www.trend4ward.de\\\/trendblog\\\/80-jahre-pippi-langstrumpf-ein-festjahr-in-smaland\\\/#breadcrumb\"},\"inLanguage\":\"de\",\"potentialAction\":[{\"@type\":\"ReadAction\",\"target\":[\"https:\\\/\\\/www.trend4ward.de\\\/trendblog\\\/80-jahre-pippi-langstrumpf-ein-festjahr-in-smaland\\\/\"]}]},{\"@type\":\"ImageObject\",\"inLanguage\":\"de\",\"@id\":\"https:\\\/\\\/www.trend4ward.de\\\/trendblog\\\/80-jahre-pippi-langstrumpf-ein-festjahr-in-smaland\\\/#primaryimage\",\"url\":\"https:\\\/\\\/www.trend4ward.de\\\/trendblog\\\/wp-content\\\/uploads\\\/2025\\\/03\\\/PippiLangstrumpf_AstridLindgrensVaerld.jpg\",\"contentUrl\":\"https:\\\/\\\/www.trend4ward.de\\\/trendblog\\\/wp-content\\\/uploads\\\/2025\\\/03\\\/PippiLangstrumpf_AstridLindgrensVaerld.jpg\",\"width\":1280,\"height\":640},{\"@type\":\"BreadcrumbList\",\"@id\":\"https:\\\/\\\/www.trend4ward.de\\\/trendblog\\\/80-jahre-pippi-langstrumpf-ein-festjahr-in-smaland\\\/#breadcrumb\",\"itemListElement\":[{\"@type\":\"ListItem\",\"position\":1,\"name\":\"Home\",\"item\":\"https:\\\/\\\/www.trend4ward.de\\\/trendblog\\\/\"},{\"@type\":\"ListItem\",\"position\":2,\"name\":\"80 Jahre Pippi Langstrumpf: Ein Festjahr in Sm\u00e5land\"}]},{\"@type\":\"WebSite\",\"@id\":\"https:\\\/\\\/www.trend4ward.de\\\/trendblog\\\/#website\",\"url\":\"https:\\\/\\\/www.trend4ward.de\\\/trendblog\\\/\",\"name\":\"trendBlog \u2013 Wohnen, Reisen, Leben und Kultur\",\"description\":\"Portr\u00e4ts, Reportagen, Ratgeber. Seit 2009. Von Evelyn Steinbach.\",\"publisher\":{\"@id\":\"https:\\\/\\\/www.trend4ward.de\\\/trendblog\\\/#\\\/schema\\\/person\\\/c65dd8afd2fda04893d121f31b2a8ea4\"},\"potentialAction\":[{\"@type\":\"SearchAction\",\"target\":{\"@type\":\"EntryPoint\",\"urlTemplate\":\"https:\\\/\\\/www.trend4ward.de\\\/trendblog\\\/?s={search_term_string}\"},\"query-input\":{\"@type\":\"PropertyValueSpecification\",\"valueRequired\":true,\"valueName\":\"search_term_string\"}}],\"inLanguage\":\"de\"},{\"@type\":[\"Person\",\"Organization\"],\"@id\":\"https:\\\/\\\/www.trend4ward.de\\\/trendblog\\\/#\\\/schema\\\/person\\\/c65dd8afd2fda04893d121f31b2a8ea4\",\"name\":\"Evelyn Steinbach\",\"image\":{\"@type\":\"ImageObject\",\"inLanguage\":\"de\",\"@id\":\"https:\\\/\\\/www.trend4ward.de\\\/trendblog\\\/wp-content\\\/uploads\\\/2020\\\/11\\\/cropped-cropped-IMG_6744-e1692617617527.png\",\"url\":\"https:\\\/\\\/www.trend4ward.de\\\/trendblog\\\/wp-content\\\/uploads\\\/2020\\\/11\\\/cropped-cropped-IMG_6744-e1692617617527.png\",\"contentUrl\":\"https:\\\/\\\/www.trend4ward.de\\\/trendblog\\\/wp-content\\\/uploads\\\/2020\\\/11\\\/cropped-cropped-IMG_6744-e1692617617527.png\",\"width\":200,\"height\":183,\"caption\":\"Evelyn Steinbach\"},\"logo\":{\"@id\":\"https:\\\/\\\/www.trend4ward.de\\\/trendblog\\\/wp-content\\\/uploads\\\/2020\\\/11\\\/cropped-cropped-IMG_6744-e1692617617527.png\"},\"sameAs\":[\"http:\\\/\\\/www.trend4ward.de\"],\"url\":\"https:\\\/\\\/www.trend4ward.de\\\/trendblog\\\/author\\\/eve\\\/\"}]}<\/script>\n<!-- \/ Yoast SEO plugin. -->","yoast_head_json":{"title":"80 Jahre Pippi Langstrumpf: Ein Festjahr in Sm\u00e5land &#8226; trendBlog \u2013 Wohnen, Reisen, Leben und Kultur","description":"Pippi Langstrumpf feiert 80. Geburtstag! Sm\u00e5land ehrt Astrid Lindgrens ber\u00fchmteste Figur mit einem Festjahr voller Erlebnisse.","robots":{"index":"index","follow":"follow","max-snippet":"max-snippet:-1","max-image-preview":"max-image-preview:large","max-video-preview":"max-video-preview:-1"},"canonical":"https:\/\/www.trend4ward.de\/trendblog\/80-jahre-pippi-langstrumpf-ein-festjahr-in-smaland\/","og_locale":"de_DE","og_type":"article","og_title":"80 Jahre Pippi Langstrumpf: Ein Festjahr in Sm\u00e5land &#8226; trendBlog \u2013 Wohnen, Reisen, Leben und Kultur","og_description":"Pippi Langstrumpf feiert 80. Geburtstag! Sm\u00e5land ehrt Astrid Lindgrens ber\u00fchmteste Figur mit einem Festjahr voller Erlebnisse.","og_url":"https:\/\/www.trend4ward.de\/trendblog\/80-jahre-pippi-langstrumpf-ein-festjahr-in-smaland\/","og_site_name":"trendBlog \u2013 Wohnen, Reisen, Leben und Kultur","article_published_time":"2025-03-06T10:01:20+00:00","article_modified_time":"2025-09-19T17:08:24+00:00","og_image":[{"width":1280,"height":640,"url":"https:\/\/www.trend4ward.de\/trendblog\/wp-content\/uploads\/2025\/03\/PippiLangstrumpf_AstridLindgrensVaerld.jpg","type":"image\/jpeg"}],"author":"Evelyn Steinbach","twitter_misc":{"Verfasst von":"Evelyn Steinbach","Gesch\u00e4tzte Lesezeit":"3\u00a0Minuten"},"schema":{"@context":"https:\/\/schema.org","@graph":[{"@type":"Article","@id":"https:\/\/www.trend4ward.de\/trendblog\/80-jahre-pippi-langstrumpf-ein-festjahr-in-smaland\/#article","isPartOf":{"@id":"https:\/\/www.trend4ward.de\/trendblog\/80-jahre-pippi-langstrumpf-ein-festjahr-in-smaland\/"},"author":{"name":"Evelyn Steinbach","@id":"https:\/\/www.trend4ward.de\/trendblog\/#\/schema\/person\/c65dd8afd2fda04893d121f31b2a8ea4"},"headline":"80 Jahre Pippi Langstrumpf: Ein Festjahr in Sm\u00e5land","datePublished":"2025-03-06T10:01:20+00:00","dateModified":"2025-09-19T17:08:24+00:00","mainEntityOfPage":{"@id":"https:\/\/www.trend4ward.de\/trendblog\/80-jahre-pippi-langstrumpf-ein-festjahr-in-smaland\/"},"wordCount":560,"commentCount":0,"publisher":{"@id":"https:\/\/www.trend4ward.de\/trendblog\/#\/schema\/person\/c65dd8afd2fda04893d121f31b2a8ea4"},"image":{"@id":"https:\/\/www.trend4ward.de\/trendblog\/80-jahre-pippi-langstrumpf-ein-festjahr-in-smaland\/#primaryimage"},"thumbnailUrl":"https:\/\/www.trend4ward.de\/trendblog\/wp-content\/uploads\/2025\/03\/PippiLangstrumpf_AstridLindgrensVaerld.jpg","keywords":["Kinder","Reisetrends","Urlaub"],"articleSection":["Urlaub &amp; Verreisen"],"inLanguage":"de","potentialAction":[{"@type":"CommentAction","name":"Comment","target":["https:\/\/www.trend4ward.de\/trendblog\/80-jahre-pippi-langstrumpf-ein-festjahr-in-smaland\/#respond"]}]},{"@type":"WebPage","@id":"https:\/\/www.trend4ward.de\/trendblog\/80-jahre-pippi-langstrumpf-ein-festjahr-in-smaland\/","url":"https:\/\/www.trend4ward.de\/trendblog\/80-jahre-pippi-langstrumpf-ein-festjahr-in-smaland\/","name":"80 Jahre Pippi Langstrumpf: Ein Festjahr in Sm\u00e5land &#8226; trendBlog \u2013 Wohnen, Reisen, Leben und Kultur","isPartOf":{"@id":"https:\/\/www.trend4ward.de\/trendblog\/#website"},"primaryImageOfPage":{"@id":"https:\/\/www.trend4ward.de\/trendblog\/80-jahre-pippi-langstrumpf-ein-festjahr-in-smaland\/#primaryimage"},"image":{"@id":"https:\/\/www.trend4ward.de\/trendblog\/80-jahre-pippi-langstrumpf-ein-festjahr-in-smaland\/#primaryimage"},"thumbnailUrl":"https:\/\/www.trend4ward.de\/trendblog\/wp-content\/uploads\/2025\/03\/PippiLangstrumpf_AstridLindgrensVaerld.jpg","datePublished":"2025-03-06T10:01:20+00:00","dateModified":"2025-09-19T17:08:24+00:00","description":"Pippi Langstrumpf feiert 80. Geburtstag! Sm\u00e5land ehrt Astrid Lindgrens ber\u00fchmteste Figur mit einem Festjahr voller Erlebnisse.","breadcrumb":{"@id":"https:\/\/www.trend4ward.de\/trendblog\/80-jahre-pippi-langstrumpf-ein-festjahr-in-smaland\/#breadcrumb"},"inLanguage":"de","potentialAction":[{"@type":"ReadAction","target":["https:\/\/www.trend4ward.de\/trendblog\/80-jahre-pippi-langstrumpf-ein-festjahr-in-smaland\/"]}]},{"@type":"ImageObject","inLanguage":"de","@id":"https:\/\/www.trend4ward.de\/trendblog\/80-jahre-pippi-langstrumpf-ein-festjahr-in-smaland\/#primaryimage","url":"https:\/\/www.trend4ward.de\/trendblog\/wp-content\/uploads\/2025\/03\/PippiLangstrumpf_AstridLindgrensVaerld.jpg","contentUrl":"https:\/\/www.trend4ward.de\/trendblog\/wp-content\/uploads\/2025\/03\/PippiLangstrumpf_AstridLindgrensVaerld.jpg","width":1280,"height":640},{"@type":"BreadcrumbList","@id":"https:\/\/www.trend4ward.de\/trendblog\/80-jahre-pippi-langstrumpf-ein-festjahr-in-smaland\/#breadcrumb","itemListElement":[{"@type":"ListItem","position":1,"name":"Home","item":"https:\/\/www.trend4ward.de\/trendblog\/"},{"@type":"ListItem","position":2,"name":"80 Jahre Pippi Langstrumpf: Ein Festjahr in Sm\u00e5land"}]},{"@type":"WebSite","@id":"https:\/\/www.trend4ward.de\/trendblog\/#website","url":"https:\/\/www.trend4ward.de\/trendblog\/","name":"trendBlog \u2013 Wohnen, Reisen, Leben und Kultur","description":"Portr\u00e4ts, Reportagen, Ratgeber. Seit 2009. Von Evelyn Steinbach.","publisher":{"@id":"https:\/\/www.trend4ward.de\/trendblog\/#\/schema\/person\/c65dd8afd2fda04893d121f31b2a8ea4"},"potentialAction":[{"@type":"SearchAction","target":{"@type":"EntryPoint","urlTemplate":"https:\/\/www.trend4ward.de\/trendblog\/?s={search_term_string}"},"query-input":{"@type":"PropertyValueSpecification","valueRequired":true,"valueName":"search_term_string"}}],"inLanguage":"de"},{"@type":["Person","Organization"],"@id":"https:\/\/www.trend4ward.de\/trendblog\/#\/schema\/person\/c65dd8afd2fda04893d121f31b2a8ea4","name":"Evelyn Steinbach","image":{"@type":"ImageObject","inLanguage":"de","@id":"https:\/\/www.trend4ward.de\/trendblog\/wp-content\/uploads\/2020\/11\/cropped-cropped-IMG_6744-e1692617617527.png","url":"https:\/\/www.trend4ward.de\/trendblog\/wp-content\/uploads\/2020\/11\/cropped-cropped-IMG_6744-e1692617617527.png","contentUrl":"https:\/\/www.trend4ward.de\/trendblog\/wp-content\/uploads\/2020\/11\/cropped-cropped-IMG_6744-e1692617617527.png","width":200,"height":183,"caption":"Evelyn Steinbach"},"logo":{"@id":"https:\/\/www.trend4ward.de\/trendblog\/wp-content\/uploads\/2020\/11\/cropped-cropped-IMG_6744-e1692617617527.png"},"sameAs":["http:\/\/www.trend4ward.de"],"url":"https:\/\/www.trend4ward.de\/trendblog\/author\/eve\/"}]}},"jetpack_featured_media_url":"https:\/\/www.trend4ward.de\/trendblog\/wp-content\/uploads\/2025\/03\/PippiLangstrumpf_AstridLindgrensVaerld.jpg","jetpack_sharing_enabled":true,"_links":{"self":[{"href":"https:\/\/www.trend4ward.de\/trendblog\/wp-json\/wp\/v2\/posts\/6448","targetHints":{"allow":["GET"]}}],"collection":[{"href":"https:\/\/www.trend4ward.de\/trendblog\/wp-json\/wp\/v2\/posts"}],"about":[{"href":"https:\/\/www.trend4ward.de\/trendblog\/wp-json\/wp\/v2\/types\/post"}],"author":[{"embeddable":true,"href":"https:\/\/www.trend4ward.de\/trendblog\/wp-json\/wp\/v2\/users\/1"}],"replies":[{"embeddable":true,"href":"https:\/\/www.trend4ward.de\/trendblog\/wp-json\/wp\/v2\/comments?post=6448"}],"version-history":[{"count":8,"href":"https:\/\/www.trend4ward.de\/trendblog\/wp-json\/wp\/v2\/posts\/6448\/revisions"}],"predecessor-version":[{"id":6492,"href":"https:\/\/www.trend4ward.de\/trendblog\/wp-json\/wp\/v2\/posts\/6448\/revisions\/6492"}],"wp:featuredmedia":[{"embeddable":true,"href":"https:\/\/www.trend4ward.de\/trendblog\/wp-json\/wp\/v2\/media\/6449"}],"wp:attachment":[{"href":"https:\/\/www.trend4ward.de\/trendblog\/wp-json\/wp\/v2\/media?parent=6448"}],"wp:term":[{"taxonomy":"category","embeddable":true,"href":"https:\/\/www.trend4ward.de\/trendblog\/wp-json\/wp\/v2\/categories?post=6448"},{"taxonomy":"post_tag","embeddable":true,"href":"https:\/\/www.trend4ward.de\/trendblog\/wp-json\/wp\/v2\/tags?post=6448"}],"curies":[{"name":"wp","href":"https:\/\/api.w.org\/{rel}","templated":true}]}}