{"id":862,"date":"2014-10-28T17:39:32","date_gmt":"2014-10-28T16:39:32","guid":{"rendered":"https:\/\/www.trend4ward.de\/trendblog\/?p=862"},"modified":"2019-05-06T17:01:36","modified_gmt":"2019-05-06T15:01:36","slug":"mexiko-feiert-den-tag-der-toten","status":"publish","type":"post","link":"https:\/\/www.trend4ward.de\/trendblog\/mexiko-feiert-den-tag-der-toten\/","title":{"rendered":"Schrill und farbenfroh: Mexiko feiert den Tag der Toten"},"content":{"rendered":"<p class=\"p1\"><strong>Der \u201eD\u00eda de los Muertos\u201c ist einer der wichtigsten Feiertage in Mexiko und ehrt die verstorbenen Seelen. Gem\u00e4\u00df dem Glauben der eingeborenen V\u00f6lker Mexikos besuchen die Toten einmal im Jahr, von Ende Oktober bis Anfang November, die Lebenden und kehren zu ihren Familien zur\u00fcck. Was f\u00fcr manch einen angsteinfl\u00f6\u00dfend klingen mag, ist in Mexiko ein beliebter Brauch.<\/strong><!--more--><\/p>\n<figure id=\"attachment_867\" aria-describedby=\"caption-attachment-867\" style=\"width: 300px\" class=\"wp-caption alignleft\"><a href=\"https:\/\/www.trend4ward.de\/trendblog\/wp-content\/uploads\/2014\/10\/OAX_ciudad_21.jpg\"><img loading=\"lazy\" decoding=\"async\" class=\"wp-image-867 size-medium\" src=\"https:\/\/www.trend4ward.de\/trendblog\/wp-content\/uploads\/2014\/10\/OAX_ciudad_21-300x200.jpg\" alt=\"Ofrenda d\u00eda de muertos\" width=\"300\" height=\"200\" srcset=\"https:\/\/www.trend4ward.de\/trendblog\/wp-content\/uploads\/2014\/10\/OAX_ciudad_21-300x200.jpg 300w, https:\/\/www.trend4ward.de\/trendblog\/wp-content\/uploads\/2014\/10\/OAX_ciudad_21-150x100.jpg 150w, https:\/\/www.trend4ward.de\/trendblog\/wp-content\/uploads\/2014\/10\/OAX_ciudad_21.jpg 1000w\" sizes=\"auto, (max-width: 300px) 100vw, 300px\" \/><\/a><figcaption id=\"caption-attachment-867\" class=\"wp-caption-text\">Bunte Alt\u00e4re zu Ehren der Toten<\/figcaption><\/figure>\n<p class=\"p1\">Zu Ehren der Verstorbenen werden im ganzen Land <strong>farbenpr\u00e4chtige Alt\u00e4re<\/strong> aufgestellt und mit Beigaben verziert, die die vier grundlegenden Elemente der Natur darstellen: Fr\u00fcchte symbolisieren das Element Erde und verw\u00f6hnen die Seelen mit ihrem s\u00fc\u00dflichen Aroma. Hauchzarte Scherenschnittbilder aus Seidenpapier (<i>papel picado<\/i>) stellen den Wind dar und Gef\u00e4\u00dfe gef\u00fcllt mit Wasser stillen den Durst der Seelen nach ihrem langen Weg aus dem Jenseits. Kerzen und Grablichter leuchten als Feuer-Element den Weg.<\/p>\n<figure id=\"attachment_868\" aria-describedby=\"caption-attachment-868\" style=\"width: 300px\" class=\"wp-caption alignright\"><a href=\"https:\/\/www.trend4ward.de\/trendblog\/wp-content\/uploads\/2014\/10\/OAX_mercado_3.jpg\"><img loading=\"lazy\" decoding=\"async\" class=\"wp-image-868 size-medium\" src=\"https:\/\/www.trend4ward.de\/trendblog\/wp-content\/uploads\/2014\/10\/OAX_mercado_3-300x200.jpg\" alt=\"Pan de muertos\" width=\"300\" height=\"200\" srcset=\"https:\/\/www.trend4ward.de\/trendblog\/wp-content\/uploads\/2014\/10\/OAX_mercado_3-300x200.jpg 300w, https:\/\/www.trend4ward.de\/trendblog\/wp-content\/uploads\/2014\/10\/OAX_mercado_3-150x100.jpg 150w, https:\/\/www.trend4ward.de\/trendblog\/wp-content\/uploads\/2014\/10\/OAX_mercado_3.jpg 1000w\" sizes=\"auto, (max-width: 300px) 100vw, 300px\" \/><\/a><figcaption id=\"caption-attachment-868\" class=\"wp-caption-text\">Pan de muerto, s\u00fc\u00dfes Totenbrot<\/figcaption><\/figure>\n<p class=\"p2\">W\u00e4hrend der Feierlichkeiten wird den toten Seelen allerlei an <b>kulinarischen Spezialit\u00e4ten<\/b> geboten. Freilich d\u00fcrfen auch die Lebenden von den Leckereien kosten: Das traditionelle s\u00fc\u00dfe Totenbrot (<i>pan de muerto<\/i>), Zucker-Totenk\u00f6pfe (<i>calaveras de dulce<\/i>) sowie Skelette und S\u00e4rge aus Marzipan d\u00fcrfen auf dem festlichen Speiseplan nicht fehlen. Dazu werden Mezcal und Tequila sowie das Nationalgetr\u00e4nk Mexikos <i>Pulque<\/i> (fermentierter Saft aus Agaven) gereicht. Auf den Friedh\u00f6fen Mexikos geht es w\u00e4hrend des \u201eD\u00eda de los Muertos\u201c besonders feierlich zu. Im Licht unz\u00e4hliger Kerzen beten die Angeh\u00f6rigen f\u00fcr ihre verstorbenen Familienmitglieder und Freunde. Bei einem fr\u00f6hlichen Picknick am Grab der Liebsten wird gemeinsamen gegessen, getrunken, gesungen und getanzt.<\/p>\n<figure id=\"attachment_865\" aria-describedby=\"caption-attachment-865\" style=\"width: 300px\" class=\"wp-caption alignleft\"><a href=\"https:\/\/www.trend4ward.de\/trendblog\/wp-content\/uploads\/2014\/10\/GTO_mercado_37.jpg\"><img loading=\"lazy\" decoding=\"async\" class=\"wp-image-865 size-medium\" src=\"https:\/\/www.trend4ward.de\/trendblog\/wp-content\/uploads\/2014\/10\/GTO_mercado_37-300x200.jpg\" alt=\"Catrinas D\u00cca de Muertos\" width=\"300\" height=\"200\" srcset=\"https:\/\/www.trend4ward.de\/trendblog\/wp-content\/uploads\/2014\/10\/GTO_mercado_37-300x200.jpg 300w, https:\/\/www.trend4ward.de\/trendblog\/wp-content\/uploads\/2014\/10\/GTO_mercado_37-150x100.jpg 150w, https:\/\/www.trend4ward.de\/trendblog\/wp-content\/uploads\/2014\/10\/GTO_mercado_37.jpg 1000w\" sizes=\"auto, (max-width: 300px) 100vw, 300px\" \/><\/a><figcaption id=\"caption-attachment-865\" class=\"wp-caption-text\">Catrinas &#8211; gesucht wird die sch\u00f6nste Skelett-Dame<\/figcaption><\/figure>\n<p class=\"p1\">Bei <b>kulturellen und k\u00fcnstlerischen Festivals<\/b> sowie Kost\u00fcmwettbewerben wird schnell klar, dass der \u201eTag der Toten\u201c in Mexiko ein Fest der Freude und nicht der Trauer ist. Gesucht wird die beste Verkleidung als <i>Catrina<\/i> \u2013 einer Skelett-Dame, die als Symbol f\u00fcr den Tod steht und von dem mexikanischen Graveur&nbsp;Jos\u00e9 Guadalupe Posada ins Leben gerufen wurde. Seine Heimatstadt <i>Aguascalientes<\/i> feiert vom 31. Oktober bis 9. November 2014 das \u201eFestival der Totenk\u00f6pfe\u201c zu seinen Ehren. Eine weitere bekannte Veranstaltung ist das \u201eFestival zu Ehren des Lebens und des Todes\u201c (Festival de Tradiciones de Vida y Muerte) im Park <i>Xcaret<\/i>, an der Riviera Maya<span class=\"s2\">.<\/span><\/p>\n<p class=\"p1\">&nbsp;<\/p>\n<p>&nbsp;<\/p>\n<p>&nbsp;<\/p>\n<p>&nbsp;<\/p>\n","protected":false},"excerpt":{"rendered":"<p>Der \u201eD\u00eda de los Muertos\u201c ist einer der wichtigsten Feiertage in Mexiko und ehrt die verstorbenen Seelen. Gem\u00e4\u00df dem Glauben der eingeborenen V\u00f6lker Mexikos besuchen die Toten einmal im Jahr, von Ende Oktober bis Anfang November, die Lebenden und kehren zu ihren Familien zur\u00fcck. Was f\u00fcr manch einen angsteinfl\u00f6\u00dfend klingen mag, ist in Mexiko ein&hellip;&nbsp;<a href=\"https:\/\/www.trend4ward.de\/trendblog\/mexiko-feiert-den-tag-der-toten\/\" rel=\"bookmark\">Weiterlesen &raquo;<span class=\"screen-reader-text\">Schrill und farbenfroh: Mexiko feiert den Tag der Toten<\/span><\/a><\/p>\n","protected":false},"author":1,"featured_media":866,"comment_status":"open","ping_status":"open","sticky":false,"template":"","format":"standard","meta":{"om_disable_all_campaigns":false,"_monsterinsights_skip_tracking":false,"_monsterinsights_sitenote_active":false,"_monsterinsights_sitenote_note":"","_monsterinsights_sitenote_category":0,"_uf_show_specific_survey":0,"_uf_disable_surveys":false,"neve_meta_sidebar":"","neve_meta_container":"","neve_meta_enable_content_width":"","neve_meta_content_width":0,"neve_meta_title_alignment":"","neve_meta_author_avatar":"","neve_post_elements_order":"","neve_meta_disable_header":"","neve_meta_disable_footer":"","neve_meta_disable_title":"","ngg_post_thumbnail":0,"_jetpack_memberships_contains_paid_content":false,"footnotes":""},"categories":[204],"tags":[164,54],"class_list":["post-862","post","type-post","status-publish","format-standard","has-post-thumbnail","hentry","category-urlaub-verreisen","tag-feste","tag-urlaub"],"yoast_head":"<!-- This site is optimized with the Yoast SEO plugin v27.4 - https:\/\/yoast.com\/product\/yoast-seo-wordpress\/ -->\n<title>Schrill und farbenfroh: Mexiko feiert den Tag der Toten &#8226; trendBlog \u2013 Wohnen, Reisen, Leben und Kultur<\/title>\n<meta name=\"description\" content=\"Der \u201eD\u00eda de los Muertos\u201c ist einer der wichtigsten Feiertage in Mexiko und ehrt die verstorbenen Seelen.\" \/>\n<meta name=\"robots\" content=\"index, follow, max-snippet:-1, max-image-preview:large, max-video-preview:-1\" \/>\n<link rel=\"canonical\" href=\"https:\/\/www.trend4ward.de\/trendblog\/mexiko-feiert-den-tag-der-toten\/\" \/>\n<meta property=\"og:locale\" content=\"de_DE\" \/>\n<meta property=\"og:type\" content=\"article\" \/>\n<meta property=\"og:title\" content=\"Schrill und farbenfroh: Mexiko feiert den Tag der Toten &#8226; trendBlog \u2013 Wohnen, Reisen, Leben und Kultur\" \/>\n<meta property=\"og:description\" content=\"Der \u201eD\u00eda de los Muertos\u201c ist einer der wichtigsten Feiertage in Mexiko und ehrt die verstorbenen Seelen.\" \/>\n<meta property=\"og:url\" content=\"https:\/\/www.trend4ward.de\/trendblog\/mexiko-feiert-den-tag-der-toten\/\" \/>\n<meta property=\"og:site_name\" content=\"trendBlog \u2013 Wohnen, Reisen, Leben und Kultur\" \/>\n<meta property=\"article:published_time\" content=\"2014-10-28T16:39:32+00:00\" \/>\n<meta property=\"article:modified_time\" content=\"2019-05-06T15:01:36+00:00\" \/>\n<meta property=\"og:image\" content=\"https:\/\/www.trend4ward.de\/trendblog\/wp-content\/uploads\/2014\/10\/GTO_mercado_53.jpg\" \/>\n\t<meta property=\"og:image:width\" content=\"1000\" \/>\n\t<meta property=\"og:image:height\" content=\"667\" \/>\n\t<meta property=\"og:image:type\" content=\"image\/jpeg\" \/>\n<meta name=\"author\" content=\"Evelyn Steinbach\" \/>\n<meta name=\"twitter:label1\" content=\"Verfasst von\" \/>\n\t<meta name=\"twitter:data1\" content=\"Evelyn Steinbach\" \/>\n\t<meta name=\"twitter:label2\" content=\"Gesch\u00e4tzte Lesezeit\" \/>\n\t<meta name=\"twitter:data2\" content=\"2\u00a0Minuten\" \/>\n<script type=\"application\/ld+json\" class=\"yoast-schema-graph\">{\"@context\":\"https:\\\/\\\/schema.org\",\"@graph\":[{\"@type\":\"Article\",\"@id\":\"https:\\\/\\\/www.trend4ward.de\\\/trendblog\\\/mexiko-feiert-den-tag-der-toten\\\/#article\",\"isPartOf\":{\"@id\":\"https:\\\/\\\/www.trend4ward.de\\\/trendblog\\\/mexiko-feiert-den-tag-der-toten\\\/\"},\"author\":{\"name\":\"Evelyn Steinbach\",\"@id\":\"https:\\\/\\\/www.trend4ward.de\\\/trendblog\\\/#\\\/schema\\\/person\\\/c65dd8afd2fda04893d121f31b2a8ea4\"},\"headline\":\"Schrill und farbenfroh: Mexiko feiert den Tag der Toten\",\"datePublished\":\"2014-10-28T16:39:32+00:00\",\"dateModified\":\"2019-05-06T15:01:36+00:00\",\"mainEntityOfPage\":{\"@id\":\"https:\\\/\\\/www.trend4ward.de\\\/trendblog\\\/mexiko-feiert-den-tag-der-toten\\\/\"},\"wordCount\":415,\"commentCount\":0,\"publisher\":{\"@id\":\"https:\\\/\\\/www.trend4ward.de\\\/trendblog\\\/#\\\/schema\\\/person\\\/c65dd8afd2fda04893d121f31b2a8ea4\"},\"image\":{\"@id\":\"https:\\\/\\\/www.trend4ward.de\\\/trendblog\\\/mexiko-feiert-den-tag-der-toten\\\/#primaryimage\"},\"thumbnailUrl\":\"https:\\\/\\\/www.trend4ward.de\\\/trendblog\\\/wp-content\\\/uploads\\\/2014\\\/10\\\/GTO_mercado_53.jpg\",\"keywords\":[\"Feste\",\"Urlaub\"],\"articleSection\":[\"Urlaub &amp; Verreisen\"],\"inLanguage\":\"de\",\"potentialAction\":[{\"@type\":\"CommentAction\",\"name\":\"Comment\",\"target\":[\"https:\\\/\\\/www.trend4ward.de\\\/trendblog\\\/mexiko-feiert-den-tag-der-toten\\\/#respond\"]}]},{\"@type\":\"WebPage\",\"@id\":\"https:\\\/\\\/www.trend4ward.de\\\/trendblog\\\/mexiko-feiert-den-tag-der-toten\\\/\",\"url\":\"https:\\\/\\\/www.trend4ward.de\\\/trendblog\\\/mexiko-feiert-den-tag-der-toten\\\/\",\"name\":\"Schrill und farbenfroh: Mexiko feiert den Tag der Toten &#8226; trendBlog \u2013 Wohnen, Reisen, Leben und Kultur\",\"isPartOf\":{\"@id\":\"https:\\\/\\\/www.trend4ward.de\\\/trendblog\\\/#website\"},\"primaryImageOfPage\":{\"@id\":\"https:\\\/\\\/www.trend4ward.de\\\/trendblog\\\/mexiko-feiert-den-tag-der-toten\\\/#primaryimage\"},\"image\":{\"@id\":\"https:\\\/\\\/www.trend4ward.de\\\/trendblog\\\/mexiko-feiert-den-tag-der-toten\\\/#primaryimage\"},\"thumbnailUrl\":\"https:\\\/\\\/www.trend4ward.de\\\/trendblog\\\/wp-content\\\/uploads\\\/2014\\\/10\\\/GTO_mercado_53.jpg\",\"datePublished\":\"2014-10-28T16:39:32+00:00\",\"dateModified\":\"2019-05-06T15:01:36+00:00\",\"description\":\"Der \u201eD\u00eda de los Muertos\u201c ist einer der wichtigsten Feiertage in Mexiko und ehrt die verstorbenen Seelen.\",\"breadcrumb\":{\"@id\":\"https:\\\/\\\/www.trend4ward.de\\\/trendblog\\\/mexiko-feiert-den-tag-der-toten\\\/#breadcrumb\"},\"inLanguage\":\"de\",\"potentialAction\":[{\"@type\":\"ReadAction\",\"target\":[\"https:\\\/\\\/www.trend4ward.de\\\/trendblog\\\/mexiko-feiert-den-tag-der-toten\\\/\"]}]},{\"@type\":\"ImageObject\",\"inLanguage\":\"de\",\"@id\":\"https:\\\/\\\/www.trend4ward.de\\\/trendblog\\\/mexiko-feiert-den-tag-der-toten\\\/#primaryimage\",\"url\":\"https:\\\/\\\/www.trend4ward.de\\\/trendblog\\\/wp-content\\\/uploads\\\/2014\\\/10\\\/GTO_mercado_53.jpg\",\"contentUrl\":\"https:\\\/\\\/www.trend4ward.de\\\/trendblog\\\/wp-content\\\/uploads\\\/2014\\\/10\\\/GTO_mercado_53.jpg\",\"width\":1000,\"height\":667},{\"@type\":\"BreadcrumbList\",\"@id\":\"https:\\\/\\\/www.trend4ward.de\\\/trendblog\\\/mexiko-feiert-den-tag-der-toten\\\/#breadcrumb\",\"itemListElement\":[{\"@type\":\"ListItem\",\"position\":1,\"name\":\"Home\",\"item\":\"https:\\\/\\\/www.trend4ward.de\\\/trendblog\\\/\"},{\"@type\":\"ListItem\",\"position\":2,\"name\":\"Schrill und farbenfroh: Mexiko feiert den Tag der Toten\"}]},{\"@type\":\"WebSite\",\"@id\":\"https:\\\/\\\/www.trend4ward.de\\\/trendblog\\\/#website\",\"url\":\"https:\\\/\\\/www.trend4ward.de\\\/trendblog\\\/\",\"name\":\"trendBlog \u2013 Wohnen, Reisen, Leben und Kultur\",\"description\":\"Portr\u00e4ts, Reportagen, Ratgeber. Seit 2009. Von Evelyn Steinbach.\",\"publisher\":{\"@id\":\"https:\\\/\\\/www.trend4ward.de\\\/trendblog\\\/#\\\/schema\\\/person\\\/c65dd8afd2fda04893d121f31b2a8ea4\"},\"potentialAction\":[{\"@type\":\"SearchAction\",\"target\":{\"@type\":\"EntryPoint\",\"urlTemplate\":\"https:\\\/\\\/www.trend4ward.de\\\/trendblog\\\/?s={search_term_string}\"},\"query-input\":{\"@type\":\"PropertyValueSpecification\",\"valueRequired\":true,\"valueName\":\"search_term_string\"}}],\"inLanguage\":\"de\"},{\"@type\":[\"Person\",\"Organization\"],\"@id\":\"https:\\\/\\\/www.trend4ward.de\\\/trendblog\\\/#\\\/schema\\\/person\\\/c65dd8afd2fda04893d121f31b2a8ea4\",\"name\":\"Evelyn Steinbach\",\"image\":{\"@type\":\"ImageObject\",\"inLanguage\":\"de\",\"@id\":\"https:\\\/\\\/www.trend4ward.de\\\/trendblog\\\/wp-content\\\/uploads\\\/2020\\\/11\\\/cropped-cropped-IMG_6744-e1692617617527.png\",\"url\":\"https:\\\/\\\/www.trend4ward.de\\\/trendblog\\\/wp-content\\\/uploads\\\/2020\\\/11\\\/cropped-cropped-IMG_6744-e1692617617527.png\",\"contentUrl\":\"https:\\\/\\\/www.trend4ward.de\\\/trendblog\\\/wp-content\\\/uploads\\\/2020\\\/11\\\/cropped-cropped-IMG_6744-e1692617617527.png\",\"width\":200,\"height\":183,\"caption\":\"Evelyn Steinbach\"},\"logo\":{\"@id\":\"https:\\\/\\\/www.trend4ward.de\\\/trendblog\\\/wp-content\\\/uploads\\\/2020\\\/11\\\/cropped-cropped-IMG_6744-e1692617617527.png\"},\"sameAs\":[\"http:\\\/\\\/www.trend4ward.de\"],\"url\":\"https:\\\/\\\/www.trend4ward.de\\\/trendblog\\\/author\\\/eve\\\/\"}]}<\/script>\n<!-- \/ Yoast SEO plugin. -->","yoast_head_json":{"title":"Schrill und farbenfroh: Mexiko feiert den Tag der Toten &#8226; trendBlog \u2013 Wohnen, Reisen, Leben und Kultur","description":"Der \u201eD\u00eda de los Muertos\u201c ist einer der wichtigsten Feiertage in Mexiko und ehrt die verstorbenen Seelen.","robots":{"index":"index","follow":"follow","max-snippet":"max-snippet:-1","max-image-preview":"max-image-preview:large","max-video-preview":"max-video-preview:-1"},"canonical":"https:\/\/www.trend4ward.de\/trendblog\/mexiko-feiert-den-tag-der-toten\/","og_locale":"de_DE","og_type":"article","og_title":"Schrill und farbenfroh: Mexiko feiert den Tag der Toten &#8226; trendBlog \u2013 Wohnen, Reisen, Leben und Kultur","og_description":"Der \u201eD\u00eda de los Muertos\u201c ist einer der wichtigsten Feiertage in Mexiko und ehrt die verstorbenen Seelen.","og_url":"https:\/\/www.trend4ward.de\/trendblog\/mexiko-feiert-den-tag-der-toten\/","og_site_name":"trendBlog \u2013 Wohnen, Reisen, Leben und Kultur","article_published_time":"2014-10-28T16:39:32+00:00","article_modified_time":"2019-05-06T15:01:36+00:00","og_image":[{"width":1000,"height":667,"url":"https:\/\/www.trend4ward.de\/trendblog\/wp-content\/uploads\/2014\/10\/GTO_mercado_53.jpg","type":"image\/jpeg"}],"author":"Evelyn Steinbach","twitter_misc":{"Verfasst von":"Evelyn Steinbach","Gesch\u00e4tzte Lesezeit":"2\u00a0Minuten"},"schema":{"@context":"https:\/\/schema.org","@graph":[{"@type":"Article","@id":"https:\/\/www.trend4ward.de\/trendblog\/mexiko-feiert-den-tag-der-toten\/#article","isPartOf":{"@id":"https:\/\/www.trend4ward.de\/trendblog\/mexiko-feiert-den-tag-der-toten\/"},"author":{"name":"Evelyn Steinbach","@id":"https:\/\/www.trend4ward.de\/trendblog\/#\/schema\/person\/c65dd8afd2fda04893d121f31b2a8ea4"},"headline":"Schrill und farbenfroh: Mexiko feiert den Tag der Toten","datePublished":"2014-10-28T16:39:32+00:00","dateModified":"2019-05-06T15:01:36+00:00","mainEntityOfPage":{"@id":"https:\/\/www.trend4ward.de\/trendblog\/mexiko-feiert-den-tag-der-toten\/"},"wordCount":415,"commentCount":0,"publisher":{"@id":"https:\/\/www.trend4ward.de\/trendblog\/#\/schema\/person\/c65dd8afd2fda04893d121f31b2a8ea4"},"image":{"@id":"https:\/\/www.trend4ward.de\/trendblog\/mexiko-feiert-den-tag-der-toten\/#primaryimage"},"thumbnailUrl":"https:\/\/www.trend4ward.de\/trendblog\/wp-content\/uploads\/2014\/10\/GTO_mercado_53.jpg","keywords":["Feste","Urlaub"],"articleSection":["Urlaub &amp; Verreisen"],"inLanguage":"de","potentialAction":[{"@type":"CommentAction","name":"Comment","target":["https:\/\/www.trend4ward.de\/trendblog\/mexiko-feiert-den-tag-der-toten\/#respond"]}]},{"@type":"WebPage","@id":"https:\/\/www.trend4ward.de\/trendblog\/mexiko-feiert-den-tag-der-toten\/","url":"https:\/\/www.trend4ward.de\/trendblog\/mexiko-feiert-den-tag-der-toten\/","name":"Schrill und farbenfroh: Mexiko feiert den Tag der Toten &#8226; trendBlog \u2013 Wohnen, Reisen, Leben und Kultur","isPartOf":{"@id":"https:\/\/www.trend4ward.de\/trendblog\/#website"},"primaryImageOfPage":{"@id":"https:\/\/www.trend4ward.de\/trendblog\/mexiko-feiert-den-tag-der-toten\/#primaryimage"},"image":{"@id":"https:\/\/www.trend4ward.de\/trendblog\/mexiko-feiert-den-tag-der-toten\/#primaryimage"},"thumbnailUrl":"https:\/\/www.trend4ward.de\/trendblog\/wp-content\/uploads\/2014\/10\/GTO_mercado_53.jpg","datePublished":"2014-10-28T16:39:32+00:00","dateModified":"2019-05-06T15:01:36+00:00","description":"Der \u201eD\u00eda de los Muertos\u201c ist einer der wichtigsten Feiertage in Mexiko und ehrt die verstorbenen Seelen.","breadcrumb":{"@id":"https:\/\/www.trend4ward.de\/trendblog\/mexiko-feiert-den-tag-der-toten\/#breadcrumb"},"inLanguage":"de","potentialAction":[{"@type":"ReadAction","target":["https:\/\/www.trend4ward.de\/trendblog\/mexiko-feiert-den-tag-der-toten\/"]}]},{"@type":"ImageObject","inLanguage":"de","@id":"https:\/\/www.trend4ward.de\/trendblog\/mexiko-feiert-den-tag-der-toten\/#primaryimage","url":"https:\/\/www.trend4ward.de\/trendblog\/wp-content\/uploads\/2014\/10\/GTO_mercado_53.jpg","contentUrl":"https:\/\/www.trend4ward.de\/trendblog\/wp-content\/uploads\/2014\/10\/GTO_mercado_53.jpg","width":1000,"height":667},{"@type":"BreadcrumbList","@id":"https:\/\/www.trend4ward.de\/trendblog\/mexiko-feiert-den-tag-der-toten\/#breadcrumb","itemListElement":[{"@type":"ListItem","position":1,"name":"Home","item":"https:\/\/www.trend4ward.de\/trendblog\/"},{"@type":"ListItem","position":2,"name":"Schrill und farbenfroh: Mexiko feiert den Tag der Toten"}]},{"@type":"WebSite","@id":"https:\/\/www.trend4ward.de\/trendblog\/#website","url":"https:\/\/www.trend4ward.de\/trendblog\/","name":"trendBlog \u2013 Wohnen, Reisen, Leben und Kultur","description":"Portr\u00e4ts, Reportagen, Ratgeber. Seit 2009. Von Evelyn Steinbach.","publisher":{"@id":"https:\/\/www.trend4ward.de\/trendblog\/#\/schema\/person\/c65dd8afd2fda04893d121f31b2a8ea4"},"potentialAction":[{"@type":"SearchAction","target":{"@type":"EntryPoint","urlTemplate":"https:\/\/www.trend4ward.de\/trendblog\/?s={search_term_string}"},"query-input":{"@type":"PropertyValueSpecification","valueRequired":true,"valueName":"search_term_string"}}],"inLanguage":"de"},{"@type":["Person","Organization"],"@id":"https:\/\/www.trend4ward.de\/trendblog\/#\/schema\/person\/c65dd8afd2fda04893d121f31b2a8ea4","name":"Evelyn Steinbach","image":{"@type":"ImageObject","inLanguage":"de","@id":"https:\/\/www.trend4ward.de\/trendblog\/wp-content\/uploads\/2020\/11\/cropped-cropped-IMG_6744-e1692617617527.png","url":"https:\/\/www.trend4ward.de\/trendblog\/wp-content\/uploads\/2020\/11\/cropped-cropped-IMG_6744-e1692617617527.png","contentUrl":"https:\/\/www.trend4ward.de\/trendblog\/wp-content\/uploads\/2020\/11\/cropped-cropped-IMG_6744-e1692617617527.png","width":200,"height":183,"caption":"Evelyn Steinbach"},"logo":{"@id":"https:\/\/www.trend4ward.de\/trendblog\/wp-content\/uploads\/2020\/11\/cropped-cropped-IMG_6744-e1692617617527.png"},"sameAs":["http:\/\/www.trend4ward.de"],"url":"https:\/\/www.trend4ward.de\/trendblog\/author\/eve\/"}]}},"jetpack_featured_media_url":"https:\/\/www.trend4ward.de\/trendblog\/wp-content\/uploads\/2014\/10\/GTO_mercado_53.jpg","jetpack_sharing_enabled":true,"_links":{"self":[{"href":"https:\/\/www.trend4ward.de\/trendblog\/wp-json\/wp\/v2\/posts\/862","targetHints":{"allow":["GET"]}}],"collection":[{"href":"https:\/\/www.trend4ward.de\/trendblog\/wp-json\/wp\/v2\/posts"}],"about":[{"href":"https:\/\/www.trend4ward.de\/trendblog\/wp-json\/wp\/v2\/types\/post"}],"author":[{"embeddable":true,"href":"https:\/\/www.trend4ward.de\/trendblog\/wp-json\/wp\/v2\/users\/1"}],"replies":[{"embeddable":true,"href":"https:\/\/www.trend4ward.de\/trendblog\/wp-json\/wp\/v2\/comments?post=862"}],"version-history":[{"count":10,"href":"https:\/\/www.trend4ward.de\/trendblog\/wp-json\/wp\/v2\/posts\/862\/revisions"}],"predecessor-version":[{"id":4756,"href":"https:\/\/www.trend4ward.de\/trendblog\/wp-json\/wp\/v2\/posts\/862\/revisions\/4756"}],"wp:featuredmedia":[{"embeddable":true,"href":"https:\/\/www.trend4ward.de\/trendblog\/wp-json\/wp\/v2\/media\/866"}],"wp:attachment":[{"href":"https:\/\/www.trend4ward.de\/trendblog\/wp-json\/wp\/v2\/media?parent=862"}],"wp:term":[{"taxonomy":"category","embeddable":true,"href":"https:\/\/www.trend4ward.de\/trendblog\/wp-json\/wp\/v2\/categories?post=862"},{"taxonomy":"post_tag","embeddable":true,"href":"https:\/\/www.trend4ward.de\/trendblog\/wp-json\/wp\/v2\/tags?post=862"}],"curies":[{"name":"wp","href":"https:\/\/api.w.org\/{rel}","templated":true}]}}